{"id":9682,"date":"2017-06-07T09:34:11","date_gmt":"2017-06-07T07:34:11","guid":{"rendered":"http:\/\/indieofilo.com\/?p=9682"},"modified":"2023-09-02T13:08:38","modified_gmt":"2023-09-02T11:08:38","slug":"enjoy-sigur-ros-full-concert-with-the-l-philharmonic","status":"publish","type":"post","link":"https:\/\/www.indieofilo.com\/en\/news\/enjoy-sigur-ros-full-concert-with-the-l-philharmonic","title":{"rendered":"Enjoy Sigur R\u00f3s&#8217; full concert with the L.A. Philharmonic"},"content":{"rendered":"<p style=\"text-align: justify;\">Last April, Icelanders <strong>Sigur R\u00f3s<\/strong> gave a series of three concerts at the Walt Disney Concert Hall in Los Angeles where they were accompanied by the <strong>L.A. Philharmonic Orchestra<\/strong>. Luckily, today the people of Pitchfork has uploaded the whole concert of the day 14th in HD quality to youtube, which was already broadcast in a live streaming then and in which the band led by <strong>J\u00f3nsi Birgisson<\/strong> also had the collaborations of <strong>Dan Deacon<\/strong> in &#8220;<em>Festival<\/em>&#8220;, <strong>Anna Meredith<\/strong> in &#8220;<em>Flj\u00f3tav\u00edk<\/em>&#8221; and <em>Dan\u00edel Bjarnason<\/em> in &#8220;<em>\u00c1<\/em>&#8220;. Without further delay, here you are this amazing show of 103 minutes.<\/p>\n","protected":false},"excerpt":{"rendered":"<p>Last April, Icelanders Sigur R\u00f3s gave a series of three concerts at the Walt Disney Concert Hall in Los Angeles where they were accompanied by the L.A. Philharmonic Orchestra. Luckily, today the people of Pitchfork has uploaded the whole concert of the day 14th in HD quality to youtube, which was already broadcast in a [&hellip;]<\/p>\n","protected":false},"author":1,"featured_media":9684,"comment_status":"open","ping_status":"closed","sticky":false,"template":"","format":"video","meta":{"footnotes":""},"categories":[8,20],"tags":[4968],"class_list":["post-9682","post","type-post","status-publish","format-video","has-post-thumbnail","hentry","category-news","category-streaming-en","tag-sigur-ros-en","post_format-post-format-video"],"yoast_head":"<!-- This site is optimized with the Yoast SEO Premium plugin v23.9 (Yoast SEO v26.6) - https:\/\/yoast.com\/wordpress\/plugins\/seo\/ -->\n<title>Enjoy Sigur R\u00f3s&#039; full concert with the L.A. Philharmonic - Indie\u00f3filo<\/title>\n<meta name=\"description\" content=\"We can enjoy now in a full and in HD quality the concert that Icelanders Sigur R\u00f3s gave last April 14 in collaboration with L.A. Philharmonic.\" \/>\n<meta name=\"robots\" content=\"index, follow, max-snippet:-1, max-image-preview:large, max-video-preview:-1\" \/>\n<link rel=\"canonical\" href=\"https:\/\/www.indieofilo.com\/en\/news\/enjoy-sigur-ros-full-concert-with-the-l-philharmonic\" \/>\n<meta property=\"og:locale\" content=\"en_US\" \/>\n<meta property=\"og:type\" content=\"article\" \/>\n<meta property=\"og:title\" content=\"Enjoy Sigur R\u00f3s&#039; full concert with the L.A. Philharmonic\" \/>\n<meta property=\"og:description\" content=\"We can enjoy now in a full and in HD quality the concert that Icelanders Sigur R\u00f3s gave last April 14 in collaboration with L.A. Philharmonic.\" \/>\n<meta property=\"og:url\" content=\"https:\/\/www.indieofilo.com\/en\/news\/enjoy-sigur-ros-full-concert-with-the-l-philharmonic\" \/>\n<meta property=\"og:site_name\" content=\"Indie\u00f3filo\" \/>\n<meta property=\"article:publisher\" content=\"https:\/\/www.facebook.com\/Indieofilo\/\" \/>\n<meta property=\"article:published_time\" content=\"2017-06-07T07:34:11+00:00\" \/>\n<meta property=\"article:modified_time\" content=\"2023-09-02T11:08:38+00:00\" \/>\n<meta property=\"og:image\" content=\"https:\/\/www.indieofilo.com\/wp-content\/uploads\/2017\/06\/enjoy-sigur-ros-full-concert-wit.jpg\" \/>\n\t<meta property=\"og:image:width\" content=\"1280\" \/>\n\t<meta property=\"og:image:height\" content=\"720\" \/>\n\t<meta property=\"og:image:type\" content=\"image\/jpeg\" \/>\n<meta name=\"author\" content=\"Victor\" \/>\n<meta name=\"twitter:card\" content=\"summary_large_image\" \/>\n<meta name=\"twitter:creator\" content=\"@indieofilo\" \/>\n<meta name=\"twitter:site\" content=\"@indieofilo\" \/>\n<meta name=\"twitter:label1\" content=\"Written by\" \/>\n\t<meta name=\"twitter:data1\" content=\"Victor\" \/>\n\t<meta name=\"twitter:label2\" content=\"Est. reading time\" \/>\n\t<meta name=\"twitter:data2\" content=\"1 minute\" \/>\n<script type=\"application\/ld+json\" class=\"yoast-schema-graph\">{\"@context\":\"https:\/\/schema.org\",\"@graph\":[{\"@type\":\"Article\",\"@id\":\"https:\/\/www.indieofilo.com\/en\/news\/enjoy-sigur-ros-full-concert-with-the-l-philharmonic#article\",\"isPartOf\":{\"@id\":\"https:\/\/www.indieofilo.com\/en\/news\/enjoy-sigur-ros-full-concert-with-the-l-philharmonic\"},\"author\":{\"name\":\"Victor\",\"@id\":\"https:\/\/www.indieofilo.com\/#\/schema\/person\/595334d38590e4ce5a09f83cbf2fca90\"},\"headline\":\"Enjoy Sigur R\u00f3s&#8217; full concert with the L.A. Philharmonic\",\"datePublished\":\"2017-06-07T07:34:11+00:00\",\"dateModified\":\"2023-09-02T11:08:38+00:00\",\"mainEntityOfPage\":{\"@id\":\"https:\/\/www.indieofilo.com\/en\/news\/enjoy-sigur-ros-full-concert-with-the-l-philharmonic\"},\"wordCount\":112,\"commentCount\":0,\"publisher\":{\"@id\":\"https:\/\/www.indieofilo.com\/#organization\"},\"image\":{\"@id\":\"https:\/\/www.indieofilo.com\/en\/news\/enjoy-sigur-ros-full-concert-with-the-l-philharmonic#primaryimage\"},\"thumbnailUrl\":\"https:\/\/www.indieofilo.com\/wp-content\/uploads\/2017\/06\/enjoy-sigur-ros-full-concert-wit.jpg\",\"keywords\":[\"Sigur R\u00f3s\"],\"articleSection\":[\"News\",\"Streaming\"],\"inLanguage\":\"en-US\",\"potentialAction\":[{\"@type\":\"CommentAction\",\"name\":\"Comment\",\"target\":[\"https:\/\/www.indieofilo.com\/en\/news\/enjoy-sigur-ros-full-concert-with-the-l-philharmonic#respond\"]}]},{\"@type\":\"WebPage\",\"@id\":\"https:\/\/www.indieofilo.com\/en\/news\/enjoy-sigur-ros-full-concert-with-the-l-philharmonic\",\"url\":\"https:\/\/www.indieofilo.com\/en\/news\/enjoy-sigur-ros-full-concert-with-the-l-philharmonic\",\"name\":\"Enjoy Sigur R\u00f3s' full concert with the L.A. Philharmonic - Indie\u00f3filo\",\"isPartOf\":{\"@id\":\"https:\/\/www.indieofilo.com\/#website\"},\"primaryImageOfPage\":{\"@id\":\"https:\/\/www.indieofilo.com\/en\/news\/enjoy-sigur-ros-full-concert-with-the-l-philharmonic#primaryimage\"},\"image\":{\"@id\":\"https:\/\/www.indieofilo.com\/en\/news\/enjoy-sigur-ros-full-concert-with-the-l-philharmonic#primaryimage\"},\"thumbnailUrl\":\"https:\/\/www.indieofilo.com\/wp-content\/uploads\/2017\/06\/enjoy-sigur-ros-full-concert-wit.jpg\",\"datePublished\":\"2017-06-07T07:34:11+00:00\",\"dateModified\":\"2023-09-02T11:08:38+00:00\",\"description\":\"We can enjoy now in a full and in HD quality the concert that Icelanders Sigur R\u00f3s gave last April 14 in collaboration with L.A. Philharmonic.\",\"breadcrumb\":{\"@id\":\"https:\/\/www.indieofilo.com\/en\/news\/enjoy-sigur-ros-full-concert-with-the-l-philharmonic#breadcrumb\"},\"inLanguage\":\"en-US\",\"potentialAction\":[{\"@type\":\"ReadAction\",\"target\":[\"https:\/\/www.indieofilo.com\/en\/news\/enjoy-sigur-ros-full-concert-with-the-l-philharmonic\"]}]},{\"@type\":\"ImageObject\",\"inLanguage\":\"en-US\",\"@id\":\"https:\/\/www.indieofilo.com\/en\/news\/enjoy-sigur-ros-full-concert-with-the-l-philharmonic#primaryimage\",\"url\":\"https:\/\/www.indieofilo.com\/wp-content\/uploads\/2017\/06\/enjoy-sigur-ros-full-concert-wit.jpg\",\"contentUrl\":\"https:\/\/www.indieofilo.com\/wp-content\/uploads\/2017\/06\/enjoy-sigur-ros-full-concert-wit.jpg\",\"width\":1280,\"height\":720},{\"@type\":\"BreadcrumbList\",\"@id\":\"https:\/\/www.indieofilo.com\/en\/news\/enjoy-sigur-ros-full-concert-with-the-l-philharmonic#breadcrumb\",\"itemListElement\":[{\"@type\":\"ListItem\",\"position\":1,\"name\":\"Portada\",\"item\":\"https:\/\/www.indieofilo.com\/en\"},{\"@type\":\"ListItem\",\"position\":2,\"name\":\"Enjoy Sigur R\u00f3s&#8217; full concert with the L.A. Philharmonic\"}]},{\"@type\":\"WebSite\",\"@id\":\"https:\/\/www.indieofilo.com\/#website\",\"url\":\"https:\/\/www.indieofilo.com\/\",\"name\":\"Indie\u00f3filo\",\"description\":\"Magazine online de la cultura independiente\",\"publisher\":{\"@id\":\"https:\/\/www.indieofilo.com\/#organization\"},\"potentialAction\":[{\"@type\":\"SearchAction\",\"target\":{\"@type\":\"EntryPoint\",\"urlTemplate\":\"https:\/\/www.indieofilo.com\/?s={search_term_string}\"},\"query-input\":{\"@type\":\"PropertyValueSpecification\",\"valueRequired\":true,\"valueName\":\"search_term_string\"}}],\"inLanguage\":\"en-US\"},{\"@type\":\"Organization\",\"@id\":\"https:\/\/www.indieofilo.com\/#organization\",\"name\":\"Indie\u00f3filo Web\",\"url\":\"https:\/\/www.indieofilo.com\/\",\"logo\":{\"@type\":\"ImageObject\",\"inLanguage\":\"en-US\",\"@id\":\"https:\/\/www.indieofilo.com\/#\/schema\/logo\/image\/\",\"url\":\"https:\/\/www.indieofilo.com\/wp-content\/uploads\/2015\/02\/logo-alta-resolucion.png\",\"contentUrl\":\"https:\/\/www.indieofilo.com\/wp-content\/uploads\/2015\/02\/logo-alta-resolucion.png\",\"width\":544,\"height\":185,\"caption\":\"Indie\u00f3filo Web\"},\"image\":{\"@id\":\"https:\/\/www.indieofilo.com\/#\/schema\/logo\/image\/\"},\"sameAs\":[\"https:\/\/www.facebook.com\/Indieofilo\/\",\"https:\/\/x.com\/indieofilo\",\"https:\/\/www.instagram.com\/indieofilo\/\"]},{\"@type\":\"Person\",\"@id\":\"https:\/\/www.indieofilo.com\/#\/schema\/person\/595334d38590e4ce5a09f83cbf2fca90\",\"name\":\"Victor\",\"image\":{\"@type\":\"ImageObject\",\"inLanguage\":\"en-US\",\"@id\":\"https:\/\/www.indieofilo.com\/#\/schema\/person\/image\/\",\"url\":\"https:\/\/secure.gravatar.com\/avatar\/682b8c6ea3e94b6cffec683b25f1797d?s=96&d=mm&r=g\",\"contentUrl\":\"https:\/\/secure.gravatar.com\/avatar\/682b8c6ea3e94b6cffec683b25f1797d?s=96&d=mm&r=g\",\"caption\":\"Victor\"},\"description\":\"Fan\u00e1tico de la m\u00fasica desde que mis padres me pon\u00edan a Eydie Gorme y Los Panchos o el Discotuna por la A2. Intent\u00e9 tocar varios instrumentos, pero soy muy torpe con la mano izquierda, as\u00ed que ya sab\u00e9is el resultado final. Fan del britpop, Post-punk, el rugby y el baloncesto...\",\"sameAs\":[\"http:\/\/indieofilo.com\"],\"url\":\"https:\/\/www.indieofilo.com\/en\/author\/victor\"}]}<\/script>\n<!-- \/ Yoast SEO Premium plugin. -->","yoast_head_json":{"title":"Enjoy Sigur R\u00f3s' full concert with the L.A. Philharmonic - Indie\u00f3filo","description":"We can enjoy now in a full and in HD quality the concert that Icelanders Sigur R\u00f3s gave last April 14 in collaboration with L.A. Philharmonic.","robots":{"index":"index","follow":"follow","max-snippet":"max-snippet:-1","max-image-preview":"max-image-preview:large","max-video-preview":"max-video-preview:-1"},"canonical":"https:\/\/www.indieofilo.com\/en\/news\/enjoy-sigur-ros-full-concert-with-the-l-philharmonic","og_locale":"en_US","og_type":"article","og_title":"Enjoy Sigur R\u00f3s' full concert with the L.A. Philharmonic","og_description":"We can enjoy now in a full and in HD quality the concert that Icelanders Sigur R\u00f3s gave last April 14 in collaboration with L.A. Philharmonic.","og_url":"https:\/\/www.indieofilo.com\/en\/news\/enjoy-sigur-ros-full-concert-with-the-l-philharmonic","og_site_name":"Indie\u00f3filo","article_publisher":"https:\/\/www.facebook.com\/Indieofilo\/","article_published_time":"2017-06-07T07:34:11+00:00","article_modified_time":"2023-09-02T11:08:38+00:00","og_image":[{"width":1280,"height":720,"url":"https:\/\/www.indieofilo.com\/wp-content\/uploads\/2017\/06\/enjoy-sigur-ros-full-concert-wit.jpg","type":"image\/jpeg"}],"author":"Victor","twitter_card":"summary_large_image","twitter_creator":"@indieofilo","twitter_site":"@indieofilo","twitter_misc":{"Written by":"Victor","Est. reading time":"1 minute"},"schema":{"@context":"https:\/\/schema.org","@graph":[{"@type":"Article","@id":"https:\/\/www.indieofilo.com\/en\/news\/enjoy-sigur-ros-full-concert-with-the-l-philharmonic#article","isPartOf":{"@id":"https:\/\/www.indieofilo.com\/en\/news\/enjoy-sigur-ros-full-concert-with-the-l-philharmonic"},"author":{"name":"Victor","@id":"https:\/\/www.indieofilo.com\/#\/schema\/person\/595334d38590e4ce5a09f83cbf2fca90"},"headline":"Enjoy Sigur R\u00f3s&#8217; full concert with the L.A. Philharmonic","datePublished":"2017-06-07T07:34:11+00:00","dateModified":"2023-09-02T11:08:38+00:00","mainEntityOfPage":{"@id":"https:\/\/www.indieofilo.com\/en\/news\/enjoy-sigur-ros-full-concert-with-the-l-philharmonic"},"wordCount":112,"commentCount":0,"publisher":{"@id":"https:\/\/www.indieofilo.com\/#organization"},"image":{"@id":"https:\/\/www.indieofilo.com\/en\/news\/enjoy-sigur-ros-full-concert-with-the-l-philharmonic#primaryimage"},"thumbnailUrl":"https:\/\/www.indieofilo.com\/wp-content\/uploads\/2017\/06\/enjoy-sigur-ros-full-concert-wit.jpg","keywords":["Sigur R\u00f3s"],"articleSection":["News","Streaming"],"inLanguage":"en-US","potentialAction":[{"@type":"CommentAction","name":"Comment","target":["https:\/\/www.indieofilo.com\/en\/news\/enjoy-sigur-ros-full-concert-with-the-l-philharmonic#respond"]}]},{"@type":"WebPage","@id":"https:\/\/www.indieofilo.com\/en\/news\/enjoy-sigur-ros-full-concert-with-the-l-philharmonic","url":"https:\/\/www.indieofilo.com\/en\/news\/enjoy-sigur-ros-full-concert-with-the-l-philharmonic","name":"Enjoy Sigur R\u00f3s' full concert with the L.A. Philharmonic - Indie\u00f3filo","isPartOf":{"@id":"https:\/\/www.indieofilo.com\/#website"},"primaryImageOfPage":{"@id":"https:\/\/www.indieofilo.com\/en\/news\/enjoy-sigur-ros-full-concert-with-the-l-philharmonic#primaryimage"},"image":{"@id":"https:\/\/www.indieofilo.com\/en\/news\/enjoy-sigur-ros-full-concert-with-the-l-philharmonic#primaryimage"},"thumbnailUrl":"https:\/\/www.indieofilo.com\/wp-content\/uploads\/2017\/06\/enjoy-sigur-ros-full-concert-wit.jpg","datePublished":"2017-06-07T07:34:11+00:00","dateModified":"2023-09-02T11:08:38+00:00","description":"We can enjoy now in a full and in HD quality the concert that Icelanders Sigur R\u00f3s gave last April 14 in collaboration with L.A. Philharmonic.","breadcrumb":{"@id":"https:\/\/www.indieofilo.com\/en\/news\/enjoy-sigur-ros-full-concert-with-the-l-philharmonic#breadcrumb"},"inLanguage":"en-US","potentialAction":[{"@type":"ReadAction","target":["https:\/\/www.indieofilo.com\/en\/news\/enjoy-sigur-ros-full-concert-with-the-l-philharmonic"]}]},{"@type":"ImageObject","inLanguage":"en-US","@id":"https:\/\/www.indieofilo.com\/en\/news\/enjoy-sigur-ros-full-concert-with-the-l-philharmonic#primaryimage","url":"https:\/\/www.indieofilo.com\/wp-content\/uploads\/2017\/06\/enjoy-sigur-ros-full-concert-wit.jpg","contentUrl":"https:\/\/www.indieofilo.com\/wp-content\/uploads\/2017\/06\/enjoy-sigur-ros-full-concert-wit.jpg","width":1280,"height":720},{"@type":"BreadcrumbList","@id":"https:\/\/www.indieofilo.com\/en\/news\/enjoy-sigur-ros-full-concert-with-the-l-philharmonic#breadcrumb","itemListElement":[{"@type":"ListItem","position":1,"name":"Portada","item":"https:\/\/www.indieofilo.com\/en"},{"@type":"ListItem","position":2,"name":"Enjoy Sigur R\u00f3s&#8217; full concert with the L.A. Philharmonic"}]},{"@type":"WebSite","@id":"https:\/\/www.indieofilo.com\/#website","url":"https:\/\/www.indieofilo.com\/","name":"Indie\u00f3filo","description":"Magazine online de la cultura independiente","publisher":{"@id":"https:\/\/www.indieofilo.com\/#organization"},"potentialAction":[{"@type":"SearchAction","target":{"@type":"EntryPoint","urlTemplate":"https:\/\/www.indieofilo.com\/?s={search_term_string}"},"query-input":{"@type":"PropertyValueSpecification","valueRequired":true,"valueName":"search_term_string"}}],"inLanguage":"en-US"},{"@type":"Organization","@id":"https:\/\/www.indieofilo.com\/#organization","name":"Indie\u00f3filo Web","url":"https:\/\/www.indieofilo.com\/","logo":{"@type":"ImageObject","inLanguage":"en-US","@id":"https:\/\/www.indieofilo.com\/#\/schema\/logo\/image\/","url":"https:\/\/www.indieofilo.com\/wp-content\/uploads\/2015\/02\/logo-alta-resolucion.png","contentUrl":"https:\/\/www.indieofilo.com\/wp-content\/uploads\/2015\/02\/logo-alta-resolucion.png","width":544,"height":185,"caption":"Indie\u00f3filo Web"},"image":{"@id":"https:\/\/www.indieofilo.com\/#\/schema\/logo\/image\/"},"sameAs":["https:\/\/www.facebook.com\/Indieofilo\/","https:\/\/x.com\/indieofilo","https:\/\/www.instagram.com\/indieofilo\/"]},{"@type":"Person","@id":"https:\/\/www.indieofilo.com\/#\/schema\/person\/595334d38590e4ce5a09f83cbf2fca90","name":"Victor","image":{"@type":"ImageObject","inLanguage":"en-US","@id":"https:\/\/www.indieofilo.com\/#\/schema\/person\/image\/","url":"https:\/\/secure.gravatar.com\/avatar\/682b8c6ea3e94b6cffec683b25f1797d?s=96&d=mm&r=g","contentUrl":"https:\/\/secure.gravatar.com\/avatar\/682b8c6ea3e94b6cffec683b25f1797d?s=96&d=mm&r=g","caption":"Victor"},"description":"Fan\u00e1tico de la m\u00fasica desde que mis padres me pon\u00edan a Eydie Gorme y Los Panchos o el Discotuna por la A2. Intent\u00e9 tocar varios instrumentos, pero soy muy torpe con la mano izquierda, as\u00ed que ya sab\u00e9is el resultado final. Fan del britpop, Post-punk, el rugby y el baloncesto...","sameAs":["http:\/\/indieofilo.com"],"url":"https:\/\/www.indieofilo.com\/en\/author\/victor"}]}},"_links":{"self":[{"href":"https:\/\/www.indieofilo.com\/en\/wp-json\/wp\/v2\/posts\/9682","targetHints":{"allow":["GET"]}}],"collection":[{"href":"https:\/\/www.indieofilo.com\/en\/wp-json\/wp\/v2\/posts"}],"about":[{"href":"https:\/\/www.indieofilo.com\/en\/wp-json\/wp\/v2\/types\/post"}],"author":[{"embeddable":true,"href":"https:\/\/www.indieofilo.com\/en\/wp-json\/wp\/v2\/users\/1"}],"replies":[{"embeddable":true,"href":"https:\/\/www.indieofilo.com\/en\/wp-json\/wp\/v2\/comments?post=9682"}],"version-history":[{"count":0,"href":"https:\/\/www.indieofilo.com\/en\/wp-json\/wp\/v2\/posts\/9682\/revisions"}],"wp:featuredmedia":[{"embeddable":true,"href":"https:\/\/www.indieofilo.com\/en\/wp-json\/wp\/v2\/media\/9684"}],"wp:attachment":[{"href":"https:\/\/www.indieofilo.com\/en\/wp-json\/wp\/v2\/media?parent=9682"}],"wp:term":[{"taxonomy":"category","embeddable":true,"href":"https:\/\/www.indieofilo.com\/en\/wp-json\/wp\/v2\/categories?post=9682"},{"taxonomy":"post_tag","embeddable":true,"href":"https:\/\/www.indieofilo.com\/en\/wp-json\/wp\/v2\/tags?post=9682"}],"curies":[{"name":"wp","href":"https:\/\/api.w.org\/{rel}","templated":true}]}}