{"id":9475,"date":"2017-05-09T15:11:00","date_gmt":"2017-05-09T13:11:00","guid":{"rendered":"http:\/\/indieofilo.com\/?p=9475"},"modified":"2023-09-02T16:39:09","modified_gmt":"2023-09-02T14:39:09","slug":"bjork-last-star-of-sonar-2017","status":"publish","type":"post","link":"https:\/\/www.indieofilo.com\/en\/news\/bjork-last-star-of-sonar-2017","title":{"rendered":"Bj\u00f6rk, last star of S\u00f3nar 2017"},"content":{"rendered":"<p style=\"text-align: justify;\">\n\t<img fetchpriority=\"high\" decoding=\"async\" alt=\"Bj\u00f6rk Digital\" class=\"aligncenter size-full wp-image-9473\" height=\"523\" src=\"http:\/\/indieofilo.com\/wp-content\/uploads\/2017\/05\/Bjork_Digital.jpg\" width=\"600\" srcset=\"https:\/\/www.indieofilo.com\/wp-content\/uploads\/2017\/05\/Bjork_Digital.jpg 600w, https:\/\/www.indieofilo.com\/wp-content\/uploads\/2017\/05\/Bjork_Digital-300x262.jpg 300w\" sizes=\"(max-width: 600px) 100vw, 600px\" \/><\/p>\n<p style=\"text-align: justify;\">\n\tAfter <a href=\"http:\/\/indieofilo.com\/news\/live-shows\/sonar-2017-finalizes-its-lineup-with-10-new-names?lang=en\" target=\"_self\" title=\"S\u00f3nar 2017 closes lineup\" rel=\"noopener\">closing its lineup a few weeks ago<\/a>, <strong>S&oacute;nar 2017<\/strong> has unveiled its last great ace up its sleeve. The Icelandic <strong>Bj&ouml;rk<\/strong> joins the lineup in various formats that doesn&#39;t include any live concert, but will allow us to enjoy various facets of the multifaceted nordic artist, who did not visit the festival since 2003, when she presented <em>Vespertine<\/em>. Thus,<strong> the exclusive DJ Set of Bj&ouml;rk on the opening night<\/strong> of Wednesday 14 June at Fira Montju&iuml;c (for which a new ticket is required) will kick off the festival, <strong>while the collaboration between the festival and the Centre de Cultura Contempor&aacute;nea de Barcelona (CCCB) has allowed to see in Barcelona the exhibition &quot;<em>Bj&ouml;rk Digital<\/em>&quot;<\/strong>, in which the Icelandic singer will offer an immersive sample of Virtual Reality that will be available from the same June 14 to September 24. If that were not enough, <strong>Bj&ouml;rk<\/strong> will also offer a talk at professional congress S&oacute;nar+D.<\/p>\n<p style=\"text-align: justify;\">\n\t&quot;<em>Bj&ouml;rk Digital<\/em>&quot; is a kind of technological opera in which the image and music of <strong>Bj&ouml;rk<\/strong> is presented through several multimedia environments of the latest generation and concludes with a review of his first audiovisual collaborations with artists such as <strong>Michel Gondry<\/strong> or <strong>Spike Jonze<\/strong> in the 90&#39;s. The tickets are now on sale and, because of the type of exhibition in which each pass is limited to groups of up to 25 people, tickets must be purchased in advance with specific reservation of date and time.<\/p>\n","protected":false},"excerpt":{"rendered":"<p>After closing its lineup a few weeks ago, S&oacute;nar 2017 has unveiled its last great ace up its sleeve. The Icelandic Bj&ouml;rk joins the lineup in various formats that doesn&#39;t include any live concert, but will allow us to enjoy various facets of the multifaceted nordic artist, who did not visit the festival since 2003, [&hellip;]<\/p>\n","protected":false},"author":1,"featured_media":21057,"comment_status":"open","ping_status":"closed","sticky":false,"template":"","format":"standard","meta":{"footnotes":""},"categories":[41,8],"tags":[5192,5050,5462],"class_list":["post-9475","post","type-post","status-publish","format-standard","has-post-thumbnail","hentry","category-live-shows","category-news","tag-bjork-en","tag-sonar-en","tag-sonar-2017-en"],"yoast_head":"<!-- This site is optimized with the Yoast SEO Premium plugin v23.9 (Yoast SEO v26.6) - https:\/\/yoast.com\/wordpress\/plugins\/seo\/ -->\n<title>Bj\u00f6rk, last star of S\u00f3nar 2017 - Indie\u00f3filo<\/title>\n<meta name=\"description\" content=\"Icelandic Bj\u00f6rk joins the lineup in various formats that don&#039;t include any live concert, but will allow us to see different sides of the multifaceted artist\" \/>\n<meta name=\"robots\" content=\"index, follow, max-snippet:-1, max-image-preview:large, max-video-preview:-1\" \/>\n<link rel=\"canonical\" href=\"https:\/\/www.indieofilo.com\/en\/news\/bjork-last-star-of-sonar-2017\" \/>\n<meta property=\"og:locale\" content=\"en_US\" \/>\n<meta property=\"og:type\" content=\"article\" \/>\n<meta property=\"og:title\" content=\"Bj\u00f6rk, last star of S\u00f3nar 2017\" \/>\n<meta property=\"og:description\" content=\"Icelandic Bj\u00f6rk joins the lineup in various formats that don&#039;t include any live concert, but will allow us to see different sides of the multifaceted artist\" \/>\n<meta property=\"og:url\" content=\"https:\/\/www.indieofilo.com\/en\/news\/bjork-last-star-of-sonar-2017\" \/>\n<meta property=\"og:site_name\" content=\"Indie\u00f3filo\" \/>\n<meta property=\"article:publisher\" content=\"https:\/\/www.facebook.com\/Indieofilo\/\" \/>\n<meta property=\"article:published_time\" content=\"2017-05-09T13:11:00+00:00\" \/>\n<meta property=\"article:modified_time\" content=\"2023-09-02T14:39:09+00:00\" \/>\n<meta property=\"og:image\" content=\"https:\/\/www.indieofilo.com\/wp-content\/uploads\/2017\/05\/Bjork_Digital.jpg\" \/>\n\t<meta property=\"og:image:width\" content=\"600\" \/>\n\t<meta property=\"og:image:height\" content=\"523\" \/>\n\t<meta property=\"og:image:type\" content=\"image\/jpeg\" \/>\n<meta name=\"author\" content=\"Victor\" \/>\n<meta name=\"twitter:card\" content=\"summary_large_image\" \/>\n<meta name=\"twitter:creator\" content=\"@indieofilo\" \/>\n<meta name=\"twitter:site\" content=\"@indieofilo\" \/>\n<meta name=\"twitter:label1\" content=\"Written by\" \/>\n\t<meta name=\"twitter:data1\" content=\"Victor\" \/>\n\t<meta name=\"twitter:label2\" content=\"Est. reading time\" \/>\n\t<meta name=\"twitter:data2\" content=\"2 minutes\" \/>\n<script type=\"application\/ld+json\" class=\"yoast-schema-graph\">{\"@context\":\"https:\/\/schema.org\",\"@graph\":[{\"@type\":\"Article\",\"@id\":\"https:\/\/www.indieofilo.com\/en\/news\/bjork-last-star-of-sonar-2017#article\",\"isPartOf\":{\"@id\":\"https:\/\/www.indieofilo.com\/en\/news\/bjork-last-star-of-sonar-2017\"},\"author\":{\"name\":\"Victor\",\"@id\":\"https:\/\/www.indieofilo.com\/#\/schema\/person\/595334d38590e4ce5a09f83cbf2fca90\"},\"headline\":\"Bj\u00f6rk, last star of S\u00f3nar 2017\",\"datePublished\":\"2017-05-09T13:11:00+00:00\",\"dateModified\":\"2023-09-02T14:39:09+00:00\",\"mainEntityOfPage\":{\"@id\":\"https:\/\/www.indieofilo.com\/en\/news\/bjork-last-star-of-sonar-2017\"},\"wordCount\":268,\"commentCount\":0,\"publisher\":{\"@id\":\"https:\/\/www.indieofilo.com\/#organization\"},\"image\":{\"@id\":\"https:\/\/www.indieofilo.com\/en\/news\/bjork-last-star-of-sonar-2017#primaryimage\"},\"thumbnailUrl\":\"https:\/\/www.indieofilo.com\/wp-content\/uploads\/2017\/05\/Bjork_Digital.jpg\",\"keywords\":[\"Bj\u00f6rk\",\"S\u00f3nar\",\"S\u00f3nar 2017\"],\"articleSection\":[\"Live Shows\",\"News\"],\"inLanguage\":\"en-US\",\"potentialAction\":[{\"@type\":\"CommentAction\",\"name\":\"Comment\",\"target\":[\"https:\/\/www.indieofilo.com\/en\/news\/bjork-last-star-of-sonar-2017#respond\"]}]},{\"@type\":\"WebPage\",\"@id\":\"https:\/\/www.indieofilo.com\/en\/news\/bjork-last-star-of-sonar-2017\",\"url\":\"https:\/\/www.indieofilo.com\/en\/news\/bjork-last-star-of-sonar-2017\",\"name\":\"Bj\u00f6rk, last star of S\u00f3nar 2017 - Indie\u00f3filo\",\"isPartOf\":{\"@id\":\"https:\/\/www.indieofilo.com\/#website\"},\"primaryImageOfPage\":{\"@id\":\"https:\/\/www.indieofilo.com\/en\/news\/bjork-last-star-of-sonar-2017#primaryimage\"},\"image\":{\"@id\":\"https:\/\/www.indieofilo.com\/en\/news\/bjork-last-star-of-sonar-2017#primaryimage\"},\"thumbnailUrl\":\"https:\/\/www.indieofilo.com\/wp-content\/uploads\/2017\/05\/Bjork_Digital.jpg\",\"datePublished\":\"2017-05-09T13:11:00+00:00\",\"dateModified\":\"2023-09-02T14:39:09+00:00\",\"description\":\"Icelandic Bj\u00f6rk joins the lineup in various formats that don't include any live concert, but will allow us to see different sides of the multifaceted artist\",\"breadcrumb\":{\"@id\":\"https:\/\/www.indieofilo.com\/en\/news\/bjork-last-star-of-sonar-2017#breadcrumb\"},\"inLanguage\":\"en-US\",\"potentialAction\":[{\"@type\":\"ReadAction\",\"target\":[\"https:\/\/www.indieofilo.com\/en\/news\/bjork-last-star-of-sonar-2017\"]}]},{\"@type\":\"ImageObject\",\"inLanguage\":\"en-US\",\"@id\":\"https:\/\/www.indieofilo.com\/en\/news\/bjork-last-star-of-sonar-2017#primaryimage\",\"url\":\"https:\/\/www.indieofilo.com\/wp-content\/uploads\/2017\/05\/Bjork_Digital.jpg\",\"contentUrl\":\"https:\/\/www.indieofilo.com\/wp-content\/uploads\/2017\/05\/Bjork_Digital.jpg\",\"width\":600,\"height\":523},{\"@type\":\"BreadcrumbList\",\"@id\":\"https:\/\/www.indieofilo.com\/en\/news\/bjork-last-star-of-sonar-2017#breadcrumb\",\"itemListElement\":[{\"@type\":\"ListItem\",\"position\":1,\"name\":\"Portada\",\"item\":\"https:\/\/www.indieofilo.com\/en\"},{\"@type\":\"ListItem\",\"position\":2,\"name\":\"Bj\u00f6rk, last star of S\u00f3nar 2017\"}]},{\"@type\":\"WebSite\",\"@id\":\"https:\/\/www.indieofilo.com\/#website\",\"url\":\"https:\/\/www.indieofilo.com\/\",\"name\":\"Indie\u00f3filo\",\"description\":\"Magazine online de la cultura independiente\",\"publisher\":{\"@id\":\"https:\/\/www.indieofilo.com\/#organization\"},\"potentialAction\":[{\"@type\":\"SearchAction\",\"target\":{\"@type\":\"EntryPoint\",\"urlTemplate\":\"https:\/\/www.indieofilo.com\/?s={search_term_string}\"},\"query-input\":{\"@type\":\"PropertyValueSpecification\",\"valueRequired\":true,\"valueName\":\"search_term_string\"}}],\"inLanguage\":\"en-US\"},{\"@type\":\"Organization\",\"@id\":\"https:\/\/www.indieofilo.com\/#organization\",\"name\":\"Indie\u00f3filo Web\",\"url\":\"https:\/\/www.indieofilo.com\/\",\"logo\":{\"@type\":\"ImageObject\",\"inLanguage\":\"en-US\",\"@id\":\"https:\/\/www.indieofilo.com\/#\/schema\/logo\/image\/\",\"url\":\"https:\/\/www.indieofilo.com\/wp-content\/uploads\/2015\/02\/logo-alta-resolucion.png\",\"contentUrl\":\"https:\/\/www.indieofilo.com\/wp-content\/uploads\/2015\/02\/logo-alta-resolucion.png\",\"width\":544,\"height\":185,\"caption\":\"Indie\u00f3filo Web\"},\"image\":{\"@id\":\"https:\/\/www.indieofilo.com\/#\/schema\/logo\/image\/\"},\"sameAs\":[\"https:\/\/www.facebook.com\/Indieofilo\/\",\"https:\/\/x.com\/indieofilo\",\"https:\/\/www.instagram.com\/indieofilo\/\"]},{\"@type\":\"Person\",\"@id\":\"https:\/\/www.indieofilo.com\/#\/schema\/person\/595334d38590e4ce5a09f83cbf2fca90\",\"name\":\"Victor\",\"image\":{\"@type\":\"ImageObject\",\"inLanguage\":\"en-US\",\"@id\":\"https:\/\/www.indieofilo.com\/#\/schema\/person\/image\/\",\"url\":\"https:\/\/secure.gravatar.com\/avatar\/682b8c6ea3e94b6cffec683b25f1797d?s=96&d=mm&r=g\",\"contentUrl\":\"https:\/\/secure.gravatar.com\/avatar\/682b8c6ea3e94b6cffec683b25f1797d?s=96&d=mm&r=g\",\"caption\":\"Victor\"},\"description\":\"Fan\u00e1tico de la m\u00fasica desde que mis padres me pon\u00edan a Eydie Gorme y Los Panchos o el Discotuna por la A2. Intent\u00e9 tocar varios instrumentos, pero soy muy torpe con la mano izquierda, as\u00ed que ya sab\u00e9is el resultado final. Fan del britpop, Post-punk, el rugby y el baloncesto...\",\"sameAs\":[\"http:\/\/indieofilo.com\"],\"url\":\"https:\/\/www.indieofilo.com\/en\/author\/victor\"}]}<\/script>\n<!-- \/ Yoast SEO Premium plugin. -->","yoast_head_json":{"title":"Bj\u00f6rk, last star of S\u00f3nar 2017 - Indie\u00f3filo","description":"Icelandic Bj\u00f6rk joins the lineup in various formats that don't include any live concert, but will allow us to see different sides of the multifaceted artist","robots":{"index":"index","follow":"follow","max-snippet":"max-snippet:-1","max-image-preview":"max-image-preview:large","max-video-preview":"max-video-preview:-1"},"canonical":"https:\/\/www.indieofilo.com\/en\/news\/bjork-last-star-of-sonar-2017","og_locale":"en_US","og_type":"article","og_title":"Bj\u00f6rk, last star of S\u00f3nar 2017","og_description":"Icelandic Bj\u00f6rk joins the lineup in various formats that don't include any live concert, but will allow us to see different sides of the multifaceted artist","og_url":"https:\/\/www.indieofilo.com\/en\/news\/bjork-last-star-of-sonar-2017","og_site_name":"Indie\u00f3filo","article_publisher":"https:\/\/www.facebook.com\/Indieofilo\/","article_published_time":"2017-05-09T13:11:00+00:00","article_modified_time":"2023-09-02T14:39:09+00:00","og_image":[{"width":600,"height":523,"url":"https:\/\/www.indieofilo.com\/wp-content\/uploads\/2017\/05\/Bjork_Digital.jpg","type":"image\/jpeg"}],"author":"Victor","twitter_card":"summary_large_image","twitter_creator":"@indieofilo","twitter_site":"@indieofilo","twitter_misc":{"Written by":"Victor","Est. reading time":"2 minutes"},"schema":{"@context":"https:\/\/schema.org","@graph":[{"@type":"Article","@id":"https:\/\/www.indieofilo.com\/en\/news\/bjork-last-star-of-sonar-2017#article","isPartOf":{"@id":"https:\/\/www.indieofilo.com\/en\/news\/bjork-last-star-of-sonar-2017"},"author":{"name":"Victor","@id":"https:\/\/www.indieofilo.com\/#\/schema\/person\/595334d38590e4ce5a09f83cbf2fca90"},"headline":"Bj\u00f6rk, last star of S\u00f3nar 2017","datePublished":"2017-05-09T13:11:00+00:00","dateModified":"2023-09-02T14:39:09+00:00","mainEntityOfPage":{"@id":"https:\/\/www.indieofilo.com\/en\/news\/bjork-last-star-of-sonar-2017"},"wordCount":268,"commentCount":0,"publisher":{"@id":"https:\/\/www.indieofilo.com\/#organization"},"image":{"@id":"https:\/\/www.indieofilo.com\/en\/news\/bjork-last-star-of-sonar-2017#primaryimage"},"thumbnailUrl":"https:\/\/www.indieofilo.com\/wp-content\/uploads\/2017\/05\/Bjork_Digital.jpg","keywords":["Bj\u00f6rk","S\u00f3nar","S\u00f3nar 2017"],"articleSection":["Live Shows","News"],"inLanguage":"en-US","potentialAction":[{"@type":"CommentAction","name":"Comment","target":["https:\/\/www.indieofilo.com\/en\/news\/bjork-last-star-of-sonar-2017#respond"]}]},{"@type":"WebPage","@id":"https:\/\/www.indieofilo.com\/en\/news\/bjork-last-star-of-sonar-2017","url":"https:\/\/www.indieofilo.com\/en\/news\/bjork-last-star-of-sonar-2017","name":"Bj\u00f6rk, last star of S\u00f3nar 2017 - Indie\u00f3filo","isPartOf":{"@id":"https:\/\/www.indieofilo.com\/#website"},"primaryImageOfPage":{"@id":"https:\/\/www.indieofilo.com\/en\/news\/bjork-last-star-of-sonar-2017#primaryimage"},"image":{"@id":"https:\/\/www.indieofilo.com\/en\/news\/bjork-last-star-of-sonar-2017#primaryimage"},"thumbnailUrl":"https:\/\/www.indieofilo.com\/wp-content\/uploads\/2017\/05\/Bjork_Digital.jpg","datePublished":"2017-05-09T13:11:00+00:00","dateModified":"2023-09-02T14:39:09+00:00","description":"Icelandic Bj\u00f6rk joins the lineup in various formats that don't include any live concert, but will allow us to see different sides of the multifaceted artist","breadcrumb":{"@id":"https:\/\/www.indieofilo.com\/en\/news\/bjork-last-star-of-sonar-2017#breadcrumb"},"inLanguage":"en-US","potentialAction":[{"@type":"ReadAction","target":["https:\/\/www.indieofilo.com\/en\/news\/bjork-last-star-of-sonar-2017"]}]},{"@type":"ImageObject","inLanguage":"en-US","@id":"https:\/\/www.indieofilo.com\/en\/news\/bjork-last-star-of-sonar-2017#primaryimage","url":"https:\/\/www.indieofilo.com\/wp-content\/uploads\/2017\/05\/Bjork_Digital.jpg","contentUrl":"https:\/\/www.indieofilo.com\/wp-content\/uploads\/2017\/05\/Bjork_Digital.jpg","width":600,"height":523},{"@type":"BreadcrumbList","@id":"https:\/\/www.indieofilo.com\/en\/news\/bjork-last-star-of-sonar-2017#breadcrumb","itemListElement":[{"@type":"ListItem","position":1,"name":"Portada","item":"https:\/\/www.indieofilo.com\/en"},{"@type":"ListItem","position":2,"name":"Bj\u00f6rk, last star of S\u00f3nar 2017"}]},{"@type":"WebSite","@id":"https:\/\/www.indieofilo.com\/#website","url":"https:\/\/www.indieofilo.com\/","name":"Indie\u00f3filo","description":"Magazine online de la cultura independiente","publisher":{"@id":"https:\/\/www.indieofilo.com\/#organization"},"potentialAction":[{"@type":"SearchAction","target":{"@type":"EntryPoint","urlTemplate":"https:\/\/www.indieofilo.com\/?s={search_term_string}"},"query-input":{"@type":"PropertyValueSpecification","valueRequired":true,"valueName":"search_term_string"}}],"inLanguage":"en-US"},{"@type":"Organization","@id":"https:\/\/www.indieofilo.com\/#organization","name":"Indie\u00f3filo Web","url":"https:\/\/www.indieofilo.com\/","logo":{"@type":"ImageObject","inLanguage":"en-US","@id":"https:\/\/www.indieofilo.com\/#\/schema\/logo\/image\/","url":"https:\/\/www.indieofilo.com\/wp-content\/uploads\/2015\/02\/logo-alta-resolucion.png","contentUrl":"https:\/\/www.indieofilo.com\/wp-content\/uploads\/2015\/02\/logo-alta-resolucion.png","width":544,"height":185,"caption":"Indie\u00f3filo Web"},"image":{"@id":"https:\/\/www.indieofilo.com\/#\/schema\/logo\/image\/"},"sameAs":["https:\/\/www.facebook.com\/Indieofilo\/","https:\/\/x.com\/indieofilo","https:\/\/www.instagram.com\/indieofilo\/"]},{"@type":"Person","@id":"https:\/\/www.indieofilo.com\/#\/schema\/person\/595334d38590e4ce5a09f83cbf2fca90","name":"Victor","image":{"@type":"ImageObject","inLanguage":"en-US","@id":"https:\/\/www.indieofilo.com\/#\/schema\/person\/image\/","url":"https:\/\/secure.gravatar.com\/avatar\/682b8c6ea3e94b6cffec683b25f1797d?s=96&d=mm&r=g","contentUrl":"https:\/\/secure.gravatar.com\/avatar\/682b8c6ea3e94b6cffec683b25f1797d?s=96&d=mm&r=g","caption":"Victor"},"description":"Fan\u00e1tico de la m\u00fasica desde que mis padres me pon\u00edan a Eydie Gorme y Los Panchos o el Discotuna por la A2. Intent\u00e9 tocar varios instrumentos, pero soy muy torpe con la mano izquierda, as\u00ed que ya sab\u00e9is el resultado final. Fan del britpop, Post-punk, el rugby y el baloncesto...","sameAs":["http:\/\/indieofilo.com"],"url":"https:\/\/www.indieofilo.com\/en\/author\/victor"}]}},"_links":{"self":[{"href":"https:\/\/www.indieofilo.com\/en\/wp-json\/wp\/v2\/posts\/9475","targetHints":{"allow":["GET"]}}],"collection":[{"href":"https:\/\/www.indieofilo.com\/en\/wp-json\/wp\/v2\/posts"}],"about":[{"href":"https:\/\/www.indieofilo.com\/en\/wp-json\/wp\/v2\/types\/post"}],"author":[{"embeddable":true,"href":"https:\/\/www.indieofilo.com\/en\/wp-json\/wp\/v2\/users\/1"}],"replies":[{"embeddable":true,"href":"https:\/\/www.indieofilo.com\/en\/wp-json\/wp\/v2\/comments?post=9475"}],"version-history":[{"count":0,"href":"https:\/\/www.indieofilo.com\/en\/wp-json\/wp\/v2\/posts\/9475\/revisions"}],"wp:featuredmedia":[{"embeddable":true,"href":"https:\/\/www.indieofilo.com\/en\/wp-json\/wp\/v2\/media\/21057"}],"wp:attachment":[{"href":"https:\/\/www.indieofilo.com\/en\/wp-json\/wp\/v2\/media?parent=9475"}],"wp:term":[{"taxonomy":"category","embeddable":true,"href":"https:\/\/www.indieofilo.com\/en\/wp-json\/wp\/v2\/categories?post=9475"},{"taxonomy":"post_tag","embeddable":true,"href":"https:\/\/www.indieofilo.com\/en\/wp-json\/wp\/v2\/tags?post=9475"}],"curies":[{"name":"wp","href":"https:\/\/api.w.org\/{rel}","templated":true}]}}