{"id":9321,"date":"2017-05-11T17:15:24","date_gmt":"2017-05-11T15:15:24","guid":{"rendered":"http:\/\/indieofilo.com\/?p=9321"},"modified":"2023-09-02T16:33:05","modified_gmt":"2023-09-02T14:33:05","slug":"line-up-for-heineken-hidden-stage-at-primavera-sound-2017","status":"publish","type":"post","link":"https:\/\/www.indieofilo.com\/en\/short-news\/line-up-for-heineken-hidden-stage-at-primavera-sound-2017","title":{"rendered":"Line-up for Heineken Hidden Stage at Primavera Sound 2017"},"content":{"rendered":"<p style=\"text-align: justify;\">\n\t<img fetchpriority=\"high\" decoding=\"async\" alt=\"Heineken Hidden Stage Primavera Sound 2017\" class=\"aligncenter size-full wp-image-9319\" height=\"600\" src=\"http:\/\/indieofilo.com\/wp-content\/uploads\/2017\/05\/Hidden_Stage_primavera_sound_2017.jpg\" width=\"501\" srcset=\"https:\/\/www.indieofilo.com\/wp-content\/uploads\/2017\/05\/Hidden_Stage_primavera_sound_2017.jpg 501w, https:\/\/www.indieofilo.com\/wp-content\/uploads\/2017\/05\/Hidden_Stage_primavera_sound_2017-251x300.jpg 251w\" sizes=\"(max-width: 501px) 100vw, 501px\" \/><\/p>\n<p style=\"text-align: justify;\">\n\tAround three weeks over to start <strong>Primavera Sound 2017<\/strong>, the organization of the festival has just announced the line-up for&nbsp;<strong>Heineken Hidden Stage<\/strong>, a covered stage with capacity for 700 people who for the fourth consecutive year will be part of the festival. This year&#39;s line-up will include <strong>Thurston Moore<\/strong>, <strong>Jens Lekman<\/strong>, <strong>The Radio Dept.<\/strong>, <strong>Aldous Harding<\/strong>, <strong>Lawrence Arabia<\/strong>, <strong>Surfin &#39;Bichos<\/strong> and a surprise for Wednesday 31 that will be unveiled soon.<\/p>\n<p>\tWe remind you that all those who <strong>want to attend to Heineken Hidden Stage can get a free ticket at the information desk on the Parc del F&ograve;rum site, from 4 pm on the day of the concert that they wish to see<\/strong>. It will be on a <strong>one ticket per person per concert basis until full capacity is reached<\/strong>. In addition, a limited number of tickets can be obtained through a unknown system on which Heineken will provide more details soon through their profiles on social networks.<\/p>\n","protected":false},"excerpt":{"rendered":"<p>Around three weeks over to start Primavera Sound 2017, the organization of the festival has just announced the line-up for&nbsp;Heineken Hidden Stage, a covered stage with capacity for 700 people who for the fourth consecutive year will be part of the festival. This year&#39;s line-up will include Thurston Moore, Jens Lekman, The Radio Dept., Aldous [&hellip;]<\/p>\n","protected":false},"author":1,"featured_media":21015,"comment_status":"open","ping_status":"closed","sticky":false,"template":"","format":"standard","meta":{"footnotes":""},"categories":[18],"tags":[5526,4982,5502,5527,5528],"class_list":["post-9321","post","type-post","status-publish","format-standard","has-post-thumbnail","hentry","category-short-news","tag-jens-lekman-en","tag-primavera-sound-en","tag-primavera-sound-2017-en","tag-the-radio-dept-en","tag-thurston-moore-en"],"yoast_head":"<!-- This site is optimized with the Yoast SEO Premium plugin v23.9 (Yoast SEO v26.6) - https:\/\/yoast.com\/wordpress\/plugins\/seo\/ -->\n<title>Line-up for Heineken Hidden Stage at Primavera Sound 2017 - Indie\u00f3filo<\/title>\n<meta name=\"description\" content=\"Around three weeks over to start Primavera Sound 2017, the organization of the festival has just announced the line-up for Heineken Hidden Stage.\" \/>\n<meta name=\"robots\" content=\"index, follow, max-snippet:-1, max-image-preview:large, max-video-preview:-1\" \/>\n<link rel=\"canonical\" href=\"https:\/\/www.indieofilo.com\/en\/short-news\/line-up-for-heineken-hidden-stage-at-primavera-sound-2017\" \/>\n<meta property=\"og:locale\" content=\"en_US\" \/>\n<meta property=\"og:type\" content=\"article\" \/>\n<meta property=\"og:title\" content=\"Line-up for Heineken Hidden Stage at Primavera Sound 2017\" \/>\n<meta property=\"og:description\" content=\"Around three weeks over to start Primavera Sound 2017, the organization of the festival has just announced the line-up for Heineken Hidden Stage.\" \/>\n<meta property=\"og:url\" content=\"https:\/\/www.indieofilo.com\/en\/short-news\/line-up-for-heineken-hidden-stage-at-primavera-sound-2017\" \/>\n<meta property=\"og:site_name\" content=\"Indie\u00f3filo\" \/>\n<meta property=\"article:publisher\" content=\"https:\/\/www.facebook.com\/Indieofilo\/\" \/>\n<meta property=\"article:published_time\" content=\"2017-05-11T15:15:24+00:00\" \/>\n<meta property=\"article:modified_time\" content=\"2023-09-02T14:33:05+00:00\" \/>\n<meta property=\"og:image\" content=\"https:\/\/www.indieofilo.com\/wp-content\/uploads\/2017\/05\/Hidden_Stage_primavera_sound_2017.jpg\" \/>\n\t<meta property=\"og:image:width\" content=\"501\" \/>\n\t<meta property=\"og:image:height\" content=\"600\" \/>\n\t<meta property=\"og:image:type\" content=\"image\/jpeg\" \/>\n<meta name=\"author\" content=\"Victor\" \/>\n<meta name=\"twitter:card\" content=\"summary_large_image\" \/>\n<meta name=\"twitter:creator\" content=\"@indieofilo\" \/>\n<meta name=\"twitter:site\" content=\"@indieofilo\" \/>\n<meta name=\"twitter:label1\" content=\"Written by\" \/>\n\t<meta name=\"twitter:data1\" content=\"Victor\" \/>\n\t<meta name=\"twitter:label2\" content=\"Est. reading time\" \/>\n\t<meta name=\"twitter:data2\" content=\"1 minute\" \/>\n<script type=\"application\/ld+json\" class=\"yoast-schema-graph\">{\"@context\":\"https:\/\/schema.org\",\"@graph\":[{\"@type\":\"Article\",\"@id\":\"https:\/\/www.indieofilo.com\/en\/short-news\/line-up-for-heineken-hidden-stage-at-primavera-sound-2017#article\",\"isPartOf\":{\"@id\":\"https:\/\/www.indieofilo.com\/en\/short-news\/line-up-for-heineken-hidden-stage-at-primavera-sound-2017\"},\"author\":{\"name\":\"Victor\",\"@id\":\"https:\/\/www.indieofilo.com\/#\/schema\/person\/595334d38590e4ce5a09f83cbf2fca90\"},\"headline\":\"Line-up for Heineken Hidden Stage at Primavera Sound 2017\",\"datePublished\":\"2017-05-11T15:15:24+00:00\",\"dateModified\":\"2023-09-02T14:33:05+00:00\",\"mainEntityOfPage\":{\"@id\":\"https:\/\/www.indieofilo.com\/en\/short-news\/line-up-for-heineken-hidden-stage-at-primavera-sound-2017\"},\"wordCount\":168,\"commentCount\":0,\"publisher\":{\"@id\":\"https:\/\/www.indieofilo.com\/#organization\"},\"image\":{\"@id\":\"https:\/\/www.indieofilo.com\/en\/short-news\/line-up-for-heineken-hidden-stage-at-primavera-sound-2017#primaryimage\"},\"thumbnailUrl\":\"https:\/\/www.indieofilo.com\/wp-content\/uploads\/2017\/05\/Hidden_Stage_primavera_sound_2017.jpg\",\"keywords\":[\"Jens Lekman\",\"Primavera Sound\",\"Primavera Sound 2017\",\"The Radio Dept.\",\"Thurston Moore\"],\"articleSection\":[\"Short news\"],\"inLanguage\":\"en-US\",\"potentialAction\":[{\"@type\":\"CommentAction\",\"name\":\"Comment\",\"target\":[\"https:\/\/www.indieofilo.com\/en\/short-news\/line-up-for-heineken-hidden-stage-at-primavera-sound-2017#respond\"]}]},{\"@type\":\"WebPage\",\"@id\":\"https:\/\/www.indieofilo.com\/en\/short-news\/line-up-for-heineken-hidden-stage-at-primavera-sound-2017\",\"url\":\"https:\/\/www.indieofilo.com\/en\/short-news\/line-up-for-heineken-hidden-stage-at-primavera-sound-2017\",\"name\":\"Line-up for Heineken Hidden Stage at Primavera Sound 2017 - Indie\u00f3filo\",\"isPartOf\":{\"@id\":\"https:\/\/www.indieofilo.com\/#website\"},\"primaryImageOfPage\":{\"@id\":\"https:\/\/www.indieofilo.com\/en\/short-news\/line-up-for-heineken-hidden-stage-at-primavera-sound-2017#primaryimage\"},\"image\":{\"@id\":\"https:\/\/www.indieofilo.com\/en\/short-news\/line-up-for-heineken-hidden-stage-at-primavera-sound-2017#primaryimage\"},\"thumbnailUrl\":\"https:\/\/www.indieofilo.com\/wp-content\/uploads\/2017\/05\/Hidden_Stage_primavera_sound_2017.jpg\",\"datePublished\":\"2017-05-11T15:15:24+00:00\",\"dateModified\":\"2023-09-02T14:33:05+00:00\",\"description\":\"Around three weeks over to start Primavera Sound 2017, the organization of the festival has just announced the line-up for Heineken Hidden Stage.\",\"breadcrumb\":{\"@id\":\"https:\/\/www.indieofilo.com\/en\/short-news\/line-up-for-heineken-hidden-stage-at-primavera-sound-2017#breadcrumb\"},\"inLanguage\":\"en-US\",\"potentialAction\":[{\"@type\":\"ReadAction\",\"target\":[\"https:\/\/www.indieofilo.com\/en\/short-news\/line-up-for-heineken-hidden-stage-at-primavera-sound-2017\"]}]},{\"@type\":\"ImageObject\",\"inLanguage\":\"en-US\",\"@id\":\"https:\/\/www.indieofilo.com\/en\/short-news\/line-up-for-heineken-hidden-stage-at-primavera-sound-2017#primaryimage\",\"url\":\"https:\/\/www.indieofilo.com\/wp-content\/uploads\/2017\/05\/Hidden_Stage_primavera_sound_2017.jpg\",\"contentUrl\":\"https:\/\/www.indieofilo.com\/wp-content\/uploads\/2017\/05\/Hidden_Stage_primavera_sound_2017.jpg\",\"width\":501,\"height\":600},{\"@type\":\"BreadcrumbList\",\"@id\":\"https:\/\/www.indieofilo.com\/en\/short-news\/line-up-for-heineken-hidden-stage-at-primavera-sound-2017#breadcrumb\",\"itemListElement\":[{\"@type\":\"ListItem\",\"position\":1,\"name\":\"Portada\",\"item\":\"https:\/\/www.indieofilo.com\/en\"},{\"@type\":\"ListItem\",\"position\":2,\"name\":\"Line-up for Heineken Hidden Stage at Primavera Sound 2017\"}]},{\"@type\":\"WebSite\",\"@id\":\"https:\/\/www.indieofilo.com\/#website\",\"url\":\"https:\/\/www.indieofilo.com\/\",\"name\":\"Indie\u00f3filo\",\"description\":\"Magazine online de la cultura independiente\",\"publisher\":{\"@id\":\"https:\/\/www.indieofilo.com\/#organization\"},\"potentialAction\":[{\"@type\":\"SearchAction\",\"target\":{\"@type\":\"EntryPoint\",\"urlTemplate\":\"https:\/\/www.indieofilo.com\/?s={search_term_string}\"},\"query-input\":{\"@type\":\"PropertyValueSpecification\",\"valueRequired\":true,\"valueName\":\"search_term_string\"}}],\"inLanguage\":\"en-US\"},{\"@type\":\"Organization\",\"@id\":\"https:\/\/www.indieofilo.com\/#organization\",\"name\":\"Indie\u00f3filo Web\",\"url\":\"https:\/\/www.indieofilo.com\/\",\"logo\":{\"@type\":\"ImageObject\",\"inLanguage\":\"en-US\",\"@id\":\"https:\/\/www.indieofilo.com\/#\/schema\/logo\/image\/\",\"url\":\"https:\/\/www.indieofilo.com\/wp-content\/uploads\/2015\/02\/logo-alta-resolucion.png\",\"contentUrl\":\"https:\/\/www.indieofilo.com\/wp-content\/uploads\/2015\/02\/logo-alta-resolucion.png\",\"width\":544,\"height\":185,\"caption\":\"Indie\u00f3filo Web\"},\"image\":{\"@id\":\"https:\/\/www.indieofilo.com\/#\/schema\/logo\/image\/\"},\"sameAs\":[\"https:\/\/www.facebook.com\/Indieofilo\/\",\"https:\/\/x.com\/indieofilo\",\"https:\/\/www.instagram.com\/indieofilo\/\"]},{\"@type\":\"Person\",\"@id\":\"https:\/\/www.indieofilo.com\/#\/schema\/person\/595334d38590e4ce5a09f83cbf2fca90\",\"name\":\"Victor\",\"image\":{\"@type\":\"ImageObject\",\"inLanguage\":\"en-US\",\"@id\":\"https:\/\/www.indieofilo.com\/#\/schema\/person\/image\/\",\"url\":\"https:\/\/secure.gravatar.com\/avatar\/682b8c6ea3e94b6cffec683b25f1797d?s=96&d=mm&r=g\",\"contentUrl\":\"https:\/\/secure.gravatar.com\/avatar\/682b8c6ea3e94b6cffec683b25f1797d?s=96&d=mm&r=g\",\"caption\":\"Victor\"},\"description\":\"Fan\u00e1tico de la m\u00fasica desde que mis padres me pon\u00edan a Eydie Gorme y Los Panchos o el Discotuna por la A2. Intent\u00e9 tocar varios instrumentos, pero soy muy torpe con la mano izquierda, as\u00ed que ya sab\u00e9is el resultado final. Fan del britpop, Post-punk, el rugby y el baloncesto...\",\"sameAs\":[\"http:\/\/indieofilo.com\"],\"url\":\"https:\/\/www.indieofilo.com\/en\/author\/victor\"}]}<\/script>\n<!-- \/ Yoast SEO Premium plugin. -->","yoast_head_json":{"title":"Line-up for Heineken Hidden Stage at Primavera Sound 2017 - Indie\u00f3filo","description":"Around three weeks over to start Primavera Sound 2017, the organization of the festival has just announced the line-up for Heineken Hidden Stage.","robots":{"index":"index","follow":"follow","max-snippet":"max-snippet:-1","max-image-preview":"max-image-preview:large","max-video-preview":"max-video-preview:-1"},"canonical":"https:\/\/www.indieofilo.com\/en\/short-news\/line-up-for-heineken-hidden-stage-at-primavera-sound-2017","og_locale":"en_US","og_type":"article","og_title":"Line-up for Heineken Hidden Stage at Primavera Sound 2017","og_description":"Around three weeks over to start Primavera Sound 2017, the organization of the festival has just announced the line-up for Heineken Hidden Stage.","og_url":"https:\/\/www.indieofilo.com\/en\/short-news\/line-up-for-heineken-hidden-stage-at-primavera-sound-2017","og_site_name":"Indie\u00f3filo","article_publisher":"https:\/\/www.facebook.com\/Indieofilo\/","article_published_time":"2017-05-11T15:15:24+00:00","article_modified_time":"2023-09-02T14:33:05+00:00","og_image":[{"width":501,"height":600,"url":"https:\/\/www.indieofilo.com\/wp-content\/uploads\/2017\/05\/Hidden_Stage_primavera_sound_2017.jpg","type":"image\/jpeg"}],"author":"Victor","twitter_card":"summary_large_image","twitter_creator":"@indieofilo","twitter_site":"@indieofilo","twitter_misc":{"Written by":"Victor","Est. reading time":"1 minute"},"schema":{"@context":"https:\/\/schema.org","@graph":[{"@type":"Article","@id":"https:\/\/www.indieofilo.com\/en\/short-news\/line-up-for-heineken-hidden-stage-at-primavera-sound-2017#article","isPartOf":{"@id":"https:\/\/www.indieofilo.com\/en\/short-news\/line-up-for-heineken-hidden-stage-at-primavera-sound-2017"},"author":{"name":"Victor","@id":"https:\/\/www.indieofilo.com\/#\/schema\/person\/595334d38590e4ce5a09f83cbf2fca90"},"headline":"Line-up for Heineken Hidden Stage at Primavera Sound 2017","datePublished":"2017-05-11T15:15:24+00:00","dateModified":"2023-09-02T14:33:05+00:00","mainEntityOfPage":{"@id":"https:\/\/www.indieofilo.com\/en\/short-news\/line-up-for-heineken-hidden-stage-at-primavera-sound-2017"},"wordCount":168,"commentCount":0,"publisher":{"@id":"https:\/\/www.indieofilo.com\/#organization"},"image":{"@id":"https:\/\/www.indieofilo.com\/en\/short-news\/line-up-for-heineken-hidden-stage-at-primavera-sound-2017#primaryimage"},"thumbnailUrl":"https:\/\/www.indieofilo.com\/wp-content\/uploads\/2017\/05\/Hidden_Stage_primavera_sound_2017.jpg","keywords":["Jens Lekman","Primavera Sound","Primavera Sound 2017","The Radio Dept.","Thurston Moore"],"articleSection":["Short news"],"inLanguage":"en-US","potentialAction":[{"@type":"CommentAction","name":"Comment","target":["https:\/\/www.indieofilo.com\/en\/short-news\/line-up-for-heineken-hidden-stage-at-primavera-sound-2017#respond"]}]},{"@type":"WebPage","@id":"https:\/\/www.indieofilo.com\/en\/short-news\/line-up-for-heineken-hidden-stage-at-primavera-sound-2017","url":"https:\/\/www.indieofilo.com\/en\/short-news\/line-up-for-heineken-hidden-stage-at-primavera-sound-2017","name":"Line-up for Heineken Hidden Stage at Primavera Sound 2017 - Indie\u00f3filo","isPartOf":{"@id":"https:\/\/www.indieofilo.com\/#website"},"primaryImageOfPage":{"@id":"https:\/\/www.indieofilo.com\/en\/short-news\/line-up-for-heineken-hidden-stage-at-primavera-sound-2017#primaryimage"},"image":{"@id":"https:\/\/www.indieofilo.com\/en\/short-news\/line-up-for-heineken-hidden-stage-at-primavera-sound-2017#primaryimage"},"thumbnailUrl":"https:\/\/www.indieofilo.com\/wp-content\/uploads\/2017\/05\/Hidden_Stage_primavera_sound_2017.jpg","datePublished":"2017-05-11T15:15:24+00:00","dateModified":"2023-09-02T14:33:05+00:00","description":"Around three weeks over to start Primavera Sound 2017, the organization of the festival has just announced the line-up for Heineken Hidden Stage.","breadcrumb":{"@id":"https:\/\/www.indieofilo.com\/en\/short-news\/line-up-for-heineken-hidden-stage-at-primavera-sound-2017#breadcrumb"},"inLanguage":"en-US","potentialAction":[{"@type":"ReadAction","target":["https:\/\/www.indieofilo.com\/en\/short-news\/line-up-for-heineken-hidden-stage-at-primavera-sound-2017"]}]},{"@type":"ImageObject","inLanguage":"en-US","@id":"https:\/\/www.indieofilo.com\/en\/short-news\/line-up-for-heineken-hidden-stage-at-primavera-sound-2017#primaryimage","url":"https:\/\/www.indieofilo.com\/wp-content\/uploads\/2017\/05\/Hidden_Stage_primavera_sound_2017.jpg","contentUrl":"https:\/\/www.indieofilo.com\/wp-content\/uploads\/2017\/05\/Hidden_Stage_primavera_sound_2017.jpg","width":501,"height":600},{"@type":"BreadcrumbList","@id":"https:\/\/www.indieofilo.com\/en\/short-news\/line-up-for-heineken-hidden-stage-at-primavera-sound-2017#breadcrumb","itemListElement":[{"@type":"ListItem","position":1,"name":"Portada","item":"https:\/\/www.indieofilo.com\/en"},{"@type":"ListItem","position":2,"name":"Line-up for Heineken Hidden Stage at Primavera Sound 2017"}]},{"@type":"WebSite","@id":"https:\/\/www.indieofilo.com\/#website","url":"https:\/\/www.indieofilo.com\/","name":"Indie\u00f3filo","description":"Magazine online de la cultura independiente","publisher":{"@id":"https:\/\/www.indieofilo.com\/#organization"},"potentialAction":[{"@type":"SearchAction","target":{"@type":"EntryPoint","urlTemplate":"https:\/\/www.indieofilo.com\/?s={search_term_string}"},"query-input":{"@type":"PropertyValueSpecification","valueRequired":true,"valueName":"search_term_string"}}],"inLanguage":"en-US"},{"@type":"Organization","@id":"https:\/\/www.indieofilo.com\/#organization","name":"Indie\u00f3filo Web","url":"https:\/\/www.indieofilo.com\/","logo":{"@type":"ImageObject","inLanguage":"en-US","@id":"https:\/\/www.indieofilo.com\/#\/schema\/logo\/image\/","url":"https:\/\/www.indieofilo.com\/wp-content\/uploads\/2015\/02\/logo-alta-resolucion.png","contentUrl":"https:\/\/www.indieofilo.com\/wp-content\/uploads\/2015\/02\/logo-alta-resolucion.png","width":544,"height":185,"caption":"Indie\u00f3filo Web"},"image":{"@id":"https:\/\/www.indieofilo.com\/#\/schema\/logo\/image\/"},"sameAs":["https:\/\/www.facebook.com\/Indieofilo\/","https:\/\/x.com\/indieofilo","https:\/\/www.instagram.com\/indieofilo\/"]},{"@type":"Person","@id":"https:\/\/www.indieofilo.com\/#\/schema\/person\/595334d38590e4ce5a09f83cbf2fca90","name":"Victor","image":{"@type":"ImageObject","inLanguage":"en-US","@id":"https:\/\/www.indieofilo.com\/#\/schema\/person\/image\/","url":"https:\/\/secure.gravatar.com\/avatar\/682b8c6ea3e94b6cffec683b25f1797d?s=96&d=mm&r=g","contentUrl":"https:\/\/secure.gravatar.com\/avatar\/682b8c6ea3e94b6cffec683b25f1797d?s=96&d=mm&r=g","caption":"Victor"},"description":"Fan\u00e1tico de la m\u00fasica desde que mis padres me pon\u00edan a Eydie Gorme y Los Panchos o el Discotuna por la A2. Intent\u00e9 tocar varios instrumentos, pero soy muy torpe con la mano izquierda, as\u00ed que ya sab\u00e9is el resultado final. Fan del britpop, Post-punk, el rugby y el baloncesto...","sameAs":["http:\/\/indieofilo.com"],"url":"https:\/\/www.indieofilo.com\/en\/author\/victor"}]}},"_links":{"self":[{"href":"https:\/\/www.indieofilo.com\/en\/wp-json\/wp\/v2\/posts\/9321","targetHints":{"allow":["GET"]}}],"collection":[{"href":"https:\/\/www.indieofilo.com\/en\/wp-json\/wp\/v2\/posts"}],"about":[{"href":"https:\/\/www.indieofilo.com\/en\/wp-json\/wp\/v2\/types\/post"}],"author":[{"embeddable":true,"href":"https:\/\/www.indieofilo.com\/en\/wp-json\/wp\/v2\/users\/1"}],"replies":[{"embeddable":true,"href":"https:\/\/www.indieofilo.com\/en\/wp-json\/wp\/v2\/comments?post=9321"}],"version-history":[{"count":0,"href":"https:\/\/www.indieofilo.com\/en\/wp-json\/wp\/v2\/posts\/9321\/revisions"}],"wp:featuredmedia":[{"embeddable":true,"href":"https:\/\/www.indieofilo.com\/en\/wp-json\/wp\/v2\/media\/21015"}],"wp:attachment":[{"href":"https:\/\/www.indieofilo.com\/en\/wp-json\/wp\/v2\/media?parent=9321"}],"wp:term":[{"taxonomy":"category","embeddable":true,"href":"https:\/\/www.indieofilo.com\/en\/wp-json\/wp\/v2\/categories?post=9321"},{"taxonomy":"post_tag","embeddable":true,"href":"https:\/\/www.indieofilo.com\/en\/wp-json\/wp\/v2\/tags?post=9321"}],"curies":[{"name":"wp","href":"https:\/\/api.w.org\/{rel}","templated":true}]}}