{"id":9315,"date":"2017-05-11T15:28:58","date_gmt":"2017-05-11T13:28:58","guid":{"rendered":"http:\/\/indieofilo.com\/?p=9315"},"modified":"2023-09-02T16:34:39","modified_gmt":"2023-09-02T14:34:39","slug":"the-national-confirm-new-album-world-tour-and-premiere-the-first-single","status":"publish","type":"post","link":"https:\/\/www.indieofilo.com\/en\/news\/the-national-confirm-new-album-world-tour-and-premiere-the-first-single","title":{"rendered":"The National confirm new album, world tour and premiere the first single"},"content":{"rendered":"<p style=\"text-align: justify;\">After weeks of teasers and cryptic previews, Americans <strong>The National<\/strong>\u00a0has confirmed yesterday that the seventh album of their career will go on sale next September 8. <em>Sleep Well Beast<\/em> (2017)\u00a0will be its title and to present it they also have announced a world tour that will start in June at the Glastonbury festival. As if that were not enough, the band led by <strong>Matt Berninger<\/strong> has premiered us the first single of the awaited album, &#8220;<em>The System Only Dreams In Total Darkness<\/em>&#8220;, whose sound impregnated with guitars and distortions that seems to move this new LP closer to the sounds of <em>Trouble Will Find Me<\/em> (2013) instead of the ones on <em>Boxer<\/em> (2007) or <em>High Violet<\/em> (2010).<\/p>\n<p style=\"text-align: center;\"><u><strong>The National World Tour 2017<\/strong><\/u><\/p>\n<p style=\"text-align: center;\">06-21 Glastonbury, England \u2013 Glastonbury Festival<br \/>\n08-12 Copenhagen, Denmark \u2013 HAVEN Festival<br \/>\n09-16 Cork, Ireland \u2013 Cork Opera House<br \/>\n09-17 Dublin, Ireland \u2013 Vicar Street<br \/>\n09-18 Dublin, Ireland \u2013 Vicar Street<br \/>\n09-20 Edinburgh, Scotland \u2013 Usher Hall<br \/>\n09-21 Edinburgh, Scotland \u2013 Usher Hall<br \/>\n09-22 Manchester, England \u2013 O2 Apollo<br \/>\n09-23 Manchester, England \u2013 O2 Apollo<br \/>\n09-25 London, England \u2013 Eventim Hammersmith Apollo<br \/>\n09-26 London, England \u2013 Eventim Hammersmith Apollo<br \/>\n09-27 London, England \u2013 Eventim Hammersmith Apollo<br \/>\n09-28 London, England \u2013 Eventim Hammersmith Apollo<br \/>\n10-05 Boston, MA \u2013 Wang Theatre<br \/>\n10-06 New York, NY \u2013 Forest Hills Stadium<br \/>\n10-11 Los Angeles, CA \u2013 Hollywood Bowl<br \/>\n10-12 San Diego, CA \u2013 CalCoast Credit Union Open Air Theatre<br \/>\n10-14 Berkeley, CA \u2013 Greek Theatre<br \/>\n10-21 Hamburg, Germany \u2013 Elbphilharmonie<br \/>\n10-23-24 Berlin, Germany \u2013 Tempodrom<br \/>\n10-25 Amsterdam, Netherlands \u2013 AFAS Live<br \/>\n10-28 Lisbon, Portugal \u2013 Coliseum<br \/>\n10-30 Brussels, Belgium \u2013 Bozar<br \/>\n10-31 Brussels, Belgium \u2013 Bozar<br \/>\n11-02-04 Paris, France \u2013 Pitchfork Music Festival Paris<br \/>\n11-04 Stockholm, Sweden \u2013 Annexet<br \/>\n11-05 Stockholm, Sweden \u2013 Annexet<br \/>\n11-06 Oslo, Norway \u2013 Sentrum Scene<br \/>\n11-07 Oslo, Norway \u2013 Sentrum Scene<br \/>\n11-27 Portland, OR \u2013 Arlene Schnitzer Concert Hall<br \/>\n11-28 Seattle, WA \u2013 Paramount Theatre<br \/>\n11-29 Seattle, WA \u2013 Paramount Theatre<br \/>\n12-01 Vancouver, British Columbia \u2013 Queen Elizabeth Theatre<br \/>\n12-02 Vancouver, British Columbia \u2013 Queen Elizabeth Theatre<br \/>\n12-04 Philadelphia, PA \u2013 Verizon Hall<br \/>\n12-07 Montr\u00e9al, Qu\u00e9bec \u2013 Metropolis<br \/>\n12-08 Montr\u00e9al, Qu\u00e9bec \u2013 Metropolis<br \/>\n12-09 Toronto, Ontario \u2013 Sony Centre<br \/>\n12-10 Hamilton, Ontario \u2013 Hamilton Place Theatre<br \/>\n12-12 Chicago, IL \u2013 Civic Opera House<br \/>\n12-13 Chicago, IL \u2013 Civic Opera House<\/p>\n","protected":false},"excerpt":{"rendered":"<p>After weeks of teasers and cryptic previews, Americans The National\u00a0has confirmed yesterday that the seventh album of their career will go on sale next September 8. Sleep Well Beast (2017)\u00a0will be its title and to present it they also have announced a world tour that will start in June at the Glastonbury festival. As if [&hellip;]<\/p>\n","protected":false},"author":1,"featured_media":9317,"comment_status":"open","ping_status":"closed","sticky":false,"template":"","format":"video","meta":{"footnotes":""},"categories":[42,8],"tags":[5213],"class_list":["post-9315","post","type-post","status-publish","format-video","has-post-thumbnail","hentry","category-music","category-news","tag-the-national-en","post_format-post-format-video"],"yoast_head":"<!-- This site is optimized with the Yoast SEO Premium plugin v23.9 (Yoast SEO v26.6) - https:\/\/yoast.com\/wordpress\/plugins\/seo\/ -->\n<title>The National confirm new album, world tour and premiere the first single - Indie\u00f3filo<\/title>\n<meta name=\"description\" content=\"The National\u00a0has confirmed today that the seventh album of their career, &quot;Sleep Well Beast&quot;, will go on sale next September 8.\" \/>\n<meta name=\"robots\" content=\"index, follow, max-snippet:-1, max-image-preview:large, max-video-preview:-1\" \/>\n<link rel=\"canonical\" href=\"https:\/\/www.indieofilo.com\/en\/news\/the-national-confirm-new-album-world-tour-and-premiere-the-first-single\" \/>\n<meta property=\"og:locale\" content=\"en_US\" \/>\n<meta property=\"og:type\" content=\"article\" \/>\n<meta property=\"og:title\" content=\"The National confirm new album, world tour and premiere the first single\" \/>\n<meta property=\"og:description\" content=\"The National\u00a0has confirmed today that the seventh album of their career, &quot;Sleep Well Beast&quot;, will go on sale next September 8.\" \/>\n<meta property=\"og:url\" content=\"https:\/\/www.indieofilo.com\/en\/news\/the-national-confirm-new-album-world-tour-and-premiere-the-first-single\" \/>\n<meta property=\"og:site_name\" content=\"Indie\u00f3filo\" \/>\n<meta property=\"article:publisher\" content=\"https:\/\/www.facebook.com\/Indieofilo\/\" \/>\n<meta property=\"article:published_time\" content=\"2017-05-11T13:28:58+00:00\" \/>\n<meta property=\"article:modified_time\" content=\"2023-09-02T14:34:39+00:00\" \/>\n<meta property=\"og:image\" content=\"https:\/\/www.indieofilo.com\/wp-content\/uploads\/2017\/05\/the-national-confirm-new-album-w.jpg\" \/>\n\t<meta property=\"og:image:width\" content=\"1280\" \/>\n\t<meta property=\"og:image:height\" content=\"720\" \/>\n\t<meta property=\"og:image:type\" content=\"image\/jpeg\" \/>\n<meta name=\"author\" content=\"Victor\" \/>\n<meta name=\"twitter:card\" content=\"summary_large_image\" \/>\n<meta name=\"twitter:creator\" content=\"@indieofilo\" \/>\n<meta name=\"twitter:site\" content=\"@indieofilo\" \/>\n<meta name=\"twitter:label1\" content=\"Written by\" \/>\n\t<meta name=\"twitter:data1\" content=\"Victor\" \/>\n\t<meta name=\"twitter:label2\" content=\"Est. reading time\" \/>\n\t<meta name=\"twitter:data2\" content=\"2 minutes\" \/>\n<script type=\"application\/ld+json\" class=\"yoast-schema-graph\">{\"@context\":\"https:\/\/schema.org\",\"@graph\":[{\"@type\":\"Article\",\"@id\":\"https:\/\/www.indieofilo.com\/en\/news\/the-national-confirm-new-album-world-tour-and-premiere-the-first-single#article\",\"isPartOf\":{\"@id\":\"https:\/\/www.indieofilo.com\/en\/news\/the-national-confirm-new-album-world-tour-and-premiere-the-first-single\"},\"author\":{\"name\":\"Victor\",\"@id\":\"https:\/\/www.indieofilo.com\/#\/schema\/person\/595334d38590e4ce5a09f83cbf2fca90\"},\"headline\":\"The National confirm new album, world tour and premiere the first single\",\"datePublished\":\"2017-05-11T13:28:58+00:00\",\"dateModified\":\"2023-09-02T14:34:39+00:00\",\"mainEntityOfPage\":{\"@id\":\"https:\/\/www.indieofilo.com\/en\/news\/the-national-confirm-new-album-world-tour-and-premiere-the-first-single\"},\"wordCount\":356,\"commentCount\":0,\"publisher\":{\"@id\":\"https:\/\/www.indieofilo.com\/#organization\"},\"image\":{\"@id\":\"https:\/\/www.indieofilo.com\/en\/news\/the-national-confirm-new-album-world-tour-and-premiere-the-first-single#primaryimage\"},\"thumbnailUrl\":\"https:\/\/www.indieofilo.com\/wp-content\/uploads\/2017\/05\/the-national-confirm-new-album-w.jpg\",\"keywords\":[\"The National\"],\"articleSection\":[\"Music\",\"News\"],\"inLanguage\":\"en-US\",\"potentialAction\":[{\"@type\":\"CommentAction\",\"name\":\"Comment\",\"target\":[\"https:\/\/www.indieofilo.com\/en\/news\/the-national-confirm-new-album-world-tour-and-premiere-the-first-single#respond\"]}]},{\"@type\":\"WebPage\",\"@id\":\"https:\/\/www.indieofilo.com\/en\/news\/the-national-confirm-new-album-world-tour-and-premiere-the-first-single\",\"url\":\"https:\/\/www.indieofilo.com\/en\/news\/the-national-confirm-new-album-world-tour-and-premiere-the-first-single\",\"name\":\"The National confirm new album, world tour and premiere the first single - Indie\u00f3filo\",\"isPartOf\":{\"@id\":\"https:\/\/www.indieofilo.com\/#website\"},\"primaryImageOfPage\":{\"@id\":\"https:\/\/www.indieofilo.com\/en\/news\/the-national-confirm-new-album-world-tour-and-premiere-the-first-single#primaryimage\"},\"image\":{\"@id\":\"https:\/\/www.indieofilo.com\/en\/news\/the-national-confirm-new-album-world-tour-and-premiere-the-first-single#primaryimage\"},\"thumbnailUrl\":\"https:\/\/www.indieofilo.com\/wp-content\/uploads\/2017\/05\/the-national-confirm-new-album-w.jpg\",\"datePublished\":\"2017-05-11T13:28:58+00:00\",\"dateModified\":\"2023-09-02T14:34:39+00:00\",\"description\":\"The National\u00a0has confirmed today that the seventh album of their career, \\\"Sleep Well Beast\\\", will go on sale next September 8.\",\"breadcrumb\":{\"@id\":\"https:\/\/www.indieofilo.com\/en\/news\/the-national-confirm-new-album-world-tour-and-premiere-the-first-single#breadcrumb\"},\"inLanguage\":\"en-US\",\"potentialAction\":[{\"@type\":\"ReadAction\",\"target\":[\"https:\/\/www.indieofilo.com\/en\/news\/the-national-confirm-new-album-world-tour-and-premiere-the-first-single\"]}]},{\"@type\":\"ImageObject\",\"inLanguage\":\"en-US\",\"@id\":\"https:\/\/www.indieofilo.com\/en\/news\/the-national-confirm-new-album-world-tour-and-premiere-the-first-single#primaryimage\",\"url\":\"https:\/\/www.indieofilo.com\/wp-content\/uploads\/2017\/05\/the-national-confirm-new-album-w.jpg\",\"contentUrl\":\"https:\/\/www.indieofilo.com\/wp-content\/uploads\/2017\/05\/the-national-confirm-new-album-w.jpg\",\"width\":1280,\"height\":720},{\"@type\":\"BreadcrumbList\",\"@id\":\"https:\/\/www.indieofilo.com\/en\/news\/the-national-confirm-new-album-world-tour-and-premiere-the-first-single#breadcrumb\",\"itemListElement\":[{\"@type\":\"ListItem\",\"position\":1,\"name\":\"Portada\",\"item\":\"https:\/\/www.indieofilo.com\/en\"},{\"@type\":\"ListItem\",\"position\":2,\"name\":\"The National confirm new album, world tour and premiere the first single\"}]},{\"@type\":\"WebSite\",\"@id\":\"https:\/\/www.indieofilo.com\/#website\",\"url\":\"https:\/\/www.indieofilo.com\/\",\"name\":\"Indie\u00f3filo\",\"description\":\"Magazine online de la cultura independiente\",\"publisher\":{\"@id\":\"https:\/\/www.indieofilo.com\/#organization\"},\"potentialAction\":[{\"@type\":\"SearchAction\",\"target\":{\"@type\":\"EntryPoint\",\"urlTemplate\":\"https:\/\/www.indieofilo.com\/?s={search_term_string}\"},\"query-input\":{\"@type\":\"PropertyValueSpecification\",\"valueRequired\":true,\"valueName\":\"search_term_string\"}}],\"inLanguage\":\"en-US\"},{\"@type\":\"Organization\",\"@id\":\"https:\/\/www.indieofilo.com\/#organization\",\"name\":\"Indie\u00f3filo Web\",\"url\":\"https:\/\/www.indieofilo.com\/\",\"logo\":{\"@type\":\"ImageObject\",\"inLanguage\":\"en-US\",\"@id\":\"https:\/\/www.indieofilo.com\/#\/schema\/logo\/image\/\",\"url\":\"https:\/\/www.indieofilo.com\/wp-content\/uploads\/2015\/02\/logo-alta-resolucion.png\",\"contentUrl\":\"https:\/\/www.indieofilo.com\/wp-content\/uploads\/2015\/02\/logo-alta-resolucion.png\",\"width\":544,\"height\":185,\"caption\":\"Indie\u00f3filo Web\"},\"image\":{\"@id\":\"https:\/\/www.indieofilo.com\/#\/schema\/logo\/image\/\"},\"sameAs\":[\"https:\/\/www.facebook.com\/Indieofilo\/\",\"https:\/\/x.com\/indieofilo\",\"https:\/\/www.instagram.com\/indieofilo\/\"]},{\"@type\":\"Person\",\"@id\":\"https:\/\/www.indieofilo.com\/#\/schema\/person\/595334d38590e4ce5a09f83cbf2fca90\",\"name\":\"Victor\",\"image\":{\"@type\":\"ImageObject\",\"inLanguage\":\"en-US\",\"@id\":\"https:\/\/www.indieofilo.com\/#\/schema\/person\/image\/\",\"url\":\"https:\/\/secure.gravatar.com\/avatar\/682b8c6ea3e94b6cffec683b25f1797d?s=96&d=mm&r=g\",\"contentUrl\":\"https:\/\/secure.gravatar.com\/avatar\/682b8c6ea3e94b6cffec683b25f1797d?s=96&d=mm&r=g\",\"caption\":\"Victor\"},\"description\":\"Fan\u00e1tico de la m\u00fasica desde que mis padres me pon\u00edan a Eydie Gorme y Los Panchos o el Discotuna por la A2. Intent\u00e9 tocar varios instrumentos, pero soy muy torpe con la mano izquierda, as\u00ed que ya sab\u00e9is el resultado final. Fan del britpop, Post-punk, el rugby y el baloncesto...\",\"sameAs\":[\"http:\/\/indieofilo.com\"],\"url\":\"https:\/\/www.indieofilo.com\/en\/author\/victor\"}]}<\/script>\n<!-- \/ Yoast SEO Premium plugin. -->","yoast_head_json":{"title":"The National confirm new album, world tour and premiere the first single - Indie\u00f3filo","description":"The National\u00a0has confirmed today that the seventh album of their career, \"Sleep Well Beast\", will go on sale next September 8.","robots":{"index":"index","follow":"follow","max-snippet":"max-snippet:-1","max-image-preview":"max-image-preview:large","max-video-preview":"max-video-preview:-1"},"canonical":"https:\/\/www.indieofilo.com\/en\/news\/the-national-confirm-new-album-world-tour-and-premiere-the-first-single","og_locale":"en_US","og_type":"article","og_title":"The National confirm new album, world tour and premiere the first single","og_description":"The National\u00a0has confirmed today that the seventh album of their career, \"Sleep Well Beast\", will go on sale next September 8.","og_url":"https:\/\/www.indieofilo.com\/en\/news\/the-national-confirm-new-album-world-tour-and-premiere-the-first-single","og_site_name":"Indie\u00f3filo","article_publisher":"https:\/\/www.facebook.com\/Indieofilo\/","article_published_time":"2017-05-11T13:28:58+00:00","article_modified_time":"2023-09-02T14:34:39+00:00","og_image":[{"width":1280,"height":720,"url":"https:\/\/www.indieofilo.com\/wp-content\/uploads\/2017\/05\/the-national-confirm-new-album-w.jpg","type":"image\/jpeg"}],"author":"Victor","twitter_card":"summary_large_image","twitter_creator":"@indieofilo","twitter_site":"@indieofilo","twitter_misc":{"Written by":"Victor","Est. reading time":"2 minutes"},"schema":{"@context":"https:\/\/schema.org","@graph":[{"@type":"Article","@id":"https:\/\/www.indieofilo.com\/en\/news\/the-national-confirm-new-album-world-tour-and-premiere-the-first-single#article","isPartOf":{"@id":"https:\/\/www.indieofilo.com\/en\/news\/the-national-confirm-new-album-world-tour-and-premiere-the-first-single"},"author":{"name":"Victor","@id":"https:\/\/www.indieofilo.com\/#\/schema\/person\/595334d38590e4ce5a09f83cbf2fca90"},"headline":"The National confirm new album, world tour and premiere the first single","datePublished":"2017-05-11T13:28:58+00:00","dateModified":"2023-09-02T14:34:39+00:00","mainEntityOfPage":{"@id":"https:\/\/www.indieofilo.com\/en\/news\/the-national-confirm-new-album-world-tour-and-premiere-the-first-single"},"wordCount":356,"commentCount":0,"publisher":{"@id":"https:\/\/www.indieofilo.com\/#organization"},"image":{"@id":"https:\/\/www.indieofilo.com\/en\/news\/the-national-confirm-new-album-world-tour-and-premiere-the-first-single#primaryimage"},"thumbnailUrl":"https:\/\/www.indieofilo.com\/wp-content\/uploads\/2017\/05\/the-national-confirm-new-album-w.jpg","keywords":["The National"],"articleSection":["Music","News"],"inLanguage":"en-US","potentialAction":[{"@type":"CommentAction","name":"Comment","target":["https:\/\/www.indieofilo.com\/en\/news\/the-national-confirm-new-album-world-tour-and-premiere-the-first-single#respond"]}]},{"@type":"WebPage","@id":"https:\/\/www.indieofilo.com\/en\/news\/the-national-confirm-new-album-world-tour-and-premiere-the-first-single","url":"https:\/\/www.indieofilo.com\/en\/news\/the-national-confirm-new-album-world-tour-and-premiere-the-first-single","name":"The National confirm new album, world tour and premiere the first single - Indie\u00f3filo","isPartOf":{"@id":"https:\/\/www.indieofilo.com\/#website"},"primaryImageOfPage":{"@id":"https:\/\/www.indieofilo.com\/en\/news\/the-national-confirm-new-album-world-tour-and-premiere-the-first-single#primaryimage"},"image":{"@id":"https:\/\/www.indieofilo.com\/en\/news\/the-national-confirm-new-album-world-tour-and-premiere-the-first-single#primaryimage"},"thumbnailUrl":"https:\/\/www.indieofilo.com\/wp-content\/uploads\/2017\/05\/the-national-confirm-new-album-w.jpg","datePublished":"2017-05-11T13:28:58+00:00","dateModified":"2023-09-02T14:34:39+00:00","description":"The National\u00a0has confirmed today that the seventh album of their career, \"Sleep Well Beast\", will go on sale next September 8.","breadcrumb":{"@id":"https:\/\/www.indieofilo.com\/en\/news\/the-national-confirm-new-album-world-tour-and-premiere-the-first-single#breadcrumb"},"inLanguage":"en-US","potentialAction":[{"@type":"ReadAction","target":["https:\/\/www.indieofilo.com\/en\/news\/the-national-confirm-new-album-world-tour-and-premiere-the-first-single"]}]},{"@type":"ImageObject","inLanguage":"en-US","@id":"https:\/\/www.indieofilo.com\/en\/news\/the-national-confirm-new-album-world-tour-and-premiere-the-first-single#primaryimage","url":"https:\/\/www.indieofilo.com\/wp-content\/uploads\/2017\/05\/the-national-confirm-new-album-w.jpg","contentUrl":"https:\/\/www.indieofilo.com\/wp-content\/uploads\/2017\/05\/the-national-confirm-new-album-w.jpg","width":1280,"height":720},{"@type":"BreadcrumbList","@id":"https:\/\/www.indieofilo.com\/en\/news\/the-national-confirm-new-album-world-tour-and-premiere-the-first-single#breadcrumb","itemListElement":[{"@type":"ListItem","position":1,"name":"Portada","item":"https:\/\/www.indieofilo.com\/en"},{"@type":"ListItem","position":2,"name":"The National confirm new album, world tour and premiere the first single"}]},{"@type":"WebSite","@id":"https:\/\/www.indieofilo.com\/#website","url":"https:\/\/www.indieofilo.com\/","name":"Indie\u00f3filo","description":"Magazine online de la cultura independiente","publisher":{"@id":"https:\/\/www.indieofilo.com\/#organization"},"potentialAction":[{"@type":"SearchAction","target":{"@type":"EntryPoint","urlTemplate":"https:\/\/www.indieofilo.com\/?s={search_term_string}"},"query-input":{"@type":"PropertyValueSpecification","valueRequired":true,"valueName":"search_term_string"}}],"inLanguage":"en-US"},{"@type":"Organization","@id":"https:\/\/www.indieofilo.com\/#organization","name":"Indie\u00f3filo Web","url":"https:\/\/www.indieofilo.com\/","logo":{"@type":"ImageObject","inLanguage":"en-US","@id":"https:\/\/www.indieofilo.com\/#\/schema\/logo\/image\/","url":"https:\/\/www.indieofilo.com\/wp-content\/uploads\/2015\/02\/logo-alta-resolucion.png","contentUrl":"https:\/\/www.indieofilo.com\/wp-content\/uploads\/2015\/02\/logo-alta-resolucion.png","width":544,"height":185,"caption":"Indie\u00f3filo Web"},"image":{"@id":"https:\/\/www.indieofilo.com\/#\/schema\/logo\/image\/"},"sameAs":["https:\/\/www.facebook.com\/Indieofilo\/","https:\/\/x.com\/indieofilo","https:\/\/www.instagram.com\/indieofilo\/"]},{"@type":"Person","@id":"https:\/\/www.indieofilo.com\/#\/schema\/person\/595334d38590e4ce5a09f83cbf2fca90","name":"Victor","image":{"@type":"ImageObject","inLanguage":"en-US","@id":"https:\/\/www.indieofilo.com\/#\/schema\/person\/image\/","url":"https:\/\/secure.gravatar.com\/avatar\/682b8c6ea3e94b6cffec683b25f1797d?s=96&d=mm&r=g","contentUrl":"https:\/\/secure.gravatar.com\/avatar\/682b8c6ea3e94b6cffec683b25f1797d?s=96&d=mm&r=g","caption":"Victor"},"description":"Fan\u00e1tico de la m\u00fasica desde que mis padres me pon\u00edan a Eydie Gorme y Los Panchos o el Discotuna por la A2. Intent\u00e9 tocar varios instrumentos, pero soy muy torpe con la mano izquierda, as\u00ed que ya sab\u00e9is el resultado final. Fan del britpop, Post-punk, el rugby y el baloncesto...","sameAs":["http:\/\/indieofilo.com"],"url":"https:\/\/www.indieofilo.com\/en\/author\/victor"}]}},"_links":{"self":[{"href":"https:\/\/www.indieofilo.com\/en\/wp-json\/wp\/v2\/posts\/9315","targetHints":{"allow":["GET"]}}],"collection":[{"href":"https:\/\/www.indieofilo.com\/en\/wp-json\/wp\/v2\/posts"}],"about":[{"href":"https:\/\/www.indieofilo.com\/en\/wp-json\/wp\/v2\/types\/post"}],"author":[{"embeddable":true,"href":"https:\/\/www.indieofilo.com\/en\/wp-json\/wp\/v2\/users\/1"}],"replies":[{"embeddable":true,"href":"https:\/\/www.indieofilo.com\/en\/wp-json\/wp\/v2\/comments?post=9315"}],"version-history":[{"count":0,"href":"https:\/\/www.indieofilo.com\/en\/wp-json\/wp\/v2\/posts\/9315\/revisions"}],"wp:featuredmedia":[{"embeddable":true,"href":"https:\/\/www.indieofilo.com\/en\/wp-json\/wp\/v2\/media\/9317"}],"wp:attachment":[{"href":"https:\/\/www.indieofilo.com\/en\/wp-json\/wp\/v2\/media?parent=9315"}],"wp:term":[{"taxonomy":"category","embeddable":true,"href":"https:\/\/www.indieofilo.com\/en\/wp-json\/wp\/v2\/categories?post=9315"},{"taxonomy":"post_tag","embeddable":true,"href":"https:\/\/www.indieofilo.com\/en\/wp-json\/wp\/v2\/tags?post=9315"}],"curies":[{"name":"wp","href":"https:\/\/api.w.org\/{rel}","templated":true}]}}