{"id":9223,"date":"2017-05-05T21:10:03","date_gmt":"2017-05-05T19:10:03","guid":{"rendered":"http:\/\/indieofilo.com\/?p=9223"},"modified":"2023-09-02T16:46:33","modified_gmt":"2023-09-02T14:46:33","slug":"listen-to-at-the-drive-ins-new-album","status":"publish","type":"post","link":"https:\/\/www.indieofilo.com\/en\/news\/listen-to-at-the-drive-ins-new-album","title":{"rendered":"Listen to At the Drive-In&#8217;s new Album"},"content":{"rendered":"<p style=\"text-align: justify;\">\n\t<img fetchpriority=\"high\" decoding=\"async\" alt=\"interalia - at the drive-in\" class=\"aligncenter size-full wp-image-9221\" height=\"500\" src=\"http:\/\/indieofilo.com\/wp-content\/uploads\/2017\/05\/in-ter-a-li-a-at-the-drive-in.jpg\" width=\"500\" srcset=\"https:\/\/www.indieofilo.com\/wp-content\/uploads\/2017\/05\/in-ter-a-li-a-at-the-drive-in.jpg 500w, https:\/\/www.indieofilo.com\/wp-content\/uploads\/2017\/05\/in-ter-a-li-a-at-the-drive-in-300x300.jpg 300w, https:\/\/www.indieofilo.com\/wp-content\/uploads\/2017\/05\/in-ter-a-li-a-at-the-drive-in-150x150.jpg 150w\" sizes=\"(max-width: 500px) 100vw, 500px\" \/><\/p>\n<p style=\"text-align: justify;\">\n\tAfter years of rumors and news about it, we can finally listen the new album from <strong>At The Drive-In<\/strong>. 17 years after <em>Relationship of Command<\/em> (2000) arrives <em>In&bull;ter&bull;li&bull;a<\/em> (2017), the fourth album of the &nbsp;discography of the Americans which marks also the debut of the new guitarist <strong>Keeley Davis<\/strong> after the departure of founder <strong>Jim Ward<\/strong>. The album contains eleven tracks that have been produced by <strong>Omar Rodr&iacute;guez-L&oacute;pez<\/strong> along with <strong>Rich Costey<\/strong>, famous for working with bands such as <strong>Muse<\/strong> or <strong>Franz Ferdinand<\/strong>. Without further delay, we let you enjoy the long-time awaited return..<\/p>\n<p style=\"text-align: justify;\">\n\t<iframe allowtransparency=\"true\" frameborder=\"0\" height=\"300\" src=\"https:\/\/open.spotify.com\/embed\/album\/3Ka6oBfQ6rdAvQ1kK9KYvX\" width=\"100%\"><\/iframe><\/p>\n","protected":false},"excerpt":{"rendered":"<p>After years of rumors and news about it, we can finally listen the new album from At The Drive-In. 17 years after Relationship of Command (2000) arrives In&bull;ter&bull;li&bull;a (2017), the fourth album of the &nbsp;discography of the Americans which marks also the debut of the new guitarist Keeley Davis after the departure of founder Jim [&hellip;]<\/p>\n","protected":false},"author":1,"featured_media":20964,"comment_status":"open","ping_status":"closed","sticky":false,"template":"","format":"standard","meta":{"footnotes":""},"categories":[8,20],"tags":[5532],"class_list":["post-9223","post","type-post","status-publish","format-standard","has-post-thumbnail","hentry","category-news","category-streaming-en","tag-at-the-drive-in-en"],"yoast_head":"<!-- This site is optimized with the Yoast SEO Premium plugin v23.9 (Yoast SEO v26.6) - https:\/\/yoast.com\/wordpress\/plugins\/seo\/ -->\n<title>Listen to At the Drive-In&#039;s new Album - Indie\u00f3filo<\/title>\n<meta name=\"description\" content=\"After years of rumors and news about it, we can finally listen, In\u2022ter\u2022li\u2022a, the new album from At The Drive-In that contains 11 tracks.\" \/>\n<meta name=\"robots\" content=\"index, follow, max-snippet:-1, max-image-preview:large, max-video-preview:-1\" \/>\n<link rel=\"canonical\" href=\"https:\/\/www.indieofilo.com\/en\/news\/listen-to-at-the-drive-ins-new-album\" \/>\n<meta property=\"og:locale\" content=\"en_US\" \/>\n<meta property=\"og:type\" content=\"article\" \/>\n<meta property=\"og:title\" content=\"Listen to At the Drive-In&#039;s new Album\" \/>\n<meta property=\"og:description\" content=\"After years of rumors and news about it, we can finally listen, In\u2022ter\u2022li\u2022a, the new album from At The Drive-In that contains 11 tracks.\" \/>\n<meta property=\"og:url\" content=\"https:\/\/www.indieofilo.com\/en\/news\/listen-to-at-the-drive-ins-new-album\" \/>\n<meta property=\"og:site_name\" content=\"Indie\u00f3filo\" \/>\n<meta property=\"article:publisher\" content=\"https:\/\/www.facebook.com\/Indieofilo\/\" \/>\n<meta property=\"article:published_time\" content=\"2017-05-05T19:10:03+00:00\" \/>\n<meta property=\"article:modified_time\" content=\"2023-09-02T14:46:33+00:00\" \/>\n<meta property=\"og:image\" content=\"https:\/\/www.indieofilo.com\/wp-content\/uploads\/2017\/05\/in-ter-a-li-a-at-the-drive-in.jpg\" \/>\n\t<meta property=\"og:image:width\" content=\"500\" \/>\n\t<meta property=\"og:image:height\" content=\"500\" \/>\n\t<meta property=\"og:image:type\" content=\"image\/jpeg\" \/>\n<meta name=\"author\" content=\"Victor\" \/>\n<meta name=\"twitter:card\" content=\"summary_large_image\" \/>\n<meta name=\"twitter:creator\" content=\"@indieofilo\" \/>\n<meta name=\"twitter:site\" content=\"@indieofilo\" \/>\n<meta name=\"twitter:label1\" content=\"Written by\" \/>\n\t<meta name=\"twitter:data1\" content=\"Victor\" \/>\n\t<meta name=\"twitter:label2\" content=\"Est. reading time\" \/>\n\t<meta name=\"twitter:data2\" content=\"1 minute\" \/>\n<script type=\"application\/ld+json\" class=\"yoast-schema-graph\">{\"@context\":\"https:\/\/schema.org\",\"@graph\":[{\"@type\":\"Article\",\"@id\":\"https:\/\/www.indieofilo.com\/en\/news\/listen-to-at-the-drive-ins-new-album#article\",\"isPartOf\":{\"@id\":\"https:\/\/www.indieofilo.com\/en\/news\/listen-to-at-the-drive-ins-new-album\"},\"author\":{\"name\":\"Victor\",\"@id\":\"https:\/\/www.indieofilo.com\/#\/schema\/person\/595334d38590e4ce5a09f83cbf2fca90\"},\"headline\":\"Listen to At the Drive-In&#8217;s new Album\",\"datePublished\":\"2017-05-05T19:10:03+00:00\",\"dateModified\":\"2023-09-02T14:46:33+00:00\",\"mainEntityOfPage\":{\"@id\":\"https:\/\/www.indieofilo.com\/en\/news\/listen-to-at-the-drive-ins-new-album\"},\"wordCount\":109,\"commentCount\":0,\"publisher\":{\"@id\":\"https:\/\/www.indieofilo.com\/#organization\"},\"image\":{\"@id\":\"https:\/\/www.indieofilo.com\/en\/news\/listen-to-at-the-drive-ins-new-album#primaryimage\"},\"thumbnailUrl\":\"https:\/\/www.indieofilo.com\/wp-content\/uploads\/2017\/05\/in-ter-a-li-a-at-the-drive-in.jpg\",\"keywords\":[\"At the Drive-In\"],\"articleSection\":[\"News\",\"Streaming\"],\"inLanguage\":\"en-US\",\"potentialAction\":[{\"@type\":\"CommentAction\",\"name\":\"Comment\",\"target\":[\"https:\/\/www.indieofilo.com\/en\/news\/listen-to-at-the-drive-ins-new-album#respond\"]}]},{\"@type\":\"WebPage\",\"@id\":\"https:\/\/www.indieofilo.com\/en\/news\/listen-to-at-the-drive-ins-new-album\",\"url\":\"https:\/\/www.indieofilo.com\/en\/news\/listen-to-at-the-drive-ins-new-album\",\"name\":\"Listen to At the Drive-In's new Album - Indie\u00f3filo\",\"isPartOf\":{\"@id\":\"https:\/\/www.indieofilo.com\/#website\"},\"primaryImageOfPage\":{\"@id\":\"https:\/\/www.indieofilo.com\/en\/news\/listen-to-at-the-drive-ins-new-album#primaryimage\"},\"image\":{\"@id\":\"https:\/\/www.indieofilo.com\/en\/news\/listen-to-at-the-drive-ins-new-album#primaryimage\"},\"thumbnailUrl\":\"https:\/\/www.indieofilo.com\/wp-content\/uploads\/2017\/05\/in-ter-a-li-a-at-the-drive-in.jpg\",\"datePublished\":\"2017-05-05T19:10:03+00:00\",\"dateModified\":\"2023-09-02T14:46:33+00:00\",\"description\":\"After years of rumors and news about it, we can finally listen, In\u2022ter\u2022li\u2022a, the new album from At The Drive-In that contains 11 tracks.\",\"breadcrumb\":{\"@id\":\"https:\/\/www.indieofilo.com\/en\/news\/listen-to-at-the-drive-ins-new-album#breadcrumb\"},\"inLanguage\":\"en-US\",\"potentialAction\":[{\"@type\":\"ReadAction\",\"target\":[\"https:\/\/www.indieofilo.com\/en\/news\/listen-to-at-the-drive-ins-new-album\"]}]},{\"@type\":\"ImageObject\",\"inLanguage\":\"en-US\",\"@id\":\"https:\/\/www.indieofilo.com\/en\/news\/listen-to-at-the-drive-ins-new-album#primaryimage\",\"url\":\"https:\/\/www.indieofilo.com\/wp-content\/uploads\/2017\/05\/in-ter-a-li-a-at-the-drive-in.jpg\",\"contentUrl\":\"https:\/\/www.indieofilo.com\/wp-content\/uploads\/2017\/05\/in-ter-a-li-a-at-the-drive-in.jpg\",\"width\":500,\"height\":500},{\"@type\":\"BreadcrumbList\",\"@id\":\"https:\/\/www.indieofilo.com\/en\/news\/listen-to-at-the-drive-ins-new-album#breadcrumb\",\"itemListElement\":[{\"@type\":\"ListItem\",\"position\":1,\"name\":\"Portada\",\"item\":\"https:\/\/www.indieofilo.com\/en\"},{\"@type\":\"ListItem\",\"position\":2,\"name\":\"Listen to At the Drive-In&#8217;s new Album\"}]},{\"@type\":\"WebSite\",\"@id\":\"https:\/\/www.indieofilo.com\/#website\",\"url\":\"https:\/\/www.indieofilo.com\/\",\"name\":\"Indie\u00f3filo\",\"description\":\"Magazine online de la cultura independiente\",\"publisher\":{\"@id\":\"https:\/\/www.indieofilo.com\/#organization\"},\"potentialAction\":[{\"@type\":\"SearchAction\",\"target\":{\"@type\":\"EntryPoint\",\"urlTemplate\":\"https:\/\/www.indieofilo.com\/?s={search_term_string}\"},\"query-input\":{\"@type\":\"PropertyValueSpecification\",\"valueRequired\":true,\"valueName\":\"search_term_string\"}}],\"inLanguage\":\"en-US\"},{\"@type\":\"Organization\",\"@id\":\"https:\/\/www.indieofilo.com\/#organization\",\"name\":\"Indie\u00f3filo Web\",\"url\":\"https:\/\/www.indieofilo.com\/\",\"logo\":{\"@type\":\"ImageObject\",\"inLanguage\":\"en-US\",\"@id\":\"https:\/\/www.indieofilo.com\/#\/schema\/logo\/image\/\",\"url\":\"https:\/\/www.indieofilo.com\/wp-content\/uploads\/2015\/02\/logo-alta-resolucion.png\",\"contentUrl\":\"https:\/\/www.indieofilo.com\/wp-content\/uploads\/2015\/02\/logo-alta-resolucion.png\",\"width\":544,\"height\":185,\"caption\":\"Indie\u00f3filo Web\"},\"image\":{\"@id\":\"https:\/\/www.indieofilo.com\/#\/schema\/logo\/image\/\"},\"sameAs\":[\"https:\/\/www.facebook.com\/Indieofilo\/\",\"https:\/\/x.com\/indieofilo\",\"https:\/\/www.instagram.com\/indieofilo\/\"]},{\"@type\":\"Person\",\"@id\":\"https:\/\/www.indieofilo.com\/#\/schema\/person\/595334d38590e4ce5a09f83cbf2fca90\",\"name\":\"Victor\",\"image\":{\"@type\":\"ImageObject\",\"inLanguage\":\"en-US\",\"@id\":\"https:\/\/www.indieofilo.com\/#\/schema\/person\/image\/\",\"url\":\"https:\/\/secure.gravatar.com\/avatar\/682b8c6ea3e94b6cffec683b25f1797d?s=96&d=mm&r=g\",\"contentUrl\":\"https:\/\/secure.gravatar.com\/avatar\/682b8c6ea3e94b6cffec683b25f1797d?s=96&d=mm&r=g\",\"caption\":\"Victor\"},\"description\":\"Fan\u00e1tico de la m\u00fasica desde que mis padres me pon\u00edan a Eydie Gorme y Los Panchos o el Discotuna por la A2. Intent\u00e9 tocar varios instrumentos, pero soy muy torpe con la mano izquierda, as\u00ed que ya sab\u00e9is el resultado final. Fan del britpop, Post-punk, el rugby y el baloncesto...\",\"sameAs\":[\"http:\/\/indieofilo.com\"],\"url\":\"https:\/\/www.indieofilo.com\/en\/author\/victor\"}]}<\/script>\n<!-- \/ Yoast SEO Premium plugin. -->","yoast_head_json":{"title":"Listen to At the Drive-In's new Album - Indie\u00f3filo","description":"After years of rumors and news about it, we can finally listen, In\u2022ter\u2022li\u2022a, the new album from At The Drive-In that contains 11 tracks.","robots":{"index":"index","follow":"follow","max-snippet":"max-snippet:-1","max-image-preview":"max-image-preview:large","max-video-preview":"max-video-preview:-1"},"canonical":"https:\/\/www.indieofilo.com\/en\/news\/listen-to-at-the-drive-ins-new-album","og_locale":"en_US","og_type":"article","og_title":"Listen to At the Drive-In's new Album","og_description":"After years of rumors and news about it, we can finally listen, In\u2022ter\u2022li\u2022a, the new album from At The Drive-In that contains 11 tracks.","og_url":"https:\/\/www.indieofilo.com\/en\/news\/listen-to-at-the-drive-ins-new-album","og_site_name":"Indie\u00f3filo","article_publisher":"https:\/\/www.facebook.com\/Indieofilo\/","article_published_time":"2017-05-05T19:10:03+00:00","article_modified_time":"2023-09-02T14:46:33+00:00","og_image":[{"width":500,"height":500,"url":"https:\/\/www.indieofilo.com\/wp-content\/uploads\/2017\/05\/in-ter-a-li-a-at-the-drive-in.jpg","type":"image\/jpeg"}],"author":"Victor","twitter_card":"summary_large_image","twitter_creator":"@indieofilo","twitter_site":"@indieofilo","twitter_misc":{"Written by":"Victor","Est. reading time":"1 minute"},"schema":{"@context":"https:\/\/schema.org","@graph":[{"@type":"Article","@id":"https:\/\/www.indieofilo.com\/en\/news\/listen-to-at-the-drive-ins-new-album#article","isPartOf":{"@id":"https:\/\/www.indieofilo.com\/en\/news\/listen-to-at-the-drive-ins-new-album"},"author":{"name":"Victor","@id":"https:\/\/www.indieofilo.com\/#\/schema\/person\/595334d38590e4ce5a09f83cbf2fca90"},"headline":"Listen to At the Drive-In&#8217;s new Album","datePublished":"2017-05-05T19:10:03+00:00","dateModified":"2023-09-02T14:46:33+00:00","mainEntityOfPage":{"@id":"https:\/\/www.indieofilo.com\/en\/news\/listen-to-at-the-drive-ins-new-album"},"wordCount":109,"commentCount":0,"publisher":{"@id":"https:\/\/www.indieofilo.com\/#organization"},"image":{"@id":"https:\/\/www.indieofilo.com\/en\/news\/listen-to-at-the-drive-ins-new-album#primaryimage"},"thumbnailUrl":"https:\/\/www.indieofilo.com\/wp-content\/uploads\/2017\/05\/in-ter-a-li-a-at-the-drive-in.jpg","keywords":["At the Drive-In"],"articleSection":["News","Streaming"],"inLanguage":"en-US","potentialAction":[{"@type":"CommentAction","name":"Comment","target":["https:\/\/www.indieofilo.com\/en\/news\/listen-to-at-the-drive-ins-new-album#respond"]}]},{"@type":"WebPage","@id":"https:\/\/www.indieofilo.com\/en\/news\/listen-to-at-the-drive-ins-new-album","url":"https:\/\/www.indieofilo.com\/en\/news\/listen-to-at-the-drive-ins-new-album","name":"Listen to At the Drive-In's new Album - Indie\u00f3filo","isPartOf":{"@id":"https:\/\/www.indieofilo.com\/#website"},"primaryImageOfPage":{"@id":"https:\/\/www.indieofilo.com\/en\/news\/listen-to-at-the-drive-ins-new-album#primaryimage"},"image":{"@id":"https:\/\/www.indieofilo.com\/en\/news\/listen-to-at-the-drive-ins-new-album#primaryimage"},"thumbnailUrl":"https:\/\/www.indieofilo.com\/wp-content\/uploads\/2017\/05\/in-ter-a-li-a-at-the-drive-in.jpg","datePublished":"2017-05-05T19:10:03+00:00","dateModified":"2023-09-02T14:46:33+00:00","description":"After years of rumors and news about it, we can finally listen, In\u2022ter\u2022li\u2022a, the new album from At The Drive-In that contains 11 tracks.","breadcrumb":{"@id":"https:\/\/www.indieofilo.com\/en\/news\/listen-to-at-the-drive-ins-new-album#breadcrumb"},"inLanguage":"en-US","potentialAction":[{"@type":"ReadAction","target":["https:\/\/www.indieofilo.com\/en\/news\/listen-to-at-the-drive-ins-new-album"]}]},{"@type":"ImageObject","inLanguage":"en-US","@id":"https:\/\/www.indieofilo.com\/en\/news\/listen-to-at-the-drive-ins-new-album#primaryimage","url":"https:\/\/www.indieofilo.com\/wp-content\/uploads\/2017\/05\/in-ter-a-li-a-at-the-drive-in.jpg","contentUrl":"https:\/\/www.indieofilo.com\/wp-content\/uploads\/2017\/05\/in-ter-a-li-a-at-the-drive-in.jpg","width":500,"height":500},{"@type":"BreadcrumbList","@id":"https:\/\/www.indieofilo.com\/en\/news\/listen-to-at-the-drive-ins-new-album#breadcrumb","itemListElement":[{"@type":"ListItem","position":1,"name":"Portada","item":"https:\/\/www.indieofilo.com\/en"},{"@type":"ListItem","position":2,"name":"Listen to At the Drive-In&#8217;s new Album"}]},{"@type":"WebSite","@id":"https:\/\/www.indieofilo.com\/#website","url":"https:\/\/www.indieofilo.com\/","name":"Indie\u00f3filo","description":"Magazine online de la cultura independiente","publisher":{"@id":"https:\/\/www.indieofilo.com\/#organization"},"potentialAction":[{"@type":"SearchAction","target":{"@type":"EntryPoint","urlTemplate":"https:\/\/www.indieofilo.com\/?s={search_term_string}"},"query-input":{"@type":"PropertyValueSpecification","valueRequired":true,"valueName":"search_term_string"}}],"inLanguage":"en-US"},{"@type":"Organization","@id":"https:\/\/www.indieofilo.com\/#organization","name":"Indie\u00f3filo Web","url":"https:\/\/www.indieofilo.com\/","logo":{"@type":"ImageObject","inLanguage":"en-US","@id":"https:\/\/www.indieofilo.com\/#\/schema\/logo\/image\/","url":"https:\/\/www.indieofilo.com\/wp-content\/uploads\/2015\/02\/logo-alta-resolucion.png","contentUrl":"https:\/\/www.indieofilo.com\/wp-content\/uploads\/2015\/02\/logo-alta-resolucion.png","width":544,"height":185,"caption":"Indie\u00f3filo Web"},"image":{"@id":"https:\/\/www.indieofilo.com\/#\/schema\/logo\/image\/"},"sameAs":["https:\/\/www.facebook.com\/Indieofilo\/","https:\/\/x.com\/indieofilo","https:\/\/www.instagram.com\/indieofilo\/"]},{"@type":"Person","@id":"https:\/\/www.indieofilo.com\/#\/schema\/person\/595334d38590e4ce5a09f83cbf2fca90","name":"Victor","image":{"@type":"ImageObject","inLanguage":"en-US","@id":"https:\/\/www.indieofilo.com\/#\/schema\/person\/image\/","url":"https:\/\/secure.gravatar.com\/avatar\/682b8c6ea3e94b6cffec683b25f1797d?s=96&d=mm&r=g","contentUrl":"https:\/\/secure.gravatar.com\/avatar\/682b8c6ea3e94b6cffec683b25f1797d?s=96&d=mm&r=g","caption":"Victor"},"description":"Fan\u00e1tico de la m\u00fasica desde que mis padres me pon\u00edan a Eydie Gorme y Los Panchos o el Discotuna por la A2. Intent\u00e9 tocar varios instrumentos, pero soy muy torpe con la mano izquierda, as\u00ed que ya sab\u00e9is el resultado final. Fan del britpop, Post-punk, el rugby y el baloncesto...","sameAs":["http:\/\/indieofilo.com"],"url":"https:\/\/www.indieofilo.com\/en\/author\/victor"}]}},"_links":{"self":[{"href":"https:\/\/www.indieofilo.com\/en\/wp-json\/wp\/v2\/posts\/9223","targetHints":{"allow":["GET"]}}],"collection":[{"href":"https:\/\/www.indieofilo.com\/en\/wp-json\/wp\/v2\/posts"}],"about":[{"href":"https:\/\/www.indieofilo.com\/en\/wp-json\/wp\/v2\/types\/post"}],"author":[{"embeddable":true,"href":"https:\/\/www.indieofilo.com\/en\/wp-json\/wp\/v2\/users\/1"}],"replies":[{"embeddable":true,"href":"https:\/\/www.indieofilo.com\/en\/wp-json\/wp\/v2\/comments?post=9223"}],"version-history":[{"count":0,"href":"https:\/\/www.indieofilo.com\/en\/wp-json\/wp\/v2\/posts\/9223\/revisions"}],"wp:featuredmedia":[{"embeddable":true,"href":"https:\/\/www.indieofilo.com\/en\/wp-json\/wp\/v2\/media\/20964"}],"wp:attachment":[{"href":"https:\/\/www.indieofilo.com\/en\/wp-json\/wp\/v2\/media?parent=9223"}],"wp:term":[{"taxonomy":"category","embeddable":true,"href":"https:\/\/www.indieofilo.com\/en\/wp-json\/wp\/v2\/categories?post=9223"},{"taxonomy":"post_tag","embeddable":true,"href":"https:\/\/www.indieofilo.com\/en\/wp-json\/wp\/v2\/tags?post=9223"}],"curies":[{"name":"wp","href":"https:\/\/api.w.org\/{rel}","templated":true}]}}