{"id":9210,"date":"2017-05-05T15:41:53","date_gmt":"2017-05-05T13:41:53","guid":{"rendered":"http:\/\/indieofilo.com\/?p=9210"},"modified":"2023-09-02T16:48:51","modified_gmt":"2023-09-02T14:48:51","slug":"primavera-sound-2017-announce-stage-times","status":"publish","type":"post","link":"https:\/\/www.indieofilo.com\/en\/news\/primavera-sound-2017-announce-stage-times","title":{"rendered":"Primavera Sound 2017 announce stage times"},"content":{"rendered":"<p style=\"text-align: justify;\">\n\t<img fetchpriority=\"high\" decoding=\"async\" alt=\"primavera sound 2017 line up\" class=\"aligncenter size-large wp-image-7891\" height=\"400\" src=\"http:\/\/indieofilo.com\/wp-content\/uploads\/2016\/11\/primavera-sound-2017-line-up-800x400.jpg\" width=\"800\" \/><\/p>\n<p style=\"text-align: justify;\">\n\tLess than a month after the celebration of Primavera Sound 2017 in Barcelona, the organization has made public a few minutes ago the schedules for all the performances that will have this edition, whose peak can be enjoyed from May 31 to June 3 at Parc del Forum. As always, the feared overlaps will be the subject of the day in social networks, so <a href=\"http:\/\/www.primaverasound.es\/horarios?content=forum\" target=\"_blank\" rel=\"noopener\">along with the link to official schedules<\/a>, here you are the biggest overlaps for us..:<\/p>\n<p style=\"text-align: center;\">\n\t<u><strong>Thursday June 1<\/strong><\/u><br \/>\nSolange &#8211; Broken Social Scene &#8211; Glass Animals (20:50-21:50)<br \/>\nBon Iver &#8211; The Afghan Whigs &#8211; BADBADNOTGOOD (22:00-23:30)<br \/>\nSlayer &#8211; Death Grips &#8211; Kate Tempest (23:40-00:50)<br \/>\nAphex Twin &#8211; The Damned (01:15-02:15)<br \/>\nKing Gizzard &amp; The Lizard Wizard &#8211; Converge (02:00-02:55)<\/p>\n<p style=\"text-align: center;\">\n\t<u><strong>Friday June 2<\/strong><\/u><br \/>\nThe Magnetic Fiels (Auditori) &#8211; Mac de Marco &#8211; The Growlers (20:15-22:00)<br \/>\nFrank Ocean &#8211; Swans &#8211; Grandaddy (22:15-23:45)<br \/>\nThe XX &#8211; Sleaford Mods &#8211; Swans (00:00-01:30)<\/p>\n<p style=\"text-align: center;\">\n\t<u><strong>Saturday June 3<\/strong><\/u><br \/>\nMetronomy &#8211; Teenage Fanclub (21:25-22:30)<br \/>\nArcade Fire &#8211; John talabot &#8211; Wild Beast (00:00-01:45)<br \/>\nSkepta &#8211; Japandroids &#8211; Procupations (01:50-03:15)<\/p>\n","protected":false},"excerpt":{"rendered":"<p>Less than a month after the celebration of Primavera Sound 2017 in Barcelona, the organization has made public a few minutes ago the schedules for all the performances that will have this edition, whose peak can be enjoyed from May 31 to June 3 at Parc del Forum. As always, the feared overlaps will be [&hellip;]<\/p>\n","protected":false},"author":1,"featured_media":20480,"comment_status":"open","ping_status":"closed","sticky":false,"template":"","format":"standard","meta":{"footnotes":""},"categories":[41,8],"tags":[4982,5502],"class_list":["post-9210","post","type-post","status-publish","format-standard","has-post-thumbnail","hentry","category-live-shows","category-news","tag-primavera-sound-en","tag-primavera-sound-2017-en"],"yoast_head":"<!-- This site is optimized with the Yoast SEO Premium plugin v23.9 (Yoast SEO v26.6) - https:\/\/yoast.com\/wordpress\/plugins\/seo\/ -->\n<title>Primavera Sound 2017 announce stage times - Indie\u00f3filo<\/title>\n<meta name=\"description\" content=\"Less than a month after the celebration of Primavera Sound 2017 in Barcelona, the organization has made public the schedules for all the performances.\" \/>\n<meta name=\"robots\" content=\"index, follow, max-snippet:-1, max-image-preview:large, max-video-preview:-1\" \/>\n<link rel=\"canonical\" href=\"https:\/\/www.indieofilo.com\/en\/news\/primavera-sound-2017-announce-stage-times\" \/>\n<meta property=\"og:locale\" content=\"en_US\" \/>\n<meta property=\"og:type\" content=\"article\" \/>\n<meta property=\"og:title\" content=\"Primavera Sound 2017 announce stage times\" \/>\n<meta property=\"og:description\" content=\"Less than a month after the celebration of Primavera Sound 2017 in Barcelona, the organization has made public the schedules for all the performances.\" \/>\n<meta property=\"og:url\" content=\"https:\/\/www.indieofilo.com\/en\/news\/primavera-sound-2017-announce-stage-times\" \/>\n<meta property=\"og:site_name\" content=\"Indie\u00f3filo\" \/>\n<meta property=\"article:publisher\" content=\"https:\/\/www.facebook.com\/Indieofilo\/\" \/>\n<meta property=\"article:published_time\" content=\"2017-05-05T13:41:53+00:00\" \/>\n<meta property=\"article:modified_time\" content=\"2023-09-02T14:48:51+00:00\" \/>\n<meta property=\"og:image\" content=\"https:\/\/www.indieofilo.com\/wp-content\/uploads\/2016\/11\/primavera-sound-2017-line-up.jpg\" \/>\n\t<meta property=\"og:image:width\" content=\"800\" \/>\n\t<meta property=\"og:image:height\" content=\"400\" \/>\n\t<meta property=\"og:image:type\" content=\"image\/jpeg\" \/>\n<meta name=\"author\" content=\"Victor\" \/>\n<meta name=\"twitter:card\" content=\"summary_large_image\" \/>\n<meta name=\"twitter:creator\" content=\"@indieofilo\" \/>\n<meta name=\"twitter:site\" content=\"@indieofilo\" \/>\n<meta name=\"twitter:label1\" content=\"Written by\" \/>\n\t<meta name=\"twitter:data1\" content=\"Victor\" \/>\n\t<meta name=\"twitter:label2\" content=\"Est. reading time\" \/>\n\t<meta name=\"twitter:data2\" content=\"1 minute\" \/>\n<script type=\"application\/ld+json\" class=\"yoast-schema-graph\">{\"@context\":\"https:\/\/schema.org\",\"@graph\":[{\"@type\":\"Article\",\"@id\":\"https:\/\/www.indieofilo.com\/en\/news\/primavera-sound-2017-announce-stage-times#article\",\"isPartOf\":{\"@id\":\"https:\/\/www.indieofilo.com\/en\/news\/primavera-sound-2017-announce-stage-times\"},\"author\":{\"name\":\"Victor\",\"@id\":\"https:\/\/www.indieofilo.com\/#\/schema\/person\/595334d38590e4ce5a09f83cbf2fca90\"},\"headline\":\"Primavera Sound 2017 announce stage times\",\"datePublished\":\"2017-05-05T13:41:53+00:00\",\"dateModified\":\"2023-09-02T14:48:51+00:00\",\"mainEntityOfPage\":{\"@id\":\"https:\/\/www.indieofilo.com\/en\/news\/primavera-sound-2017-announce-stage-times\"},\"wordCount\":175,\"commentCount\":0,\"publisher\":{\"@id\":\"https:\/\/www.indieofilo.com\/#organization\"},\"image\":{\"@id\":\"https:\/\/www.indieofilo.com\/en\/news\/primavera-sound-2017-announce-stage-times#primaryimage\"},\"thumbnailUrl\":\"https:\/\/www.indieofilo.com\/wp-content\/uploads\/2016\/11\/primavera-sound-2017-line-up.jpg\",\"keywords\":[\"Primavera Sound\",\"Primavera Sound 2017\"],\"articleSection\":[\"Live Shows\",\"News\"],\"inLanguage\":\"en-US\",\"potentialAction\":[{\"@type\":\"CommentAction\",\"name\":\"Comment\",\"target\":[\"https:\/\/www.indieofilo.com\/en\/news\/primavera-sound-2017-announce-stage-times#respond\"]}]},{\"@type\":\"WebPage\",\"@id\":\"https:\/\/www.indieofilo.com\/en\/news\/primavera-sound-2017-announce-stage-times\",\"url\":\"https:\/\/www.indieofilo.com\/en\/news\/primavera-sound-2017-announce-stage-times\",\"name\":\"Primavera Sound 2017 announce stage times - Indie\u00f3filo\",\"isPartOf\":{\"@id\":\"https:\/\/www.indieofilo.com\/#website\"},\"primaryImageOfPage\":{\"@id\":\"https:\/\/www.indieofilo.com\/en\/news\/primavera-sound-2017-announce-stage-times#primaryimage\"},\"image\":{\"@id\":\"https:\/\/www.indieofilo.com\/en\/news\/primavera-sound-2017-announce-stage-times#primaryimage\"},\"thumbnailUrl\":\"https:\/\/www.indieofilo.com\/wp-content\/uploads\/2016\/11\/primavera-sound-2017-line-up.jpg\",\"datePublished\":\"2017-05-05T13:41:53+00:00\",\"dateModified\":\"2023-09-02T14:48:51+00:00\",\"description\":\"Less than a month after the celebration of Primavera Sound 2017 in Barcelona, the organization has made public the schedules for all the performances.\",\"breadcrumb\":{\"@id\":\"https:\/\/www.indieofilo.com\/en\/news\/primavera-sound-2017-announce-stage-times#breadcrumb\"},\"inLanguage\":\"en-US\",\"potentialAction\":[{\"@type\":\"ReadAction\",\"target\":[\"https:\/\/www.indieofilo.com\/en\/news\/primavera-sound-2017-announce-stage-times\"]}]},{\"@type\":\"ImageObject\",\"inLanguage\":\"en-US\",\"@id\":\"https:\/\/www.indieofilo.com\/en\/news\/primavera-sound-2017-announce-stage-times#primaryimage\",\"url\":\"https:\/\/www.indieofilo.com\/wp-content\/uploads\/2016\/11\/primavera-sound-2017-line-up.jpg\",\"contentUrl\":\"https:\/\/www.indieofilo.com\/wp-content\/uploads\/2016\/11\/primavera-sound-2017-line-up.jpg\",\"width\":800,\"height\":400},{\"@type\":\"BreadcrumbList\",\"@id\":\"https:\/\/www.indieofilo.com\/en\/news\/primavera-sound-2017-announce-stage-times#breadcrumb\",\"itemListElement\":[{\"@type\":\"ListItem\",\"position\":1,\"name\":\"Portada\",\"item\":\"https:\/\/www.indieofilo.com\/en\"},{\"@type\":\"ListItem\",\"position\":2,\"name\":\"Primavera Sound 2017 announce stage times\"}]},{\"@type\":\"WebSite\",\"@id\":\"https:\/\/www.indieofilo.com\/#website\",\"url\":\"https:\/\/www.indieofilo.com\/\",\"name\":\"Indie\u00f3filo\",\"description\":\"Magazine online de la cultura independiente\",\"publisher\":{\"@id\":\"https:\/\/www.indieofilo.com\/#organization\"},\"potentialAction\":[{\"@type\":\"SearchAction\",\"target\":{\"@type\":\"EntryPoint\",\"urlTemplate\":\"https:\/\/www.indieofilo.com\/?s={search_term_string}\"},\"query-input\":{\"@type\":\"PropertyValueSpecification\",\"valueRequired\":true,\"valueName\":\"search_term_string\"}}],\"inLanguage\":\"en-US\"},{\"@type\":\"Organization\",\"@id\":\"https:\/\/www.indieofilo.com\/#organization\",\"name\":\"Indie\u00f3filo Web\",\"url\":\"https:\/\/www.indieofilo.com\/\",\"logo\":{\"@type\":\"ImageObject\",\"inLanguage\":\"en-US\",\"@id\":\"https:\/\/www.indieofilo.com\/#\/schema\/logo\/image\/\",\"url\":\"https:\/\/www.indieofilo.com\/wp-content\/uploads\/2015\/02\/logo-alta-resolucion.png\",\"contentUrl\":\"https:\/\/www.indieofilo.com\/wp-content\/uploads\/2015\/02\/logo-alta-resolucion.png\",\"width\":544,\"height\":185,\"caption\":\"Indie\u00f3filo Web\"},\"image\":{\"@id\":\"https:\/\/www.indieofilo.com\/#\/schema\/logo\/image\/\"},\"sameAs\":[\"https:\/\/www.facebook.com\/Indieofilo\/\",\"https:\/\/x.com\/indieofilo\",\"https:\/\/www.instagram.com\/indieofilo\/\"]},{\"@type\":\"Person\",\"@id\":\"https:\/\/www.indieofilo.com\/#\/schema\/person\/595334d38590e4ce5a09f83cbf2fca90\",\"name\":\"Victor\",\"image\":{\"@type\":\"ImageObject\",\"inLanguage\":\"en-US\",\"@id\":\"https:\/\/www.indieofilo.com\/#\/schema\/person\/image\/\",\"url\":\"https:\/\/secure.gravatar.com\/avatar\/682b8c6ea3e94b6cffec683b25f1797d?s=96&d=mm&r=g\",\"contentUrl\":\"https:\/\/secure.gravatar.com\/avatar\/682b8c6ea3e94b6cffec683b25f1797d?s=96&d=mm&r=g\",\"caption\":\"Victor\"},\"description\":\"Fan\u00e1tico de la m\u00fasica desde que mis padres me pon\u00edan a Eydie Gorme y Los Panchos o el Discotuna por la A2. Intent\u00e9 tocar varios instrumentos, pero soy muy torpe con la mano izquierda, as\u00ed que ya sab\u00e9is el resultado final. Fan del britpop, Post-punk, el rugby y el baloncesto...\",\"sameAs\":[\"http:\/\/indieofilo.com\"],\"url\":\"https:\/\/www.indieofilo.com\/en\/author\/victor\"}]}<\/script>\n<!-- \/ Yoast SEO Premium plugin. -->","yoast_head_json":{"title":"Primavera Sound 2017 announce stage times - Indie\u00f3filo","description":"Less than a month after the celebration of Primavera Sound 2017 in Barcelona, the organization has made public the schedules for all the performances.","robots":{"index":"index","follow":"follow","max-snippet":"max-snippet:-1","max-image-preview":"max-image-preview:large","max-video-preview":"max-video-preview:-1"},"canonical":"https:\/\/www.indieofilo.com\/en\/news\/primavera-sound-2017-announce-stage-times","og_locale":"en_US","og_type":"article","og_title":"Primavera Sound 2017 announce stage times","og_description":"Less than a month after the celebration of Primavera Sound 2017 in Barcelona, the organization has made public the schedules for all the performances.","og_url":"https:\/\/www.indieofilo.com\/en\/news\/primavera-sound-2017-announce-stage-times","og_site_name":"Indie\u00f3filo","article_publisher":"https:\/\/www.facebook.com\/Indieofilo\/","article_published_time":"2017-05-05T13:41:53+00:00","article_modified_time":"2023-09-02T14:48:51+00:00","og_image":[{"width":800,"height":400,"url":"https:\/\/www.indieofilo.com\/wp-content\/uploads\/2016\/11\/primavera-sound-2017-line-up.jpg","type":"image\/jpeg"}],"author":"Victor","twitter_card":"summary_large_image","twitter_creator":"@indieofilo","twitter_site":"@indieofilo","twitter_misc":{"Written by":"Victor","Est. reading time":"1 minute"},"schema":{"@context":"https:\/\/schema.org","@graph":[{"@type":"Article","@id":"https:\/\/www.indieofilo.com\/en\/news\/primavera-sound-2017-announce-stage-times#article","isPartOf":{"@id":"https:\/\/www.indieofilo.com\/en\/news\/primavera-sound-2017-announce-stage-times"},"author":{"name":"Victor","@id":"https:\/\/www.indieofilo.com\/#\/schema\/person\/595334d38590e4ce5a09f83cbf2fca90"},"headline":"Primavera Sound 2017 announce stage times","datePublished":"2017-05-05T13:41:53+00:00","dateModified":"2023-09-02T14:48:51+00:00","mainEntityOfPage":{"@id":"https:\/\/www.indieofilo.com\/en\/news\/primavera-sound-2017-announce-stage-times"},"wordCount":175,"commentCount":0,"publisher":{"@id":"https:\/\/www.indieofilo.com\/#organization"},"image":{"@id":"https:\/\/www.indieofilo.com\/en\/news\/primavera-sound-2017-announce-stage-times#primaryimage"},"thumbnailUrl":"https:\/\/www.indieofilo.com\/wp-content\/uploads\/2016\/11\/primavera-sound-2017-line-up.jpg","keywords":["Primavera Sound","Primavera Sound 2017"],"articleSection":["Live Shows","News"],"inLanguage":"en-US","potentialAction":[{"@type":"CommentAction","name":"Comment","target":["https:\/\/www.indieofilo.com\/en\/news\/primavera-sound-2017-announce-stage-times#respond"]}]},{"@type":"WebPage","@id":"https:\/\/www.indieofilo.com\/en\/news\/primavera-sound-2017-announce-stage-times","url":"https:\/\/www.indieofilo.com\/en\/news\/primavera-sound-2017-announce-stage-times","name":"Primavera Sound 2017 announce stage times - Indie\u00f3filo","isPartOf":{"@id":"https:\/\/www.indieofilo.com\/#website"},"primaryImageOfPage":{"@id":"https:\/\/www.indieofilo.com\/en\/news\/primavera-sound-2017-announce-stage-times#primaryimage"},"image":{"@id":"https:\/\/www.indieofilo.com\/en\/news\/primavera-sound-2017-announce-stage-times#primaryimage"},"thumbnailUrl":"https:\/\/www.indieofilo.com\/wp-content\/uploads\/2016\/11\/primavera-sound-2017-line-up.jpg","datePublished":"2017-05-05T13:41:53+00:00","dateModified":"2023-09-02T14:48:51+00:00","description":"Less than a month after the celebration of Primavera Sound 2017 in Barcelona, the organization has made public the schedules for all the performances.","breadcrumb":{"@id":"https:\/\/www.indieofilo.com\/en\/news\/primavera-sound-2017-announce-stage-times#breadcrumb"},"inLanguage":"en-US","potentialAction":[{"@type":"ReadAction","target":["https:\/\/www.indieofilo.com\/en\/news\/primavera-sound-2017-announce-stage-times"]}]},{"@type":"ImageObject","inLanguage":"en-US","@id":"https:\/\/www.indieofilo.com\/en\/news\/primavera-sound-2017-announce-stage-times#primaryimage","url":"https:\/\/www.indieofilo.com\/wp-content\/uploads\/2016\/11\/primavera-sound-2017-line-up.jpg","contentUrl":"https:\/\/www.indieofilo.com\/wp-content\/uploads\/2016\/11\/primavera-sound-2017-line-up.jpg","width":800,"height":400},{"@type":"BreadcrumbList","@id":"https:\/\/www.indieofilo.com\/en\/news\/primavera-sound-2017-announce-stage-times#breadcrumb","itemListElement":[{"@type":"ListItem","position":1,"name":"Portada","item":"https:\/\/www.indieofilo.com\/en"},{"@type":"ListItem","position":2,"name":"Primavera Sound 2017 announce stage times"}]},{"@type":"WebSite","@id":"https:\/\/www.indieofilo.com\/#website","url":"https:\/\/www.indieofilo.com\/","name":"Indie\u00f3filo","description":"Magazine online de la cultura independiente","publisher":{"@id":"https:\/\/www.indieofilo.com\/#organization"},"potentialAction":[{"@type":"SearchAction","target":{"@type":"EntryPoint","urlTemplate":"https:\/\/www.indieofilo.com\/?s={search_term_string}"},"query-input":{"@type":"PropertyValueSpecification","valueRequired":true,"valueName":"search_term_string"}}],"inLanguage":"en-US"},{"@type":"Organization","@id":"https:\/\/www.indieofilo.com\/#organization","name":"Indie\u00f3filo Web","url":"https:\/\/www.indieofilo.com\/","logo":{"@type":"ImageObject","inLanguage":"en-US","@id":"https:\/\/www.indieofilo.com\/#\/schema\/logo\/image\/","url":"https:\/\/www.indieofilo.com\/wp-content\/uploads\/2015\/02\/logo-alta-resolucion.png","contentUrl":"https:\/\/www.indieofilo.com\/wp-content\/uploads\/2015\/02\/logo-alta-resolucion.png","width":544,"height":185,"caption":"Indie\u00f3filo Web"},"image":{"@id":"https:\/\/www.indieofilo.com\/#\/schema\/logo\/image\/"},"sameAs":["https:\/\/www.facebook.com\/Indieofilo\/","https:\/\/x.com\/indieofilo","https:\/\/www.instagram.com\/indieofilo\/"]},{"@type":"Person","@id":"https:\/\/www.indieofilo.com\/#\/schema\/person\/595334d38590e4ce5a09f83cbf2fca90","name":"Victor","image":{"@type":"ImageObject","inLanguage":"en-US","@id":"https:\/\/www.indieofilo.com\/#\/schema\/person\/image\/","url":"https:\/\/secure.gravatar.com\/avatar\/682b8c6ea3e94b6cffec683b25f1797d?s=96&d=mm&r=g","contentUrl":"https:\/\/secure.gravatar.com\/avatar\/682b8c6ea3e94b6cffec683b25f1797d?s=96&d=mm&r=g","caption":"Victor"},"description":"Fan\u00e1tico de la m\u00fasica desde que mis padres me pon\u00edan a Eydie Gorme y Los Panchos o el Discotuna por la A2. Intent\u00e9 tocar varios instrumentos, pero soy muy torpe con la mano izquierda, as\u00ed que ya sab\u00e9is el resultado final. Fan del britpop, Post-punk, el rugby y el baloncesto...","sameAs":["http:\/\/indieofilo.com"],"url":"https:\/\/www.indieofilo.com\/en\/author\/victor"}]}},"_links":{"self":[{"href":"https:\/\/www.indieofilo.com\/en\/wp-json\/wp\/v2\/posts\/9210","targetHints":{"allow":["GET"]}}],"collection":[{"href":"https:\/\/www.indieofilo.com\/en\/wp-json\/wp\/v2\/posts"}],"about":[{"href":"https:\/\/www.indieofilo.com\/en\/wp-json\/wp\/v2\/types\/post"}],"author":[{"embeddable":true,"href":"https:\/\/www.indieofilo.com\/en\/wp-json\/wp\/v2\/users\/1"}],"replies":[{"embeddable":true,"href":"https:\/\/www.indieofilo.com\/en\/wp-json\/wp\/v2\/comments?post=9210"}],"version-history":[{"count":0,"href":"https:\/\/www.indieofilo.com\/en\/wp-json\/wp\/v2\/posts\/9210\/revisions"}],"wp:featuredmedia":[{"embeddable":true,"href":"https:\/\/www.indieofilo.com\/en\/wp-json\/wp\/v2\/media\/20480"}],"wp:attachment":[{"href":"https:\/\/www.indieofilo.com\/en\/wp-json\/wp\/v2\/media?parent=9210"}],"wp:term":[{"taxonomy":"category","embeddable":true,"href":"https:\/\/www.indieofilo.com\/en\/wp-json\/wp\/v2\/categories?post=9210"},{"taxonomy":"post_tag","embeddable":true,"href":"https:\/\/www.indieofilo.com\/en\/wp-json\/wp\/v2\/tags?post=9210"}],"curies":[{"name":"wp","href":"https:\/\/api.w.org\/{rel}","templated":true}]}}