{"id":9202,"date":"2017-05-04T18:59:32","date_gmt":"2017-05-04T16:59:32","guid":{"rendered":"http:\/\/indieofilo.com\/?p=9202"},"modified":"2023-11-18T00:13:21","modified_gmt":"2023-11-17T23:13:21","slug":"jose-gonzalez-1st-may-2017-teatro-tivoli-barcelona","status":"publish","type":"post","link":"https:\/\/www.indieofilo.com\/en\/gig-reviews\/jose-gonzalez-1st-may-2017-teatro-tivoli-barcelona","title":{"rendered":"Jos\u00e9 Gonz\u00e1lez \u2013 1st May 2017 (Teatro Tivoli \u2013 Barcelona)"},"content":{"rendered":"<p style=\"text-align: justify;\">\n\tA year after his last visit and as part of the 18 Millenni festival lineup, <strong>Jos&eacute; Gonz&aacute;lez<\/strong> returned to Barcelona on International Workers&#39; Day with tickets sold out since long time ago at the majestic Teatre Tivoli. With <strong>a sober staging<\/strong> that included his already typical mountains on the background, and with <strong>the only presence of a pair of guitars and a chair on the stage<\/strong>, the Swede went out on stage to go over his discography<strong> in a concert of about an hour and a half that delighted everyone<\/strong>.<\/p>\n<p>\t<img fetchpriority=\"high\" decoding=\"async\" alt=\"Jose Gonzalez Barcelona 2017\" class=\"aligncenter size-full wp-image-9196\" height=\"533\" src=\"http:\/\/indieofilo.com\/wp-content\/uploads\/2017\/05\/Jose_Gonzalez_Barcelona_20176.jpg\" width=\"800\" srcset=\"https:\/\/www.indieofilo.com\/wp-content\/uploads\/2017\/05\/Jose_Gonzalez_Barcelona_20176.jpg 800w, https:\/\/www.indieofilo.com\/wp-content\/uploads\/2017\/05\/Jose_Gonzalez_Barcelona_20176-300x200.jpg 300w, https:\/\/www.indieofilo.com\/wp-content\/uploads\/2017\/05\/Jose_Gonzalez_Barcelona_20176-768x512.jpg 768w\" sizes=\"(max-width: 800px) 100vw, 800px\" \/><\/p>\n<p style=\"text-align: justify;\">\n\tParaphrasing the title of the documentary about the artist <em>The Extraordinary Ordinary Life of Jos&eacute; Gonz&aacute;lez<\/em>&nbsp;(2010), <strong>it is surprising at the same time that attractive the normality and simplicity with which Gonz&aacute;lez permeates his songs<\/strong>, achieving an atmosphere of respect and intimacy quite difficult to see in the present times. With that respect won, only broken by the impertinent flashes of some mobile phones, <strong>the first minutes of his show were perhaps too sober<\/strong>, partly due to the majority presence of an overhead light on the artist that made even bigger stage and also because of his minimal interaction with the public, so some of his longest-running songs like &quot;<em>Stay in the Shade<\/em>&quot; and &quot;<em>Lovestain<\/em>&quot; were somewhat lackluster.<\/p>\n<p>\t<img decoding=\"async\" alt=\"Jose Gonzalez 2017 Barcelona\" class=\"aligncenter size-full wp-image-9195\" height=\"533\" src=\"http:\/\/indieofilo.com\/wp-content\/uploads\/2017\/05\/Jose_Gonzalez_Barcelona_20175.jpg\" width=\"800\" srcset=\"https:\/\/www.indieofilo.com\/wp-content\/uploads\/2017\/05\/Jose_Gonzalez_Barcelona_20175.jpg 800w, https:\/\/www.indieofilo.com\/wp-content\/uploads\/2017\/05\/Jose_Gonzalez_Barcelona_20175-300x200.jpg 300w, https:\/\/www.indieofilo.com\/wp-content\/uploads\/2017\/05\/Jose_Gonzalez_Barcelona_20175-768x512.jpg 768w\" sizes=\"(max-width: 800px) 100vw, 800px\" \/><\/p>\n<p style=\"text-align: justify;\">\n\tIt should be recognized hit &quot;<em>Crosses<\/em>&quot; the one which <strong>accelerate the pace of the concert<\/strong> and also encouraged to own Swedish artist, who began to set the pace of the drums with their feet causing a knock on stage that was caught by the microphones like percussion and set quite good to the initial proposal. &quot;<em>Cycling Trivialities<\/em>&quot; and &quot;<em>Every Age<\/em>&quot; thrilled with the strength of his voice, while in &quot;<em>Far Away<\/em>&quot; would be the tones of his guitar, turned into a kind of bass, that would take advantage of the magnificent acoustics of the magnificent theater.<\/p>\n<p>\t<img decoding=\"async\" alt=\"Jose Gonzalez 2017\" class=\"aligncenter size-full wp-image-9198\" height=\"533\" src=\"http:\/\/indieofilo.com\/wp-content\/uploads\/2017\/05\/Jose_Gonzalez_Barcelona_20178.jpg\" width=\"800\" srcset=\"https:\/\/www.indieofilo.com\/wp-content\/uploads\/2017\/05\/Jose_Gonzalez_Barcelona_20178.jpg 800w, https:\/\/www.indieofilo.com\/wp-content\/uploads\/2017\/05\/Jose_Gonzalez_Barcelona_20178-300x200.jpg 300w, https:\/\/www.indieofilo.com\/wp-content\/uploads\/2017\/05\/Jose_Gonzalez_Barcelona_20178-768x512.jpg 768w\" sizes=\"(max-width: 800px) 100vw, 800px\" \/><\/p>\n<p style=\"text-align: justify;\">\n\tWith the proposal in full performance came the only reference to <strong>Junip<\/strong> of the whole concert, &quot;<em>Line of Fire<\/em>&quot;, in which <em>Jos&eacute; Gonz&aacute;lez<\/em> managed to supplant the rest of the instruments of the band with guitar and a slowed version of the song..<img loading=\"lazy\" decoding=\"async\" alt=\"Barcelona 2017 Jose Gonzalez\" class=\"alignleft size-large wp-image-9197\" height=\"533\" src=\"http:\/\/indieofilo.com\/wp-content\/uploads\/2017\/05\/Jose_Gonzalez_Barcelona_20177-355x533.jpg\" width=\"355\" \/> After some songs from his last album, the Scandinavian would opt for one of the most powerful songs of <em>In Our Nature<\/em> (2007) as &quot;<em>Killing for Love<\/em>&quot;, in which the public was started by clapping, to say goodbye for the first time on stage. As expected, it took him a short time to return to delight the public in the bises with his two most recognizable songs, &quot;<em>Heartbeats<\/em>&quot; and &quot;<em>Teardrop<\/em>&quot;, two magnificent versions of <strong>The Knife<\/strong> and <strong>Massive Attack<\/strong> that for many, among whom I am, have beat the originals. So, Veni vidi vici for the Swedish, able to make you feel so much with so little, able to captivate you in such a deep way that seems to transport you to a distant world full of calm and feelings well far away from the madding crowd that surrounds us.. Undoubtedly, <strong>enjoy a concert of Jos&eacute; Gonz&aacute;lez per year it is something that should be included in any medical prescription<\/strong>!<\/p>\n<h4 style=\"text-align: justify;\">\n\tReview: V&iacute;ctor Ramos\/ Photography: Esther Vicente<\/h4>\n","protected":false},"excerpt":{"rendered":"<p>A year after his last visit and as part of the 18 Millenni festival lineup, Jos&eacute; Gonz&aacute;lez returned to Barcelona on International Workers&#39; Day with tickets sold out since long time ago at the majestic Teatre Tivoli. With a sober staging that included his already typical mountains on the background, and with the only presence [&hellip;]<\/p>\n","protected":false},"author":1,"featured_media":9196,"comment_status":"open","ping_status":"closed","sticky":false,"template":"","format":"gallery","meta":{"footnotes":""},"categories":[7,15],"tags":[5596,5597,4971],"class_list":["post-9202","post","type-post","status-publish","format-gallery","has-post-thumbnail","hentry","category-gig-reviews","category-rooms","tag-festival-millenni-en","tag-festival-millenni-2017-en","tag-jose-gonzalez-en","post_format-post-format-gallery"],"yoast_head":"<!-- This site is optimized with the Yoast SEO Premium plugin v23.9 (Yoast SEO v26.6) - https:\/\/yoast.com\/wordpress\/plugins\/seo\/ -->\n<title>Live Review: Jos\u00e9 Gonz\u00e1lez at Teatre Tivoli (5\/01\/2017 - Barcelona)<\/title>\n<meta name=\"description\" content=\"Review &amp; exclusive photo gallery of the gig that Jos\u00e9 Gonz\u00e1lez gave at Teatre Tivoli in Barcelona as part of 18o Festival Mil\u00b7lenni.\" \/>\n<meta name=\"robots\" content=\"index, follow, max-snippet:-1, max-image-preview:large, max-video-preview:-1\" \/>\n<link rel=\"canonical\" href=\"https:\/\/www.indieofilo.com\/en\/gig-reviews\/jose-gonzalez-1st-may-2017-teatro-tivoli-barcelona\" \/>\n<meta property=\"og:locale\" content=\"en_US\" \/>\n<meta property=\"og:type\" content=\"article\" \/>\n<meta property=\"og:title\" content=\"Jos\u00e9 Gonz\u00e1lez \u2013 1st May 2017 (Teatro Tivoli \u2013 Barcelona)\" \/>\n<meta property=\"og:description\" content=\"Review &amp; exclusive photo gallery of the gig that Jos\u00e9 Gonz\u00e1lez gave at Teatre Tivoli in Barcelona as part of 18o Festival Mil\u00b7lenni.\" \/>\n<meta property=\"og:url\" content=\"https:\/\/www.indieofilo.com\/en\/gig-reviews\/jose-gonzalez-1st-may-2017-teatro-tivoli-barcelona\" \/>\n<meta property=\"og:site_name\" content=\"Indie\u00f3filo\" \/>\n<meta property=\"article:publisher\" content=\"https:\/\/www.facebook.com\/Indieofilo\/\" \/>\n<meta property=\"article:published_time\" content=\"2017-05-04T16:59:32+00:00\" \/>\n<meta property=\"article:modified_time\" content=\"2023-11-17T23:13:21+00:00\" \/>\n<meta property=\"og:image\" content=\"https:\/\/www.indieofilo.com\/wp-content\/uploads\/2017\/05\/Jose_Gonzalez_Barcelona_20176.jpg\" \/>\n\t<meta property=\"og:image:width\" content=\"800\" \/>\n\t<meta property=\"og:image:height\" content=\"533\" \/>\n\t<meta property=\"og:image:type\" content=\"image\/jpeg\" \/>\n<meta name=\"author\" content=\"Victor\" \/>\n<meta name=\"twitter:card\" content=\"summary_large_image\" \/>\n<meta name=\"twitter:creator\" content=\"@indieofilo\" \/>\n<meta name=\"twitter:site\" content=\"@indieofilo\" \/>\n<meta name=\"twitter:label1\" content=\"Written by\" \/>\n\t<meta name=\"twitter:data1\" content=\"Victor\" \/>\n\t<meta name=\"twitter:label2\" content=\"Est. reading time\" \/>\n\t<meta name=\"twitter:data2\" content=\"4 minutes\" \/>\n<script type=\"application\/ld+json\" class=\"yoast-schema-graph\">{\"@context\":\"https:\/\/schema.org\",\"@graph\":[{\"@type\":\"Article\",\"@id\":\"https:\/\/www.indieofilo.com\/en\/gig-reviews\/jose-gonzalez-1st-may-2017-teatro-tivoli-barcelona#article\",\"isPartOf\":{\"@id\":\"https:\/\/www.indieofilo.com\/en\/gig-reviews\/jose-gonzalez-1st-may-2017-teatro-tivoli-barcelona\"},\"author\":{\"name\":\"Victor\",\"@id\":\"https:\/\/www.indieofilo.com\/#\/schema\/person\/595334d38590e4ce5a09f83cbf2fca90\"},\"headline\":\"Jos\u00e9 Gonz\u00e1lez \u2013 1st May 2017 (Teatro Tivoli \u2013 Barcelona)\",\"datePublished\":\"2017-05-04T16:59:32+00:00\",\"dateModified\":\"2023-11-17T23:13:21+00:00\",\"mainEntityOfPage\":{\"@id\":\"https:\/\/www.indieofilo.com\/en\/gig-reviews\/jose-gonzalez-1st-may-2017-teatro-tivoli-barcelona\"},\"wordCount\":556,\"commentCount\":0,\"publisher\":{\"@id\":\"https:\/\/www.indieofilo.com\/#organization\"},\"image\":{\"@id\":\"https:\/\/www.indieofilo.com\/en\/gig-reviews\/jose-gonzalez-1st-may-2017-teatro-tivoli-barcelona#primaryimage\"},\"thumbnailUrl\":\"https:\/\/www.indieofilo.com\/wp-content\/uploads\/2017\/05\/Jose_Gonzalez_Barcelona_20176.jpg\",\"keywords\":[\"Festival Mil\u00b7lenni\",\"Festival Mil\u00b7lenni 2017\",\"Jose Gonzalez\"],\"articleSection\":[\"Gig Reviews\",\"Rooms\"],\"inLanguage\":\"en-US\",\"potentialAction\":[{\"@type\":\"CommentAction\",\"name\":\"Comment\",\"target\":[\"https:\/\/www.indieofilo.com\/en\/gig-reviews\/jose-gonzalez-1st-may-2017-teatro-tivoli-barcelona#respond\"]}]},{\"@type\":\"WebPage\",\"@id\":\"https:\/\/www.indieofilo.com\/en\/gig-reviews\/jose-gonzalez-1st-may-2017-teatro-tivoli-barcelona\",\"url\":\"https:\/\/www.indieofilo.com\/en\/gig-reviews\/jose-gonzalez-1st-may-2017-teatro-tivoli-barcelona\",\"name\":\"Live Review: Jos\u00e9 Gonz\u00e1lez at Teatre Tivoli (5\/01\/2017 - Barcelona)\",\"isPartOf\":{\"@id\":\"https:\/\/www.indieofilo.com\/#website\"},\"primaryImageOfPage\":{\"@id\":\"https:\/\/www.indieofilo.com\/en\/gig-reviews\/jose-gonzalez-1st-may-2017-teatro-tivoli-barcelona#primaryimage\"},\"image\":{\"@id\":\"https:\/\/www.indieofilo.com\/en\/gig-reviews\/jose-gonzalez-1st-may-2017-teatro-tivoli-barcelona#primaryimage\"},\"thumbnailUrl\":\"https:\/\/www.indieofilo.com\/wp-content\/uploads\/2017\/05\/Jose_Gonzalez_Barcelona_20176.jpg\",\"datePublished\":\"2017-05-04T16:59:32+00:00\",\"dateModified\":\"2023-11-17T23:13:21+00:00\",\"description\":\"Review & exclusive photo gallery of the gig that Jos\u00e9 Gonz\u00e1lez gave at Teatre Tivoli in Barcelona as part of 18o Festival Mil\u00b7lenni.\",\"breadcrumb\":{\"@id\":\"https:\/\/www.indieofilo.com\/en\/gig-reviews\/jose-gonzalez-1st-may-2017-teatro-tivoli-barcelona#breadcrumb\"},\"inLanguage\":\"en-US\",\"potentialAction\":[{\"@type\":\"ReadAction\",\"target\":[\"https:\/\/www.indieofilo.com\/en\/gig-reviews\/jose-gonzalez-1st-may-2017-teatro-tivoli-barcelona\"]}]},{\"@type\":\"ImageObject\",\"inLanguage\":\"en-US\",\"@id\":\"https:\/\/www.indieofilo.com\/en\/gig-reviews\/jose-gonzalez-1st-may-2017-teatro-tivoli-barcelona#primaryimage\",\"url\":\"https:\/\/www.indieofilo.com\/wp-content\/uploads\/2017\/05\/Jose_Gonzalez_Barcelona_20176.jpg\",\"contentUrl\":\"https:\/\/www.indieofilo.com\/wp-content\/uploads\/2017\/05\/Jose_Gonzalez_Barcelona_20176.jpg\",\"width\":800,\"height\":533,\"caption\":\"Jose Gonzalez Barcelona 2017\"},{\"@type\":\"BreadcrumbList\",\"@id\":\"https:\/\/www.indieofilo.com\/en\/gig-reviews\/jose-gonzalez-1st-may-2017-teatro-tivoli-barcelona#breadcrumb\",\"itemListElement\":[{\"@type\":\"ListItem\",\"position\":1,\"name\":\"Portada\",\"item\":\"https:\/\/www.indieofilo.com\/en\"},{\"@type\":\"ListItem\",\"position\":2,\"name\":\"Jos\u00e9 Gonz\u00e1lez \u2013 1st May 2017 (Teatro Tivoli \u2013 Barcelona)\"}]},{\"@type\":\"WebSite\",\"@id\":\"https:\/\/www.indieofilo.com\/#website\",\"url\":\"https:\/\/www.indieofilo.com\/\",\"name\":\"Indie\u00f3filo\",\"description\":\"Magazine online de la cultura independiente\",\"publisher\":{\"@id\":\"https:\/\/www.indieofilo.com\/#organization\"},\"potentialAction\":[{\"@type\":\"SearchAction\",\"target\":{\"@type\":\"EntryPoint\",\"urlTemplate\":\"https:\/\/www.indieofilo.com\/?s={search_term_string}\"},\"query-input\":{\"@type\":\"PropertyValueSpecification\",\"valueRequired\":true,\"valueName\":\"search_term_string\"}}],\"inLanguage\":\"en-US\"},{\"@type\":\"Organization\",\"@id\":\"https:\/\/www.indieofilo.com\/#organization\",\"name\":\"Indie\u00f3filo Web\",\"url\":\"https:\/\/www.indieofilo.com\/\",\"logo\":{\"@type\":\"ImageObject\",\"inLanguage\":\"en-US\",\"@id\":\"https:\/\/www.indieofilo.com\/#\/schema\/logo\/image\/\",\"url\":\"https:\/\/www.indieofilo.com\/wp-content\/uploads\/2015\/02\/logo-alta-resolucion.png\",\"contentUrl\":\"https:\/\/www.indieofilo.com\/wp-content\/uploads\/2015\/02\/logo-alta-resolucion.png\",\"width\":544,\"height\":185,\"caption\":\"Indie\u00f3filo Web\"},\"image\":{\"@id\":\"https:\/\/www.indieofilo.com\/#\/schema\/logo\/image\/\"},\"sameAs\":[\"https:\/\/www.facebook.com\/Indieofilo\/\",\"https:\/\/x.com\/indieofilo\",\"https:\/\/www.instagram.com\/indieofilo\/\"]},{\"@type\":\"Person\",\"@id\":\"https:\/\/www.indieofilo.com\/#\/schema\/person\/595334d38590e4ce5a09f83cbf2fca90\",\"name\":\"Victor\",\"image\":{\"@type\":\"ImageObject\",\"inLanguage\":\"en-US\",\"@id\":\"https:\/\/www.indieofilo.com\/#\/schema\/person\/image\/\",\"url\":\"https:\/\/secure.gravatar.com\/avatar\/682b8c6ea3e94b6cffec683b25f1797d?s=96&d=mm&r=g\",\"contentUrl\":\"https:\/\/secure.gravatar.com\/avatar\/682b8c6ea3e94b6cffec683b25f1797d?s=96&d=mm&r=g\",\"caption\":\"Victor\"},\"description\":\"Fan\u00e1tico de la m\u00fasica desde que mis padres me pon\u00edan a Eydie Gorme y Los Panchos o el Discotuna por la A2. Intent\u00e9 tocar varios instrumentos, pero soy muy torpe con la mano izquierda, as\u00ed que ya sab\u00e9is el resultado final. Fan del britpop, Post-punk, el rugby y el baloncesto...\",\"sameAs\":[\"http:\/\/indieofilo.com\"],\"url\":\"https:\/\/www.indieofilo.com\/en\/author\/victor\"}]}<\/script>\n<!-- \/ Yoast SEO Premium plugin. -->","yoast_head_json":{"title":"Live Review: Jos\u00e9 Gonz\u00e1lez at Teatre Tivoli (5\/01\/2017 - Barcelona)","description":"Review & exclusive photo gallery of the gig that Jos\u00e9 Gonz\u00e1lez gave at Teatre Tivoli in Barcelona as part of 18o Festival Mil\u00b7lenni.","robots":{"index":"index","follow":"follow","max-snippet":"max-snippet:-1","max-image-preview":"max-image-preview:large","max-video-preview":"max-video-preview:-1"},"canonical":"https:\/\/www.indieofilo.com\/en\/gig-reviews\/jose-gonzalez-1st-may-2017-teatro-tivoli-barcelona","og_locale":"en_US","og_type":"article","og_title":"Jos\u00e9 Gonz\u00e1lez \u2013 1st May 2017 (Teatro Tivoli \u2013 Barcelona)","og_description":"Review & exclusive photo gallery of the gig that Jos\u00e9 Gonz\u00e1lez gave at Teatre Tivoli in Barcelona as part of 18o Festival Mil\u00b7lenni.","og_url":"https:\/\/www.indieofilo.com\/en\/gig-reviews\/jose-gonzalez-1st-may-2017-teatro-tivoli-barcelona","og_site_name":"Indie\u00f3filo","article_publisher":"https:\/\/www.facebook.com\/Indieofilo\/","article_published_time":"2017-05-04T16:59:32+00:00","article_modified_time":"2023-11-17T23:13:21+00:00","og_image":[{"width":800,"height":533,"url":"https:\/\/www.indieofilo.com\/wp-content\/uploads\/2017\/05\/Jose_Gonzalez_Barcelona_20176.jpg","type":"image\/jpeg"}],"author":"Victor","twitter_card":"summary_large_image","twitter_creator":"@indieofilo","twitter_site":"@indieofilo","twitter_misc":{"Written by":"Victor","Est. reading time":"4 minutes"},"schema":{"@context":"https:\/\/schema.org","@graph":[{"@type":"Article","@id":"https:\/\/www.indieofilo.com\/en\/gig-reviews\/jose-gonzalez-1st-may-2017-teatro-tivoli-barcelona#article","isPartOf":{"@id":"https:\/\/www.indieofilo.com\/en\/gig-reviews\/jose-gonzalez-1st-may-2017-teatro-tivoli-barcelona"},"author":{"name":"Victor","@id":"https:\/\/www.indieofilo.com\/#\/schema\/person\/595334d38590e4ce5a09f83cbf2fca90"},"headline":"Jos\u00e9 Gonz\u00e1lez \u2013 1st May 2017 (Teatro Tivoli \u2013 Barcelona)","datePublished":"2017-05-04T16:59:32+00:00","dateModified":"2023-11-17T23:13:21+00:00","mainEntityOfPage":{"@id":"https:\/\/www.indieofilo.com\/en\/gig-reviews\/jose-gonzalez-1st-may-2017-teatro-tivoli-barcelona"},"wordCount":556,"commentCount":0,"publisher":{"@id":"https:\/\/www.indieofilo.com\/#organization"},"image":{"@id":"https:\/\/www.indieofilo.com\/en\/gig-reviews\/jose-gonzalez-1st-may-2017-teatro-tivoli-barcelona#primaryimage"},"thumbnailUrl":"https:\/\/www.indieofilo.com\/wp-content\/uploads\/2017\/05\/Jose_Gonzalez_Barcelona_20176.jpg","keywords":["Festival Mil\u00b7lenni","Festival Mil\u00b7lenni 2017","Jose Gonzalez"],"articleSection":["Gig Reviews","Rooms"],"inLanguage":"en-US","potentialAction":[{"@type":"CommentAction","name":"Comment","target":["https:\/\/www.indieofilo.com\/en\/gig-reviews\/jose-gonzalez-1st-may-2017-teatro-tivoli-barcelona#respond"]}]},{"@type":"WebPage","@id":"https:\/\/www.indieofilo.com\/en\/gig-reviews\/jose-gonzalez-1st-may-2017-teatro-tivoli-barcelona","url":"https:\/\/www.indieofilo.com\/en\/gig-reviews\/jose-gonzalez-1st-may-2017-teatro-tivoli-barcelona","name":"Live Review: Jos\u00e9 Gonz\u00e1lez at Teatre Tivoli (5\/01\/2017 - Barcelona)","isPartOf":{"@id":"https:\/\/www.indieofilo.com\/#website"},"primaryImageOfPage":{"@id":"https:\/\/www.indieofilo.com\/en\/gig-reviews\/jose-gonzalez-1st-may-2017-teatro-tivoli-barcelona#primaryimage"},"image":{"@id":"https:\/\/www.indieofilo.com\/en\/gig-reviews\/jose-gonzalez-1st-may-2017-teatro-tivoli-barcelona#primaryimage"},"thumbnailUrl":"https:\/\/www.indieofilo.com\/wp-content\/uploads\/2017\/05\/Jose_Gonzalez_Barcelona_20176.jpg","datePublished":"2017-05-04T16:59:32+00:00","dateModified":"2023-11-17T23:13:21+00:00","description":"Review & exclusive photo gallery of the gig that Jos\u00e9 Gonz\u00e1lez gave at Teatre Tivoli in Barcelona as part of 18o Festival Mil\u00b7lenni.","breadcrumb":{"@id":"https:\/\/www.indieofilo.com\/en\/gig-reviews\/jose-gonzalez-1st-may-2017-teatro-tivoli-barcelona#breadcrumb"},"inLanguage":"en-US","potentialAction":[{"@type":"ReadAction","target":["https:\/\/www.indieofilo.com\/en\/gig-reviews\/jose-gonzalez-1st-may-2017-teatro-tivoli-barcelona"]}]},{"@type":"ImageObject","inLanguage":"en-US","@id":"https:\/\/www.indieofilo.com\/en\/gig-reviews\/jose-gonzalez-1st-may-2017-teatro-tivoli-barcelona#primaryimage","url":"https:\/\/www.indieofilo.com\/wp-content\/uploads\/2017\/05\/Jose_Gonzalez_Barcelona_20176.jpg","contentUrl":"https:\/\/www.indieofilo.com\/wp-content\/uploads\/2017\/05\/Jose_Gonzalez_Barcelona_20176.jpg","width":800,"height":533,"caption":"Jose Gonzalez Barcelona 2017"},{"@type":"BreadcrumbList","@id":"https:\/\/www.indieofilo.com\/en\/gig-reviews\/jose-gonzalez-1st-may-2017-teatro-tivoli-barcelona#breadcrumb","itemListElement":[{"@type":"ListItem","position":1,"name":"Portada","item":"https:\/\/www.indieofilo.com\/en"},{"@type":"ListItem","position":2,"name":"Jos\u00e9 Gonz\u00e1lez \u2013 1st May 2017 (Teatro Tivoli \u2013 Barcelona)"}]},{"@type":"WebSite","@id":"https:\/\/www.indieofilo.com\/#website","url":"https:\/\/www.indieofilo.com\/","name":"Indie\u00f3filo","description":"Magazine online de la cultura independiente","publisher":{"@id":"https:\/\/www.indieofilo.com\/#organization"},"potentialAction":[{"@type":"SearchAction","target":{"@type":"EntryPoint","urlTemplate":"https:\/\/www.indieofilo.com\/?s={search_term_string}"},"query-input":{"@type":"PropertyValueSpecification","valueRequired":true,"valueName":"search_term_string"}}],"inLanguage":"en-US"},{"@type":"Organization","@id":"https:\/\/www.indieofilo.com\/#organization","name":"Indie\u00f3filo Web","url":"https:\/\/www.indieofilo.com\/","logo":{"@type":"ImageObject","inLanguage":"en-US","@id":"https:\/\/www.indieofilo.com\/#\/schema\/logo\/image\/","url":"https:\/\/www.indieofilo.com\/wp-content\/uploads\/2015\/02\/logo-alta-resolucion.png","contentUrl":"https:\/\/www.indieofilo.com\/wp-content\/uploads\/2015\/02\/logo-alta-resolucion.png","width":544,"height":185,"caption":"Indie\u00f3filo Web"},"image":{"@id":"https:\/\/www.indieofilo.com\/#\/schema\/logo\/image\/"},"sameAs":["https:\/\/www.facebook.com\/Indieofilo\/","https:\/\/x.com\/indieofilo","https:\/\/www.instagram.com\/indieofilo\/"]},{"@type":"Person","@id":"https:\/\/www.indieofilo.com\/#\/schema\/person\/595334d38590e4ce5a09f83cbf2fca90","name":"Victor","image":{"@type":"ImageObject","inLanguage":"en-US","@id":"https:\/\/www.indieofilo.com\/#\/schema\/person\/image\/","url":"https:\/\/secure.gravatar.com\/avatar\/682b8c6ea3e94b6cffec683b25f1797d?s=96&d=mm&r=g","contentUrl":"https:\/\/secure.gravatar.com\/avatar\/682b8c6ea3e94b6cffec683b25f1797d?s=96&d=mm&r=g","caption":"Victor"},"description":"Fan\u00e1tico de la m\u00fasica desde que mis padres me pon\u00edan a Eydie Gorme y Los Panchos o el Discotuna por la A2. Intent\u00e9 tocar varios instrumentos, pero soy muy torpe con la mano izquierda, as\u00ed que ya sab\u00e9is el resultado final. Fan del britpop, Post-punk, el rugby y el baloncesto...","sameAs":["http:\/\/indieofilo.com"],"url":"https:\/\/www.indieofilo.com\/en\/author\/victor"}]}},"_links":{"self":[{"href":"https:\/\/www.indieofilo.com\/en\/wp-json\/wp\/v2\/posts\/9202","targetHints":{"allow":["GET"]}}],"collection":[{"href":"https:\/\/www.indieofilo.com\/en\/wp-json\/wp\/v2\/posts"}],"about":[{"href":"https:\/\/www.indieofilo.com\/en\/wp-json\/wp\/v2\/types\/post"}],"author":[{"embeddable":true,"href":"https:\/\/www.indieofilo.com\/en\/wp-json\/wp\/v2\/users\/1"}],"replies":[{"embeddable":true,"href":"https:\/\/www.indieofilo.com\/en\/wp-json\/wp\/v2\/comments?post=9202"}],"version-history":[{"count":0,"href":"https:\/\/www.indieofilo.com\/en\/wp-json\/wp\/v2\/posts\/9202\/revisions"}],"wp:featuredmedia":[{"embeddable":true,"href":"https:\/\/www.indieofilo.com\/en\/wp-json\/wp\/v2\/media\/9196"}],"wp:attachment":[{"href":"https:\/\/www.indieofilo.com\/en\/wp-json\/wp\/v2\/media?parent=9202"}],"wp:term":[{"taxonomy":"category","embeddable":true,"href":"https:\/\/www.indieofilo.com\/en\/wp-json\/wp\/v2\/categories?post=9202"},{"taxonomy":"post_tag","embeddable":true,"href":"https:\/\/www.indieofilo.com\/en\/wp-json\/wp\/v2\/tags?post=9202"}],"curies":[{"name":"wp","href":"https:\/\/api.w.org\/{rel}","templated":true}]}}