{"id":9183,"date":"2017-05-02T17:47:07","date_gmt":"2017-05-02T15:47:07","guid":{"rendered":"http:\/\/indieofilo.com\/?p=9183"},"modified":"2023-11-18T00:13:38","modified_gmt":"2023-11-17T23:13:38","slug":"placebo-27th-april-2017-sala-razzmatazz-barcelona","status":"publish","type":"post","link":"https:\/\/www.indieofilo.com\/en\/gig-reviews\/placebo-27th-april-2017-sala-razzmatazz-barcelona","title":{"rendered":"Placebo \u2013 27th April 2017 (Sala Razzmatazz \u2013 Barcelona)"},"content":{"rendered":"<p style=\"text-align: justify;\">\n\tFor the second&nbsp;night in a row, Placebo filled to the brim the Razzmatazz room in Barcelona, in which would be the second stop of the Spanish tour to celebrate their 20th anniversary as a band that in the coming days will also take them to Madrid, Granada, Mallorca and Logro&ntilde;o. Before <strong>a mostly adult audience<\/strong> that has grown almost at the same pace as the band (ages between 35 and 50 mostly), the band of <strong>Brian Molko<\/strong> and <strong>Stefan Olsdal<\/strong> prepared a huge party that had a video summary of the 20-year career and where only a few hits were left out.<\/p>\n<p style=\"text-align: justify;\">\n\t<img fetchpriority=\"high\" decoding=\"async\" alt=\"Placebo - Barcelona 2017\" class=\"aligncenter size-full wp-image-9179\" height=\"533\" src=\"http:\/\/indieofilo.com\/wp-content\/uploads\/2017\/05\/Placebo_Barcelona_20176.jpg\" width=\"800\" srcset=\"https:\/\/www.indieofilo.com\/wp-content\/uploads\/2017\/05\/Placebo_Barcelona_20176.jpg 800w, https:\/\/www.indieofilo.com\/wp-content\/uploads\/2017\/05\/Placebo_Barcelona_20176-300x200.jpg 300w, https:\/\/www.indieofilo.com\/wp-content\/uploads\/2017\/05\/Placebo_Barcelona_20176-768x512.jpg 768w\" sizes=\"(max-width: 800px) 100vw, 800px\" \/><\/p>\n<p style=\"text-align: justify;\">\n\tAfter a start marked by two introductory videos, first the original video clip of &quot;<em>Every You Every Me<\/em>&quot; and then as we said before a summary of its 20 years of career, the two great protagonists of the night jumped on stage on the first chords of &quot;<em>Pure Morning<\/em>&quot;, to the delight of a room passionated from the beginning. The most recent &quot;<em>Loud Like Love<\/em>&quot; wanted to maintain that distressing tone that characterizes the band, but between the combo &quot;<em>Jesus&#39; Son<\/em>&quot; &#8211; &quot;<em>Soulmates<\/em>&quot; and the audience singing an unnecessary &quot;<em>Happy birthday<\/em>&quot; to the band, lowered the initial euphoria in a moment that made us fear the massive incursion of songs from their last two albums.. However, and we apologize for doubting <strong>Molko and company<\/strong>, an incredibly emotional &quot;<em>Special Needs<\/em>&quot; and &quot;<em>Lazarus<\/em>&quot;, <strong>where Brian Molko&#39;s voice proved to be in a stately way<\/strong>, were a magnificent departure ramp for that anti-ode of Social Networks that is &quot;<em>Too Many Friends<\/em>&quot; (<em>perfect soundtrack for an episode of Black Mirror<\/em>) or &quot;<em>Twenty Years<\/em>&quot;, widely sang by the public.<\/p>\n<p>\t<img decoding=\"async\" alt=\"Placebo 2017 - Barcelona\" class=\"aligncenter size-full wp-image-9178\" height=\"533\" src=\"http:\/\/indieofilo.com\/wp-content\/uploads\/2017\/05\/Placebo_Barcelona_20175.jpg\" width=\"800\" srcset=\"https:\/\/www.indieofilo.com\/wp-content\/uploads\/2017\/05\/Placebo_Barcelona_20175.jpg 800w, https:\/\/www.indieofilo.com\/wp-content\/uploads\/2017\/05\/Placebo_Barcelona_20175-300x200.jpg 300w, https:\/\/www.indieofilo.com\/wp-content\/uploads\/2017\/05\/Placebo_Barcelona_20175-768x512.jpg 768w\" sizes=\"(max-width: 800px) 100vw, 800px\" \/><\/p>\n<p style=\"text-align: justify;\">\n\tIt had to be the veteran &quot;<em>I Know<\/em>&quot; the one who started <strong>that repertoire of half asphyxiating times that have marked the style of the British band<\/strong> and that supposed the intermediate block of their concert. Like this come chained &quot;<em>Space Monkey<\/em>&quot;, &quot;<em>Exit Wounds<\/em>&quot; or &quot;<em>Protect Me from What I Want<\/em>&rdquo;, in which <strong>the aid on the guitars and bass player of Nick Gavrilovic and Bill Lloyd contributing to dark tones managed to mitigate the little strength on the drums of Matt Lunn, who does not seem to reach the levels of Hewitt or Forrest<\/strong>. Already with favorable wind, the band displayed all its potential, starting with a sublime &quot;<em>Without You I&#39;m Nothing<\/em>&quot; that included a video tribute to <strong>David Bowie<\/strong> (who featured in the single version), which would follow a relaxed version of &quot;<em>36 degrees<\/em>&quot; and &quot;<em>Lady of the Flowers<\/em>&quot;, that was thanked the longest-lived fans.<\/p>\n<p>\t<img decoding=\"async\" alt=\"Brian Molko 2017\" class=\"aligncenter size-full wp-image-9174\" height=\"533\" src=\"http:\/\/indieofilo.com\/wp-content\/uploads\/2017\/05\/Placebo_Barcelona_20171.jpg\" width=\"800\" srcset=\"https:\/\/www.indieofilo.com\/wp-content\/uploads\/2017\/05\/Placebo_Barcelona_20171.jpg 800w, https:\/\/www.indieofilo.com\/wp-content\/uploads\/2017\/05\/Placebo_Barcelona_20171-300x200.jpg 300w, https:\/\/www.indieofilo.com\/wp-content\/uploads\/2017\/05\/Placebo_Barcelona_20171-768x512.jpg 768w\" sizes=\"(max-width: 800px) 100vw, 800px\" \/><\/p>\n<p style=\"text-align: justify;\">\n\t&quot;<em>For What It&#39;s Worth<\/em>&quot; showed then that <strong>it already has become one of the most danceable hits from the repertoire<\/strong> even though its style doesn&rsquo;t join too with the classics of the band, which fell one after another in a memorable end. The post-grunge touches of &quot;<em>Slave to the Wage<\/em>&quot; and an accelerated &quot;<em>Special K<\/em>&quot; made us remember the last century, in which our hardships and problems had the soundtrack of a CD of Placebo, while &quot;<em>Song to Say Goodbye<\/em>&quot;, with its emotive background video and <strong>Fiona Brice&#39;s keyboards and violins as protagonists<\/strong>, made the whole audience sing in unison their familiar chorus. After a few new words in Spanish that showed us a <strong>Brian Molko<\/strong> more witty than we remembered, and with the public already surrendered at their feet would arrive &quot;<em>The Bitter End<\/em>&quot;, last song before some encores that started with the song that possibly best describes<strong> Placebo&rsquo;s style<\/strong>, &quot;<em>Teenage Angst<\/em>&quot;, with these lines of chorus &quot;<em>Since I was born\/I started to decay..<\/em>&quot; still resonating in our unconscious.<\/p>\n<p style=\"text-align: justify;\">\n\t<img loading=\"lazy\" decoding=\"async\" alt=\"Stefan Olsdal 2017\" class=\"aligncenter size-full wp-image-9176\" height=\"533\" src=\"http:\/\/indieofilo.com\/wp-content\/uploads\/2017\/05\/Placebo_Barcelona_20173.jpg\" width=\"800\" srcset=\"https:\/\/www.indieofilo.com\/wp-content\/uploads\/2017\/05\/Placebo_Barcelona_20173.jpg 800w, https:\/\/www.indieofilo.com\/wp-content\/uploads\/2017\/05\/Placebo_Barcelona_20173-300x200.jpg 300w, https:\/\/www.indieofilo.com\/wp-content\/uploads\/2017\/05\/Placebo_Barcelona_20173-768x512.jpg 768w\" sizes=\"(max-width: 800px) 100vw, 800px\" \/><\/p>\n<p style=\"text-align: justify;\">\n\tThe wheel could not stop and <strong>Olsdal<\/strong> take out his famous bass with LGBTI flag on it to unleash the madness in &quot;<em>Nancy Boy<\/em>&quot;, which would follow an accelerated version of &quot;<em>Infra-red<\/em>&quot; with projections in which you could see the face of <strong>Donald Trump<\/strong> as if it were a pack of cigarettes next to the sentence &quot;<em>Seriously harms you and others around you<\/em>&quot;. The icing on the cake in the form of a second encore would be the well-known version of <strong>Kate Bush<\/strong>&#39;s song &quot;<em>Running Up That Hill<\/em>&quot;, which <strong>after about 2 hours and 15 minutes of concert meant the closing to a show almost perfect that at times had dyes of Farewell<\/strong>, we do not know if to that style that in the decade 1996-2006 led them to stardom or their final farewell as a band, and in which they surprisingly had no place for hits like &quot;<em>You Do not Care About Us<\/em>&quot;, &quot;<em>Taste In Men<\/em>&quot;,&quot;<em>English Summer Rain<\/em>&quot; or &quot;<em>Meds<\/em>&quot;.<\/p>\n<h4 style=\"text-align: justify;\">\n\tReview: V&iacute;ctor Ramos\/ Photography: Esther Vicente<\/h4>\n","protected":false},"excerpt":{"rendered":"<p>For the second&nbsp;night in a row, Placebo filled to the brim the Razzmatazz room in Barcelona, in which would be the second stop of the Spanish tour to celebrate their 20th anniversary as a band that in the coming days will also take them to Madrid, Granada, Mallorca and Logro&ntilde;o. Before a mostly adult audience [&hellip;]<\/p>\n","protected":false},"author":1,"featured_media":9179,"comment_status":"open","ping_status":"closed","sticky":false,"template":"","format":"gallery","meta":{"footnotes":""},"categories":[7,15],"tags":[5533],"class_list":["post-9183","post","type-post","status-publish","format-gallery","has-post-thumbnail","hentry","category-gig-reviews","category-rooms","tag-placebo-en","post_format-post-format-gallery"],"yoast_head":"<!-- This site is optimized with the Yoast SEO Premium plugin v23.9 (Yoast SEO v26.6) - https:\/\/yoast.com\/wordpress\/plugins\/seo\/ -->\n<title>Live Review: Placebo at Sala Razzmatazz (4\/27\/2017 - Barcelona)<\/title>\n<meta name=\"description\" content=\"Review &amp; exclusive photo gallery of the gig that Placebo gave at Sala Razzmatazz in Barcelona as part of their tour &quot;20 years of Placebo&quot;.\" \/>\n<meta name=\"robots\" content=\"index, follow, max-snippet:-1, max-image-preview:large, max-video-preview:-1\" \/>\n<link rel=\"canonical\" href=\"https:\/\/www.indieofilo.com\/en\/gig-reviews\/placebo-27th-april-2017-sala-razzmatazz-barcelona\" \/>\n<meta property=\"og:locale\" content=\"en_US\" \/>\n<meta property=\"og:type\" content=\"article\" \/>\n<meta property=\"og:title\" content=\"Placebo \u2013 27th April 2017 (Sala Razzmatazz \u2013 Barcelona)\" \/>\n<meta property=\"og:description\" content=\"Review &amp; exclusive photo gallery of the gig that Placebo gave at Sala Razzmatazz in Barcelona as part of their tour &quot;20 years of Placebo&quot;.\" \/>\n<meta property=\"og:url\" content=\"https:\/\/www.indieofilo.com\/en\/gig-reviews\/placebo-27th-april-2017-sala-razzmatazz-barcelona\" \/>\n<meta property=\"og:site_name\" content=\"Indie\u00f3filo\" \/>\n<meta property=\"article:publisher\" content=\"https:\/\/www.facebook.com\/Indieofilo\/\" \/>\n<meta property=\"article:published_time\" content=\"2017-05-02T15:47:07+00:00\" \/>\n<meta property=\"article:modified_time\" content=\"2023-11-17T23:13:38+00:00\" \/>\n<meta property=\"og:image\" content=\"https:\/\/www.indieofilo.com\/wp-content\/uploads\/2017\/05\/Placebo_Barcelona_20176.jpg\" \/>\n\t<meta property=\"og:image:width\" content=\"800\" \/>\n\t<meta property=\"og:image:height\" content=\"533\" \/>\n\t<meta property=\"og:image:type\" content=\"image\/jpeg\" \/>\n<meta name=\"author\" content=\"Victor\" \/>\n<meta name=\"twitter:card\" content=\"summary_large_image\" \/>\n<meta name=\"twitter:creator\" content=\"@indieofilo\" \/>\n<meta name=\"twitter:site\" content=\"@indieofilo\" \/>\n<meta name=\"twitter:label1\" content=\"Written by\" \/>\n\t<meta name=\"twitter:data1\" content=\"Victor\" \/>\n\t<meta name=\"twitter:label2\" content=\"Est. reading time\" \/>\n\t<meta name=\"twitter:data2\" content=\"5 minutes\" \/>\n<script type=\"application\/ld+json\" class=\"yoast-schema-graph\">{\"@context\":\"https:\/\/schema.org\",\"@graph\":[{\"@type\":\"Article\",\"@id\":\"https:\/\/www.indieofilo.com\/en\/gig-reviews\/placebo-27th-april-2017-sala-razzmatazz-barcelona#article\",\"isPartOf\":{\"@id\":\"https:\/\/www.indieofilo.com\/en\/gig-reviews\/placebo-27th-april-2017-sala-razzmatazz-barcelona\"},\"author\":{\"name\":\"Victor\",\"@id\":\"https:\/\/www.indieofilo.com\/#\/schema\/person\/595334d38590e4ce5a09f83cbf2fca90\"},\"headline\":\"Placebo \u2013 27th April 2017 (Sala Razzmatazz \u2013 Barcelona)\",\"datePublished\":\"2017-05-02T15:47:07+00:00\",\"dateModified\":\"2023-11-17T23:13:38+00:00\",\"mainEntityOfPage\":{\"@id\":\"https:\/\/www.indieofilo.com\/en\/gig-reviews\/placebo-27th-april-2017-sala-razzmatazz-barcelona\"},\"wordCount\":841,\"commentCount\":0,\"publisher\":{\"@id\":\"https:\/\/www.indieofilo.com\/#organization\"},\"image\":{\"@id\":\"https:\/\/www.indieofilo.com\/en\/gig-reviews\/placebo-27th-april-2017-sala-razzmatazz-barcelona#primaryimage\"},\"thumbnailUrl\":\"https:\/\/www.indieofilo.com\/wp-content\/uploads\/2017\/05\/Placebo_Barcelona_20176.jpg\",\"keywords\":[\"Placebo\"],\"articleSection\":[\"Gig Reviews\",\"Rooms\"],\"inLanguage\":\"en-US\",\"potentialAction\":[{\"@type\":\"CommentAction\",\"name\":\"Comment\",\"target\":[\"https:\/\/www.indieofilo.com\/en\/gig-reviews\/placebo-27th-april-2017-sala-razzmatazz-barcelona#respond\"]}]},{\"@type\":\"WebPage\",\"@id\":\"https:\/\/www.indieofilo.com\/en\/gig-reviews\/placebo-27th-april-2017-sala-razzmatazz-barcelona\",\"url\":\"https:\/\/www.indieofilo.com\/en\/gig-reviews\/placebo-27th-april-2017-sala-razzmatazz-barcelona\",\"name\":\"Live Review: Placebo at Sala Razzmatazz (4\/27\/2017 - Barcelona)\",\"isPartOf\":{\"@id\":\"https:\/\/www.indieofilo.com\/#website\"},\"primaryImageOfPage\":{\"@id\":\"https:\/\/www.indieofilo.com\/en\/gig-reviews\/placebo-27th-april-2017-sala-razzmatazz-barcelona#primaryimage\"},\"image\":{\"@id\":\"https:\/\/www.indieofilo.com\/en\/gig-reviews\/placebo-27th-april-2017-sala-razzmatazz-barcelona#primaryimage\"},\"thumbnailUrl\":\"https:\/\/www.indieofilo.com\/wp-content\/uploads\/2017\/05\/Placebo_Barcelona_20176.jpg\",\"datePublished\":\"2017-05-02T15:47:07+00:00\",\"dateModified\":\"2023-11-17T23:13:38+00:00\",\"description\":\"Review & exclusive photo gallery of the gig that Placebo gave at Sala Razzmatazz in Barcelona as part of their tour \\\"20 years of Placebo\\\".\",\"breadcrumb\":{\"@id\":\"https:\/\/www.indieofilo.com\/en\/gig-reviews\/placebo-27th-april-2017-sala-razzmatazz-barcelona#breadcrumb\"},\"inLanguage\":\"en-US\",\"potentialAction\":[{\"@type\":\"ReadAction\",\"target\":[\"https:\/\/www.indieofilo.com\/en\/gig-reviews\/placebo-27th-april-2017-sala-razzmatazz-barcelona\"]}]},{\"@type\":\"ImageObject\",\"inLanguage\":\"en-US\",\"@id\":\"https:\/\/www.indieofilo.com\/en\/gig-reviews\/placebo-27th-april-2017-sala-razzmatazz-barcelona#primaryimage\",\"url\":\"https:\/\/www.indieofilo.com\/wp-content\/uploads\/2017\/05\/Placebo_Barcelona_20176.jpg\",\"contentUrl\":\"https:\/\/www.indieofilo.com\/wp-content\/uploads\/2017\/05\/Placebo_Barcelona_20176.jpg\",\"width\":800,\"height\":533,\"caption\":\"Placebo - Barcelona 2017\"},{\"@type\":\"BreadcrumbList\",\"@id\":\"https:\/\/www.indieofilo.com\/en\/gig-reviews\/placebo-27th-april-2017-sala-razzmatazz-barcelona#breadcrumb\",\"itemListElement\":[{\"@type\":\"ListItem\",\"position\":1,\"name\":\"Portada\",\"item\":\"https:\/\/www.indieofilo.com\/en\"},{\"@type\":\"ListItem\",\"position\":2,\"name\":\"Placebo \u2013 27th April 2017 (Sala Razzmatazz \u2013 Barcelona)\"}]},{\"@type\":\"WebSite\",\"@id\":\"https:\/\/www.indieofilo.com\/#website\",\"url\":\"https:\/\/www.indieofilo.com\/\",\"name\":\"Indie\u00f3filo\",\"description\":\"Magazine online de la cultura independiente\",\"publisher\":{\"@id\":\"https:\/\/www.indieofilo.com\/#organization\"},\"potentialAction\":[{\"@type\":\"SearchAction\",\"target\":{\"@type\":\"EntryPoint\",\"urlTemplate\":\"https:\/\/www.indieofilo.com\/?s={search_term_string}\"},\"query-input\":{\"@type\":\"PropertyValueSpecification\",\"valueRequired\":true,\"valueName\":\"search_term_string\"}}],\"inLanguage\":\"en-US\"},{\"@type\":\"Organization\",\"@id\":\"https:\/\/www.indieofilo.com\/#organization\",\"name\":\"Indie\u00f3filo Web\",\"url\":\"https:\/\/www.indieofilo.com\/\",\"logo\":{\"@type\":\"ImageObject\",\"inLanguage\":\"en-US\",\"@id\":\"https:\/\/www.indieofilo.com\/#\/schema\/logo\/image\/\",\"url\":\"https:\/\/www.indieofilo.com\/wp-content\/uploads\/2015\/02\/logo-alta-resolucion.png\",\"contentUrl\":\"https:\/\/www.indieofilo.com\/wp-content\/uploads\/2015\/02\/logo-alta-resolucion.png\",\"width\":544,\"height\":185,\"caption\":\"Indie\u00f3filo Web\"},\"image\":{\"@id\":\"https:\/\/www.indieofilo.com\/#\/schema\/logo\/image\/\"},\"sameAs\":[\"https:\/\/www.facebook.com\/Indieofilo\/\",\"https:\/\/x.com\/indieofilo\",\"https:\/\/www.instagram.com\/indieofilo\/\"]},{\"@type\":\"Person\",\"@id\":\"https:\/\/www.indieofilo.com\/#\/schema\/person\/595334d38590e4ce5a09f83cbf2fca90\",\"name\":\"Victor\",\"image\":{\"@type\":\"ImageObject\",\"inLanguage\":\"en-US\",\"@id\":\"https:\/\/www.indieofilo.com\/#\/schema\/person\/image\/\",\"url\":\"https:\/\/secure.gravatar.com\/avatar\/682b8c6ea3e94b6cffec683b25f1797d?s=96&d=mm&r=g\",\"contentUrl\":\"https:\/\/secure.gravatar.com\/avatar\/682b8c6ea3e94b6cffec683b25f1797d?s=96&d=mm&r=g\",\"caption\":\"Victor\"},\"description\":\"Fan\u00e1tico de la m\u00fasica desde que mis padres me pon\u00edan a Eydie Gorme y Los Panchos o el Discotuna por la A2. Intent\u00e9 tocar varios instrumentos, pero soy muy torpe con la mano izquierda, as\u00ed que ya sab\u00e9is el resultado final. Fan del britpop, Post-punk, el rugby y el baloncesto...\",\"sameAs\":[\"http:\/\/indieofilo.com\"],\"url\":\"https:\/\/www.indieofilo.com\/en\/author\/victor\"}]}<\/script>\n<!-- \/ Yoast SEO Premium plugin. -->","yoast_head_json":{"title":"Live Review: Placebo at Sala Razzmatazz (4\/27\/2017 - Barcelona)","description":"Review & exclusive photo gallery of the gig that Placebo gave at Sala Razzmatazz in Barcelona as part of their tour \"20 years of Placebo\".","robots":{"index":"index","follow":"follow","max-snippet":"max-snippet:-1","max-image-preview":"max-image-preview:large","max-video-preview":"max-video-preview:-1"},"canonical":"https:\/\/www.indieofilo.com\/en\/gig-reviews\/placebo-27th-april-2017-sala-razzmatazz-barcelona","og_locale":"en_US","og_type":"article","og_title":"Placebo \u2013 27th April 2017 (Sala Razzmatazz \u2013 Barcelona)","og_description":"Review & exclusive photo gallery of the gig that Placebo gave at Sala Razzmatazz in Barcelona as part of their tour \"20 years of Placebo\".","og_url":"https:\/\/www.indieofilo.com\/en\/gig-reviews\/placebo-27th-april-2017-sala-razzmatazz-barcelona","og_site_name":"Indie\u00f3filo","article_publisher":"https:\/\/www.facebook.com\/Indieofilo\/","article_published_time":"2017-05-02T15:47:07+00:00","article_modified_time":"2023-11-17T23:13:38+00:00","og_image":[{"width":800,"height":533,"url":"https:\/\/www.indieofilo.com\/wp-content\/uploads\/2017\/05\/Placebo_Barcelona_20176.jpg","type":"image\/jpeg"}],"author":"Victor","twitter_card":"summary_large_image","twitter_creator":"@indieofilo","twitter_site":"@indieofilo","twitter_misc":{"Written by":"Victor","Est. reading time":"5 minutes"},"schema":{"@context":"https:\/\/schema.org","@graph":[{"@type":"Article","@id":"https:\/\/www.indieofilo.com\/en\/gig-reviews\/placebo-27th-april-2017-sala-razzmatazz-barcelona#article","isPartOf":{"@id":"https:\/\/www.indieofilo.com\/en\/gig-reviews\/placebo-27th-april-2017-sala-razzmatazz-barcelona"},"author":{"name":"Victor","@id":"https:\/\/www.indieofilo.com\/#\/schema\/person\/595334d38590e4ce5a09f83cbf2fca90"},"headline":"Placebo \u2013 27th April 2017 (Sala Razzmatazz \u2013 Barcelona)","datePublished":"2017-05-02T15:47:07+00:00","dateModified":"2023-11-17T23:13:38+00:00","mainEntityOfPage":{"@id":"https:\/\/www.indieofilo.com\/en\/gig-reviews\/placebo-27th-april-2017-sala-razzmatazz-barcelona"},"wordCount":841,"commentCount":0,"publisher":{"@id":"https:\/\/www.indieofilo.com\/#organization"},"image":{"@id":"https:\/\/www.indieofilo.com\/en\/gig-reviews\/placebo-27th-april-2017-sala-razzmatazz-barcelona#primaryimage"},"thumbnailUrl":"https:\/\/www.indieofilo.com\/wp-content\/uploads\/2017\/05\/Placebo_Barcelona_20176.jpg","keywords":["Placebo"],"articleSection":["Gig Reviews","Rooms"],"inLanguage":"en-US","potentialAction":[{"@type":"CommentAction","name":"Comment","target":["https:\/\/www.indieofilo.com\/en\/gig-reviews\/placebo-27th-april-2017-sala-razzmatazz-barcelona#respond"]}]},{"@type":"WebPage","@id":"https:\/\/www.indieofilo.com\/en\/gig-reviews\/placebo-27th-april-2017-sala-razzmatazz-barcelona","url":"https:\/\/www.indieofilo.com\/en\/gig-reviews\/placebo-27th-april-2017-sala-razzmatazz-barcelona","name":"Live Review: Placebo at Sala Razzmatazz (4\/27\/2017 - Barcelona)","isPartOf":{"@id":"https:\/\/www.indieofilo.com\/#website"},"primaryImageOfPage":{"@id":"https:\/\/www.indieofilo.com\/en\/gig-reviews\/placebo-27th-april-2017-sala-razzmatazz-barcelona#primaryimage"},"image":{"@id":"https:\/\/www.indieofilo.com\/en\/gig-reviews\/placebo-27th-april-2017-sala-razzmatazz-barcelona#primaryimage"},"thumbnailUrl":"https:\/\/www.indieofilo.com\/wp-content\/uploads\/2017\/05\/Placebo_Barcelona_20176.jpg","datePublished":"2017-05-02T15:47:07+00:00","dateModified":"2023-11-17T23:13:38+00:00","description":"Review & exclusive photo gallery of the gig that Placebo gave at Sala Razzmatazz in Barcelona as part of their tour \"20 years of Placebo\".","breadcrumb":{"@id":"https:\/\/www.indieofilo.com\/en\/gig-reviews\/placebo-27th-april-2017-sala-razzmatazz-barcelona#breadcrumb"},"inLanguage":"en-US","potentialAction":[{"@type":"ReadAction","target":["https:\/\/www.indieofilo.com\/en\/gig-reviews\/placebo-27th-april-2017-sala-razzmatazz-barcelona"]}]},{"@type":"ImageObject","inLanguage":"en-US","@id":"https:\/\/www.indieofilo.com\/en\/gig-reviews\/placebo-27th-april-2017-sala-razzmatazz-barcelona#primaryimage","url":"https:\/\/www.indieofilo.com\/wp-content\/uploads\/2017\/05\/Placebo_Barcelona_20176.jpg","contentUrl":"https:\/\/www.indieofilo.com\/wp-content\/uploads\/2017\/05\/Placebo_Barcelona_20176.jpg","width":800,"height":533,"caption":"Placebo - Barcelona 2017"},{"@type":"BreadcrumbList","@id":"https:\/\/www.indieofilo.com\/en\/gig-reviews\/placebo-27th-april-2017-sala-razzmatazz-barcelona#breadcrumb","itemListElement":[{"@type":"ListItem","position":1,"name":"Portada","item":"https:\/\/www.indieofilo.com\/en"},{"@type":"ListItem","position":2,"name":"Placebo \u2013 27th April 2017 (Sala Razzmatazz \u2013 Barcelona)"}]},{"@type":"WebSite","@id":"https:\/\/www.indieofilo.com\/#website","url":"https:\/\/www.indieofilo.com\/","name":"Indie\u00f3filo","description":"Magazine online de la cultura independiente","publisher":{"@id":"https:\/\/www.indieofilo.com\/#organization"},"potentialAction":[{"@type":"SearchAction","target":{"@type":"EntryPoint","urlTemplate":"https:\/\/www.indieofilo.com\/?s={search_term_string}"},"query-input":{"@type":"PropertyValueSpecification","valueRequired":true,"valueName":"search_term_string"}}],"inLanguage":"en-US"},{"@type":"Organization","@id":"https:\/\/www.indieofilo.com\/#organization","name":"Indie\u00f3filo Web","url":"https:\/\/www.indieofilo.com\/","logo":{"@type":"ImageObject","inLanguage":"en-US","@id":"https:\/\/www.indieofilo.com\/#\/schema\/logo\/image\/","url":"https:\/\/www.indieofilo.com\/wp-content\/uploads\/2015\/02\/logo-alta-resolucion.png","contentUrl":"https:\/\/www.indieofilo.com\/wp-content\/uploads\/2015\/02\/logo-alta-resolucion.png","width":544,"height":185,"caption":"Indie\u00f3filo Web"},"image":{"@id":"https:\/\/www.indieofilo.com\/#\/schema\/logo\/image\/"},"sameAs":["https:\/\/www.facebook.com\/Indieofilo\/","https:\/\/x.com\/indieofilo","https:\/\/www.instagram.com\/indieofilo\/"]},{"@type":"Person","@id":"https:\/\/www.indieofilo.com\/#\/schema\/person\/595334d38590e4ce5a09f83cbf2fca90","name":"Victor","image":{"@type":"ImageObject","inLanguage":"en-US","@id":"https:\/\/www.indieofilo.com\/#\/schema\/person\/image\/","url":"https:\/\/secure.gravatar.com\/avatar\/682b8c6ea3e94b6cffec683b25f1797d?s=96&d=mm&r=g","contentUrl":"https:\/\/secure.gravatar.com\/avatar\/682b8c6ea3e94b6cffec683b25f1797d?s=96&d=mm&r=g","caption":"Victor"},"description":"Fan\u00e1tico de la m\u00fasica desde que mis padres me pon\u00edan a Eydie Gorme y Los Panchos o el Discotuna por la A2. Intent\u00e9 tocar varios instrumentos, pero soy muy torpe con la mano izquierda, as\u00ed que ya sab\u00e9is el resultado final. Fan del britpop, Post-punk, el rugby y el baloncesto...","sameAs":["http:\/\/indieofilo.com"],"url":"https:\/\/www.indieofilo.com\/en\/author\/victor"}]}},"_links":{"self":[{"href":"https:\/\/www.indieofilo.com\/en\/wp-json\/wp\/v2\/posts\/9183","targetHints":{"allow":["GET"]}}],"collection":[{"href":"https:\/\/www.indieofilo.com\/en\/wp-json\/wp\/v2\/posts"}],"about":[{"href":"https:\/\/www.indieofilo.com\/en\/wp-json\/wp\/v2\/types\/post"}],"author":[{"embeddable":true,"href":"https:\/\/www.indieofilo.com\/en\/wp-json\/wp\/v2\/users\/1"}],"replies":[{"embeddable":true,"href":"https:\/\/www.indieofilo.com\/en\/wp-json\/wp\/v2\/comments?post=9183"}],"version-history":[{"count":0,"href":"https:\/\/www.indieofilo.com\/en\/wp-json\/wp\/v2\/posts\/9183\/revisions"}],"wp:featuredmedia":[{"embeddable":true,"href":"https:\/\/www.indieofilo.com\/en\/wp-json\/wp\/v2\/media\/9179"}],"wp:attachment":[{"href":"https:\/\/www.indieofilo.com\/en\/wp-json\/wp\/v2\/media?parent=9183"}],"wp:term":[{"taxonomy":"category","embeddable":true,"href":"https:\/\/www.indieofilo.com\/en\/wp-json\/wp\/v2\/categories?post=9183"},{"taxonomy":"post_tag","embeddable":true,"href":"https:\/\/www.indieofilo.com\/en\/wp-json\/wp\/v2\/tags?post=9183"}],"curies":[{"name":"wp","href":"https:\/\/api.w.org\/{rel}","templated":true}]}}