{"id":9168,"date":"2017-04-28T17:43:39","date_gmt":"2017-04-28T15:43:39","guid":{"rendered":"http:\/\/indieofilo.com\/?p=9168"},"modified":"2023-09-02T17:00:12","modified_gmt":"2023-09-02T15:00:12","slug":"manic-street-preachers-and-george-ezra-confirmed-for-mad-cool-festival-2017","status":"publish","type":"post","link":"https:\/\/www.indieofilo.com\/en\/short-news\/manic-street-preachers-and-george-ezra-confirmed-for-mad-cool-festival-2017","title":{"rendered":"Manic Street Preachers and George Ezra confirmed for Mad Cool Festival 2017"},"content":{"rendered":"<p style=\"text-align: justify;\">\n\t<img fetchpriority=\"high\" decoding=\"async\" alt=\"Mad Cool Festival 2017 final lineup\" class=\"aligncenter size-full wp-image-9166\" height=\"600\" src=\"http:\/\/indieofilo.com\/wp-content\/uploads\/2017\/04\/Mad_Cool_Festival_2017-final-lineup.jpg\" width=\"600\" srcset=\"https:\/\/www.indieofilo.com\/wp-content\/uploads\/2017\/04\/Mad_Cool_Festival_2017-final-lineup.jpg 600w, https:\/\/www.indieofilo.com\/wp-content\/uploads\/2017\/04\/Mad_Cool_Festival_2017-final-lineup-300x300.jpg 300w, https:\/\/www.indieofilo.com\/wp-content\/uploads\/2017\/04\/Mad_Cool_Festival_2017-final-lineup-150x150.jpg 150w\" sizes=\"(max-width: 600px) 100vw, 600px\" \/><\/p>\n<p style=\"text-align: justify;\">\n\tAlthough last February Spanish <strong>Mad Cool Festival 2017<\/strong>&nbsp;<a href=\"http:\/\/indieofilo.com\/news\/spanish-mad-cool-festival-2017-announces-its-final-lineup?lang=en\" target=\"_self\" rel=\"noopener\">has announced&nbsp;almost its lineup in its entirety<\/a>, today we were surprised with two new names that join this year&#39;s edition. The Welsh <strong>Manic Street Preachers<\/strong> will play at the second edition of the Madrid festival, where they will present the tour that celebrates the 20th anniversary of their album <em>Everything Must Go<\/em> (1996), while the second confirmation is the English <strong>George Ezra<\/strong>, who will launch a new album soon after the worldwide success of <em>Wanted on Voyage<\/em> (2014), that included his hit &quot;<em>Budapest<\/em>&quot;. On the other hand, the organization has announced the loss of <strong>Wolf Alice<\/strong>, as according to the band it has been delayed the publication of their new album and they have decided to cancel any live concert until then.<\/p>\n<p style=\"text-align: justify;\">\n\tWe remind you of the tickets for the festival, which will be held at the Caja Magica in Madrid from 6 to 8 July, are sold out since last week.<\/p>\n","protected":false},"excerpt":{"rendered":"<p>Although last February Spanish Mad Cool Festival 2017&nbsp;has announced&nbsp;almost its lineup in its entirety, today we were surprised with two new names that join this year&#39;s edition. The Welsh Manic Street Preachers will play at the second edition of the Madrid festival, where they will present the tour that celebrates the 20th anniversary of their [&hellip;]<\/p>\n","protected":false},"author":1,"featured_media":20667,"comment_status":"open","ping_status":"closed","sticky":false,"template":"","format":"standard","meta":{"footnotes":""},"categories":[18],"tags":[5379,5246,5534,5535,5229],"class_list":["post-9168","post","type-post","status-publish","format-standard","has-post-thumbnail","hentry","category-short-news","tag-george-ezra-en","tag-mad-cool-festival-en","tag-mad-cool-festival-2017-en","tag-manic-street-preachers-en","tag-wolf-alice-en"],"yoast_head":"<!-- This site is optimized with the Yoast SEO Premium plugin v23.9 (Yoast SEO v26.6) - https:\/\/yoast.com\/wordpress\/plugins\/seo\/ -->\n<title>Manic Street Preachers and George Ezra confirmed for Mad Cool Festival 2017 - Indie\u00f3filo<\/title>\n<meta name=\"description\" content=\"The Welsh band and the English are the last confirmations for Spanish Mad Cool Festival 2017, that will be held in Madrid from 6 to 8 July.\" \/>\n<meta name=\"robots\" content=\"index, follow, max-snippet:-1, max-image-preview:large, max-video-preview:-1\" \/>\n<link rel=\"canonical\" href=\"https:\/\/www.indieofilo.com\/en\/short-news\/manic-street-preachers-and-george-ezra-confirmed-for-mad-cool-festival-2017\" \/>\n<meta property=\"og:locale\" content=\"en_US\" \/>\n<meta property=\"og:type\" content=\"article\" \/>\n<meta property=\"og:title\" content=\"Manic Street Preachers and George Ezra confirmed for Mad Cool Festival 2017\" \/>\n<meta property=\"og:description\" content=\"The Welsh band and the English are the last confirmations for Spanish Mad Cool Festival 2017, that will be held in Madrid from 6 to 8 July.\" \/>\n<meta property=\"og:url\" content=\"https:\/\/www.indieofilo.com\/en\/short-news\/manic-street-preachers-and-george-ezra-confirmed-for-mad-cool-festival-2017\" \/>\n<meta property=\"og:site_name\" content=\"Indie\u00f3filo\" \/>\n<meta property=\"article:publisher\" content=\"https:\/\/www.facebook.com\/Indieofilo\/\" \/>\n<meta property=\"article:published_time\" content=\"2017-04-28T15:43:39+00:00\" \/>\n<meta property=\"article:modified_time\" content=\"2023-09-02T15:00:12+00:00\" \/>\n<meta property=\"og:image\" content=\"https:\/\/www.indieofilo.com\/wp-content\/uploads\/2017\/02\/Mad_Cool_Festival_2017-Foals.jpg\" \/>\n\t<meta property=\"og:image:width\" content=\"600\" \/>\n\t<meta property=\"og:image:height\" content=\"600\" \/>\n\t<meta property=\"og:image:type\" content=\"image\/jpeg\" \/>\n<meta name=\"author\" content=\"Victor\" \/>\n<meta name=\"twitter:card\" content=\"summary_large_image\" \/>\n<meta name=\"twitter:creator\" content=\"@indieofilo\" \/>\n<meta name=\"twitter:site\" content=\"@indieofilo\" \/>\n<meta name=\"twitter:label1\" content=\"Written by\" \/>\n\t<meta name=\"twitter:data1\" content=\"Victor\" \/>\n\t<meta name=\"twitter:label2\" content=\"Est. reading time\" \/>\n\t<meta name=\"twitter:data2\" content=\"1 minute\" \/>\n<script type=\"application\/ld+json\" class=\"yoast-schema-graph\">{\"@context\":\"https:\/\/schema.org\",\"@graph\":[{\"@type\":\"Article\",\"@id\":\"https:\/\/www.indieofilo.com\/en\/short-news\/manic-street-preachers-and-george-ezra-confirmed-for-mad-cool-festival-2017#article\",\"isPartOf\":{\"@id\":\"https:\/\/www.indieofilo.com\/en\/short-news\/manic-street-preachers-and-george-ezra-confirmed-for-mad-cool-festival-2017\"},\"author\":{\"name\":\"Victor\",\"@id\":\"https:\/\/www.indieofilo.com\/#\/schema\/person\/595334d38590e4ce5a09f83cbf2fca90\"},\"headline\":\"Manic Street Preachers and George Ezra confirmed for Mad Cool Festival 2017\",\"datePublished\":\"2017-04-28T15:43:39+00:00\",\"dateModified\":\"2023-09-02T15:00:12+00:00\",\"mainEntityOfPage\":{\"@id\":\"https:\/\/www.indieofilo.com\/en\/short-news\/manic-street-preachers-and-george-ezra-confirmed-for-mad-cool-festival-2017\"},\"wordCount\":172,\"commentCount\":0,\"publisher\":{\"@id\":\"https:\/\/www.indieofilo.com\/#organization\"},\"image\":{\"@id\":\"https:\/\/www.indieofilo.com\/en\/short-news\/manic-street-preachers-and-george-ezra-confirmed-for-mad-cool-festival-2017#primaryimage\"},\"thumbnailUrl\":\"https:\/\/www.indieofilo.com\/wp-content\/uploads\/2017\/02\/Mad_Cool_Festival_2017-Foals.jpg\",\"keywords\":[\"George Ezra\",\"Mad Cool Festival\",\"Mad Cool Festival 2017\",\"Manic Street Preachers\",\"Wolf Alice\"],\"articleSection\":[\"Short news\"],\"inLanguage\":\"en-US\",\"potentialAction\":[{\"@type\":\"CommentAction\",\"name\":\"Comment\",\"target\":[\"https:\/\/www.indieofilo.com\/en\/short-news\/manic-street-preachers-and-george-ezra-confirmed-for-mad-cool-festival-2017#respond\"]}]},{\"@type\":\"WebPage\",\"@id\":\"https:\/\/www.indieofilo.com\/en\/short-news\/manic-street-preachers-and-george-ezra-confirmed-for-mad-cool-festival-2017\",\"url\":\"https:\/\/www.indieofilo.com\/en\/short-news\/manic-street-preachers-and-george-ezra-confirmed-for-mad-cool-festival-2017\",\"name\":\"Manic Street Preachers and George Ezra confirmed for Mad Cool Festival 2017 - Indie\u00f3filo\",\"isPartOf\":{\"@id\":\"https:\/\/www.indieofilo.com\/#website\"},\"primaryImageOfPage\":{\"@id\":\"https:\/\/www.indieofilo.com\/en\/short-news\/manic-street-preachers-and-george-ezra-confirmed-for-mad-cool-festival-2017#primaryimage\"},\"image\":{\"@id\":\"https:\/\/www.indieofilo.com\/en\/short-news\/manic-street-preachers-and-george-ezra-confirmed-for-mad-cool-festival-2017#primaryimage\"},\"thumbnailUrl\":\"https:\/\/www.indieofilo.com\/wp-content\/uploads\/2017\/02\/Mad_Cool_Festival_2017-Foals.jpg\",\"datePublished\":\"2017-04-28T15:43:39+00:00\",\"dateModified\":\"2023-09-02T15:00:12+00:00\",\"description\":\"The Welsh band and the English are the last confirmations for Spanish Mad Cool Festival 2017, that will be held in Madrid from 6 to 8 July.\",\"breadcrumb\":{\"@id\":\"https:\/\/www.indieofilo.com\/en\/short-news\/manic-street-preachers-and-george-ezra-confirmed-for-mad-cool-festival-2017#breadcrumb\"},\"inLanguage\":\"en-US\",\"potentialAction\":[{\"@type\":\"ReadAction\",\"target\":[\"https:\/\/www.indieofilo.com\/en\/short-news\/manic-street-preachers-and-george-ezra-confirmed-for-mad-cool-festival-2017\"]}]},{\"@type\":\"ImageObject\",\"inLanguage\":\"en-US\",\"@id\":\"https:\/\/www.indieofilo.com\/en\/short-news\/manic-street-preachers-and-george-ezra-confirmed-for-mad-cool-festival-2017#primaryimage\",\"url\":\"https:\/\/www.indieofilo.com\/wp-content\/uploads\/2017\/02\/Mad_Cool_Festival_2017-Foals.jpg\",\"contentUrl\":\"https:\/\/www.indieofilo.com\/wp-content\/uploads\/2017\/02\/Mad_Cool_Festival_2017-Foals.jpg\",\"width\":600,\"height\":600},{\"@type\":\"BreadcrumbList\",\"@id\":\"https:\/\/www.indieofilo.com\/en\/short-news\/manic-street-preachers-and-george-ezra-confirmed-for-mad-cool-festival-2017#breadcrumb\",\"itemListElement\":[{\"@type\":\"ListItem\",\"position\":1,\"name\":\"Portada\",\"item\":\"https:\/\/www.indieofilo.com\/en\"},{\"@type\":\"ListItem\",\"position\":2,\"name\":\"Manic Street Preachers and George Ezra confirmed for Mad Cool Festival 2017\"}]},{\"@type\":\"WebSite\",\"@id\":\"https:\/\/www.indieofilo.com\/#website\",\"url\":\"https:\/\/www.indieofilo.com\/\",\"name\":\"Indie\u00f3filo\",\"description\":\"Magazine online de la cultura independiente\",\"publisher\":{\"@id\":\"https:\/\/www.indieofilo.com\/#organization\"},\"potentialAction\":[{\"@type\":\"SearchAction\",\"target\":{\"@type\":\"EntryPoint\",\"urlTemplate\":\"https:\/\/www.indieofilo.com\/?s={search_term_string}\"},\"query-input\":{\"@type\":\"PropertyValueSpecification\",\"valueRequired\":true,\"valueName\":\"search_term_string\"}}],\"inLanguage\":\"en-US\"},{\"@type\":\"Organization\",\"@id\":\"https:\/\/www.indieofilo.com\/#organization\",\"name\":\"Indie\u00f3filo Web\",\"url\":\"https:\/\/www.indieofilo.com\/\",\"logo\":{\"@type\":\"ImageObject\",\"inLanguage\":\"en-US\",\"@id\":\"https:\/\/www.indieofilo.com\/#\/schema\/logo\/image\/\",\"url\":\"https:\/\/www.indieofilo.com\/wp-content\/uploads\/2015\/02\/logo-alta-resolucion.png\",\"contentUrl\":\"https:\/\/www.indieofilo.com\/wp-content\/uploads\/2015\/02\/logo-alta-resolucion.png\",\"width\":544,\"height\":185,\"caption\":\"Indie\u00f3filo Web\"},\"image\":{\"@id\":\"https:\/\/www.indieofilo.com\/#\/schema\/logo\/image\/\"},\"sameAs\":[\"https:\/\/www.facebook.com\/Indieofilo\/\",\"https:\/\/x.com\/indieofilo\",\"https:\/\/www.instagram.com\/indieofilo\/\"]},{\"@type\":\"Person\",\"@id\":\"https:\/\/www.indieofilo.com\/#\/schema\/person\/595334d38590e4ce5a09f83cbf2fca90\",\"name\":\"Victor\",\"image\":{\"@type\":\"ImageObject\",\"inLanguage\":\"en-US\",\"@id\":\"https:\/\/www.indieofilo.com\/#\/schema\/person\/image\/\",\"url\":\"https:\/\/secure.gravatar.com\/avatar\/682b8c6ea3e94b6cffec683b25f1797d?s=96&d=mm&r=g\",\"contentUrl\":\"https:\/\/secure.gravatar.com\/avatar\/682b8c6ea3e94b6cffec683b25f1797d?s=96&d=mm&r=g\",\"caption\":\"Victor\"},\"description\":\"Fan\u00e1tico de la m\u00fasica desde que mis padres me pon\u00edan a Eydie Gorme y Los Panchos o el Discotuna por la A2. Intent\u00e9 tocar varios instrumentos, pero soy muy torpe con la mano izquierda, as\u00ed que ya sab\u00e9is el resultado final. Fan del britpop, Post-punk, el rugby y el baloncesto...\",\"sameAs\":[\"http:\/\/indieofilo.com\"],\"url\":\"https:\/\/www.indieofilo.com\/en\/author\/victor\"}]}<\/script>\n<!-- \/ Yoast SEO Premium plugin. -->","yoast_head_json":{"title":"Manic Street Preachers and George Ezra confirmed for Mad Cool Festival 2017 - Indie\u00f3filo","description":"The Welsh band and the English are the last confirmations for Spanish Mad Cool Festival 2017, that will be held in Madrid from 6 to 8 July.","robots":{"index":"index","follow":"follow","max-snippet":"max-snippet:-1","max-image-preview":"max-image-preview:large","max-video-preview":"max-video-preview:-1"},"canonical":"https:\/\/www.indieofilo.com\/en\/short-news\/manic-street-preachers-and-george-ezra-confirmed-for-mad-cool-festival-2017","og_locale":"en_US","og_type":"article","og_title":"Manic Street Preachers and George Ezra confirmed for Mad Cool Festival 2017","og_description":"The Welsh band and the English are the last confirmations for Spanish Mad Cool Festival 2017, that will be held in Madrid from 6 to 8 July.","og_url":"https:\/\/www.indieofilo.com\/en\/short-news\/manic-street-preachers-and-george-ezra-confirmed-for-mad-cool-festival-2017","og_site_name":"Indie\u00f3filo","article_publisher":"https:\/\/www.facebook.com\/Indieofilo\/","article_published_time":"2017-04-28T15:43:39+00:00","article_modified_time":"2023-09-02T15:00:12+00:00","og_image":[{"width":600,"height":600,"url":"https:\/\/www.indieofilo.com\/wp-content\/uploads\/2017\/02\/Mad_Cool_Festival_2017-Foals.jpg","type":"image\/jpeg"}],"author":"Victor","twitter_card":"summary_large_image","twitter_creator":"@indieofilo","twitter_site":"@indieofilo","twitter_misc":{"Written by":"Victor","Est. reading time":"1 minute"},"schema":{"@context":"https:\/\/schema.org","@graph":[{"@type":"Article","@id":"https:\/\/www.indieofilo.com\/en\/short-news\/manic-street-preachers-and-george-ezra-confirmed-for-mad-cool-festival-2017#article","isPartOf":{"@id":"https:\/\/www.indieofilo.com\/en\/short-news\/manic-street-preachers-and-george-ezra-confirmed-for-mad-cool-festival-2017"},"author":{"name":"Victor","@id":"https:\/\/www.indieofilo.com\/#\/schema\/person\/595334d38590e4ce5a09f83cbf2fca90"},"headline":"Manic Street Preachers and George Ezra confirmed for Mad Cool Festival 2017","datePublished":"2017-04-28T15:43:39+00:00","dateModified":"2023-09-02T15:00:12+00:00","mainEntityOfPage":{"@id":"https:\/\/www.indieofilo.com\/en\/short-news\/manic-street-preachers-and-george-ezra-confirmed-for-mad-cool-festival-2017"},"wordCount":172,"commentCount":0,"publisher":{"@id":"https:\/\/www.indieofilo.com\/#organization"},"image":{"@id":"https:\/\/www.indieofilo.com\/en\/short-news\/manic-street-preachers-and-george-ezra-confirmed-for-mad-cool-festival-2017#primaryimage"},"thumbnailUrl":"https:\/\/www.indieofilo.com\/wp-content\/uploads\/2017\/02\/Mad_Cool_Festival_2017-Foals.jpg","keywords":["George Ezra","Mad Cool Festival","Mad Cool Festival 2017","Manic Street Preachers","Wolf Alice"],"articleSection":["Short news"],"inLanguage":"en-US","potentialAction":[{"@type":"CommentAction","name":"Comment","target":["https:\/\/www.indieofilo.com\/en\/short-news\/manic-street-preachers-and-george-ezra-confirmed-for-mad-cool-festival-2017#respond"]}]},{"@type":"WebPage","@id":"https:\/\/www.indieofilo.com\/en\/short-news\/manic-street-preachers-and-george-ezra-confirmed-for-mad-cool-festival-2017","url":"https:\/\/www.indieofilo.com\/en\/short-news\/manic-street-preachers-and-george-ezra-confirmed-for-mad-cool-festival-2017","name":"Manic Street Preachers and George Ezra confirmed for Mad Cool Festival 2017 - Indie\u00f3filo","isPartOf":{"@id":"https:\/\/www.indieofilo.com\/#website"},"primaryImageOfPage":{"@id":"https:\/\/www.indieofilo.com\/en\/short-news\/manic-street-preachers-and-george-ezra-confirmed-for-mad-cool-festival-2017#primaryimage"},"image":{"@id":"https:\/\/www.indieofilo.com\/en\/short-news\/manic-street-preachers-and-george-ezra-confirmed-for-mad-cool-festival-2017#primaryimage"},"thumbnailUrl":"https:\/\/www.indieofilo.com\/wp-content\/uploads\/2017\/02\/Mad_Cool_Festival_2017-Foals.jpg","datePublished":"2017-04-28T15:43:39+00:00","dateModified":"2023-09-02T15:00:12+00:00","description":"The Welsh band and the English are the last confirmations for Spanish Mad Cool Festival 2017, that will be held in Madrid from 6 to 8 July.","breadcrumb":{"@id":"https:\/\/www.indieofilo.com\/en\/short-news\/manic-street-preachers-and-george-ezra-confirmed-for-mad-cool-festival-2017#breadcrumb"},"inLanguage":"en-US","potentialAction":[{"@type":"ReadAction","target":["https:\/\/www.indieofilo.com\/en\/short-news\/manic-street-preachers-and-george-ezra-confirmed-for-mad-cool-festival-2017"]}]},{"@type":"ImageObject","inLanguage":"en-US","@id":"https:\/\/www.indieofilo.com\/en\/short-news\/manic-street-preachers-and-george-ezra-confirmed-for-mad-cool-festival-2017#primaryimage","url":"https:\/\/www.indieofilo.com\/wp-content\/uploads\/2017\/02\/Mad_Cool_Festival_2017-Foals.jpg","contentUrl":"https:\/\/www.indieofilo.com\/wp-content\/uploads\/2017\/02\/Mad_Cool_Festival_2017-Foals.jpg","width":600,"height":600},{"@type":"BreadcrumbList","@id":"https:\/\/www.indieofilo.com\/en\/short-news\/manic-street-preachers-and-george-ezra-confirmed-for-mad-cool-festival-2017#breadcrumb","itemListElement":[{"@type":"ListItem","position":1,"name":"Portada","item":"https:\/\/www.indieofilo.com\/en"},{"@type":"ListItem","position":2,"name":"Manic Street Preachers and George Ezra confirmed for Mad Cool Festival 2017"}]},{"@type":"WebSite","@id":"https:\/\/www.indieofilo.com\/#website","url":"https:\/\/www.indieofilo.com\/","name":"Indie\u00f3filo","description":"Magazine online de la cultura independiente","publisher":{"@id":"https:\/\/www.indieofilo.com\/#organization"},"potentialAction":[{"@type":"SearchAction","target":{"@type":"EntryPoint","urlTemplate":"https:\/\/www.indieofilo.com\/?s={search_term_string}"},"query-input":{"@type":"PropertyValueSpecification","valueRequired":true,"valueName":"search_term_string"}}],"inLanguage":"en-US"},{"@type":"Organization","@id":"https:\/\/www.indieofilo.com\/#organization","name":"Indie\u00f3filo Web","url":"https:\/\/www.indieofilo.com\/","logo":{"@type":"ImageObject","inLanguage":"en-US","@id":"https:\/\/www.indieofilo.com\/#\/schema\/logo\/image\/","url":"https:\/\/www.indieofilo.com\/wp-content\/uploads\/2015\/02\/logo-alta-resolucion.png","contentUrl":"https:\/\/www.indieofilo.com\/wp-content\/uploads\/2015\/02\/logo-alta-resolucion.png","width":544,"height":185,"caption":"Indie\u00f3filo Web"},"image":{"@id":"https:\/\/www.indieofilo.com\/#\/schema\/logo\/image\/"},"sameAs":["https:\/\/www.facebook.com\/Indieofilo\/","https:\/\/x.com\/indieofilo","https:\/\/www.instagram.com\/indieofilo\/"]},{"@type":"Person","@id":"https:\/\/www.indieofilo.com\/#\/schema\/person\/595334d38590e4ce5a09f83cbf2fca90","name":"Victor","image":{"@type":"ImageObject","inLanguage":"en-US","@id":"https:\/\/www.indieofilo.com\/#\/schema\/person\/image\/","url":"https:\/\/secure.gravatar.com\/avatar\/682b8c6ea3e94b6cffec683b25f1797d?s=96&d=mm&r=g","contentUrl":"https:\/\/secure.gravatar.com\/avatar\/682b8c6ea3e94b6cffec683b25f1797d?s=96&d=mm&r=g","caption":"Victor"},"description":"Fan\u00e1tico de la m\u00fasica desde que mis padres me pon\u00edan a Eydie Gorme y Los Panchos o el Discotuna por la A2. Intent\u00e9 tocar varios instrumentos, pero soy muy torpe con la mano izquierda, as\u00ed que ya sab\u00e9is el resultado final. Fan del britpop, Post-punk, el rugby y el baloncesto...","sameAs":["http:\/\/indieofilo.com"],"url":"https:\/\/www.indieofilo.com\/en\/author\/victor"}]}},"_links":{"self":[{"href":"https:\/\/www.indieofilo.com\/en\/wp-json\/wp\/v2\/posts\/9168","targetHints":{"allow":["GET"]}}],"collection":[{"href":"https:\/\/www.indieofilo.com\/en\/wp-json\/wp\/v2\/posts"}],"about":[{"href":"https:\/\/www.indieofilo.com\/en\/wp-json\/wp\/v2\/types\/post"}],"author":[{"embeddable":true,"href":"https:\/\/www.indieofilo.com\/en\/wp-json\/wp\/v2\/users\/1"}],"replies":[{"embeddable":true,"href":"https:\/\/www.indieofilo.com\/en\/wp-json\/wp\/v2\/comments?post=9168"}],"version-history":[{"count":0,"href":"https:\/\/www.indieofilo.com\/en\/wp-json\/wp\/v2\/posts\/9168\/revisions"}],"wp:featuredmedia":[{"embeddable":true,"href":"https:\/\/www.indieofilo.com\/en\/wp-json\/wp\/v2\/media\/20667"}],"wp:attachment":[{"href":"https:\/\/www.indieofilo.com\/en\/wp-json\/wp\/v2\/media?parent=9168"}],"wp:term":[{"taxonomy":"category","embeddable":true,"href":"https:\/\/www.indieofilo.com\/en\/wp-json\/wp\/v2\/categories?post=9168"},{"taxonomy":"post_tag","embeddable":true,"href":"https:\/\/www.indieofilo.com\/en\/wp-json\/wp\/v2\/tags?post=9168"}],"curies":[{"name":"wp","href":"https:\/\/api.w.org\/{rel}","templated":true}]}}