{"id":8747,"date":"2017-03-28T10:30:40","date_gmt":"2017-03-28T08:30:40","guid":{"rendered":"http:\/\/indieofilo.com\/?p=8747"},"modified":"2023-09-03T22:45:45","modified_gmt":"2023-09-03T20:45:45","slug":"liam-gallagher-or-charli-xcx-confirmed-for-spanish-festival-dcode-2017","status":"publish","type":"post","link":"https:\/\/www.indieofilo.com\/en\/news\/liam-gallagher-or-charli-xcx-confirmed-for-spanish-festival-dcode-2017","title":{"rendered":"Liam Gallagher or Charli XCX, confirmed for Spanish Festival DCODE 2017"},"content":{"rendered":"<p style=\"text-align: justify;\">\n\t<img fetchpriority=\"high\" decoding=\"async\" alt=\"Dcode 2017 liam gallagher\" class=\"aligncenter size-medium wp-image-8745\" height=\"400\" src=\"http:\/\/indieofilo.com\/wp-content\/uploads\/2017\/03\/Dcode_2017_liam_gallagher-400x400.jpg\" width=\"400\" \/><\/p>\n<p style=\"text-align: justify;\">\n\tAfter <a href=\"http:\/\/indieofilo.com\/news\/interpol-or-band-of-horses-to-spanish-dcode-festival-2017\">announcing in late January a first batch of names<\/a> that included Interpol, Band Of Horses or The Kooks, <strong>Spanish Festival DCODE<\/strong> has confirmed today 11 new bands that will join the lineup this year. <strong>DCODE 2017<\/strong> has closed its lineup with <strong>Liam Gallagher<\/strong>, <strong>Charli XCX<\/strong>, <strong>Iv&aacute;n Ferreiro<\/strong>, <strong>Exquirla<\/strong>, <strong>La Femme<\/strong>, <strong>Miss Caffeina<\/strong>, <strong>Maga<\/strong>, <strong>Yall<\/strong>, <strong>Varry Brava<\/strong>, <strong>Elyella DJs<\/strong> y <strong>Holy Bouncer<\/strong>.<\/p>\n<p style=\"text-align: justify;\">\n\tWe remember you that tickets for the festival, to be held on Saturday 9 September at the Campus de la Universidad Complutense of Madrid (Spain), are now on sale with a price of &euro;48 + fees at <a href=\"http:\/\/www.dcodefest.com\" target=\"_blank\" rel=\"noopener\">www.dcodefest.com<\/a>, <a href=\"http:\/\/www.livenation.es\" target=\"_blank\" rel=\"noopener\">www.livenation.es<\/a>&nbsp;and&nbsp;<a href=\"http:\/\/www.ticketmaster.es\" target=\"_blank\" rel=\"noopener\">www.ticketmaster.es<\/a> until next April 7 at 10am, when the price will rise to &euro;55(+ fees).<\/p>\n","protected":false},"excerpt":{"rendered":"<p>After announcing in late January a first batch of names that included Interpol, Band Of Horses or The Kooks, Spanish Festival DCODE has confirmed today 11 new bands that will join the lineup this year. DCODE 2017 has closed its lineup with Liam Gallagher, Charli XCX, Iv&aacute;n Ferreiro, Exquirla, La Femme, Miss Caffeina, Maga, Yall, [&hellip;]<\/p>\n","protected":false},"author":1,"featured_media":20739,"comment_status":"open","ping_status":"closed","sticky":false,"template":"","format":"standard","meta":{"footnotes":""},"categories":[41,8],"tags":[5607,5445,5446,5608,5432,5336,5609,5610,5082,5574,5611,5388,5612],"class_list":["post-8747","post","type-post","status-publish","format-standard","has-post-thumbnail","hentry","category-live-shows","category-news","tag-charli-xcx-en","tag-dcode-en","tag-dcode-2017-en","tag-elyella-djs-en","tag-exquirla-en","tag-holy-bouncer-en","tag-ivan-ferreiro-en","tag-la-femme-en","tag-liam-gallagher-en","tag-maga-en","tag-miss-caffeina-en","tag-varry-brava-en","tag-yall-en"],"yoast_head":"<!-- This site is optimized with the Yoast SEO Premium plugin v23.9 (Yoast SEO v26.6) - https:\/\/yoast.com\/wordpress\/plugins\/seo\/ -->\n<title>Liam Gallagher or Charli XCX, confirmed for Spanish Festival DCODE 2017 - Indie\u00f3filo<\/title>\n<meta name=\"description\" content=\"Together with Iv\u00e1n Ferreiro, Exquirla, La Femme, Miss Caffeina, Maga, Yall or Varry Brava, new names for Spanish DCODE 2017.\" \/>\n<meta name=\"robots\" content=\"index, follow, max-snippet:-1, max-image-preview:large, max-video-preview:-1\" \/>\n<link rel=\"canonical\" href=\"https:\/\/www.indieofilo.com\/en\/news\/liam-gallagher-or-charli-xcx-confirmed-for-spanish-festival-dcode-2017\" \/>\n<meta property=\"og:locale\" content=\"en_US\" \/>\n<meta property=\"og:type\" content=\"article\" \/>\n<meta property=\"og:title\" content=\"Liam Gallagher or Charli XCX, confirmed for Spanish Festival DCODE 2017\" \/>\n<meta property=\"og:description\" content=\"Together with Iv\u00e1n Ferreiro, Exquirla, La Femme, Miss Caffeina, Maga, Yall or Varry Brava, new names for Spanish DCODE 2017.\" \/>\n<meta property=\"og:url\" content=\"https:\/\/www.indieofilo.com\/en\/news\/liam-gallagher-or-charli-xcx-confirmed-for-spanish-festival-dcode-2017\" \/>\n<meta property=\"og:site_name\" content=\"Indie\u00f3filo\" \/>\n<meta property=\"article:publisher\" content=\"https:\/\/www.facebook.com\/Indieofilo\/\" \/>\n<meta property=\"article:published_time\" content=\"2017-03-28T08:30:40+00:00\" \/>\n<meta property=\"article:modified_time\" content=\"2023-09-03T20:45:45+00:00\" \/>\n<meta property=\"og:image\" content=\"https:\/\/www.indieofilo.com\/wp-content\/uploads\/2017\/03\/Dcode_2017_liam_gallagher.jpg\" \/>\n\t<meta property=\"og:image:width\" content=\"600\" \/>\n\t<meta property=\"og:image:height\" content=\"600\" \/>\n\t<meta property=\"og:image:type\" content=\"image\/jpeg\" \/>\n<meta name=\"author\" content=\"Victor\" \/>\n<meta name=\"twitter:card\" content=\"summary_large_image\" \/>\n<meta name=\"twitter:creator\" content=\"@indieofilo\" \/>\n<meta name=\"twitter:site\" content=\"@indieofilo\" \/>\n<meta name=\"twitter:label1\" content=\"Written by\" \/>\n\t<meta name=\"twitter:data1\" content=\"Victor\" \/>\n\t<meta name=\"twitter:label2\" content=\"Est. reading time\" \/>\n\t<meta name=\"twitter:data2\" content=\"1 minute\" \/>\n<script type=\"application\/ld+json\" class=\"yoast-schema-graph\">{\"@context\":\"https:\/\/schema.org\",\"@graph\":[{\"@type\":\"Article\",\"@id\":\"https:\/\/www.indieofilo.com\/en\/news\/liam-gallagher-or-charli-xcx-confirmed-for-spanish-festival-dcode-2017#article\",\"isPartOf\":{\"@id\":\"https:\/\/www.indieofilo.com\/en\/news\/liam-gallagher-or-charli-xcx-confirmed-for-spanish-festival-dcode-2017\"},\"author\":{\"name\":\"Victor\",\"@id\":\"https:\/\/www.indieofilo.com\/#\/schema\/person\/595334d38590e4ce5a09f83cbf2fca90\"},\"headline\":\"Liam Gallagher or Charli XCX, confirmed for Spanish Festival DCODE 2017\",\"datePublished\":\"2017-03-28T08:30:40+00:00\",\"dateModified\":\"2023-09-03T20:45:45+00:00\",\"mainEntityOfPage\":{\"@id\":\"https:\/\/www.indieofilo.com\/en\/news\/liam-gallagher-or-charli-xcx-confirmed-for-spanish-festival-dcode-2017\"},\"wordCount\":132,\"commentCount\":0,\"publisher\":{\"@id\":\"https:\/\/www.indieofilo.com\/#organization\"},\"image\":{\"@id\":\"https:\/\/www.indieofilo.com\/en\/news\/liam-gallagher-or-charli-xcx-confirmed-for-spanish-festival-dcode-2017#primaryimage\"},\"thumbnailUrl\":\"https:\/\/www.indieofilo.com\/wp-content\/uploads\/2017\/03\/Dcode_2017_liam_gallagher.jpg\",\"keywords\":[\"Charli XCX\",\"Dcode\",\"DCODE 2017\",\"Elyella Dj\u2019s\",\"Exquirla\",\"Holy Bouncer\",\"Iv\u00e1n Ferreiro\",\"La Femme\",\"Liam Gallagher\",\"Maga\",\"Miss Caffeina\",\"Varry Brava\",\"Yall\"],\"articleSection\":[\"Live Shows\",\"News\"],\"inLanguage\":\"en-US\",\"potentialAction\":[{\"@type\":\"CommentAction\",\"name\":\"Comment\",\"target\":[\"https:\/\/www.indieofilo.com\/en\/news\/liam-gallagher-or-charli-xcx-confirmed-for-spanish-festival-dcode-2017#respond\"]}]},{\"@type\":\"WebPage\",\"@id\":\"https:\/\/www.indieofilo.com\/en\/news\/liam-gallagher-or-charli-xcx-confirmed-for-spanish-festival-dcode-2017\",\"url\":\"https:\/\/www.indieofilo.com\/en\/news\/liam-gallagher-or-charli-xcx-confirmed-for-spanish-festival-dcode-2017\",\"name\":\"Liam Gallagher or Charli XCX, confirmed for Spanish Festival DCODE 2017 - Indie\u00f3filo\",\"isPartOf\":{\"@id\":\"https:\/\/www.indieofilo.com\/#website\"},\"primaryImageOfPage\":{\"@id\":\"https:\/\/www.indieofilo.com\/en\/news\/liam-gallagher-or-charli-xcx-confirmed-for-spanish-festival-dcode-2017#primaryimage\"},\"image\":{\"@id\":\"https:\/\/www.indieofilo.com\/en\/news\/liam-gallagher-or-charli-xcx-confirmed-for-spanish-festival-dcode-2017#primaryimage\"},\"thumbnailUrl\":\"https:\/\/www.indieofilo.com\/wp-content\/uploads\/2017\/03\/Dcode_2017_liam_gallagher.jpg\",\"datePublished\":\"2017-03-28T08:30:40+00:00\",\"dateModified\":\"2023-09-03T20:45:45+00:00\",\"description\":\"Together with Iv\u00e1n Ferreiro, Exquirla, La Femme, Miss Caffeina, Maga, Yall or Varry Brava, new names for Spanish DCODE 2017.\",\"breadcrumb\":{\"@id\":\"https:\/\/www.indieofilo.com\/en\/news\/liam-gallagher-or-charli-xcx-confirmed-for-spanish-festival-dcode-2017#breadcrumb\"},\"inLanguage\":\"en-US\",\"potentialAction\":[{\"@type\":\"ReadAction\",\"target\":[\"https:\/\/www.indieofilo.com\/en\/news\/liam-gallagher-or-charli-xcx-confirmed-for-spanish-festival-dcode-2017\"]}]},{\"@type\":\"ImageObject\",\"inLanguage\":\"en-US\",\"@id\":\"https:\/\/www.indieofilo.com\/en\/news\/liam-gallagher-or-charli-xcx-confirmed-for-spanish-festival-dcode-2017#primaryimage\",\"url\":\"https:\/\/www.indieofilo.com\/wp-content\/uploads\/2017\/03\/Dcode_2017_liam_gallagher.jpg\",\"contentUrl\":\"https:\/\/www.indieofilo.com\/wp-content\/uploads\/2017\/03\/Dcode_2017_liam_gallagher.jpg\",\"width\":600,\"height\":600},{\"@type\":\"BreadcrumbList\",\"@id\":\"https:\/\/www.indieofilo.com\/en\/news\/liam-gallagher-or-charli-xcx-confirmed-for-spanish-festival-dcode-2017#breadcrumb\",\"itemListElement\":[{\"@type\":\"ListItem\",\"position\":1,\"name\":\"Portada\",\"item\":\"https:\/\/www.indieofilo.com\/en\"},{\"@type\":\"ListItem\",\"position\":2,\"name\":\"Liam Gallagher or Charli XCX, confirmed for Spanish Festival DCODE 2017\"}]},{\"@type\":\"WebSite\",\"@id\":\"https:\/\/www.indieofilo.com\/#website\",\"url\":\"https:\/\/www.indieofilo.com\/\",\"name\":\"Indie\u00f3filo\",\"description\":\"Magazine online de la cultura independiente\",\"publisher\":{\"@id\":\"https:\/\/www.indieofilo.com\/#organization\"},\"potentialAction\":[{\"@type\":\"SearchAction\",\"target\":{\"@type\":\"EntryPoint\",\"urlTemplate\":\"https:\/\/www.indieofilo.com\/?s={search_term_string}\"},\"query-input\":{\"@type\":\"PropertyValueSpecification\",\"valueRequired\":true,\"valueName\":\"search_term_string\"}}],\"inLanguage\":\"en-US\"},{\"@type\":\"Organization\",\"@id\":\"https:\/\/www.indieofilo.com\/#organization\",\"name\":\"Indie\u00f3filo Web\",\"url\":\"https:\/\/www.indieofilo.com\/\",\"logo\":{\"@type\":\"ImageObject\",\"inLanguage\":\"en-US\",\"@id\":\"https:\/\/www.indieofilo.com\/#\/schema\/logo\/image\/\",\"url\":\"https:\/\/www.indieofilo.com\/wp-content\/uploads\/2015\/02\/logo-alta-resolucion.png\",\"contentUrl\":\"https:\/\/www.indieofilo.com\/wp-content\/uploads\/2015\/02\/logo-alta-resolucion.png\",\"width\":544,\"height\":185,\"caption\":\"Indie\u00f3filo Web\"},\"image\":{\"@id\":\"https:\/\/www.indieofilo.com\/#\/schema\/logo\/image\/\"},\"sameAs\":[\"https:\/\/www.facebook.com\/Indieofilo\/\",\"https:\/\/x.com\/indieofilo\",\"https:\/\/www.instagram.com\/indieofilo\/\"]},{\"@type\":\"Person\",\"@id\":\"https:\/\/www.indieofilo.com\/#\/schema\/person\/595334d38590e4ce5a09f83cbf2fca90\",\"name\":\"Victor\",\"image\":{\"@type\":\"ImageObject\",\"inLanguage\":\"en-US\",\"@id\":\"https:\/\/www.indieofilo.com\/#\/schema\/person\/image\/\",\"url\":\"https:\/\/secure.gravatar.com\/avatar\/682b8c6ea3e94b6cffec683b25f1797d?s=96&d=mm&r=g\",\"contentUrl\":\"https:\/\/secure.gravatar.com\/avatar\/682b8c6ea3e94b6cffec683b25f1797d?s=96&d=mm&r=g\",\"caption\":\"Victor\"},\"description\":\"Fan\u00e1tico de la m\u00fasica desde que mis padres me pon\u00edan a Eydie Gorme y Los Panchos o el Discotuna por la A2. Intent\u00e9 tocar varios instrumentos, pero soy muy torpe con la mano izquierda, as\u00ed que ya sab\u00e9is el resultado final. Fan del britpop, Post-punk, el rugby y el baloncesto...\",\"sameAs\":[\"http:\/\/indieofilo.com\"],\"url\":\"https:\/\/www.indieofilo.com\/en\/author\/victor\"}]}<\/script>\n<!-- \/ Yoast SEO Premium plugin. -->","yoast_head_json":{"title":"Liam Gallagher or Charli XCX, confirmed for Spanish Festival DCODE 2017 - Indie\u00f3filo","description":"Together with Iv\u00e1n Ferreiro, Exquirla, La Femme, Miss Caffeina, Maga, Yall or Varry Brava, new names for Spanish DCODE 2017.","robots":{"index":"index","follow":"follow","max-snippet":"max-snippet:-1","max-image-preview":"max-image-preview:large","max-video-preview":"max-video-preview:-1"},"canonical":"https:\/\/www.indieofilo.com\/en\/news\/liam-gallagher-or-charli-xcx-confirmed-for-spanish-festival-dcode-2017","og_locale":"en_US","og_type":"article","og_title":"Liam Gallagher or Charli XCX, confirmed for Spanish Festival DCODE 2017","og_description":"Together with Iv\u00e1n Ferreiro, Exquirla, La Femme, Miss Caffeina, Maga, Yall or Varry Brava, new names for Spanish DCODE 2017.","og_url":"https:\/\/www.indieofilo.com\/en\/news\/liam-gallagher-or-charli-xcx-confirmed-for-spanish-festival-dcode-2017","og_site_name":"Indie\u00f3filo","article_publisher":"https:\/\/www.facebook.com\/Indieofilo\/","article_published_time":"2017-03-28T08:30:40+00:00","article_modified_time":"2023-09-03T20:45:45+00:00","og_image":[{"width":600,"height":600,"url":"https:\/\/www.indieofilo.com\/wp-content\/uploads\/2017\/03\/Dcode_2017_liam_gallagher.jpg","type":"image\/jpeg"}],"author":"Victor","twitter_card":"summary_large_image","twitter_creator":"@indieofilo","twitter_site":"@indieofilo","twitter_misc":{"Written by":"Victor","Est. reading time":"1 minute"},"schema":{"@context":"https:\/\/schema.org","@graph":[{"@type":"Article","@id":"https:\/\/www.indieofilo.com\/en\/news\/liam-gallagher-or-charli-xcx-confirmed-for-spanish-festival-dcode-2017#article","isPartOf":{"@id":"https:\/\/www.indieofilo.com\/en\/news\/liam-gallagher-or-charli-xcx-confirmed-for-spanish-festival-dcode-2017"},"author":{"name":"Victor","@id":"https:\/\/www.indieofilo.com\/#\/schema\/person\/595334d38590e4ce5a09f83cbf2fca90"},"headline":"Liam Gallagher or Charli XCX, confirmed for Spanish Festival DCODE 2017","datePublished":"2017-03-28T08:30:40+00:00","dateModified":"2023-09-03T20:45:45+00:00","mainEntityOfPage":{"@id":"https:\/\/www.indieofilo.com\/en\/news\/liam-gallagher-or-charli-xcx-confirmed-for-spanish-festival-dcode-2017"},"wordCount":132,"commentCount":0,"publisher":{"@id":"https:\/\/www.indieofilo.com\/#organization"},"image":{"@id":"https:\/\/www.indieofilo.com\/en\/news\/liam-gallagher-or-charli-xcx-confirmed-for-spanish-festival-dcode-2017#primaryimage"},"thumbnailUrl":"https:\/\/www.indieofilo.com\/wp-content\/uploads\/2017\/03\/Dcode_2017_liam_gallagher.jpg","keywords":["Charli XCX","Dcode","DCODE 2017","Elyella Dj\u2019s","Exquirla","Holy Bouncer","Iv\u00e1n Ferreiro","La Femme","Liam Gallagher","Maga","Miss Caffeina","Varry Brava","Yall"],"articleSection":["Live Shows","News"],"inLanguage":"en-US","potentialAction":[{"@type":"CommentAction","name":"Comment","target":["https:\/\/www.indieofilo.com\/en\/news\/liam-gallagher-or-charli-xcx-confirmed-for-spanish-festival-dcode-2017#respond"]}]},{"@type":"WebPage","@id":"https:\/\/www.indieofilo.com\/en\/news\/liam-gallagher-or-charli-xcx-confirmed-for-spanish-festival-dcode-2017","url":"https:\/\/www.indieofilo.com\/en\/news\/liam-gallagher-or-charli-xcx-confirmed-for-spanish-festival-dcode-2017","name":"Liam Gallagher or Charli XCX, confirmed for Spanish Festival DCODE 2017 - Indie\u00f3filo","isPartOf":{"@id":"https:\/\/www.indieofilo.com\/#website"},"primaryImageOfPage":{"@id":"https:\/\/www.indieofilo.com\/en\/news\/liam-gallagher-or-charli-xcx-confirmed-for-spanish-festival-dcode-2017#primaryimage"},"image":{"@id":"https:\/\/www.indieofilo.com\/en\/news\/liam-gallagher-or-charli-xcx-confirmed-for-spanish-festival-dcode-2017#primaryimage"},"thumbnailUrl":"https:\/\/www.indieofilo.com\/wp-content\/uploads\/2017\/03\/Dcode_2017_liam_gallagher.jpg","datePublished":"2017-03-28T08:30:40+00:00","dateModified":"2023-09-03T20:45:45+00:00","description":"Together with Iv\u00e1n Ferreiro, Exquirla, La Femme, Miss Caffeina, Maga, Yall or Varry Brava, new names for Spanish DCODE 2017.","breadcrumb":{"@id":"https:\/\/www.indieofilo.com\/en\/news\/liam-gallagher-or-charli-xcx-confirmed-for-spanish-festival-dcode-2017#breadcrumb"},"inLanguage":"en-US","potentialAction":[{"@type":"ReadAction","target":["https:\/\/www.indieofilo.com\/en\/news\/liam-gallagher-or-charli-xcx-confirmed-for-spanish-festival-dcode-2017"]}]},{"@type":"ImageObject","inLanguage":"en-US","@id":"https:\/\/www.indieofilo.com\/en\/news\/liam-gallagher-or-charli-xcx-confirmed-for-spanish-festival-dcode-2017#primaryimage","url":"https:\/\/www.indieofilo.com\/wp-content\/uploads\/2017\/03\/Dcode_2017_liam_gallagher.jpg","contentUrl":"https:\/\/www.indieofilo.com\/wp-content\/uploads\/2017\/03\/Dcode_2017_liam_gallagher.jpg","width":600,"height":600},{"@type":"BreadcrumbList","@id":"https:\/\/www.indieofilo.com\/en\/news\/liam-gallagher-or-charli-xcx-confirmed-for-spanish-festival-dcode-2017#breadcrumb","itemListElement":[{"@type":"ListItem","position":1,"name":"Portada","item":"https:\/\/www.indieofilo.com\/en"},{"@type":"ListItem","position":2,"name":"Liam Gallagher or Charli XCX, confirmed for Spanish Festival DCODE 2017"}]},{"@type":"WebSite","@id":"https:\/\/www.indieofilo.com\/#website","url":"https:\/\/www.indieofilo.com\/","name":"Indie\u00f3filo","description":"Magazine online de la cultura independiente","publisher":{"@id":"https:\/\/www.indieofilo.com\/#organization"},"potentialAction":[{"@type":"SearchAction","target":{"@type":"EntryPoint","urlTemplate":"https:\/\/www.indieofilo.com\/?s={search_term_string}"},"query-input":{"@type":"PropertyValueSpecification","valueRequired":true,"valueName":"search_term_string"}}],"inLanguage":"en-US"},{"@type":"Organization","@id":"https:\/\/www.indieofilo.com\/#organization","name":"Indie\u00f3filo Web","url":"https:\/\/www.indieofilo.com\/","logo":{"@type":"ImageObject","inLanguage":"en-US","@id":"https:\/\/www.indieofilo.com\/#\/schema\/logo\/image\/","url":"https:\/\/www.indieofilo.com\/wp-content\/uploads\/2015\/02\/logo-alta-resolucion.png","contentUrl":"https:\/\/www.indieofilo.com\/wp-content\/uploads\/2015\/02\/logo-alta-resolucion.png","width":544,"height":185,"caption":"Indie\u00f3filo Web"},"image":{"@id":"https:\/\/www.indieofilo.com\/#\/schema\/logo\/image\/"},"sameAs":["https:\/\/www.facebook.com\/Indieofilo\/","https:\/\/x.com\/indieofilo","https:\/\/www.instagram.com\/indieofilo\/"]},{"@type":"Person","@id":"https:\/\/www.indieofilo.com\/#\/schema\/person\/595334d38590e4ce5a09f83cbf2fca90","name":"Victor","image":{"@type":"ImageObject","inLanguage":"en-US","@id":"https:\/\/www.indieofilo.com\/#\/schema\/person\/image\/","url":"https:\/\/secure.gravatar.com\/avatar\/682b8c6ea3e94b6cffec683b25f1797d?s=96&d=mm&r=g","contentUrl":"https:\/\/secure.gravatar.com\/avatar\/682b8c6ea3e94b6cffec683b25f1797d?s=96&d=mm&r=g","caption":"Victor"},"description":"Fan\u00e1tico de la m\u00fasica desde que mis padres me pon\u00edan a Eydie Gorme y Los Panchos o el Discotuna por la A2. Intent\u00e9 tocar varios instrumentos, pero soy muy torpe con la mano izquierda, as\u00ed que ya sab\u00e9is el resultado final. Fan del britpop, Post-punk, el rugby y el baloncesto...","sameAs":["http:\/\/indieofilo.com"],"url":"https:\/\/www.indieofilo.com\/en\/author\/victor"}]}},"_links":{"self":[{"href":"https:\/\/www.indieofilo.com\/en\/wp-json\/wp\/v2\/posts\/8747","targetHints":{"allow":["GET"]}}],"collection":[{"href":"https:\/\/www.indieofilo.com\/en\/wp-json\/wp\/v2\/posts"}],"about":[{"href":"https:\/\/www.indieofilo.com\/en\/wp-json\/wp\/v2\/types\/post"}],"author":[{"embeddable":true,"href":"https:\/\/www.indieofilo.com\/en\/wp-json\/wp\/v2\/users\/1"}],"replies":[{"embeddable":true,"href":"https:\/\/www.indieofilo.com\/en\/wp-json\/wp\/v2\/comments?post=8747"}],"version-history":[{"count":0,"href":"https:\/\/www.indieofilo.com\/en\/wp-json\/wp\/v2\/posts\/8747\/revisions"}],"wp:featuredmedia":[{"embeddable":true,"href":"https:\/\/www.indieofilo.com\/en\/wp-json\/wp\/v2\/media\/20739"}],"wp:attachment":[{"href":"https:\/\/www.indieofilo.com\/en\/wp-json\/wp\/v2\/media?parent=8747"}],"wp:term":[{"taxonomy":"category","embeddable":true,"href":"https:\/\/www.indieofilo.com\/en\/wp-json\/wp\/v2\/categories?post=8747"},{"taxonomy":"post_tag","embeddable":true,"href":"https:\/\/www.indieofilo.com\/en\/wp-json\/wp\/v2\/tags?post=8747"}],"curies":[{"name":"wp","href":"https:\/\/api.w.org\/{rel}","templated":true}]}}