{"id":8587,"date":"2017-02-22T15:55:29","date_gmt":"2017-02-22T14:55:29","guid":{"rendered":"http:\/\/indieofilo.com\/?p=8587"},"modified":"2023-09-03T23:15:54","modified_gmt":"2023-09-03T21:15:54","slug":"down-the-rabbit-hole-2017-announces-new-names","status":"publish","type":"post","link":"https:\/\/www.indieofilo.com\/en\/news\/down-the-rabbit-hole-2017-announces-new-names","title":{"rendered":"Down The Rabbit Hole 2017 announces new names"},"content":{"rendered":"<p style=\"text-align: justify;\">\n\t<img fetchpriority=\"high\" decoding=\"async\" alt=\"Down The Rabbit Hole 2017\" class=\"aligncenter size-large wp-image-8585\" height=\"296\" src=\"http:\/\/indieofilo.com\/wp-content\/uploads\/2017\/02\/Down_The_Rabbit_Hole_2017-800x296.jpg\" width=\"800\" \/><\/p>\n<p style=\"text-align: justify;\">\n\tAfter <a href=\"http:\/\/indieofilo.com\/news\/first-names-for-down-the-rabbit-hole-2017-have-been-leaked\" target=\"_self\" rel=\"noopener\">the first batch of names<\/a> of the second week of January, the Dutch festival Down The Rabbit Hole has just announced this morning a second round of confirmations for the 2017 edition, as well as some major cancellations. In this new announcement highlight the newness of <strong>Moderat<\/strong>, <strong>Temples<\/strong>, <strong>Trentemoller<\/strong>, <strong>Nicolas Jaar<\/strong> or&nbsp;<strong>Rag&rsquo;N&rsquo;Bone Man<\/strong>, one of the mainstream sensations of 2016 with his hit &quot;<em>Human<\/em>&quot;, but also&nbsp;<strong>Bear&rsquo;s Den<\/strong>&nbsp;and&nbsp;<strong>Cage the Elephant<\/strong> that had already been announced in their profiles of social networks&nbsp;advancing in this way to the organization. The other confirmations include <strong>Daphni<\/strong>, <strong>Father John Misty<\/strong>, <strong>Sohn<\/strong>, <strong>Spoon<\/strong>, <strong>Nao<\/strong>, <strong>Weval<\/strong>, <strong>Holly Macve<\/strong>, <strong>Joep Beving<\/strong>, <strong>Klangstof<\/strong>, <strong>Mr Scruff<\/strong>, <strong>Maggie Rogers<\/strong>, <strong>Nathan Fake<\/strong>, <strong>Pink Oculus<\/strong>, <strong>The Lemon Twigs<\/strong>, <strong>Wand<\/strong> and&nbsp;<strong>Warhaus<\/strong>.<\/p>\n<p style=\"text-align: justify;\">\n\tOn the other hand, two of the main names that already had the line-up were cancelled, as <strong>Massive Attack<\/strong> and&nbsp;<strong>Anderson .Paak &amp; the Free Nationals<\/strong> have announced that due to their own reasons, and therefore alien to the festival, they will not be able to play this summer at the Dutch festival..<\/p>\n<p style=\"text-align: justify;\">\n\t3 days Tickets for the festival, that will be held in De Groene Heuvels (closer to Nijmegen) from 23th until 25th of June, are available on its <a href=\"http:\/\/downtherabbithole.nl\/\" target=\"_blank\" rel=\"noopener\">official Website<\/a> with a price of &euro;129 (+fees)with campsite included. We remind you that no day tickets are sold for this festival.<\/p>\n","protected":false},"excerpt":{"rendered":"<p>After the first batch of names of the second week of January, the Dutch festival Down The Rabbit Hole has just announced this morning a second round of confirmations for the 2017 edition, as well as some major cancellations. In this new announcement highlight the newness of Moderat, Temples, Trentemoller, Nicolas Jaar or&nbsp;Rag&rsquo;N&rsquo;Bone Man, one [&hellip;]<\/p>\n","protected":false},"author":1,"featured_media":20687,"comment_status":"open","ping_status":"closed","sticky":false,"template":"","format":"standard","meta":{"footnotes":""},"categories":[41,8],"tags":[5561,5613,5196,5555,5556,5198,4967,5398,5146,5624,5257,5421,5633],"class_list":["post-8587","post","type-post","status-publish","format-standard","has-post-thumbnail","hentry","category-live-shows","category-news","tag-bears-den-en","tag-cage-the-elephant-en","tag-daphni-en","tag-down-the-rabbit-hole-en","tag-down-the-rabbit-hole-2017-en","tag-father-john-misty-en","tag-moderat-en","tag-nicolas-jaar-en","tag-ragnbone-man-en","tag-sohn-en","tag-spoon-en","tag-temples-en","tag-trentemoller-en"],"yoast_head":"<!-- This site is optimized with the Yoast SEO Premium plugin v23.9 (Yoast SEO v26.6) - https:\/\/yoast.com\/wordpress\/plugins\/seo\/ -->\n<title>Down The Rabbit Hole 2017 announces new names - Indie\u00f3filo<\/title>\n<meta name=\"description\" content=\"Moderat, Bear\u2019s Den, Cage the Elephant, Temples, Trentemoller, Nicolas Jaar or Rag\u2019N\u2019Bone Man, among the new confirmations for Down the Rabbit Hole 2017.\" \/>\n<meta name=\"robots\" content=\"index, follow, max-snippet:-1, max-image-preview:large, max-video-preview:-1\" \/>\n<link rel=\"canonical\" href=\"https:\/\/www.indieofilo.com\/en\/news\/down-the-rabbit-hole-2017-announces-new-names\" \/>\n<meta property=\"og:locale\" content=\"en_US\" \/>\n<meta property=\"og:type\" content=\"article\" \/>\n<meta property=\"og:title\" content=\"Down The Rabbit Hole 2017 announces new names\" \/>\n<meta property=\"og:description\" content=\"Moderat, Bear\u2019s Den, Cage the Elephant, Temples, Trentemoller, Nicolas Jaar or Rag\u2019N\u2019Bone Man, among the new confirmations for Down the Rabbit Hole 2017.\" \/>\n<meta property=\"og:url\" content=\"https:\/\/www.indieofilo.com\/en\/news\/down-the-rabbit-hole-2017-announces-new-names\" \/>\n<meta property=\"og:site_name\" content=\"Indie\u00f3filo\" \/>\n<meta property=\"article:publisher\" content=\"https:\/\/www.facebook.com\/Indieofilo\/\" \/>\n<meta property=\"article:published_time\" content=\"2017-02-22T14:55:29+00:00\" \/>\n<meta property=\"article:modified_time\" content=\"2023-09-03T21:15:54+00:00\" \/>\n<meta property=\"og:image\" content=\"https:\/\/www.indieofilo.com\/wp-content\/uploads\/2017\/02\/Down_The_Rabbit_Hole_2017.jpg\" \/>\n\t<meta property=\"og:image:width\" content=\"851\" \/>\n\t<meta property=\"og:image:height\" content=\"315\" \/>\n\t<meta property=\"og:image:type\" content=\"image\/jpeg\" \/>\n<meta name=\"author\" content=\"Victor\" \/>\n<meta name=\"twitter:card\" content=\"summary_large_image\" \/>\n<meta name=\"twitter:creator\" content=\"@indieofilo\" \/>\n<meta name=\"twitter:site\" content=\"@indieofilo\" \/>\n<meta name=\"twitter:label1\" content=\"Written by\" \/>\n\t<meta name=\"twitter:data1\" content=\"Victor\" \/>\n\t<meta name=\"twitter:label2\" content=\"Est. reading time\" \/>\n\t<meta name=\"twitter:data2\" content=\"2 minutes\" \/>\n<script type=\"application\/ld+json\" class=\"yoast-schema-graph\">{\"@context\":\"https:\/\/schema.org\",\"@graph\":[{\"@type\":\"Article\",\"@id\":\"https:\/\/www.indieofilo.com\/en\/news\/down-the-rabbit-hole-2017-announces-new-names#article\",\"isPartOf\":{\"@id\":\"https:\/\/www.indieofilo.com\/en\/news\/down-the-rabbit-hole-2017-announces-new-names\"},\"author\":{\"name\":\"Victor\",\"@id\":\"https:\/\/www.indieofilo.com\/#\/schema\/person\/595334d38590e4ce5a09f83cbf2fca90\"},\"headline\":\"Down The Rabbit Hole 2017 announces new names\",\"datePublished\":\"2017-02-22T14:55:29+00:00\",\"dateModified\":\"2023-09-03T21:15:54+00:00\",\"mainEntityOfPage\":{\"@id\":\"https:\/\/www.indieofilo.com\/en\/news\/down-the-rabbit-hole-2017-announces-new-names\"},\"wordCount\":245,\"commentCount\":0,\"publisher\":{\"@id\":\"https:\/\/www.indieofilo.com\/#organization\"},\"image\":{\"@id\":\"https:\/\/www.indieofilo.com\/en\/news\/down-the-rabbit-hole-2017-announces-new-names#primaryimage\"},\"thumbnailUrl\":\"https:\/\/www.indieofilo.com\/wp-content\/uploads\/2017\/02\/Down_The_Rabbit_Hole_2017.jpg\",\"keywords\":[\"Bear\u2019s Den\",\"Cage The Elephant\",\"Daphni\",\"Down The Rabbit Hole\",\"Down The Rabbit Hole 2017\",\"Father John Misty\",\"Moderat\",\"Nicolas Jaar\",\"Rag\u2019N\u2019Bone Man\",\"SOHN\",\"Spoon\",\"Temples\",\"Trentem\u00d8ller\"],\"articleSection\":[\"Live Shows\",\"News\"],\"inLanguage\":\"en-US\",\"potentialAction\":[{\"@type\":\"CommentAction\",\"name\":\"Comment\",\"target\":[\"https:\/\/www.indieofilo.com\/en\/news\/down-the-rabbit-hole-2017-announces-new-names#respond\"]}]},{\"@type\":\"WebPage\",\"@id\":\"https:\/\/www.indieofilo.com\/en\/news\/down-the-rabbit-hole-2017-announces-new-names\",\"url\":\"https:\/\/www.indieofilo.com\/en\/news\/down-the-rabbit-hole-2017-announces-new-names\",\"name\":\"Down The Rabbit Hole 2017 announces new names - Indie\u00f3filo\",\"isPartOf\":{\"@id\":\"https:\/\/www.indieofilo.com\/#website\"},\"primaryImageOfPage\":{\"@id\":\"https:\/\/www.indieofilo.com\/en\/news\/down-the-rabbit-hole-2017-announces-new-names#primaryimage\"},\"image\":{\"@id\":\"https:\/\/www.indieofilo.com\/en\/news\/down-the-rabbit-hole-2017-announces-new-names#primaryimage\"},\"thumbnailUrl\":\"https:\/\/www.indieofilo.com\/wp-content\/uploads\/2017\/02\/Down_The_Rabbit_Hole_2017.jpg\",\"datePublished\":\"2017-02-22T14:55:29+00:00\",\"dateModified\":\"2023-09-03T21:15:54+00:00\",\"description\":\"Moderat, Bear\u2019s Den, Cage the Elephant, Temples, Trentemoller, Nicolas Jaar or Rag\u2019N\u2019Bone Man, among the new confirmations for Down the Rabbit Hole 2017.\",\"breadcrumb\":{\"@id\":\"https:\/\/www.indieofilo.com\/en\/news\/down-the-rabbit-hole-2017-announces-new-names#breadcrumb\"},\"inLanguage\":\"en-US\",\"potentialAction\":[{\"@type\":\"ReadAction\",\"target\":[\"https:\/\/www.indieofilo.com\/en\/news\/down-the-rabbit-hole-2017-announces-new-names\"]}]},{\"@type\":\"ImageObject\",\"inLanguage\":\"en-US\",\"@id\":\"https:\/\/www.indieofilo.com\/en\/news\/down-the-rabbit-hole-2017-announces-new-names#primaryimage\",\"url\":\"https:\/\/www.indieofilo.com\/wp-content\/uploads\/2017\/02\/Down_The_Rabbit_Hole_2017.jpg\",\"contentUrl\":\"https:\/\/www.indieofilo.com\/wp-content\/uploads\/2017\/02\/Down_The_Rabbit_Hole_2017.jpg\",\"width\":851,\"height\":315},{\"@type\":\"BreadcrumbList\",\"@id\":\"https:\/\/www.indieofilo.com\/en\/news\/down-the-rabbit-hole-2017-announces-new-names#breadcrumb\",\"itemListElement\":[{\"@type\":\"ListItem\",\"position\":1,\"name\":\"Portada\",\"item\":\"https:\/\/www.indieofilo.com\/en\"},{\"@type\":\"ListItem\",\"position\":2,\"name\":\"Down The Rabbit Hole 2017 announces new names\"}]},{\"@type\":\"WebSite\",\"@id\":\"https:\/\/www.indieofilo.com\/#website\",\"url\":\"https:\/\/www.indieofilo.com\/\",\"name\":\"Indie\u00f3filo\",\"description\":\"Magazine online de la cultura independiente\",\"publisher\":{\"@id\":\"https:\/\/www.indieofilo.com\/#organization\"},\"potentialAction\":[{\"@type\":\"SearchAction\",\"target\":{\"@type\":\"EntryPoint\",\"urlTemplate\":\"https:\/\/www.indieofilo.com\/?s={search_term_string}\"},\"query-input\":{\"@type\":\"PropertyValueSpecification\",\"valueRequired\":true,\"valueName\":\"search_term_string\"}}],\"inLanguage\":\"en-US\"},{\"@type\":\"Organization\",\"@id\":\"https:\/\/www.indieofilo.com\/#organization\",\"name\":\"Indie\u00f3filo Web\",\"url\":\"https:\/\/www.indieofilo.com\/\",\"logo\":{\"@type\":\"ImageObject\",\"inLanguage\":\"en-US\",\"@id\":\"https:\/\/www.indieofilo.com\/#\/schema\/logo\/image\/\",\"url\":\"https:\/\/www.indieofilo.com\/wp-content\/uploads\/2015\/02\/logo-alta-resolucion.png\",\"contentUrl\":\"https:\/\/www.indieofilo.com\/wp-content\/uploads\/2015\/02\/logo-alta-resolucion.png\",\"width\":544,\"height\":185,\"caption\":\"Indie\u00f3filo Web\"},\"image\":{\"@id\":\"https:\/\/www.indieofilo.com\/#\/schema\/logo\/image\/\"},\"sameAs\":[\"https:\/\/www.facebook.com\/Indieofilo\/\",\"https:\/\/x.com\/indieofilo\",\"https:\/\/www.instagram.com\/indieofilo\/\"]},{\"@type\":\"Person\",\"@id\":\"https:\/\/www.indieofilo.com\/#\/schema\/person\/595334d38590e4ce5a09f83cbf2fca90\",\"name\":\"Victor\",\"image\":{\"@type\":\"ImageObject\",\"inLanguage\":\"en-US\",\"@id\":\"https:\/\/www.indieofilo.com\/#\/schema\/person\/image\/\",\"url\":\"https:\/\/secure.gravatar.com\/avatar\/682b8c6ea3e94b6cffec683b25f1797d?s=96&d=mm&r=g\",\"contentUrl\":\"https:\/\/secure.gravatar.com\/avatar\/682b8c6ea3e94b6cffec683b25f1797d?s=96&d=mm&r=g\",\"caption\":\"Victor\"},\"description\":\"Fan\u00e1tico de la m\u00fasica desde que mis padres me pon\u00edan a Eydie Gorme y Los Panchos o el Discotuna por la A2. Intent\u00e9 tocar varios instrumentos, pero soy muy torpe con la mano izquierda, as\u00ed que ya sab\u00e9is el resultado final. Fan del britpop, Post-punk, el rugby y el baloncesto...\",\"sameAs\":[\"http:\/\/indieofilo.com\"],\"url\":\"https:\/\/www.indieofilo.com\/en\/author\/victor\"}]}<\/script>\n<!-- \/ Yoast SEO Premium plugin. -->","yoast_head_json":{"title":"Down The Rabbit Hole 2017 announces new names - Indie\u00f3filo","description":"Moderat, Bear\u2019s Den, Cage the Elephant, Temples, Trentemoller, Nicolas Jaar or Rag\u2019N\u2019Bone Man, among the new confirmations for Down the Rabbit Hole 2017.","robots":{"index":"index","follow":"follow","max-snippet":"max-snippet:-1","max-image-preview":"max-image-preview:large","max-video-preview":"max-video-preview:-1"},"canonical":"https:\/\/www.indieofilo.com\/en\/news\/down-the-rabbit-hole-2017-announces-new-names","og_locale":"en_US","og_type":"article","og_title":"Down The Rabbit Hole 2017 announces new names","og_description":"Moderat, Bear\u2019s Den, Cage the Elephant, Temples, Trentemoller, Nicolas Jaar or Rag\u2019N\u2019Bone Man, among the new confirmations for Down the Rabbit Hole 2017.","og_url":"https:\/\/www.indieofilo.com\/en\/news\/down-the-rabbit-hole-2017-announces-new-names","og_site_name":"Indie\u00f3filo","article_publisher":"https:\/\/www.facebook.com\/Indieofilo\/","article_published_time":"2017-02-22T14:55:29+00:00","article_modified_time":"2023-09-03T21:15:54+00:00","og_image":[{"width":851,"height":315,"url":"https:\/\/www.indieofilo.com\/wp-content\/uploads\/2017\/02\/Down_The_Rabbit_Hole_2017.jpg","type":"image\/jpeg"}],"author":"Victor","twitter_card":"summary_large_image","twitter_creator":"@indieofilo","twitter_site":"@indieofilo","twitter_misc":{"Written by":"Victor","Est. reading time":"2 minutes"},"schema":{"@context":"https:\/\/schema.org","@graph":[{"@type":"Article","@id":"https:\/\/www.indieofilo.com\/en\/news\/down-the-rabbit-hole-2017-announces-new-names#article","isPartOf":{"@id":"https:\/\/www.indieofilo.com\/en\/news\/down-the-rabbit-hole-2017-announces-new-names"},"author":{"name":"Victor","@id":"https:\/\/www.indieofilo.com\/#\/schema\/person\/595334d38590e4ce5a09f83cbf2fca90"},"headline":"Down The Rabbit Hole 2017 announces new names","datePublished":"2017-02-22T14:55:29+00:00","dateModified":"2023-09-03T21:15:54+00:00","mainEntityOfPage":{"@id":"https:\/\/www.indieofilo.com\/en\/news\/down-the-rabbit-hole-2017-announces-new-names"},"wordCount":245,"commentCount":0,"publisher":{"@id":"https:\/\/www.indieofilo.com\/#organization"},"image":{"@id":"https:\/\/www.indieofilo.com\/en\/news\/down-the-rabbit-hole-2017-announces-new-names#primaryimage"},"thumbnailUrl":"https:\/\/www.indieofilo.com\/wp-content\/uploads\/2017\/02\/Down_The_Rabbit_Hole_2017.jpg","keywords":["Bear\u2019s Den","Cage The Elephant","Daphni","Down The Rabbit Hole","Down The Rabbit Hole 2017","Father John Misty","Moderat","Nicolas Jaar","Rag\u2019N\u2019Bone Man","SOHN","Spoon","Temples","Trentem\u00d8ller"],"articleSection":["Live Shows","News"],"inLanguage":"en-US","potentialAction":[{"@type":"CommentAction","name":"Comment","target":["https:\/\/www.indieofilo.com\/en\/news\/down-the-rabbit-hole-2017-announces-new-names#respond"]}]},{"@type":"WebPage","@id":"https:\/\/www.indieofilo.com\/en\/news\/down-the-rabbit-hole-2017-announces-new-names","url":"https:\/\/www.indieofilo.com\/en\/news\/down-the-rabbit-hole-2017-announces-new-names","name":"Down The Rabbit Hole 2017 announces new names - Indie\u00f3filo","isPartOf":{"@id":"https:\/\/www.indieofilo.com\/#website"},"primaryImageOfPage":{"@id":"https:\/\/www.indieofilo.com\/en\/news\/down-the-rabbit-hole-2017-announces-new-names#primaryimage"},"image":{"@id":"https:\/\/www.indieofilo.com\/en\/news\/down-the-rabbit-hole-2017-announces-new-names#primaryimage"},"thumbnailUrl":"https:\/\/www.indieofilo.com\/wp-content\/uploads\/2017\/02\/Down_The_Rabbit_Hole_2017.jpg","datePublished":"2017-02-22T14:55:29+00:00","dateModified":"2023-09-03T21:15:54+00:00","description":"Moderat, Bear\u2019s Den, Cage the Elephant, Temples, Trentemoller, Nicolas Jaar or Rag\u2019N\u2019Bone Man, among the new confirmations for Down the Rabbit Hole 2017.","breadcrumb":{"@id":"https:\/\/www.indieofilo.com\/en\/news\/down-the-rabbit-hole-2017-announces-new-names#breadcrumb"},"inLanguage":"en-US","potentialAction":[{"@type":"ReadAction","target":["https:\/\/www.indieofilo.com\/en\/news\/down-the-rabbit-hole-2017-announces-new-names"]}]},{"@type":"ImageObject","inLanguage":"en-US","@id":"https:\/\/www.indieofilo.com\/en\/news\/down-the-rabbit-hole-2017-announces-new-names#primaryimage","url":"https:\/\/www.indieofilo.com\/wp-content\/uploads\/2017\/02\/Down_The_Rabbit_Hole_2017.jpg","contentUrl":"https:\/\/www.indieofilo.com\/wp-content\/uploads\/2017\/02\/Down_The_Rabbit_Hole_2017.jpg","width":851,"height":315},{"@type":"BreadcrumbList","@id":"https:\/\/www.indieofilo.com\/en\/news\/down-the-rabbit-hole-2017-announces-new-names#breadcrumb","itemListElement":[{"@type":"ListItem","position":1,"name":"Portada","item":"https:\/\/www.indieofilo.com\/en"},{"@type":"ListItem","position":2,"name":"Down The Rabbit Hole 2017 announces new names"}]},{"@type":"WebSite","@id":"https:\/\/www.indieofilo.com\/#website","url":"https:\/\/www.indieofilo.com\/","name":"Indie\u00f3filo","description":"Magazine online de la cultura independiente","publisher":{"@id":"https:\/\/www.indieofilo.com\/#organization"},"potentialAction":[{"@type":"SearchAction","target":{"@type":"EntryPoint","urlTemplate":"https:\/\/www.indieofilo.com\/?s={search_term_string}"},"query-input":{"@type":"PropertyValueSpecification","valueRequired":true,"valueName":"search_term_string"}}],"inLanguage":"en-US"},{"@type":"Organization","@id":"https:\/\/www.indieofilo.com\/#organization","name":"Indie\u00f3filo Web","url":"https:\/\/www.indieofilo.com\/","logo":{"@type":"ImageObject","inLanguage":"en-US","@id":"https:\/\/www.indieofilo.com\/#\/schema\/logo\/image\/","url":"https:\/\/www.indieofilo.com\/wp-content\/uploads\/2015\/02\/logo-alta-resolucion.png","contentUrl":"https:\/\/www.indieofilo.com\/wp-content\/uploads\/2015\/02\/logo-alta-resolucion.png","width":544,"height":185,"caption":"Indie\u00f3filo Web"},"image":{"@id":"https:\/\/www.indieofilo.com\/#\/schema\/logo\/image\/"},"sameAs":["https:\/\/www.facebook.com\/Indieofilo\/","https:\/\/x.com\/indieofilo","https:\/\/www.instagram.com\/indieofilo\/"]},{"@type":"Person","@id":"https:\/\/www.indieofilo.com\/#\/schema\/person\/595334d38590e4ce5a09f83cbf2fca90","name":"Victor","image":{"@type":"ImageObject","inLanguage":"en-US","@id":"https:\/\/www.indieofilo.com\/#\/schema\/person\/image\/","url":"https:\/\/secure.gravatar.com\/avatar\/682b8c6ea3e94b6cffec683b25f1797d?s=96&d=mm&r=g","contentUrl":"https:\/\/secure.gravatar.com\/avatar\/682b8c6ea3e94b6cffec683b25f1797d?s=96&d=mm&r=g","caption":"Victor"},"description":"Fan\u00e1tico de la m\u00fasica desde que mis padres me pon\u00edan a Eydie Gorme y Los Panchos o el Discotuna por la A2. Intent\u00e9 tocar varios instrumentos, pero soy muy torpe con la mano izquierda, as\u00ed que ya sab\u00e9is el resultado final. Fan del britpop, Post-punk, el rugby y el baloncesto...","sameAs":["http:\/\/indieofilo.com"],"url":"https:\/\/www.indieofilo.com\/en\/author\/victor"}]}},"_links":{"self":[{"href":"https:\/\/www.indieofilo.com\/en\/wp-json\/wp\/v2\/posts\/8587","targetHints":{"allow":["GET"]}}],"collection":[{"href":"https:\/\/www.indieofilo.com\/en\/wp-json\/wp\/v2\/posts"}],"about":[{"href":"https:\/\/www.indieofilo.com\/en\/wp-json\/wp\/v2\/types\/post"}],"author":[{"embeddable":true,"href":"https:\/\/www.indieofilo.com\/en\/wp-json\/wp\/v2\/users\/1"}],"replies":[{"embeddable":true,"href":"https:\/\/www.indieofilo.com\/en\/wp-json\/wp\/v2\/comments?post=8587"}],"version-history":[{"count":0,"href":"https:\/\/www.indieofilo.com\/en\/wp-json\/wp\/v2\/posts\/8587\/revisions"}],"wp:featuredmedia":[{"embeddable":true,"href":"https:\/\/www.indieofilo.com\/en\/wp-json\/wp\/v2\/media\/20687"}],"wp:attachment":[{"href":"https:\/\/www.indieofilo.com\/en\/wp-json\/wp\/v2\/media?parent=8587"}],"wp:term":[{"taxonomy":"category","embeddable":true,"href":"https:\/\/www.indieofilo.com\/en\/wp-json\/wp\/v2\/categories?post=8587"},{"taxonomy":"post_tag","embeddable":true,"href":"https:\/\/www.indieofilo.com\/en\/wp-json\/wp\/v2\/tags?post=8587"}],"curies":[{"name":"wp","href":"https:\/\/api.w.org\/{rel}","templated":true}]}}