{"id":8328,"date":"2016-10-17T14:42:09","date_gmt":"2016-10-17T12:42:09","guid":{"rendered":"http:\/\/indieofilo.com\/?p=8328"},"modified":"2023-09-12T07:13:26","modified_gmt":"2023-09-12T05:13:26","slug":"cage-the-elephant-european-tour-in-2017","status":"publish","type":"post","link":"https:\/\/www.indieofilo.com\/en\/news\/cage-the-elephant-european-tour-in-2017","title":{"rendered":"Cage The Elephant European Tour in 2017"},"content":{"rendered":"<p style=\"text-align: justify;\">\n\t<img fetchpriority=\"high\" decoding=\"async\" alt=\"Cage The Elephant espana 2017\" class=\"aligncenter size-full wp-image-8326\" height=\"600\" src=\"http:\/\/indieofilo.com\/wp-content\/uploads\/2016\/10\/Cage_The_Elephant_espana_2017.jpg\" width=\"425\" srcset=\"https:\/\/www.indieofilo.com\/wp-content\/uploads\/2016\/10\/Cage_The_Elephant_espana_2017.jpg 425w, https:\/\/www.indieofilo.com\/wp-content\/uploads\/2016\/10\/Cage_The_Elephant_espana_2017-213x300.jpg 213w\" sizes=\"(max-width: 425px) 100vw, 425px\" \/><\/p>\n<p style=\"text-align: justify;\">\n\tThe Americans <strong>Cage The Elephant<\/strong>, owners of one of the more powerful live of the current rock scene, have just announced a European tour for the months of January and February of 2017. The band would return to the old continent after 5 years of absence, including for the first time concerts in Spain, to present their last album&nbsp;<em>Tell Me I&#39;m Pretty<\/em>, that was published at the end of 2015 and that has been produced by <strong>Dan Auerbach<\/strong> (<strong>The Black Keys<\/strong>).<\/p>\n<p style=\"text-align: justify;\">\n\tThe tour, which will begin on January 23 in Copenhagen and end on February 6 in Porto, will arrive on February 4 to sala Apolo in Barcelona and on February 5 to sala La Riviera in Madrid. Tickets for spanish shows can be purchased on Wednesday October 19 at 10am in the exclusive pre-sale of 48 hours on <a href=\"http:\/\/www.mondosonoro.es\/\" target=\"_blank\" rel=\"noopener\">Mondosono<\/a>; and on Friday, October 21 they will be available at the usual points of sale: <a href=\"http:\/\/www.livenation.es\" target=\"_blank\" rel=\"noopener\">livenation<\/a>, <a href=\"http:\/\/www.ticketmaster.es\" target=\"_blank\" rel=\"noopener\">ticketmaster<\/a>&nbsp;and ticketmaster network (FNAC + Halc&oacute;n Viajes + Carrefour).<\/p>\n<p style=\"text-align: center;\">\n\tJanuary 23 | Copenhagen, Denmark | Vega<br \/>\nJanuary 24 | Amsterdam, Holland | Paradiso<br \/>\nJanuary 25 | Paris, France | Elysee Montmartre<br \/>\nJanuary 27 | Berlin, Germany | Columbia Theater<br \/>\nJanuary 29 | Munich, Germany | Backstage Werk<br \/>\nJanuary 30 | Zurich, Switzerland | Dynamo<br \/>\nJanuary 31 | Milan, Italy | Fabrique<br \/>\nFebruary 1 | Nimes, France | La Paloma<br \/>\nFebruary 3 | Lyon, France | Le Transbordeur<br \/>\nFebruary 4 | Barcelona, Spain | Sala Apolo<br \/>\nFebruary 5 | Madrid, Spain | La Riviera<br \/>\nFebruary 6 | Porto, Portugal | Coliseu Do Porto<\/p>\n","protected":false},"excerpt":{"rendered":"<p>The Americans Cage The Elephant, owners of one of the more powerful live of the current rock scene, have just announced a European tour for the months of January and February of 2017. The band would return to the old continent after 5 years of absence, including for the first time concerts in Spain, to [&hellip;]<\/p>\n","protected":false},"author":1,"featured_media":20606,"comment_status":"open","ping_status":"closed","sticky":false,"template":"","format":"standard","meta":{"footnotes":""},"categories":[41,8],"tags":[4961,5613],"class_list":["post-8328","post","type-post","status-publish","format-standard","has-post-thumbnail","hentry","category-live-shows","category-news","tag-barcelona-en","tag-cage-the-elephant-en"],"yoast_head":"<!-- This site is optimized with the Yoast SEO Premium plugin v23.9 (Yoast SEO v26.6) - https:\/\/yoast.com\/wordpress\/plugins\/seo\/ -->\n<title>Cage The Elephant European Tour in 2017 - Indie\u00f3filo<\/title>\n<meta name=\"description\" content=\"The tour, which will begin on January 23 in Copenhagen and end on February 6 in Porto, will arrive on February 4 to Barcelona and on February 5 to Madrid.\" \/>\n<meta name=\"robots\" content=\"index, follow, max-snippet:-1, max-image-preview:large, max-video-preview:-1\" \/>\n<link rel=\"canonical\" href=\"https:\/\/www.indieofilo.com\/en\/news\/cage-the-elephant-european-tour-in-2017\" \/>\n<meta property=\"og:locale\" content=\"en_US\" \/>\n<meta property=\"og:type\" content=\"article\" \/>\n<meta property=\"og:title\" content=\"Cage The Elephant European Tour in 2017\" \/>\n<meta property=\"og:description\" content=\"The tour, which will begin on January 23 in Copenhagen and end on February 6 in Porto, will arrive on February 4 to Barcelona and on February 5 to Madrid.\" \/>\n<meta property=\"og:url\" content=\"https:\/\/www.indieofilo.com\/en\/news\/cage-the-elephant-european-tour-in-2017\" \/>\n<meta property=\"og:site_name\" content=\"Indie\u00f3filo\" \/>\n<meta property=\"article:publisher\" content=\"https:\/\/www.facebook.com\/Indieofilo\/\" \/>\n<meta property=\"article:published_time\" content=\"2016-10-17T12:42:09+00:00\" \/>\n<meta property=\"article:modified_time\" content=\"2023-09-12T05:13:26+00:00\" \/>\n<meta property=\"og:image\" content=\"https:\/\/www.indieofilo.com\/wp-content\/uploads\/2016\/10\/Cage_The_Elephant_espana_2017.jpg\" \/>\n\t<meta property=\"og:image:width\" content=\"425\" \/>\n\t<meta property=\"og:image:height\" content=\"600\" \/>\n\t<meta property=\"og:image:type\" content=\"image\/jpeg\" \/>\n<meta name=\"author\" content=\"Victor\" \/>\n<meta name=\"twitter:card\" content=\"summary_large_image\" \/>\n<meta name=\"twitter:creator\" content=\"@indieofilo\" \/>\n<meta name=\"twitter:site\" content=\"@indieofilo\" \/>\n<meta name=\"twitter:label1\" content=\"Written by\" \/>\n\t<meta name=\"twitter:data1\" content=\"Victor\" \/>\n\t<meta name=\"twitter:label2\" content=\"Est. reading time\" \/>\n\t<meta name=\"twitter:data2\" content=\"2 minutes\" \/>\n<script type=\"application\/ld+json\" class=\"yoast-schema-graph\">{\"@context\":\"https:\/\/schema.org\",\"@graph\":[{\"@type\":\"Article\",\"@id\":\"https:\/\/www.indieofilo.com\/en\/news\/cage-the-elephant-european-tour-in-2017#article\",\"isPartOf\":{\"@id\":\"https:\/\/www.indieofilo.com\/en\/news\/cage-the-elephant-european-tour-in-2017\"},\"author\":{\"name\":\"Victor\",\"@id\":\"https:\/\/www.indieofilo.com\/#\/schema\/person\/595334d38590e4ce5a09f83cbf2fca90\"},\"headline\":\"Cage The Elephant European Tour in 2017\",\"datePublished\":\"2016-10-17T12:42:09+00:00\",\"dateModified\":\"2023-09-12T05:13:26+00:00\",\"mainEntityOfPage\":{\"@id\":\"https:\/\/www.indieofilo.com\/en\/news\/cage-the-elephant-european-tour-in-2017\"},\"wordCount\":223,\"commentCount\":0,\"publisher\":{\"@id\":\"https:\/\/www.indieofilo.com\/#organization\"},\"image\":{\"@id\":\"https:\/\/www.indieofilo.com\/en\/news\/cage-the-elephant-european-tour-in-2017#primaryimage\"},\"thumbnailUrl\":\"https:\/\/www.indieofilo.com\/wp-content\/uploads\/2016\/10\/Cage_The_Elephant_espana_2017.jpg\",\"keywords\":[\"Barcelona\",\"Cage The Elephant\"],\"articleSection\":[\"Live Shows\",\"News\"],\"inLanguage\":\"en-US\",\"potentialAction\":[{\"@type\":\"CommentAction\",\"name\":\"Comment\",\"target\":[\"https:\/\/www.indieofilo.com\/en\/news\/cage-the-elephant-european-tour-in-2017#respond\"]}]},{\"@type\":\"WebPage\",\"@id\":\"https:\/\/www.indieofilo.com\/en\/news\/cage-the-elephant-european-tour-in-2017\",\"url\":\"https:\/\/www.indieofilo.com\/en\/news\/cage-the-elephant-european-tour-in-2017\",\"name\":\"Cage The Elephant European Tour in 2017 - Indie\u00f3filo\",\"isPartOf\":{\"@id\":\"https:\/\/www.indieofilo.com\/#website\"},\"primaryImageOfPage\":{\"@id\":\"https:\/\/www.indieofilo.com\/en\/news\/cage-the-elephant-european-tour-in-2017#primaryimage\"},\"image\":{\"@id\":\"https:\/\/www.indieofilo.com\/en\/news\/cage-the-elephant-european-tour-in-2017#primaryimage\"},\"thumbnailUrl\":\"https:\/\/www.indieofilo.com\/wp-content\/uploads\/2016\/10\/Cage_The_Elephant_espana_2017.jpg\",\"datePublished\":\"2016-10-17T12:42:09+00:00\",\"dateModified\":\"2023-09-12T05:13:26+00:00\",\"description\":\"The tour, which will begin on January 23 in Copenhagen and end on February 6 in Porto, will arrive on February 4 to Barcelona and on February 5 to Madrid.\",\"breadcrumb\":{\"@id\":\"https:\/\/www.indieofilo.com\/en\/news\/cage-the-elephant-european-tour-in-2017#breadcrumb\"},\"inLanguage\":\"en-US\",\"potentialAction\":[{\"@type\":\"ReadAction\",\"target\":[\"https:\/\/www.indieofilo.com\/en\/news\/cage-the-elephant-european-tour-in-2017\"]}]},{\"@type\":\"ImageObject\",\"inLanguage\":\"en-US\",\"@id\":\"https:\/\/www.indieofilo.com\/en\/news\/cage-the-elephant-european-tour-in-2017#primaryimage\",\"url\":\"https:\/\/www.indieofilo.com\/wp-content\/uploads\/2016\/10\/Cage_The_Elephant_espana_2017.jpg\",\"contentUrl\":\"https:\/\/www.indieofilo.com\/wp-content\/uploads\/2016\/10\/Cage_The_Elephant_espana_2017.jpg\",\"width\":425,\"height\":600},{\"@type\":\"BreadcrumbList\",\"@id\":\"https:\/\/www.indieofilo.com\/en\/news\/cage-the-elephant-european-tour-in-2017#breadcrumb\",\"itemListElement\":[{\"@type\":\"ListItem\",\"position\":1,\"name\":\"Portada\",\"item\":\"https:\/\/www.indieofilo.com\/en\"},{\"@type\":\"ListItem\",\"position\":2,\"name\":\"Cage The Elephant European Tour in 2017\"}]},{\"@type\":\"WebSite\",\"@id\":\"https:\/\/www.indieofilo.com\/#website\",\"url\":\"https:\/\/www.indieofilo.com\/\",\"name\":\"Indie\u00f3filo\",\"description\":\"Magazine online de la cultura independiente\",\"publisher\":{\"@id\":\"https:\/\/www.indieofilo.com\/#organization\"},\"potentialAction\":[{\"@type\":\"SearchAction\",\"target\":{\"@type\":\"EntryPoint\",\"urlTemplate\":\"https:\/\/www.indieofilo.com\/?s={search_term_string}\"},\"query-input\":{\"@type\":\"PropertyValueSpecification\",\"valueRequired\":true,\"valueName\":\"search_term_string\"}}],\"inLanguage\":\"en-US\"},{\"@type\":\"Organization\",\"@id\":\"https:\/\/www.indieofilo.com\/#organization\",\"name\":\"Indie\u00f3filo Web\",\"url\":\"https:\/\/www.indieofilo.com\/\",\"logo\":{\"@type\":\"ImageObject\",\"inLanguage\":\"en-US\",\"@id\":\"https:\/\/www.indieofilo.com\/#\/schema\/logo\/image\/\",\"url\":\"https:\/\/www.indieofilo.com\/wp-content\/uploads\/2015\/02\/logo-alta-resolucion.png\",\"contentUrl\":\"https:\/\/www.indieofilo.com\/wp-content\/uploads\/2015\/02\/logo-alta-resolucion.png\",\"width\":544,\"height\":185,\"caption\":\"Indie\u00f3filo Web\"},\"image\":{\"@id\":\"https:\/\/www.indieofilo.com\/#\/schema\/logo\/image\/\"},\"sameAs\":[\"https:\/\/www.facebook.com\/Indieofilo\/\",\"https:\/\/x.com\/indieofilo\",\"https:\/\/www.instagram.com\/indieofilo\/\"]},{\"@type\":\"Person\",\"@id\":\"https:\/\/www.indieofilo.com\/#\/schema\/person\/595334d38590e4ce5a09f83cbf2fca90\",\"name\":\"Victor\",\"image\":{\"@type\":\"ImageObject\",\"inLanguage\":\"en-US\",\"@id\":\"https:\/\/www.indieofilo.com\/#\/schema\/person\/image\/\",\"url\":\"https:\/\/secure.gravatar.com\/avatar\/682b8c6ea3e94b6cffec683b25f1797d?s=96&d=mm&r=g\",\"contentUrl\":\"https:\/\/secure.gravatar.com\/avatar\/682b8c6ea3e94b6cffec683b25f1797d?s=96&d=mm&r=g\",\"caption\":\"Victor\"},\"description\":\"Fan\u00e1tico de la m\u00fasica desde que mis padres me pon\u00edan a Eydie Gorme y Los Panchos o el Discotuna por la A2. Intent\u00e9 tocar varios instrumentos, pero soy muy torpe con la mano izquierda, as\u00ed que ya sab\u00e9is el resultado final. Fan del britpop, Post-punk, el rugby y el baloncesto...\",\"sameAs\":[\"http:\/\/indieofilo.com\"],\"url\":\"https:\/\/www.indieofilo.com\/en\/author\/victor\"}]}<\/script>\n<!-- \/ Yoast SEO Premium plugin. -->","yoast_head_json":{"title":"Cage The Elephant European Tour in 2017 - Indie\u00f3filo","description":"The tour, which will begin on January 23 in Copenhagen and end on February 6 in Porto, will arrive on February 4 to Barcelona and on February 5 to Madrid.","robots":{"index":"index","follow":"follow","max-snippet":"max-snippet:-1","max-image-preview":"max-image-preview:large","max-video-preview":"max-video-preview:-1"},"canonical":"https:\/\/www.indieofilo.com\/en\/news\/cage-the-elephant-european-tour-in-2017","og_locale":"en_US","og_type":"article","og_title":"Cage The Elephant European Tour in 2017","og_description":"The tour, which will begin on January 23 in Copenhagen and end on February 6 in Porto, will arrive on February 4 to Barcelona and on February 5 to Madrid.","og_url":"https:\/\/www.indieofilo.com\/en\/news\/cage-the-elephant-european-tour-in-2017","og_site_name":"Indie\u00f3filo","article_publisher":"https:\/\/www.facebook.com\/Indieofilo\/","article_published_time":"2016-10-17T12:42:09+00:00","article_modified_time":"2023-09-12T05:13:26+00:00","og_image":[{"width":425,"height":600,"url":"https:\/\/www.indieofilo.com\/wp-content\/uploads\/2016\/10\/Cage_The_Elephant_espana_2017.jpg","type":"image\/jpeg"}],"author":"Victor","twitter_card":"summary_large_image","twitter_creator":"@indieofilo","twitter_site":"@indieofilo","twitter_misc":{"Written by":"Victor","Est. reading time":"2 minutes"},"schema":{"@context":"https:\/\/schema.org","@graph":[{"@type":"Article","@id":"https:\/\/www.indieofilo.com\/en\/news\/cage-the-elephant-european-tour-in-2017#article","isPartOf":{"@id":"https:\/\/www.indieofilo.com\/en\/news\/cage-the-elephant-european-tour-in-2017"},"author":{"name":"Victor","@id":"https:\/\/www.indieofilo.com\/#\/schema\/person\/595334d38590e4ce5a09f83cbf2fca90"},"headline":"Cage The Elephant European Tour in 2017","datePublished":"2016-10-17T12:42:09+00:00","dateModified":"2023-09-12T05:13:26+00:00","mainEntityOfPage":{"@id":"https:\/\/www.indieofilo.com\/en\/news\/cage-the-elephant-european-tour-in-2017"},"wordCount":223,"commentCount":0,"publisher":{"@id":"https:\/\/www.indieofilo.com\/#organization"},"image":{"@id":"https:\/\/www.indieofilo.com\/en\/news\/cage-the-elephant-european-tour-in-2017#primaryimage"},"thumbnailUrl":"https:\/\/www.indieofilo.com\/wp-content\/uploads\/2016\/10\/Cage_The_Elephant_espana_2017.jpg","keywords":["Barcelona","Cage The Elephant"],"articleSection":["Live Shows","News"],"inLanguage":"en-US","potentialAction":[{"@type":"CommentAction","name":"Comment","target":["https:\/\/www.indieofilo.com\/en\/news\/cage-the-elephant-european-tour-in-2017#respond"]}]},{"@type":"WebPage","@id":"https:\/\/www.indieofilo.com\/en\/news\/cage-the-elephant-european-tour-in-2017","url":"https:\/\/www.indieofilo.com\/en\/news\/cage-the-elephant-european-tour-in-2017","name":"Cage The Elephant European Tour in 2017 - Indie\u00f3filo","isPartOf":{"@id":"https:\/\/www.indieofilo.com\/#website"},"primaryImageOfPage":{"@id":"https:\/\/www.indieofilo.com\/en\/news\/cage-the-elephant-european-tour-in-2017#primaryimage"},"image":{"@id":"https:\/\/www.indieofilo.com\/en\/news\/cage-the-elephant-european-tour-in-2017#primaryimage"},"thumbnailUrl":"https:\/\/www.indieofilo.com\/wp-content\/uploads\/2016\/10\/Cage_The_Elephant_espana_2017.jpg","datePublished":"2016-10-17T12:42:09+00:00","dateModified":"2023-09-12T05:13:26+00:00","description":"The tour, which will begin on January 23 in Copenhagen and end on February 6 in Porto, will arrive on February 4 to Barcelona and on February 5 to Madrid.","breadcrumb":{"@id":"https:\/\/www.indieofilo.com\/en\/news\/cage-the-elephant-european-tour-in-2017#breadcrumb"},"inLanguage":"en-US","potentialAction":[{"@type":"ReadAction","target":["https:\/\/www.indieofilo.com\/en\/news\/cage-the-elephant-european-tour-in-2017"]}]},{"@type":"ImageObject","inLanguage":"en-US","@id":"https:\/\/www.indieofilo.com\/en\/news\/cage-the-elephant-european-tour-in-2017#primaryimage","url":"https:\/\/www.indieofilo.com\/wp-content\/uploads\/2016\/10\/Cage_The_Elephant_espana_2017.jpg","contentUrl":"https:\/\/www.indieofilo.com\/wp-content\/uploads\/2016\/10\/Cage_The_Elephant_espana_2017.jpg","width":425,"height":600},{"@type":"BreadcrumbList","@id":"https:\/\/www.indieofilo.com\/en\/news\/cage-the-elephant-european-tour-in-2017#breadcrumb","itemListElement":[{"@type":"ListItem","position":1,"name":"Portada","item":"https:\/\/www.indieofilo.com\/en"},{"@type":"ListItem","position":2,"name":"Cage The Elephant European Tour in 2017"}]},{"@type":"WebSite","@id":"https:\/\/www.indieofilo.com\/#website","url":"https:\/\/www.indieofilo.com\/","name":"Indie\u00f3filo","description":"Magazine online de la cultura independiente","publisher":{"@id":"https:\/\/www.indieofilo.com\/#organization"},"potentialAction":[{"@type":"SearchAction","target":{"@type":"EntryPoint","urlTemplate":"https:\/\/www.indieofilo.com\/?s={search_term_string}"},"query-input":{"@type":"PropertyValueSpecification","valueRequired":true,"valueName":"search_term_string"}}],"inLanguage":"en-US"},{"@type":"Organization","@id":"https:\/\/www.indieofilo.com\/#organization","name":"Indie\u00f3filo Web","url":"https:\/\/www.indieofilo.com\/","logo":{"@type":"ImageObject","inLanguage":"en-US","@id":"https:\/\/www.indieofilo.com\/#\/schema\/logo\/image\/","url":"https:\/\/www.indieofilo.com\/wp-content\/uploads\/2015\/02\/logo-alta-resolucion.png","contentUrl":"https:\/\/www.indieofilo.com\/wp-content\/uploads\/2015\/02\/logo-alta-resolucion.png","width":544,"height":185,"caption":"Indie\u00f3filo Web"},"image":{"@id":"https:\/\/www.indieofilo.com\/#\/schema\/logo\/image\/"},"sameAs":["https:\/\/www.facebook.com\/Indieofilo\/","https:\/\/x.com\/indieofilo","https:\/\/www.instagram.com\/indieofilo\/"]},{"@type":"Person","@id":"https:\/\/www.indieofilo.com\/#\/schema\/person\/595334d38590e4ce5a09f83cbf2fca90","name":"Victor","image":{"@type":"ImageObject","inLanguage":"en-US","@id":"https:\/\/www.indieofilo.com\/#\/schema\/person\/image\/","url":"https:\/\/secure.gravatar.com\/avatar\/682b8c6ea3e94b6cffec683b25f1797d?s=96&d=mm&r=g","contentUrl":"https:\/\/secure.gravatar.com\/avatar\/682b8c6ea3e94b6cffec683b25f1797d?s=96&d=mm&r=g","caption":"Victor"},"description":"Fan\u00e1tico de la m\u00fasica desde que mis padres me pon\u00edan a Eydie Gorme y Los Panchos o el Discotuna por la A2. Intent\u00e9 tocar varios instrumentos, pero soy muy torpe con la mano izquierda, as\u00ed que ya sab\u00e9is el resultado final. Fan del britpop, Post-punk, el rugby y el baloncesto...","sameAs":["http:\/\/indieofilo.com"],"url":"https:\/\/www.indieofilo.com\/en\/author\/victor"}]}},"_links":{"self":[{"href":"https:\/\/www.indieofilo.com\/en\/wp-json\/wp\/v2\/posts\/8328","targetHints":{"allow":["GET"]}}],"collection":[{"href":"https:\/\/www.indieofilo.com\/en\/wp-json\/wp\/v2\/posts"}],"about":[{"href":"https:\/\/www.indieofilo.com\/en\/wp-json\/wp\/v2\/types\/post"}],"author":[{"embeddable":true,"href":"https:\/\/www.indieofilo.com\/en\/wp-json\/wp\/v2\/users\/1"}],"replies":[{"embeddable":true,"href":"https:\/\/www.indieofilo.com\/en\/wp-json\/wp\/v2\/comments?post=8328"}],"version-history":[{"count":0,"href":"https:\/\/www.indieofilo.com\/en\/wp-json\/wp\/v2\/posts\/8328\/revisions"}],"wp:featuredmedia":[{"embeddable":true,"href":"https:\/\/www.indieofilo.com\/en\/wp-json\/wp\/v2\/media\/20606"}],"wp:attachment":[{"href":"https:\/\/www.indieofilo.com\/en\/wp-json\/wp\/v2\/media?parent=8328"}],"wp:term":[{"taxonomy":"category","embeddable":true,"href":"https:\/\/www.indieofilo.com\/en\/wp-json\/wp\/v2\/categories?post=8328"},{"taxonomy":"post_tag","embeddable":true,"href":"https:\/\/www.indieofilo.com\/en\/wp-json\/wp\/v2\/tags?post=8328"}],"curies":[{"name":"wp","href":"https:\/\/api.w.org\/{rel}","templated":true}]}}