{"id":7900,"date":"2016-12-01T12:47:38","date_gmt":"2016-12-01T11:47:38","guid":{"rendered":"http:\/\/indieofilo.com\/?p=7900"},"modified":"2023-09-11T00:19:35","modified_gmt":"2023-09-10T22:19:35","slug":"franz-ferdinand-confirmed-for-spanish-low-festival-2017","status":"publish","type":"post","link":"https:\/\/www.indieofilo.com\/en\/news\/franz-ferdinand-confirmed-for-spanish-low-festival-2017","title":{"rendered":"Franz Ferdinand confirmed for Spanish Low Festival 2017"},"content":{"rendered":"<p style=\"text-align: justify;\">\n\t<img fetchpriority=\"high\" decoding=\"async\" alt=\"low festival 2017 - Franz Ferdinand\" class=\"aligncenter size-full wp-image-7898\" height=\"259\" src=\"http:\/\/indieofilo.com\/wp-content\/uploads\/2016\/12\/low_festival_2017_franz_ferdinand.jpg\" width=\"600\" srcset=\"https:\/\/www.indieofilo.com\/wp-content\/uploads\/2016\/12\/low_festival_2017_franz_ferdinand.jpg 600w, https:\/\/www.indieofilo.com\/wp-content\/uploads\/2016\/12\/low_festival_2017_franz_ferdinand-300x130.jpg 300w\" sizes=\"(max-width: 600px) 100vw, 600px\" \/><\/p>\n<p style=\"text-align: justify;\">\n\tJust a week after <a href=\"http:\/\/indieofilo.com\/news\/pixies-confirmed-as-first-low-festival-2017-headliner\">have announced Pixies<\/a>, Spanish<strong> Low Festival 2017<\/strong> has just confirmed <strong>Franz Ferdinand<\/strong> as the second big headliner of the edition of this year. The Scots will return to Spanish territory nearly four years after their last visit (although the last one was last year as FFS) and in the Alicante festival they will offer their only date in Spain in 2017.<\/p>\n<p style=\"text-align: justify;\">\n\tL Tickets for the festival, which will take place from 28 to 30 July at the Ciudad Deportiva Guillermo Amor of Benidorm, are already on sale on its <a href=\"http:\/\/lowfestival.es\/abonos\/\" target=\"_blank\" rel=\"noopener\">official Website<\/a> with a promotional price of &euro;52+fees until midnight, when they will go up in price.<\/p>\n","protected":false},"excerpt":{"rendered":"<p>Just a week after have announced Pixies, Spanish Low Festival 2017 has just confirmed Franz Ferdinand as the second big headliner of the edition of this year. The Scots will return to Spanish territory nearly four years after their last visit (although the last one was last year as FFS) and in the Alicante festival [&hellip;]<\/p>\n","protected":false},"author":1,"featured_media":20481,"comment_status":"open","ping_status":"closed","sticky":false,"template":"","format":"standard","meta":{"footnotes":""},"categories":[41,8],"tags":[5286,5516,5517],"class_list":["post-7900","post","type-post","status-publish","format-standard","has-post-thumbnail","hentry","category-live-shows","category-news","tag-franz-ferdinand-en","tag-low-festival-en","tag-low-festival-2017-en"],"yoast_head":"<!-- This site is optimized with the Yoast SEO Premium plugin v23.9 (Yoast SEO v26.6) - https:\/\/yoast.com\/wordpress\/plugins\/seo\/ -->\n<title>Franz Ferdinand confirmed for Spanish Low Festival 2017 - Indie\u00f3filo<\/title>\n<meta name=\"description\" content=\"Just a week after have announced Pixies, Spanish Low Festival 2017 has just confirmed Franz Ferdinand as the second big headliner.\" \/>\n<meta name=\"robots\" content=\"index, follow, max-snippet:-1, max-image-preview:large, max-video-preview:-1\" \/>\n<link rel=\"canonical\" href=\"https:\/\/www.indieofilo.com\/en\/news\/franz-ferdinand-confirmed-for-spanish-low-festival-2017\" \/>\n<meta property=\"og:locale\" content=\"en_US\" \/>\n<meta property=\"og:type\" content=\"article\" \/>\n<meta property=\"og:title\" content=\"Franz Ferdinand confirmed for Spanish Low Festival 2017\" \/>\n<meta property=\"og:description\" content=\"Just a week after have announced Pixies, Spanish Low Festival 2017 has just confirmed Franz Ferdinand as the second big headliner.\" \/>\n<meta property=\"og:url\" content=\"https:\/\/www.indieofilo.com\/en\/news\/franz-ferdinand-confirmed-for-spanish-low-festival-2017\" \/>\n<meta property=\"og:site_name\" content=\"Indie\u00f3filo\" \/>\n<meta property=\"article:publisher\" content=\"https:\/\/www.facebook.com\/Indieofilo\/\" \/>\n<meta property=\"article:published_time\" content=\"2016-12-01T11:47:38+00:00\" \/>\n<meta property=\"article:modified_time\" content=\"2023-09-10T22:19:35+00:00\" \/>\n<meta property=\"og:image\" content=\"https:\/\/www.indieofilo.com\/wp-content\/uploads\/2016\/12\/low_festival_2017_franz_ferdinand.jpg\" \/>\n\t<meta property=\"og:image:width\" content=\"600\" \/>\n\t<meta property=\"og:image:height\" content=\"259\" \/>\n\t<meta property=\"og:image:type\" content=\"image\/jpeg\" \/>\n<meta name=\"author\" content=\"Victor\" \/>\n<meta name=\"twitter:card\" content=\"summary_large_image\" \/>\n<meta name=\"twitter:creator\" content=\"@indieofilo\" \/>\n<meta name=\"twitter:site\" content=\"@indieofilo\" \/>\n<meta name=\"twitter:label1\" content=\"Written by\" \/>\n\t<meta name=\"twitter:data1\" content=\"Victor\" \/>\n\t<meta name=\"twitter:label2\" content=\"Est. reading time\" \/>\n\t<meta name=\"twitter:data2\" content=\"1 minute\" \/>\n<script type=\"application\/ld+json\" class=\"yoast-schema-graph\">{\"@context\":\"https:\/\/schema.org\",\"@graph\":[{\"@type\":\"Article\",\"@id\":\"https:\/\/www.indieofilo.com\/en\/news\/franz-ferdinand-confirmed-for-spanish-low-festival-2017#article\",\"isPartOf\":{\"@id\":\"https:\/\/www.indieofilo.com\/en\/news\/franz-ferdinand-confirmed-for-spanish-low-festival-2017\"},\"author\":{\"name\":\"Victor\",\"@id\":\"https:\/\/www.indieofilo.com\/#\/schema\/person\/595334d38590e4ce5a09f83cbf2fca90\"},\"headline\":\"Franz Ferdinand confirmed for Spanish Low Festival 2017\",\"datePublished\":\"2016-12-01T11:47:38+00:00\",\"dateModified\":\"2023-09-10T22:19:35+00:00\",\"mainEntityOfPage\":{\"@id\":\"https:\/\/www.indieofilo.com\/en\/news\/franz-ferdinand-confirmed-for-spanish-low-festival-2017\"},\"wordCount\":114,\"commentCount\":0,\"publisher\":{\"@id\":\"https:\/\/www.indieofilo.com\/#organization\"},\"image\":{\"@id\":\"https:\/\/www.indieofilo.com\/en\/news\/franz-ferdinand-confirmed-for-spanish-low-festival-2017#primaryimage\"},\"thumbnailUrl\":\"https:\/\/www.indieofilo.com\/wp-content\/uploads\/2016\/12\/low_festival_2017_franz_ferdinand.jpg\",\"keywords\":[\"Franz Ferdinand\",\"Low Festival\",\"Low Festival 2017\"],\"articleSection\":[\"Live Shows\",\"News\"],\"inLanguage\":\"en-US\",\"potentialAction\":[{\"@type\":\"CommentAction\",\"name\":\"Comment\",\"target\":[\"https:\/\/www.indieofilo.com\/en\/news\/franz-ferdinand-confirmed-for-spanish-low-festival-2017#respond\"]}]},{\"@type\":\"WebPage\",\"@id\":\"https:\/\/www.indieofilo.com\/en\/news\/franz-ferdinand-confirmed-for-spanish-low-festival-2017\",\"url\":\"https:\/\/www.indieofilo.com\/en\/news\/franz-ferdinand-confirmed-for-spanish-low-festival-2017\",\"name\":\"Franz Ferdinand confirmed for Spanish Low Festival 2017 - Indie\u00f3filo\",\"isPartOf\":{\"@id\":\"https:\/\/www.indieofilo.com\/#website\"},\"primaryImageOfPage\":{\"@id\":\"https:\/\/www.indieofilo.com\/en\/news\/franz-ferdinand-confirmed-for-spanish-low-festival-2017#primaryimage\"},\"image\":{\"@id\":\"https:\/\/www.indieofilo.com\/en\/news\/franz-ferdinand-confirmed-for-spanish-low-festival-2017#primaryimage\"},\"thumbnailUrl\":\"https:\/\/www.indieofilo.com\/wp-content\/uploads\/2016\/12\/low_festival_2017_franz_ferdinand.jpg\",\"datePublished\":\"2016-12-01T11:47:38+00:00\",\"dateModified\":\"2023-09-10T22:19:35+00:00\",\"description\":\"Just a week after have announced Pixies, Spanish Low Festival 2017 has just confirmed Franz Ferdinand as the second big headliner.\",\"breadcrumb\":{\"@id\":\"https:\/\/www.indieofilo.com\/en\/news\/franz-ferdinand-confirmed-for-spanish-low-festival-2017#breadcrumb\"},\"inLanguage\":\"en-US\",\"potentialAction\":[{\"@type\":\"ReadAction\",\"target\":[\"https:\/\/www.indieofilo.com\/en\/news\/franz-ferdinand-confirmed-for-spanish-low-festival-2017\"]}]},{\"@type\":\"ImageObject\",\"inLanguage\":\"en-US\",\"@id\":\"https:\/\/www.indieofilo.com\/en\/news\/franz-ferdinand-confirmed-for-spanish-low-festival-2017#primaryimage\",\"url\":\"https:\/\/www.indieofilo.com\/wp-content\/uploads\/2016\/12\/low_festival_2017_franz_ferdinand.jpg\",\"contentUrl\":\"https:\/\/www.indieofilo.com\/wp-content\/uploads\/2016\/12\/low_festival_2017_franz_ferdinand.jpg\",\"width\":600,\"height\":259},{\"@type\":\"BreadcrumbList\",\"@id\":\"https:\/\/www.indieofilo.com\/en\/news\/franz-ferdinand-confirmed-for-spanish-low-festival-2017#breadcrumb\",\"itemListElement\":[{\"@type\":\"ListItem\",\"position\":1,\"name\":\"Portada\",\"item\":\"https:\/\/www.indieofilo.com\/en\"},{\"@type\":\"ListItem\",\"position\":2,\"name\":\"Franz Ferdinand confirmed for Spanish Low Festival 2017\"}]},{\"@type\":\"WebSite\",\"@id\":\"https:\/\/www.indieofilo.com\/#website\",\"url\":\"https:\/\/www.indieofilo.com\/\",\"name\":\"Indie\u00f3filo\",\"description\":\"Magazine online de la cultura independiente\",\"publisher\":{\"@id\":\"https:\/\/www.indieofilo.com\/#organization\"},\"potentialAction\":[{\"@type\":\"SearchAction\",\"target\":{\"@type\":\"EntryPoint\",\"urlTemplate\":\"https:\/\/www.indieofilo.com\/?s={search_term_string}\"},\"query-input\":{\"@type\":\"PropertyValueSpecification\",\"valueRequired\":true,\"valueName\":\"search_term_string\"}}],\"inLanguage\":\"en-US\"},{\"@type\":\"Organization\",\"@id\":\"https:\/\/www.indieofilo.com\/#organization\",\"name\":\"Indie\u00f3filo Web\",\"url\":\"https:\/\/www.indieofilo.com\/\",\"logo\":{\"@type\":\"ImageObject\",\"inLanguage\":\"en-US\",\"@id\":\"https:\/\/www.indieofilo.com\/#\/schema\/logo\/image\/\",\"url\":\"https:\/\/www.indieofilo.com\/wp-content\/uploads\/2015\/02\/logo-alta-resolucion.png\",\"contentUrl\":\"https:\/\/www.indieofilo.com\/wp-content\/uploads\/2015\/02\/logo-alta-resolucion.png\",\"width\":544,\"height\":185,\"caption\":\"Indie\u00f3filo Web\"},\"image\":{\"@id\":\"https:\/\/www.indieofilo.com\/#\/schema\/logo\/image\/\"},\"sameAs\":[\"https:\/\/www.facebook.com\/Indieofilo\/\",\"https:\/\/x.com\/indieofilo\",\"https:\/\/www.instagram.com\/indieofilo\/\"]},{\"@type\":\"Person\",\"@id\":\"https:\/\/www.indieofilo.com\/#\/schema\/person\/595334d38590e4ce5a09f83cbf2fca90\",\"name\":\"Victor\",\"image\":{\"@type\":\"ImageObject\",\"inLanguage\":\"en-US\",\"@id\":\"https:\/\/www.indieofilo.com\/#\/schema\/person\/image\/\",\"url\":\"https:\/\/secure.gravatar.com\/avatar\/682b8c6ea3e94b6cffec683b25f1797d?s=96&d=mm&r=g\",\"contentUrl\":\"https:\/\/secure.gravatar.com\/avatar\/682b8c6ea3e94b6cffec683b25f1797d?s=96&d=mm&r=g\",\"caption\":\"Victor\"},\"description\":\"Fan\u00e1tico de la m\u00fasica desde que mis padres me pon\u00edan a Eydie Gorme y Los Panchos o el Discotuna por la A2. Intent\u00e9 tocar varios instrumentos, pero soy muy torpe con la mano izquierda, as\u00ed que ya sab\u00e9is el resultado final. Fan del britpop, Post-punk, el rugby y el baloncesto...\",\"sameAs\":[\"http:\/\/indieofilo.com\"],\"url\":\"https:\/\/www.indieofilo.com\/en\/author\/victor\"}]}<\/script>\n<!-- \/ Yoast SEO Premium plugin. -->","yoast_head_json":{"title":"Franz Ferdinand confirmed for Spanish Low Festival 2017 - Indie\u00f3filo","description":"Just a week after have announced Pixies, Spanish Low Festival 2017 has just confirmed Franz Ferdinand as the second big headliner.","robots":{"index":"index","follow":"follow","max-snippet":"max-snippet:-1","max-image-preview":"max-image-preview:large","max-video-preview":"max-video-preview:-1"},"canonical":"https:\/\/www.indieofilo.com\/en\/news\/franz-ferdinand-confirmed-for-spanish-low-festival-2017","og_locale":"en_US","og_type":"article","og_title":"Franz Ferdinand confirmed for Spanish Low Festival 2017","og_description":"Just a week after have announced Pixies, Spanish Low Festival 2017 has just confirmed Franz Ferdinand as the second big headliner.","og_url":"https:\/\/www.indieofilo.com\/en\/news\/franz-ferdinand-confirmed-for-spanish-low-festival-2017","og_site_name":"Indie\u00f3filo","article_publisher":"https:\/\/www.facebook.com\/Indieofilo\/","article_published_time":"2016-12-01T11:47:38+00:00","article_modified_time":"2023-09-10T22:19:35+00:00","og_image":[{"width":600,"height":259,"url":"https:\/\/www.indieofilo.com\/wp-content\/uploads\/2016\/12\/low_festival_2017_franz_ferdinand.jpg","type":"image\/jpeg"}],"author":"Victor","twitter_card":"summary_large_image","twitter_creator":"@indieofilo","twitter_site":"@indieofilo","twitter_misc":{"Written by":"Victor","Est. reading time":"1 minute"},"schema":{"@context":"https:\/\/schema.org","@graph":[{"@type":"Article","@id":"https:\/\/www.indieofilo.com\/en\/news\/franz-ferdinand-confirmed-for-spanish-low-festival-2017#article","isPartOf":{"@id":"https:\/\/www.indieofilo.com\/en\/news\/franz-ferdinand-confirmed-for-spanish-low-festival-2017"},"author":{"name":"Victor","@id":"https:\/\/www.indieofilo.com\/#\/schema\/person\/595334d38590e4ce5a09f83cbf2fca90"},"headline":"Franz Ferdinand confirmed for Spanish Low Festival 2017","datePublished":"2016-12-01T11:47:38+00:00","dateModified":"2023-09-10T22:19:35+00:00","mainEntityOfPage":{"@id":"https:\/\/www.indieofilo.com\/en\/news\/franz-ferdinand-confirmed-for-spanish-low-festival-2017"},"wordCount":114,"commentCount":0,"publisher":{"@id":"https:\/\/www.indieofilo.com\/#organization"},"image":{"@id":"https:\/\/www.indieofilo.com\/en\/news\/franz-ferdinand-confirmed-for-spanish-low-festival-2017#primaryimage"},"thumbnailUrl":"https:\/\/www.indieofilo.com\/wp-content\/uploads\/2016\/12\/low_festival_2017_franz_ferdinand.jpg","keywords":["Franz Ferdinand","Low Festival","Low Festival 2017"],"articleSection":["Live Shows","News"],"inLanguage":"en-US","potentialAction":[{"@type":"CommentAction","name":"Comment","target":["https:\/\/www.indieofilo.com\/en\/news\/franz-ferdinand-confirmed-for-spanish-low-festival-2017#respond"]}]},{"@type":"WebPage","@id":"https:\/\/www.indieofilo.com\/en\/news\/franz-ferdinand-confirmed-for-spanish-low-festival-2017","url":"https:\/\/www.indieofilo.com\/en\/news\/franz-ferdinand-confirmed-for-spanish-low-festival-2017","name":"Franz Ferdinand confirmed for Spanish Low Festival 2017 - Indie\u00f3filo","isPartOf":{"@id":"https:\/\/www.indieofilo.com\/#website"},"primaryImageOfPage":{"@id":"https:\/\/www.indieofilo.com\/en\/news\/franz-ferdinand-confirmed-for-spanish-low-festival-2017#primaryimage"},"image":{"@id":"https:\/\/www.indieofilo.com\/en\/news\/franz-ferdinand-confirmed-for-spanish-low-festival-2017#primaryimage"},"thumbnailUrl":"https:\/\/www.indieofilo.com\/wp-content\/uploads\/2016\/12\/low_festival_2017_franz_ferdinand.jpg","datePublished":"2016-12-01T11:47:38+00:00","dateModified":"2023-09-10T22:19:35+00:00","description":"Just a week after have announced Pixies, Spanish Low Festival 2017 has just confirmed Franz Ferdinand as the second big headliner.","breadcrumb":{"@id":"https:\/\/www.indieofilo.com\/en\/news\/franz-ferdinand-confirmed-for-spanish-low-festival-2017#breadcrumb"},"inLanguage":"en-US","potentialAction":[{"@type":"ReadAction","target":["https:\/\/www.indieofilo.com\/en\/news\/franz-ferdinand-confirmed-for-spanish-low-festival-2017"]}]},{"@type":"ImageObject","inLanguage":"en-US","@id":"https:\/\/www.indieofilo.com\/en\/news\/franz-ferdinand-confirmed-for-spanish-low-festival-2017#primaryimage","url":"https:\/\/www.indieofilo.com\/wp-content\/uploads\/2016\/12\/low_festival_2017_franz_ferdinand.jpg","contentUrl":"https:\/\/www.indieofilo.com\/wp-content\/uploads\/2016\/12\/low_festival_2017_franz_ferdinand.jpg","width":600,"height":259},{"@type":"BreadcrumbList","@id":"https:\/\/www.indieofilo.com\/en\/news\/franz-ferdinand-confirmed-for-spanish-low-festival-2017#breadcrumb","itemListElement":[{"@type":"ListItem","position":1,"name":"Portada","item":"https:\/\/www.indieofilo.com\/en"},{"@type":"ListItem","position":2,"name":"Franz Ferdinand confirmed for Spanish Low Festival 2017"}]},{"@type":"WebSite","@id":"https:\/\/www.indieofilo.com\/#website","url":"https:\/\/www.indieofilo.com\/","name":"Indie\u00f3filo","description":"Magazine online de la cultura independiente","publisher":{"@id":"https:\/\/www.indieofilo.com\/#organization"},"potentialAction":[{"@type":"SearchAction","target":{"@type":"EntryPoint","urlTemplate":"https:\/\/www.indieofilo.com\/?s={search_term_string}"},"query-input":{"@type":"PropertyValueSpecification","valueRequired":true,"valueName":"search_term_string"}}],"inLanguage":"en-US"},{"@type":"Organization","@id":"https:\/\/www.indieofilo.com\/#organization","name":"Indie\u00f3filo Web","url":"https:\/\/www.indieofilo.com\/","logo":{"@type":"ImageObject","inLanguage":"en-US","@id":"https:\/\/www.indieofilo.com\/#\/schema\/logo\/image\/","url":"https:\/\/www.indieofilo.com\/wp-content\/uploads\/2015\/02\/logo-alta-resolucion.png","contentUrl":"https:\/\/www.indieofilo.com\/wp-content\/uploads\/2015\/02\/logo-alta-resolucion.png","width":544,"height":185,"caption":"Indie\u00f3filo Web"},"image":{"@id":"https:\/\/www.indieofilo.com\/#\/schema\/logo\/image\/"},"sameAs":["https:\/\/www.facebook.com\/Indieofilo\/","https:\/\/x.com\/indieofilo","https:\/\/www.instagram.com\/indieofilo\/"]},{"@type":"Person","@id":"https:\/\/www.indieofilo.com\/#\/schema\/person\/595334d38590e4ce5a09f83cbf2fca90","name":"Victor","image":{"@type":"ImageObject","inLanguage":"en-US","@id":"https:\/\/www.indieofilo.com\/#\/schema\/person\/image\/","url":"https:\/\/secure.gravatar.com\/avatar\/682b8c6ea3e94b6cffec683b25f1797d?s=96&d=mm&r=g","contentUrl":"https:\/\/secure.gravatar.com\/avatar\/682b8c6ea3e94b6cffec683b25f1797d?s=96&d=mm&r=g","caption":"Victor"},"description":"Fan\u00e1tico de la m\u00fasica desde que mis padres me pon\u00edan a Eydie Gorme y Los Panchos o el Discotuna por la A2. Intent\u00e9 tocar varios instrumentos, pero soy muy torpe con la mano izquierda, as\u00ed que ya sab\u00e9is el resultado final. Fan del britpop, Post-punk, el rugby y el baloncesto...","sameAs":["http:\/\/indieofilo.com"],"url":"https:\/\/www.indieofilo.com\/en\/author\/victor"}]}},"_links":{"self":[{"href":"https:\/\/www.indieofilo.com\/en\/wp-json\/wp\/v2\/posts\/7900","targetHints":{"allow":["GET"]}}],"collection":[{"href":"https:\/\/www.indieofilo.com\/en\/wp-json\/wp\/v2\/posts"}],"about":[{"href":"https:\/\/www.indieofilo.com\/en\/wp-json\/wp\/v2\/types\/post"}],"author":[{"embeddable":true,"href":"https:\/\/www.indieofilo.com\/en\/wp-json\/wp\/v2\/users\/1"}],"replies":[{"embeddable":true,"href":"https:\/\/www.indieofilo.com\/en\/wp-json\/wp\/v2\/comments?post=7900"}],"version-history":[{"count":0,"href":"https:\/\/www.indieofilo.com\/en\/wp-json\/wp\/v2\/posts\/7900\/revisions"}],"wp:featuredmedia":[{"embeddable":true,"href":"https:\/\/www.indieofilo.com\/en\/wp-json\/wp\/v2\/media\/20481"}],"wp:attachment":[{"href":"https:\/\/www.indieofilo.com\/en\/wp-json\/wp\/v2\/media?parent=7900"}],"wp:term":[{"taxonomy":"category","embeddable":true,"href":"https:\/\/www.indieofilo.com\/en\/wp-json\/wp\/v2\/categories?post=7900"},{"taxonomy":"post_tag","embeddable":true,"href":"https:\/\/www.indieofilo.com\/en\/wp-json\/wp\/v2\/tags?post=7900"}],"curies":[{"name":"wp","href":"https:\/\/api.w.org\/{rel}","templated":true}]}}