{"id":7850,"date":"2016-11-28T20:35:27","date_gmt":"2016-11-28T19:35:27","guid":{"rendered":"http:\/\/indieofilo.com\/?p=7850"},"modified":"2023-09-11T00:25:34","modified_gmt":"2023-09-10T22:25:34","slug":"second-batch-of-names-for-arenal-sound-2017","status":"publish","type":"post","link":"https:\/\/www.indieofilo.com\/en\/news\/second-batch-of-names-for-arenal-sound-2017","title":{"rendered":"Second batch of names for Arenal Sound 2017"},"content":{"rendered":"<p style=\"text-align: justify;\">\n\t<img fetchpriority=\"high\" decoding=\"async\" alt=\"arenal sound 2017 - icona pop\" class=\"aligncenter size-full wp-image-7847\" height=\"296\" src=\"http:\/\/indieofilo.com\/wp-content\/uploads\/2016\/11\/arenal_sound_2017-icona_pop.jpg\" width=\"800\" srcset=\"https:\/\/www.indieofilo.com\/wp-content\/uploads\/2016\/11\/arenal_sound_2017-icona_pop.jpg 800w, https:\/\/www.indieofilo.com\/wp-content\/uploads\/2016\/11\/arenal_sound_2017-icona_pop-300x111.jpg 300w, https:\/\/www.indieofilo.com\/wp-content\/uploads\/2016\/11\/arenal_sound_2017-icona_pop-768x284.jpg 768w\" sizes=\"(max-width: 800px) 100vw, 800px\" \/><\/p>\n<p style=\"text-align: justify;\">\n\tJust <a href=\"http:\/\/indieofilo.com\/news\/martin-garrix-first-name-of-arenal-sound-2017\">a week after confirming Martin Garrix<\/a>, <strong>Arenal Sound 2017<\/strong> has announced new bands for its lineup. In what will be the eighth edition of the Spanish festival it will be possible to enjoy&nbsp;the Swedish <strong>Icona Pop<\/strong> and Spanish indie main band <strong>Lori Meyers<\/strong>, both with new album in 2017, and also one of the mainstays of deep house as <strong>Sam Feldt<\/strong>, <strong>Sidonie<\/strong>, <strong>Txarango<\/strong>, <strong>C. Tangana<\/strong>, <strong>Shinova<\/strong> and <strong>Bearoid<\/strong>.<\/p>\n<p>\tTickets are available&nbsp;<a href=\"http:\/\/www.arenalsound.com\/entradas\/entradas-festival\/\" target=\"_blank\" rel=\"noopener\">at the official Website of the Festival<\/a>&nbsp;with a starting price of &euro;35 + fees, without the right to camp, during a special promotion that will last until December 4 or end of stock.<\/p>\n","protected":false},"excerpt":{"rendered":"<p>Just a week after confirming Martin Garrix, Arenal Sound 2017 has announced new bands for its lineup. In what will be the eighth edition of the Spanish festival it will be possible to enjoy&nbsp;the Swedish Icona Pop and Spanish indie main band Lori Meyers, both with new album in 2017, and also one of the [&hellip;]<\/p>\n","protected":false},"author":1,"featured_media":20471,"comment_status":"open","ping_status":"closed","sticky":false,"template":"","format":"standard","meta":{"footnotes":""},"categories":[41,8],"tags":[5672,5673,5698,5178,5699,5107,5700,5519,5375,5645],"class_list":["post-7850","post","type-post","status-publish","format-standard","has-post-thumbnail","hentry","category-live-shows","category-news","tag-arenal-sound-en","tag-arenal-sound-2017-en","tag-bearoid-en","tag-c-tangana-en","tag-icona-pop-en","tag-lori-meyers-en","tag-sam-feldt-en","tag-shinova-en","tag-sidonie-en","tag-txarango-en"],"yoast_head":"<!-- This site is optimized with the Yoast SEO Premium plugin v23.9 (Yoast SEO v26.6) - https:\/\/yoast.com\/wordpress\/plugins\/seo\/ -->\n<title>Second batch of names for Arenal Sound 2017 - Indie\u00f3filo<\/title>\n<meta name=\"description\" content=\"Icona Pop, Lori Meyers, Sam Feldt, Sidonie, Txarango, C. Tangana, Shinova and Bearoid, are the new names for Spanish Festival Arenal Sound 2017.\" \/>\n<meta name=\"robots\" content=\"index, follow, max-snippet:-1, max-image-preview:large, max-video-preview:-1\" \/>\n<link rel=\"canonical\" href=\"https:\/\/www.indieofilo.com\/en\/news\/second-batch-of-names-for-arenal-sound-2017\" \/>\n<meta property=\"og:locale\" content=\"en_US\" \/>\n<meta property=\"og:type\" content=\"article\" \/>\n<meta property=\"og:title\" content=\"Second batch of names for Arenal Sound 2017\" \/>\n<meta property=\"og:description\" content=\"Icona Pop, Lori Meyers, Sam Feldt, Sidonie, Txarango, C. Tangana, Shinova and Bearoid, are the new names for Spanish Festival Arenal Sound 2017.\" \/>\n<meta property=\"og:url\" content=\"https:\/\/www.indieofilo.com\/en\/news\/second-batch-of-names-for-arenal-sound-2017\" \/>\n<meta property=\"og:site_name\" content=\"Indie\u00f3filo\" \/>\n<meta property=\"article:publisher\" content=\"https:\/\/www.facebook.com\/Indieofilo\/\" \/>\n<meta property=\"article:published_time\" content=\"2016-11-28T19:35:27+00:00\" \/>\n<meta property=\"article:modified_time\" content=\"2023-09-10T22:25:34+00:00\" \/>\n<meta property=\"og:image\" content=\"https:\/\/www.indieofilo.com\/wp-content\/uploads\/2016\/11\/arenal_sound_2017-icona_pop.jpg\" \/>\n\t<meta property=\"og:image:width\" content=\"800\" \/>\n\t<meta property=\"og:image:height\" content=\"296\" \/>\n\t<meta property=\"og:image:type\" content=\"image\/jpeg\" \/>\n<meta name=\"author\" content=\"Victor\" \/>\n<meta name=\"twitter:card\" content=\"summary_large_image\" \/>\n<meta name=\"twitter:creator\" content=\"@indieofilo\" \/>\n<meta name=\"twitter:site\" content=\"@indieofilo\" \/>\n<meta name=\"twitter:label1\" content=\"Written by\" \/>\n\t<meta name=\"twitter:data1\" content=\"Victor\" \/>\n\t<meta name=\"twitter:label2\" content=\"Est. reading time\" \/>\n\t<meta name=\"twitter:data2\" content=\"1 minute\" \/>\n<script type=\"application\/ld+json\" class=\"yoast-schema-graph\">{\"@context\":\"https:\/\/schema.org\",\"@graph\":[{\"@type\":\"Article\",\"@id\":\"https:\/\/www.indieofilo.com\/en\/news\/second-batch-of-names-for-arenal-sound-2017#article\",\"isPartOf\":{\"@id\":\"https:\/\/www.indieofilo.com\/en\/news\/second-batch-of-names-for-arenal-sound-2017\"},\"author\":{\"name\":\"Victor\",\"@id\":\"https:\/\/www.indieofilo.com\/#\/schema\/person\/595334d38590e4ce5a09f83cbf2fca90\"},\"headline\":\"Second batch of names for Arenal Sound 2017\",\"datePublished\":\"2016-11-28T19:35:27+00:00\",\"dateModified\":\"2023-09-10T22:25:34+00:00\",\"mainEntityOfPage\":{\"@id\":\"https:\/\/www.indieofilo.com\/en\/news\/second-batch-of-names-for-arenal-sound-2017\"},\"wordCount\":113,\"commentCount\":0,\"publisher\":{\"@id\":\"https:\/\/www.indieofilo.com\/#organization\"},\"image\":{\"@id\":\"https:\/\/www.indieofilo.com\/en\/news\/second-batch-of-names-for-arenal-sound-2017#primaryimage\"},\"thumbnailUrl\":\"https:\/\/www.indieofilo.com\/wp-content\/uploads\/2016\/11\/arenal_sound_2017-icona_pop.jpg\",\"keywords\":[\"Arenal Sound\",\"Arenal Sound 2017\",\"Bearoid\",\"C. Tangana\",\"Icona Pop\",\"Lori Meyers\",\"Sam Feldt\",\"Shinova\",\"Sidonie\",\"Txarango\"],\"articleSection\":[\"Live Shows\",\"News\"],\"inLanguage\":\"en-US\",\"potentialAction\":[{\"@type\":\"CommentAction\",\"name\":\"Comment\",\"target\":[\"https:\/\/www.indieofilo.com\/en\/news\/second-batch-of-names-for-arenal-sound-2017#respond\"]}]},{\"@type\":\"WebPage\",\"@id\":\"https:\/\/www.indieofilo.com\/en\/news\/second-batch-of-names-for-arenal-sound-2017\",\"url\":\"https:\/\/www.indieofilo.com\/en\/news\/second-batch-of-names-for-arenal-sound-2017\",\"name\":\"Second batch of names for Arenal Sound 2017 - Indie\u00f3filo\",\"isPartOf\":{\"@id\":\"https:\/\/www.indieofilo.com\/#website\"},\"primaryImageOfPage\":{\"@id\":\"https:\/\/www.indieofilo.com\/en\/news\/second-batch-of-names-for-arenal-sound-2017#primaryimage\"},\"image\":{\"@id\":\"https:\/\/www.indieofilo.com\/en\/news\/second-batch-of-names-for-arenal-sound-2017#primaryimage\"},\"thumbnailUrl\":\"https:\/\/www.indieofilo.com\/wp-content\/uploads\/2016\/11\/arenal_sound_2017-icona_pop.jpg\",\"datePublished\":\"2016-11-28T19:35:27+00:00\",\"dateModified\":\"2023-09-10T22:25:34+00:00\",\"description\":\"Icona Pop, Lori Meyers, Sam Feldt, Sidonie, Txarango, C. Tangana, Shinova and Bearoid, are the new names for Spanish Festival Arenal Sound 2017.\",\"breadcrumb\":{\"@id\":\"https:\/\/www.indieofilo.com\/en\/news\/second-batch-of-names-for-arenal-sound-2017#breadcrumb\"},\"inLanguage\":\"en-US\",\"potentialAction\":[{\"@type\":\"ReadAction\",\"target\":[\"https:\/\/www.indieofilo.com\/en\/news\/second-batch-of-names-for-arenal-sound-2017\"]}]},{\"@type\":\"ImageObject\",\"inLanguage\":\"en-US\",\"@id\":\"https:\/\/www.indieofilo.com\/en\/news\/second-batch-of-names-for-arenal-sound-2017#primaryimage\",\"url\":\"https:\/\/www.indieofilo.com\/wp-content\/uploads\/2016\/11\/arenal_sound_2017-icona_pop.jpg\",\"contentUrl\":\"https:\/\/www.indieofilo.com\/wp-content\/uploads\/2016\/11\/arenal_sound_2017-icona_pop.jpg\",\"width\":800,\"height\":296},{\"@type\":\"BreadcrumbList\",\"@id\":\"https:\/\/www.indieofilo.com\/en\/news\/second-batch-of-names-for-arenal-sound-2017#breadcrumb\",\"itemListElement\":[{\"@type\":\"ListItem\",\"position\":1,\"name\":\"Portada\",\"item\":\"https:\/\/www.indieofilo.com\/en\"},{\"@type\":\"ListItem\",\"position\":2,\"name\":\"Second batch of names for Arenal Sound 2017\"}]},{\"@type\":\"WebSite\",\"@id\":\"https:\/\/www.indieofilo.com\/#website\",\"url\":\"https:\/\/www.indieofilo.com\/\",\"name\":\"Indie\u00f3filo\",\"description\":\"Magazine online de la cultura independiente\",\"publisher\":{\"@id\":\"https:\/\/www.indieofilo.com\/#organization\"},\"potentialAction\":[{\"@type\":\"SearchAction\",\"target\":{\"@type\":\"EntryPoint\",\"urlTemplate\":\"https:\/\/www.indieofilo.com\/?s={search_term_string}\"},\"query-input\":{\"@type\":\"PropertyValueSpecification\",\"valueRequired\":true,\"valueName\":\"search_term_string\"}}],\"inLanguage\":\"en-US\"},{\"@type\":\"Organization\",\"@id\":\"https:\/\/www.indieofilo.com\/#organization\",\"name\":\"Indie\u00f3filo Web\",\"url\":\"https:\/\/www.indieofilo.com\/\",\"logo\":{\"@type\":\"ImageObject\",\"inLanguage\":\"en-US\",\"@id\":\"https:\/\/www.indieofilo.com\/#\/schema\/logo\/image\/\",\"url\":\"https:\/\/www.indieofilo.com\/wp-content\/uploads\/2015\/02\/logo-alta-resolucion.png\",\"contentUrl\":\"https:\/\/www.indieofilo.com\/wp-content\/uploads\/2015\/02\/logo-alta-resolucion.png\",\"width\":544,\"height\":185,\"caption\":\"Indie\u00f3filo Web\"},\"image\":{\"@id\":\"https:\/\/www.indieofilo.com\/#\/schema\/logo\/image\/\"},\"sameAs\":[\"https:\/\/www.facebook.com\/Indieofilo\/\",\"https:\/\/x.com\/indieofilo\",\"https:\/\/www.instagram.com\/indieofilo\/\"]},{\"@type\":\"Person\",\"@id\":\"https:\/\/www.indieofilo.com\/#\/schema\/person\/595334d38590e4ce5a09f83cbf2fca90\",\"name\":\"Victor\",\"image\":{\"@type\":\"ImageObject\",\"inLanguage\":\"en-US\",\"@id\":\"https:\/\/www.indieofilo.com\/#\/schema\/person\/image\/\",\"url\":\"https:\/\/secure.gravatar.com\/avatar\/682b8c6ea3e94b6cffec683b25f1797d?s=96&d=mm&r=g\",\"contentUrl\":\"https:\/\/secure.gravatar.com\/avatar\/682b8c6ea3e94b6cffec683b25f1797d?s=96&d=mm&r=g\",\"caption\":\"Victor\"},\"description\":\"Fan\u00e1tico de la m\u00fasica desde que mis padres me pon\u00edan a Eydie Gorme y Los Panchos o el Discotuna por la A2. Intent\u00e9 tocar varios instrumentos, pero soy muy torpe con la mano izquierda, as\u00ed que ya sab\u00e9is el resultado final. Fan del britpop, Post-punk, el rugby y el baloncesto...\",\"sameAs\":[\"http:\/\/indieofilo.com\"],\"url\":\"https:\/\/www.indieofilo.com\/en\/author\/victor\"}]}<\/script>\n<!-- \/ Yoast SEO Premium plugin. -->","yoast_head_json":{"title":"Second batch of names for Arenal Sound 2017 - Indie\u00f3filo","description":"Icona Pop, Lori Meyers, Sam Feldt, Sidonie, Txarango, C. Tangana, Shinova and Bearoid, are the new names for Spanish Festival Arenal Sound 2017.","robots":{"index":"index","follow":"follow","max-snippet":"max-snippet:-1","max-image-preview":"max-image-preview:large","max-video-preview":"max-video-preview:-1"},"canonical":"https:\/\/www.indieofilo.com\/en\/news\/second-batch-of-names-for-arenal-sound-2017","og_locale":"en_US","og_type":"article","og_title":"Second batch of names for Arenal Sound 2017","og_description":"Icona Pop, Lori Meyers, Sam Feldt, Sidonie, Txarango, C. Tangana, Shinova and Bearoid, are the new names for Spanish Festival Arenal Sound 2017.","og_url":"https:\/\/www.indieofilo.com\/en\/news\/second-batch-of-names-for-arenal-sound-2017","og_site_name":"Indie\u00f3filo","article_publisher":"https:\/\/www.facebook.com\/Indieofilo\/","article_published_time":"2016-11-28T19:35:27+00:00","article_modified_time":"2023-09-10T22:25:34+00:00","og_image":[{"width":800,"height":296,"url":"https:\/\/www.indieofilo.com\/wp-content\/uploads\/2016\/11\/arenal_sound_2017-icona_pop.jpg","type":"image\/jpeg"}],"author":"Victor","twitter_card":"summary_large_image","twitter_creator":"@indieofilo","twitter_site":"@indieofilo","twitter_misc":{"Written by":"Victor","Est. reading time":"1 minute"},"schema":{"@context":"https:\/\/schema.org","@graph":[{"@type":"Article","@id":"https:\/\/www.indieofilo.com\/en\/news\/second-batch-of-names-for-arenal-sound-2017#article","isPartOf":{"@id":"https:\/\/www.indieofilo.com\/en\/news\/second-batch-of-names-for-arenal-sound-2017"},"author":{"name":"Victor","@id":"https:\/\/www.indieofilo.com\/#\/schema\/person\/595334d38590e4ce5a09f83cbf2fca90"},"headline":"Second batch of names for Arenal Sound 2017","datePublished":"2016-11-28T19:35:27+00:00","dateModified":"2023-09-10T22:25:34+00:00","mainEntityOfPage":{"@id":"https:\/\/www.indieofilo.com\/en\/news\/second-batch-of-names-for-arenal-sound-2017"},"wordCount":113,"commentCount":0,"publisher":{"@id":"https:\/\/www.indieofilo.com\/#organization"},"image":{"@id":"https:\/\/www.indieofilo.com\/en\/news\/second-batch-of-names-for-arenal-sound-2017#primaryimage"},"thumbnailUrl":"https:\/\/www.indieofilo.com\/wp-content\/uploads\/2016\/11\/arenal_sound_2017-icona_pop.jpg","keywords":["Arenal Sound","Arenal Sound 2017","Bearoid","C. Tangana","Icona Pop","Lori Meyers","Sam Feldt","Shinova","Sidonie","Txarango"],"articleSection":["Live Shows","News"],"inLanguage":"en-US","potentialAction":[{"@type":"CommentAction","name":"Comment","target":["https:\/\/www.indieofilo.com\/en\/news\/second-batch-of-names-for-arenal-sound-2017#respond"]}]},{"@type":"WebPage","@id":"https:\/\/www.indieofilo.com\/en\/news\/second-batch-of-names-for-arenal-sound-2017","url":"https:\/\/www.indieofilo.com\/en\/news\/second-batch-of-names-for-arenal-sound-2017","name":"Second batch of names for Arenal Sound 2017 - Indie\u00f3filo","isPartOf":{"@id":"https:\/\/www.indieofilo.com\/#website"},"primaryImageOfPage":{"@id":"https:\/\/www.indieofilo.com\/en\/news\/second-batch-of-names-for-arenal-sound-2017#primaryimage"},"image":{"@id":"https:\/\/www.indieofilo.com\/en\/news\/second-batch-of-names-for-arenal-sound-2017#primaryimage"},"thumbnailUrl":"https:\/\/www.indieofilo.com\/wp-content\/uploads\/2016\/11\/arenal_sound_2017-icona_pop.jpg","datePublished":"2016-11-28T19:35:27+00:00","dateModified":"2023-09-10T22:25:34+00:00","description":"Icona Pop, Lori Meyers, Sam Feldt, Sidonie, Txarango, C. Tangana, Shinova and Bearoid, are the new names for Spanish Festival Arenal Sound 2017.","breadcrumb":{"@id":"https:\/\/www.indieofilo.com\/en\/news\/second-batch-of-names-for-arenal-sound-2017#breadcrumb"},"inLanguage":"en-US","potentialAction":[{"@type":"ReadAction","target":["https:\/\/www.indieofilo.com\/en\/news\/second-batch-of-names-for-arenal-sound-2017"]}]},{"@type":"ImageObject","inLanguage":"en-US","@id":"https:\/\/www.indieofilo.com\/en\/news\/second-batch-of-names-for-arenal-sound-2017#primaryimage","url":"https:\/\/www.indieofilo.com\/wp-content\/uploads\/2016\/11\/arenal_sound_2017-icona_pop.jpg","contentUrl":"https:\/\/www.indieofilo.com\/wp-content\/uploads\/2016\/11\/arenal_sound_2017-icona_pop.jpg","width":800,"height":296},{"@type":"BreadcrumbList","@id":"https:\/\/www.indieofilo.com\/en\/news\/second-batch-of-names-for-arenal-sound-2017#breadcrumb","itemListElement":[{"@type":"ListItem","position":1,"name":"Portada","item":"https:\/\/www.indieofilo.com\/en"},{"@type":"ListItem","position":2,"name":"Second batch of names for Arenal Sound 2017"}]},{"@type":"WebSite","@id":"https:\/\/www.indieofilo.com\/#website","url":"https:\/\/www.indieofilo.com\/","name":"Indie\u00f3filo","description":"Magazine online de la cultura independiente","publisher":{"@id":"https:\/\/www.indieofilo.com\/#organization"},"potentialAction":[{"@type":"SearchAction","target":{"@type":"EntryPoint","urlTemplate":"https:\/\/www.indieofilo.com\/?s={search_term_string}"},"query-input":{"@type":"PropertyValueSpecification","valueRequired":true,"valueName":"search_term_string"}}],"inLanguage":"en-US"},{"@type":"Organization","@id":"https:\/\/www.indieofilo.com\/#organization","name":"Indie\u00f3filo Web","url":"https:\/\/www.indieofilo.com\/","logo":{"@type":"ImageObject","inLanguage":"en-US","@id":"https:\/\/www.indieofilo.com\/#\/schema\/logo\/image\/","url":"https:\/\/www.indieofilo.com\/wp-content\/uploads\/2015\/02\/logo-alta-resolucion.png","contentUrl":"https:\/\/www.indieofilo.com\/wp-content\/uploads\/2015\/02\/logo-alta-resolucion.png","width":544,"height":185,"caption":"Indie\u00f3filo Web"},"image":{"@id":"https:\/\/www.indieofilo.com\/#\/schema\/logo\/image\/"},"sameAs":["https:\/\/www.facebook.com\/Indieofilo\/","https:\/\/x.com\/indieofilo","https:\/\/www.instagram.com\/indieofilo\/"]},{"@type":"Person","@id":"https:\/\/www.indieofilo.com\/#\/schema\/person\/595334d38590e4ce5a09f83cbf2fca90","name":"Victor","image":{"@type":"ImageObject","inLanguage":"en-US","@id":"https:\/\/www.indieofilo.com\/#\/schema\/person\/image\/","url":"https:\/\/secure.gravatar.com\/avatar\/682b8c6ea3e94b6cffec683b25f1797d?s=96&d=mm&r=g","contentUrl":"https:\/\/secure.gravatar.com\/avatar\/682b8c6ea3e94b6cffec683b25f1797d?s=96&d=mm&r=g","caption":"Victor"},"description":"Fan\u00e1tico de la m\u00fasica desde que mis padres me pon\u00edan a Eydie Gorme y Los Panchos o el Discotuna por la A2. Intent\u00e9 tocar varios instrumentos, pero soy muy torpe con la mano izquierda, as\u00ed que ya sab\u00e9is el resultado final. Fan del britpop, Post-punk, el rugby y el baloncesto...","sameAs":["http:\/\/indieofilo.com"],"url":"https:\/\/www.indieofilo.com\/en\/author\/victor"}]}},"_links":{"self":[{"href":"https:\/\/www.indieofilo.com\/en\/wp-json\/wp\/v2\/posts\/7850","targetHints":{"allow":["GET"]}}],"collection":[{"href":"https:\/\/www.indieofilo.com\/en\/wp-json\/wp\/v2\/posts"}],"about":[{"href":"https:\/\/www.indieofilo.com\/en\/wp-json\/wp\/v2\/types\/post"}],"author":[{"embeddable":true,"href":"https:\/\/www.indieofilo.com\/en\/wp-json\/wp\/v2\/users\/1"}],"replies":[{"embeddable":true,"href":"https:\/\/www.indieofilo.com\/en\/wp-json\/wp\/v2\/comments?post=7850"}],"version-history":[{"count":0,"href":"https:\/\/www.indieofilo.com\/en\/wp-json\/wp\/v2\/posts\/7850\/revisions"}],"wp:featuredmedia":[{"embeddable":true,"href":"https:\/\/www.indieofilo.com\/en\/wp-json\/wp\/v2\/media\/20471"}],"wp:attachment":[{"href":"https:\/\/www.indieofilo.com\/en\/wp-json\/wp\/v2\/media?parent=7850"}],"wp:term":[{"taxonomy":"category","embeddable":true,"href":"https:\/\/www.indieofilo.com\/en\/wp-json\/wp\/v2\/categories?post=7850"},{"taxonomy":"post_tag","embeddable":true,"href":"https:\/\/www.indieofilo.com\/en\/wp-json\/wp\/v2\/tags?post=7850"}],"curies":[{"name":"wp","href":"https:\/\/api.w.org\/{rel}","templated":true}]}}