{"id":7806,"date":"2016-10-21T23:52:14","date_gmt":"2016-10-21T21:52:14","guid":{"rendered":"http:\/\/indieofilo.com\/?p=7806"},"modified":"2023-09-12T07:10:19","modified_gmt":"2023-09-12T05:10:19","slug":"the-flaming-lips-to-vida-festival-2017","status":"publish","type":"post","link":"https:\/\/www.indieofilo.com\/en\/news\/the-flaming-lips-to-vida-festival-2017","title":{"rendered":"The Flaming Lips to Vida Festival 2017"},"content":{"rendered":"<p style=\"text-align: justify;\">\n\t<img fetchpriority=\"high\" decoding=\"async\" alt=\"vida festival 2017 the flaming lips\" class=\"aligncenter size-full wp-image-7802\" height=\"304\" src=\"http:\/\/indieofilo.com\/wp-content\/uploads\/2016\/10\/vida_festival_2017-the_flaming_lips.jpg\" width=\"800\" srcset=\"https:\/\/www.indieofilo.com\/wp-content\/uploads\/2016\/10\/vida_festival_2017-the_flaming_lips.jpg 800w, https:\/\/www.indieofilo.com\/wp-content\/uploads\/2016\/10\/vida_festival_2017-the_flaming_lips-300x114.jpg 300w, https:\/\/www.indieofilo.com\/wp-content\/uploads\/2016\/10\/vida_festival_2017-the_flaming_lips-768x292.jpg 768w\" sizes=\"(max-width: 800px) 100vw, 800px\" \/><\/p>\n<p style=\"text-align: justify;\">\n\tDuring the day of yesterday, all kinds of rumors arose in the social networks when the bus of <strong>The Flaming Lips<\/strong> was seen in different points of the Spanish geography. We had to wait until this afternoon to have the official confirmation of the reason, that it is none other than the band of <strong>Wayne Coyne<\/strong> will be one of the headliners of <strong>Vida Festival 2017<\/strong>, to be held between June 29 and July 2 in Vilanova I la Geltr&uacute;, Catalonia. The band from Oklahoma will present at the Spanish festival their highly anticipated new album <em>Oczy Mlody<\/em>, whose publication date is expected on June 13 and thus will join the line-up <strong>Real Estate<\/strong> and <strong>La Casa Azu<\/strong>l, previously confirmed.<\/p>\n<p style=\"text-align: justify;\">\n\tTickets for the festival can be found at the <a href=\"http:\/\/https:\/\/proticketing.com\/vida_festival\/es_ES\/entradas\/evento\/6548\" target=\"_blank\" rel=\"noopener\">Official Website of the Festival<\/a>&nbsp;with a promotional price of 55 euros until November 2 or end of stock. Access to the campsite is not included and you must buy a separate ticket, whose price is 15 euros.<\/p>\n","protected":false},"excerpt":{"rendered":"<p>During the day of yesterday, all kinds of rumors arose in the social networks when the bus of The Flaming Lips was seen in different points of the Spanish geography. We had to wait until this afternoon to have the official confirmation of the reason, that it is none other than the band of Wayne [&hellip;]<\/p>\n","protected":false},"author":1,"featured_media":20462,"comment_status":"open","ping_status":"closed","sticky":false,"template":"","format":"standard","meta":{"footnotes":""},"categories":[41,8],"tags":[5734,5711,5712],"class_list":["post-7806","post","type-post","status-publish","format-standard","has-post-thumbnail","hentry","category-live-shows","category-news","tag-the-flaming-lips-en","tag-vida-festival-en","tag-vida-festival-2017-en"],"yoast_head":"<!-- This site is optimized with the Yoast SEO Premium plugin v23.9 (Yoast SEO v26.6) - https:\/\/yoast.com\/wordpress\/plugins\/seo\/ -->\n<title>The Flaming Lips to Vida Festival 2017 - Indie\u00f3filo<\/title>\n<meta name=\"description\" content=\"The band of Wayne Coyne will be one of the headliners of Vida Festival 2017, to be held between June 29 and July 2 in Vilanova I la Geltr\u00fa, Catalonia.\" \/>\n<meta name=\"robots\" content=\"index, follow, max-snippet:-1, max-image-preview:large, max-video-preview:-1\" \/>\n<link rel=\"canonical\" href=\"https:\/\/www.indieofilo.com\/en\/news\/the-flaming-lips-to-vida-festival-2017\" \/>\n<meta property=\"og:locale\" content=\"en_US\" \/>\n<meta property=\"og:type\" content=\"article\" \/>\n<meta property=\"og:title\" content=\"The Flaming Lips to Vida Festival 2017\" \/>\n<meta property=\"og:description\" content=\"The band of Wayne Coyne will be one of the headliners of Vida Festival 2017, to be held between June 29 and July 2 in Vilanova I la Geltr\u00fa, Catalonia.\" \/>\n<meta property=\"og:url\" content=\"https:\/\/www.indieofilo.com\/en\/news\/the-flaming-lips-to-vida-festival-2017\" \/>\n<meta property=\"og:site_name\" content=\"Indie\u00f3filo\" \/>\n<meta property=\"article:publisher\" content=\"https:\/\/www.facebook.com\/Indieofilo\/\" \/>\n<meta property=\"article:published_time\" content=\"2016-10-21T21:52:14+00:00\" \/>\n<meta property=\"article:modified_time\" content=\"2023-09-12T05:10:19+00:00\" \/>\n<meta property=\"og:image\" content=\"https:\/\/www.indieofilo.com\/wp-content\/uploads\/2016\/10\/vida_festival_2017-the_flaming_lips.jpg\" \/>\n\t<meta property=\"og:image:width\" content=\"800\" \/>\n\t<meta property=\"og:image:height\" content=\"304\" \/>\n\t<meta property=\"og:image:type\" content=\"image\/jpeg\" \/>\n<meta name=\"author\" content=\"Victor\" \/>\n<meta name=\"twitter:card\" content=\"summary_large_image\" \/>\n<meta name=\"twitter:creator\" content=\"@indieofilo\" \/>\n<meta name=\"twitter:site\" content=\"@indieofilo\" \/>\n<meta name=\"twitter:label1\" content=\"Written by\" \/>\n\t<meta name=\"twitter:data1\" content=\"Victor\" \/>\n\t<meta name=\"twitter:label2\" content=\"Est. reading time\" \/>\n\t<meta name=\"twitter:data2\" content=\"1 minute\" \/>\n<script type=\"application\/ld+json\" class=\"yoast-schema-graph\">{\"@context\":\"https:\/\/schema.org\",\"@graph\":[{\"@type\":\"Article\",\"@id\":\"https:\/\/www.indieofilo.com\/en\/news\/the-flaming-lips-to-vida-festival-2017#article\",\"isPartOf\":{\"@id\":\"https:\/\/www.indieofilo.com\/en\/news\/the-flaming-lips-to-vida-festival-2017\"},\"author\":{\"name\":\"Victor\",\"@id\":\"https:\/\/www.indieofilo.com\/#\/schema\/person\/595334d38590e4ce5a09f83cbf2fca90\"},\"headline\":\"The Flaming Lips to Vida Festival 2017\",\"datePublished\":\"2016-10-21T21:52:14+00:00\",\"dateModified\":\"2023-09-12T05:10:19+00:00\",\"mainEntityOfPage\":{\"@id\":\"https:\/\/www.indieofilo.com\/en\/news\/the-flaming-lips-to-vida-festival-2017\"},\"wordCount\":168,\"commentCount\":0,\"publisher\":{\"@id\":\"https:\/\/www.indieofilo.com\/#organization\"},\"image\":{\"@id\":\"https:\/\/www.indieofilo.com\/en\/news\/the-flaming-lips-to-vida-festival-2017#primaryimage\"},\"thumbnailUrl\":\"https:\/\/www.indieofilo.com\/wp-content\/uploads\/2016\/10\/vida_festival_2017-the_flaming_lips.jpg\",\"keywords\":[\"The Flaming Lips\",\"VIDA Festival\",\"Vida Festival 2017\"],\"articleSection\":[\"Live Shows\",\"News\"],\"inLanguage\":\"en-US\",\"potentialAction\":[{\"@type\":\"CommentAction\",\"name\":\"Comment\",\"target\":[\"https:\/\/www.indieofilo.com\/en\/news\/the-flaming-lips-to-vida-festival-2017#respond\"]}]},{\"@type\":\"WebPage\",\"@id\":\"https:\/\/www.indieofilo.com\/en\/news\/the-flaming-lips-to-vida-festival-2017\",\"url\":\"https:\/\/www.indieofilo.com\/en\/news\/the-flaming-lips-to-vida-festival-2017\",\"name\":\"The Flaming Lips to Vida Festival 2017 - Indie\u00f3filo\",\"isPartOf\":{\"@id\":\"https:\/\/www.indieofilo.com\/#website\"},\"primaryImageOfPage\":{\"@id\":\"https:\/\/www.indieofilo.com\/en\/news\/the-flaming-lips-to-vida-festival-2017#primaryimage\"},\"image\":{\"@id\":\"https:\/\/www.indieofilo.com\/en\/news\/the-flaming-lips-to-vida-festival-2017#primaryimage\"},\"thumbnailUrl\":\"https:\/\/www.indieofilo.com\/wp-content\/uploads\/2016\/10\/vida_festival_2017-the_flaming_lips.jpg\",\"datePublished\":\"2016-10-21T21:52:14+00:00\",\"dateModified\":\"2023-09-12T05:10:19+00:00\",\"description\":\"The band of Wayne Coyne will be one of the headliners of Vida Festival 2017, to be held between June 29 and July 2 in Vilanova I la Geltr\u00fa, Catalonia.\",\"breadcrumb\":{\"@id\":\"https:\/\/www.indieofilo.com\/en\/news\/the-flaming-lips-to-vida-festival-2017#breadcrumb\"},\"inLanguage\":\"en-US\",\"potentialAction\":[{\"@type\":\"ReadAction\",\"target\":[\"https:\/\/www.indieofilo.com\/en\/news\/the-flaming-lips-to-vida-festival-2017\"]}]},{\"@type\":\"ImageObject\",\"inLanguage\":\"en-US\",\"@id\":\"https:\/\/www.indieofilo.com\/en\/news\/the-flaming-lips-to-vida-festival-2017#primaryimage\",\"url\":\"https:\/\/www.indieofilo.com\/wp-content\/uploads\/2016\/10\/vida_festival_2017-the_flaming_lips.jpg\",\"contentUrl\":\"https:\/\/www.indieofilo.com\/wp-content\/uploads\/2016\/10\/vida_festival_2017-the_flaming_lips.jpg\",\"width\":800,\"height\":304},{\"@type\":\"BreadcrumbList\",\"@id\":\"https:\/\/www.indieofilo.com\/en\/news\/the-flaming-lips-to-vida-festival-2017#breadcrumb\",\"itemListElement\":[{\"@type\":\"ListItem\",\"position\":1,\"name\":\"Portada\",\"item\":\"https:\/\/www.indieofilo.com\/en\"},{\"@type\":\"ListItem\",\"position\":2,\"name\":\"The Flaming Lips to Vida Festival 2017\"}]},{\"@type\":\"WebSite\",\"@id\":\"https:\/\/www.indieofilo.com\/#website\",\"url\":\"https:\/\/www.indieofilo.com\/\",\"name\":\"Indie\u00f3filo\",\"description\":\"Magazine online de la cultura independiente\",\"publisher\":{\"@id\":\"https:\/\/www.indieofilo.com\/#organization\"},\"potentialAction\":[{\"@type\":\"SearchAction\",\"target\":{\"@type\":\"EntryPoint\",\"urlTemplate\":\"https:\/\/www.indieofilo.com\/?s={search_term_string}\"},\"query-input\":{\"@type\":\"PropertyValueSpecification\",\"valueRequired\":true,\"valueName\":\"search_term_string\"}}],\"inLanguage\":\"en-US\"},{\"@type\":\"Organization\",\"@id\":\"https:\/\/www.indieofilo.com\/#organization\",\"name\":\"Indie\u00f3filo Web\",\"url\":\"https:\/\/www.indieofilo.com\/\",\"logo\":{\"@type\":\"ImageObject\",\"inLanguage\":\"en-US\",\"@id\":\"https:\/\/www.indieofilo.com\/#\/schema\/logo\/image\/\",\"url\":\"https:\/\/www.indieofilo.com\/wp-content\/uploads\/2015\/02\/logo-alta-resolucion.png\",\"contentUrl\":\"https:\/\/www.indieofilo.com\/wp-content\/uploads\/2015\/02\/logo-alta-resolucion.png\",\"width\":544,\"height\":185,\"caption\":\"Indie\u00f3filo Web\"},\"image\":{\"@id\":\"https:\/\/www.indieofilo.com\/#\/schema\/logo\/image\/\"},\"sameAs\":[\"https:\/\/www.facebook.com\/Indieofilo\/\",\"https:\/\/x.com\/indieofilo\",\"https:\/\/www.instagram.com\/indieofilo\/\"]},{\"@type\":\"Person\",\"@id\":\"https:\/\/www.indieofilo.com\/#\/schema\/person\/595334d38590e4ce5a09f83cbf2fca90\",\"name\":\"Victor\",\"image\":{\"@type\":\"ImageObject\",\"inLanguage\":\"en-US\",\"@id\":\"https:\/\/www.indieofilo.com\/#\/schema\/person\/image\/\",\"url\":\"https:\/\/secure.gravatar.com\/avatar\/682b8c6ea3e94b6cffec683b25f1797d?s=96&d=mm&r=g\",\"contentUrl\":\"https:\/\/secure.gravatar.com\/avatar\/682b8c6ea3e94b6cffec683b25f1797d?s=96&d=mm&r=g\",\"caption\":\"Victor\"},\"description\":\"Fan\u00e1tico de la m\u00fasica desde que mis padres me pon\u00edan a Eydie Gorme y Los Panchos o el Discotuna por la A2. Intent\u00e9 tocar varios instrumentos, pero soy muy torpe con la mano izquierda, as\u00ed que ya sab\u00e9is el resultado final. Fan del britpop, Post-punk, el rugby y el baloncesto...\",\"sameAs\":[\"http:\/\/indieofilo.com\"],\"url\":\"https:\/\/www.indieofilo.com\/en\/author\/victor\"}]}<\/script>\n<!-- \/ Yoast SEO Premium plugin. -->","yoast_head_json":{"title":"The Flaming Lips to Vida Festival 2017 - Indie\u00f3filo","description":"The band of Wayne Coyne will be one of the headliners of Vida Festival 2017, to be held between June 29 and July 2 in Vilanova I la Geltr\u00fa, Catalonia.","robots":{"index":"index","follow":"follow","max-snippet":"max-snippet:-1","max-image-preview":"max-image-preview:large","max-video-preview":"max-video-preview:-1"},"canonical":"https:\/\/www.indieofilo.com\/en\/news\/the-flaming-lips-to-vida-festival-2017","og_locale":"en_US","og_type":"article","og_title":"The Flaming Lips to Vida Festival 2017","og_description":"The band of Wayne Coyne will be one of the headliners of Vida Festival 2017, to be held between June 29 and July 2 in Vilanova I la Geltr\u00fa, Catalonia.","og_url":"https:\/\/www.indieofilo.com\/en\/news\/the-flaming-lips-to-vida-festival-2017","og_site_name":"Indie\u00f3filo","article_publisher":"https:\/\/www.facebook.com\/Indieofilo\/","article_published_time":"2016-10-21T21:52:14+00:00","article_modified_time":"2023-09-12T05:10:19+00:00","og_image":[{"width":800,"height":304,"url":"https:\/\/www.indieofilo.com\/wp-content\/uploads\/2016\/10\/vida_festival_2017-the_flaming_lips.jpg","type":"image\/jpeg"}],"author":"Victor","twitter_card":"summary_large_image","twitter_creator":"@indieofilo","twitter_site":"@indieofilo","twitter_misc":{"Written by":"Victor","Est. reading time":"1 minute"},"schema":{"@context":"https:\/\/schema.org","@graph":[{"@type":"Article","@id":"https:\/\/www.indieofilo.com\/en\/news\/the-flaming-lips-to-vida-festival-2017#article","isPartOf":{"@id":"https:\/\/www.indieofilo.com\/en\/news\/the-flaming-lips-to-vida-festival-2017"},"author":{"name":"Victor","@id":"https:\/\/www.indieofilo.com\/#\/schema\/person\/595334d38590e4ce5a09f83cbf2fca90"},"headline":"The Flaming Lips to Vida Festival 2017","datePublished":"2016-10-21T21:52:14+00:00","dateModified":"2023-09-12T05:10:19+00:00","mainEntityOfPage":{"@id":"https:\/\/www.indieofilo.com\/en\/news\/the-flaming-lips-to-vida-festival-2017"},"wordCount":168,"commentCount":0,"publisher":{"@id":"https:\/\/www.indieofilo.com\/#organization"},"image":{"@id":"https:\/\/www.indieofilo.com\/en\/news\/the-flaming-lips-to-vida-festival-2017#primaryimage"},"thumbnailUrl":"https:\/\/www.indieofilo.com\/wp-content\/uploads\/2016\/10\/vida_festival_2017-the_flaming_lips.jpg","keywords":["The Flaming Lips","VIDA Festival","Vida Festival 2017"],"articleSection":["Live Shows","News"],"inLanguage":"en-US","potentialAction":[{"@type":"CommentAction","name":"Comment","target":["https:\/\/www.indieofilo.com\/en\/news\/the-flaming-lips-to-vida-festival-2017#respond"]}]},{"@type":"WebPage","@id":"https:\/\/www.indieofilo.com\/en\/news\/the-flaming-lips-to-vida-festival-2017","url":"https:\/\/www.indieofilo.com\/en\/news\/the-flaming-lips-to-vida-festival-2017","name":"The Flaming Lips to Vida Festival 2017 - Indie\u00f3filo","isPartOf":{"@id":"https:\/\/www.indieofilo.com\/#website"},"primaryImageOfPage":{"@id":"https:\/\/www.indieofilo.com\/en\/news\/the-flaming-lips-to-vida-festival-2017#primaryimage"},"image":{"@id":"https:\/\/www.indieofilo.com\/en\/news\/the-flaming-lips-to-vida-festival-2017#primaryimage"},"thumbnailUrl":"https:\/\/www.indieofilo.com\/wp-content\/uploads\/2016\/10\/vida_festival_2017-the_flaming_lips.jpg","datePublished":"2016-10-21T21:52:14+00:00","dateModified":"2023-09-12T05:10:19+00:00","description":"The band of Wayne Coyne will be one of the headliners of Vida Festival 2017, to be held between June 29 and July 2 in Vilanova I la Geltr\u00fa, Catalonia.","breadcrumb":{"@id":"https:\/\/www.indieofilo.com\/en\/news\/the-flaming-lips-to-vida-festival-2017#breadcrumb"},"inLanguage":"en-US","potentialAction":[{"@type":"ReadAction","target":["https:\/\/www.indieofilo.com\/en\/news\/the-flaming-lips-to-vida-festival-2017"]}]},{"@type":"ImageObject","inLanguage":"en-US","@id":"https:\/\/www.indieofilo.com\/en\/news\/the-flaming-lips-to-vida-festival-2017#primaryimage","url":"https:\/\/www.indieofilo.com\/wp-content\/uploads\/2016\/10\/vida_festival_2017-the_flaming_lips.jpg","contentUrl":"https:\/\/www.indieofilo.com\/wp-content\/uploads\/2016\/10\/vida_festival_2017-the_flaming_lips.jpg","width":800,"height":304},{"@type":"BreadcrumbList","@id":"https:\/\/www.indieofilo.com\/en\/news\/the-flaming-lips-to-vida-festival-2017#breadcrumb","itemListElement":[{"@type":"ListItem","position":1,"name":"Portada","item":"https:\/\/www.indieofilo.com\/en"},{"@type":"ListItem","position":2,"name":"The Flaming Lips to Vida Festival 2017"}]},{"@type":"WebSite","@id":"https:\/\/www.indieofilo.com\/#website","url":"https:\/\/www.indieofilo.com\/","name":"Indie\u00f3filo","description":"Magazine online de la cultura independiente","publisher":{"@id":"https:\/\/www.indieofilo.com\/#organization"},"potentialAction":[{"@type":"SearchAction","target":{"@type":"EntryPoint","urlTemplate":"https:\/\/www.indieofilo.com\/?s={search_term_string}"},"query-input":{"@type":"PropertyValueSpecification","valueRequired":true,"valueName":"search_term_string"}}],"inLanguage":"en-US"},{"@type":"Organization","@id":"https:\/\/www.indieofilo.com\/#organization","name":"Indie\u00f3filo Web","url":"https:\/\/www.indieofilo.com\/","logo":{"@type":"ImageObject","inLanguage":"en-US","@id":"https:\/\/www.indieofilo.com\/#\/schema\/logo\/image\/","url":"https:\/\/www.indieofilo.com\/wp-content\/uploads\/2015\/02\/logo-alta-resolucion.png","contentUrl":"https:\/\/www.indieofilo.com\/wp-content\/uploads\/2015\/02\/logo-alta-resolucion.png","width":544,"height":185,"caption":"Indie\u00f3filo Web"},"image":{"@id":"https:\/\/www.indieofilo.com\/#\/schema\/logo\/image\/"},"sameAs":["https:\/\/www.facebook.com\/Indieofilo\/","https:\/\/x.com\/indieofilo","https:\/\/www.instagram.com\/indieofilo\/"]},{"@type":"Person","@id":"https:\/\/www.indieofilo.com\/#\/schema\/person\/595334d38590e4ce5a09f83cbf2fca90","name":"Victor","image":{"@type":"ImageObject","inLanguage":"en-US","@id":"https:\/\/www.indieofilo.com\/#\/schema\/person\/image\/","url":"https:\/\/secure.gravatar.com\/avatar\/682b8c6ea3e94b6cffec683b25f1797d?s=96&d=mm&r=g","contentUrl":"https:\/\/secure.gravatar.com\/avatar\/682b8c6ea3e94b6cffec683b25f1797d?s=96&d=mm&r=g","caption":"Victor"},"description":"Fan\u00e1tico de la m\u00fasica desde que mis padres me pon\u00edan a Eydie Gorme y Los Panchos o el Discotuna por la A2. Intent\u00e9 tocar varios instrumentos, pero soy muy torpe con la mano izquierda, as\u00ed que ya sab\u00e9is el resultado final. Fan del britpop, Post-punk, el rugby y el baloncesto...","sameAs":["http:\/\/indieofilo.com"],"url":"https:\/\/www.indieofilo.com\/en\/author\/victor"}]}},"_links":{"self":[{"href":"https:\/\/www.indieofilo.com\/en\/wp-json\/wp\/v2\/posts\/7806","targetHints":{"allow":["GET"]}}],"collection":[{"href":"https:\/\/www.indieofilo.com\/en\/wp-json\/wp\/v2\/posts"}],"about":[{"href":"https:\/\/www.indieofilo.com\/en\/wp-json\/wp\/v2\/types\/post"}],"author":[{"embeddable":true,"href":"https:\/\/www.indieofilo.com\/en\/wp-json\/wp\/v2\/users\/1"}],"replies":[{"embeddable":true,"href":"https:\/\/www.indieofilo.com\/en\/wp-json\/wp\/v2\/comments?post=7806"}],"version-history":[{"count":0,"href":"https:\/\/www.indieofilo.com\/en\/wp-json\/wp\/v2\/posts\/7806\/revisions"}],"wp:featuredmedia":[{"embeddable":true,"href":"https:\/\/www.indieofilo.com\/en\/wp-json\/wp\/v2\/media\/20462"}],"wp:attachment":[{"href":"https:\/\/www.indieofilo.com\/en\/wp-json\/wp\/v2\/media?parent=7806"}],"wp:term":[{"taxonomy":"category","embeddable":true,"href":"https:\/\/www.indieofilo.com\/en\/wp-json\/wp\/v2\/categories?post=7806"},{"taxonomy":"post_tag","embeddable":true,"href":"https:\/\/www.indieofilo.com\/en\/wp-json\/wp\/v2\/tags?post=7806"}],"curies":[{"name":"wp","href":"https:\/\/api.w.org\/{rel}","templated":true}]}}