{"id":7747,"date":"2016-10-24T23:25:28","date_gmt":"2016-10-24T21:25:28","guid":{"rendered":"http:\/\/indieofilo.com\/?p=7747"},"modified":"2023-09-12T07:08:29","modified_gmt":"2023-09-12T05:08:29","slug":"bears-den-announce-two-gigs-in-barcelona-madrid-in-march-2017","status":"publish","type":"post","link":"https:\/\/www.indieofilo.com\/en\/news\/bears-den-announce-two-gigs-in-barcelona-madrid-in-march-2017","title":{"rendered":"Bear&#8217;s Den announce two gigs in Barcelona &#038; Madrid in March 2017"},"content":{"rendered":"<p style=\"text-align: justify;\">\n\t<img fetchpriority=\"high\" decoding=\"async\" alt=\"Bears Den Espa\u00f1a 2017\" class=\"aligncenter size-full wp-image-7745\" height=\"600\" src=\"http:\/\/indieofilo.com\/wp-content\/uploads\/2016\/10\/Bears_Den_Espa\u00f1a_2017.jpg\" width=\"424\" \/><\/p>\n<p style=\"text-align: justify;\">\n\tBritish band <strong>Bear&#39;s Den<\/strong> have just confirmed that they will offer two concerts in Barcelona and Madrid to present their new album <em>Red Earth &amp; Pouring Rain<\/em>. The band of <strong>Andrew Davie<\/strong> and <strong>Kevin Jones<\/strong> will be the 15 of March at Sala Bikini of Barcelona, while the next day, the 16 of March, they will do it in the Sala Sol of Madrid.<br \/>\nTickets will be available from Tuesday 25th on an exclusive presale at <a href=\"http:\/\/bearsden.com\" target=\"_blank\" rel=\"noopener\">bearsden.com<\/a>, while the general sale will start on Thursday, October 27 on <a href=\"http:\/\/www.cooncert.com\/es\">Cooncert<\/a> with a price per ticket of &euro; 22.<\/p>\n","protected":false},"excerpt":{"rendered":"<p>British band Bear&#39;s Den have just confirmed that they will offer two concerts in Barcelona and Madrid to present their new album Red Earth &amp; Pouring Rain. The band of Andrew Davie and Kevin Jones will be the 15 of March at Sala Bikini of Barcelona, while the next day, the 16 of March, they [&hellip;]<\/p>\n","protected":false},"author":1,"featured_media":20452,"comment_status":"open","ping_status":"closed","sticky":false,"template":"","format":"standard","meta":{"footnotes":""},"categories":[41,8],"tags":[4961,5561],"class_list":["post-7747","post","type-post","status-publish","format-standard","has-post-thumbnail","hentry","category-live-shows","category-news","tag-barcelona-en","tag-bears-den-en"],"yoast_head":"<!-- This site is optimized with the Yoast SEO Premium plugin v23.9 (Yoast SEO v26.6) - https:\/\/yoast.com\/wordpress\/plugins\/seo\/ -->\n<title>Bear&#039;s Den announce two gigs in Barcelona &amp; Madrid in March 2017<\/title>\n<meta name=\"description\" content=\"British band will be the 15 of March of 2017 at Sala Bikini of Barcelona, while the next day, the 16 of March, they will be at the Sala Sol of Madrid.\" \/>\n<meta name=\"robots\" content=\"index, follow, max-snippet:-1, max-image-preview:large, max-video-preview:-1\" \/>\n<link rel=\"canonical\" href=\"https:\/\/www.indieofilo.com\/en\/news\/bears-den-announce-two-gigs-in-barcelona-madrid-in-march-2017\" \/>\n<meta property=\"og:locale\" content=\"en_US\" \/>\n<meta property=\"og:type\" content=\"article\" \/>\n<meta property=\"og:title\" content=\"Bear&#039;s Den announce two gigs in Barcelona &amp; Madrid in March 2017\" \/>\n<meta property=\"og:description\" content=\"British band will be the 15 of March of 2017 at Sala Bikini of Barcelona, while the next day, the 16 of March, they will be at the Sala Sol of Madrid.\" \/>\n<meta property=\"og:url\" content=\"https:\/\/www.indieofilo.com\/en\/news\/bears-den-announce-two-gigs-in-barcelona-madrid-in-march-2017\" \/>\n<meta property=\"og:site_name\" content=\"Indie\u00f3filo\" \/>\n<meta property=\"article:publisher\" content=\"https:\/\/www.facebook.com\/Indieofilo\/\" \/>\n<meta property=\"article:published_time\" content=\"2016-10-24T21:25:28+00:00\" \/>\n<meta property=\"article:modified_time\" content=\"2023-09-12T05:08:29+00:00\" \/>\n<meta property=\"og:image\" content=\"https:\/\/www.indieofilo.com\/wp-content\/uploads\/2016\/10\/Bears_Den_Espana_2017.jpg\" \/>\n\t<meta property=\"og:image:width\" content=\"424\" \/>\n\t<meta property=\"og:image:height\" content=\"600\" \/>\n\t<meta property=\"og:image:type\" content=\"image\/jpeg\" \/>\n<meta name=\"author\" content=\"Victor\" \/>\n<meta name=\"twitter:card\" content=\"summary_large_image\" \/>\n<meta name=\"twitter:creator\" content=\"@indieofilo\" \/>\n<meta name=\"twitter:site\" content=\"@indieofilo\" \/>\n<meta name=\"twitter:label1\" content=\"Written by\" \/>\n\t<meta name=\"twitter:data1\" content=\"Victor\" \/>\n\t<meta name=\"twitter:label2\" content=\"Est. reading time\" \/>\n\t<meta name=\"twitter:data2\" content=\"1 minute\" \/>\n<script type=\"application\/ld+json\" class=\"yoast-schema-graph\">{\"@context\":\"https:\/\/schema.org\",\"@graph\":[{\"@type\":\"Article\",\"@id\":\"https:\/\/www.indieofilo.com\/en\/news\/bears-den-announce-two-gigs-in-barcelona-madrid-in-march-2017#article\",\"isPartOf\":{\"@id\":\"https:\/\/www.indieofilo.com\/en\/news\/bears-den-announce-two-gigs-in-barcelona-madrid-in-march-2017\"},\"author\":{\"name\":\"Victor\",\"@id\":\"https:\/\/www.indieofilo.com\/#\/schema\/person\/595334d38590e4ce5a09f83cbf2fca90\"},\"headline\":\"Bear&#8217;s Den announce two gigs in Barcelona &#038; Madrid in March 2017\",\"datePublished\":\"2016-10-24T21:25:28+00:00\",\"dateModified\":\"2023-09-12T05:08:29+00:00\",\"mainEntityOfPage\":{\"@id\":\"https:\/\/www.indieofilo.com\/en\/news\/bears-den-announce-two-gigs-in-barcelona-madrid-in-march-2017\"},\"wordCount\":105,\"commentCount\":0,\"publisher\":{\"@id\":\"https:\/\/www.indieofilo.com\/#organization\"},\"image\":{\"@id\":\"https:\/\/www.indieofilo.com\/en\/news\/bears-den-announce-two-gigs-in-barcelona-madrid-in-march-2017#primaryimage\"},\"thumbnailUrl\":\"https:\/\/www.indieofilo.com\/wp-content\/uploads\/2016\/10\/Bears_Den_Espana_2017.jpg\",\"keywords\":[\"Barcelona\",\"Bear\u2019s Den\"],\"articleSection\":[\"Live Shows\",\"News\"],\"inLanguage\":\"en-US\",\"potentialAction\":[{\"@type\":\"CommentAction\",\"name\":\"Comment\",\"target\":[\"https:\/\/www.indieofilo.com\/en\/news\/bears-den-announce-two-gigs-in-barcelona-madrid-in-march-2017#respond\"]}]},{\"@type\":\"WebPage\",\"@id\":\"https:\/\/www.indieofilo.com\/en\/news\/bears-den-announce-two-gigs-in-barcelona-madrid-in-march-2017\",\"url\":\"https:\/\/www.indieofilo.com\/en\/news\/bears-den-announce-two-gigs-in-barcelona-madrid-in-march-2017\",\"name\":\"Bear's Den announce two gigs in Barcelona & Madrid in March 2017\",\"isPartOf\":{\"@id\":\"https:\/\/www.indieofilo.com\/#website\"},\"primaryImageOfPage\":{\"@id\":\"https:\/\/www.indieofilo.com\/en\/news\/bears-den-announce-two-gigs-in-barcelona-madrid-in-march-2017#primaryimage\"},\"image\":{\"@id\":\"https:\/\/www.indieofilo.com\/en\/news\/bears-den-announce-two-gigs-in-barcelona-madrid-in-march-2017#primaryimage\"},\"thumbnailUrl\":\"https:\/\/www.indieofilo.com\/wp-content\/uploads\/2016\/10\/Bears_Den_Espana_2017.jpg\",\"datePublished\":\"2016-10-24T21:25:28+00:00\",\"dateModified\":\"2023-09-12T05:08:29+00:00\",\"description\":\"British band will be the 15 of March of 2017 at Sala Bikini of Barcelona, while the next day, the 16 of March, they will be at the Sala Sol of Madrid.\",\"breadcrumb\":{\"@id\":\"https:\/\/www.indieofilo.com\/en\/news\/bears-den-announce-two-gigs-in-barcelona-madrid-in-march-2017#breadcrumb\"},\"inLanguage\":\"en-US\",\"potentialAction\":[{\"@type\":\"ReadAction\",\"target\":[\"https:\/\/www.indieofilo.com\/en\/news\/bears-den-announce-two-gigs-in-barcelona-madrid-in-march-2017\"]}]},{\"@type\":\"ImageObject\",\"inLanguage\":\"en-US\",\"@id\":\"https:\/\/www.indieofilo.com\/en\/news\/bears-den-announce-two-gigs-in-barcelona-madrid-in-march-2017#primaryimage\",\"url\":\"https:\/\/www.indieofilo.com\/wp-content\/uploads\/2016\/10\/Bears_Den_Espana_2017.jpg\",\"contentUrl\":\"https:\/\/www.indieofilo.com\/wp-content\/uploads\/2016\/10\/Bears_Den_Espana_2017.jpg\",\"width\":424,\"height\":600},{\"@type\":\"BreadcrumbList\",\"@id\":\"https:\/\/www.indieofilo.com\/en\/news\/bears-den-announce-two-gigs-in-barcelona-madrid-in-march-2017#breadcrumb\",\"itemListElement\":[{\"@type\":\"ListItem\",\"position\":1,\"name\":\"Portada\",\"item\":\"https:\/\/www.indieofilo.com\/en\"},{\"@type\":\"ListItem\",\"position\":2,\"name\":\"Bear&#8217;s Den announce two gigs in Barcelona &#038; Madrid in March 2017\"}]},{\"@type\":\"WebSite\",\"@id\":\"https:\/\/www.indieofilo.com\/#website\",\"url\":\"https:\/\/www.indieofilo.com\/\",\"name\":\"Indie\u00f3filo\",\"description\":\"Magazine online de la cultura independiente\",\"publisher\":{\"@id\":\"https:\/\/www.indieofilo.com\/#organization\"},\"potentialAction\":[{\"@type\":\"SearchAction\",\"target\":{\"@type\":\"EntryPoint\",\"urlTemplate\":\"https:\/\/www.indieofilo.com\/?s={search_term_string}\"},\"query-input\":{\"@type\":\"PropertyValueSpecification\",\"valueRequired\":true,\"valueName\":\"search_term_string\"}}],\"inLanguage\":\"en-US\"},{\"@type\":\"Organization\",\"@id\":\"https:\/\/www.indieofilo.com\/#organization\",\"name\":\"Indie\u00f3filo Web\",\"url\":\"https:\/\/www.indieofilo.com\/\",\"logo\":{\"@type\":\"ImageObject\",\"inLanguage\":\"en-US\",\"@id\":\"https:\/\/www.indieofilo.com\/#\/schema\/logo\/image\/\",\"url\":\"https:\/\/www.indieofilo.com\/wp-content\/uploads\/2015\/02\/logo-alta-resolucion.png\",\"contentUrl\":\"https:\/\/www.indieofilo.com\/wp-content\/uploads\/2015\/02\/logo-alta-resolucion.png\",\"width\":544,\"height\":185,\"caption\":\"Indie\u00f3filo Web\"},\"image\":{\"@id\":\"https:\/\/www.indieofilo.com\/#\/schema\/logo\/image\/\"},\"sameAs\":[\"https:\/\/www.facebook.com\/Indieofilo\/\",\"https:\/\/x.com\/indieofilo\",\"https:\/\/www.instagram.com\/indieofilo\/\"]},{\"@type\":\"Person\",\"@id\":\"https:\/\/www.indieofilo.com\/#\/schema\/person\/595334d38590e4ce5a09f83cbf2fca90\",\"name\":\"Victor\",\"image\":{\"@type\":\"ImageObject\",\"inLanguage\":\"en-US\",\"@id\":\"https:\/\/www.indieofilo.com\/#\/schema\/person\/image\/\",\"url\":\"https:\/\/secure.gravatar.com\/avatar\/682b8c6ea3e94b6cffec683b25f1797d?s=96&d=mm&r=g\",\"contentUrl\":\"https:\/\/secure.gravatar.com\/avatar\/682b8c6ea3e94b6cffec683b25f1797d?s=96&d=mm&r=g\",\"caption\":\"Victor\"},\"description\":\"Fan\u00e1tico de la m\u00fasica desde que mis padres me pon\u00edan a Eydie Gorme y Los Panchos o el Discotuna por la A2. Intent\u00e9 tocar varios instrumentos, pero soy muy torpe con la mano izquierda, as\u00ed que ya sab\u00e9is el resultado final. Fan del britpop, Post-punk, el rugby y el baloncesto...\",\"sameAs\":[\"http:\/\/indieofilo.com\"],\"url\":\"https:\/\/www.indieofilo.com\/en\/author\/victor\"}]}<\/script>\n<!-- \/ Yoast SEO Premium plugin. -->","yoast_head_json":{"title":"Bear's Den announce two gigs in Barcelona & Madrid in March 2017","description":"British band will be the 15 of March of 2017 at Sala Bikini of Barcelona, while the next day, the 16 of March, they will be at the Sala Sol of Madrid.","robots":{"index":"index","follow":"follow","max-snippet":"max-snippet:-1","max-image-preview":"max-image-preview:large","max-video-preview":"max-video-preview:-1"},"canonical":"https:\/\/www.indieofilo.com\/en\/news\/bears-den-announce-two-gigs-in-barcelona-madrid-in-march-2017","og_locale":"en_US","og_type":"article","og_title":"Bear's Den announce two gigs in Barcelona & Madrid in March 2017","og_description":"British band will be the 15 of March of 2017 at Sala Bikini of Barcelona, while the next day, the 16 of March, they will be at the Sala Sol of Madrid.","og_url":"https:\/\/www.indieofilo.com\/en\/news\/bears-den-announce-two-gigs-in-barcelona-madrid-in-march-2017","og_site_name":"Indie\u00f3filo","article_publisher":"https:\/\/www.facebook.com\/Indieofilo\/","article_published_time":"2016-10-24T21:25:28+00:00","article_modified_time":"2023-09-12T05:08:29+00:00","og_image":[{"width":424,"height":600,"url":"https:\/\/www.indieofilo.com\/wp-content\/uploads\/2016\/10\/Bears_Den_Espana_2017.jpg","type":"image\/jpeg"}],"author":"Victor","twitter_card":"summary_large_image","twitter_creator":"@indieofilo","twitter_site":"@indieofilo","twitter_misc":{"Written by":"Victor","Est. reading time":"1 minute"},"schema":{"@context":"https:\/\/schema.org","@graph":[{"@type":"Article","@id":"https:\/\/www.indieofilo.com\/en\/news\/bears-den-announce-two-gigs-in-barcelona-madrid-in-march-2017#article","isPartOf":{"@id":"https:\/\/www.indieofilo.com\/en\/news\/bears-den-announce-two-gigs-in-barcelona-madrid-in-march-2017"},"author":{"name":"Victor","@id":"https:\/\/www.indieofilo.com\/#\/schema\/person\/595334d38590e4ce5a09f83cbf2fca90"},"headline":"Bear&#8217;s Den announce two gigs in Barcelona &#038; Madrid in March 2017","datePublished":"2016-10-24T21:25:28+00:00","dateModified":"2023-09-12T05:08:29+00:00","mainEntityOfPage":{"@id":"https:\/\/www.indieofilo.com\/en\/news\/bears-den-announce-two-gigs-in-barcelona-madrid-in-march-2017"},"wordCount":105,"commentCount":0,"publisher":{"@id":"https:\/\/www.indieofilo.com\/#organization"},"image":{"@id":"https:\/\/www.indieofilo.com\/en\/news\/bears-den-announce-two-gigs-in-barcelona-madrid-in-march-2017#primaryimage"},"thumbnailUrl":"https:\/\/www.indieofilo.com\/wp-content\/uploads\/2016\/10\/Bears_Den_Espana_2017.jpg","keywords":["Barcelona","Bear\u2019s Den"],"articleSection":["Live Shows","News"],"inLanguage":"en-US","potentialAction":[{"@type":"CommentAction","name":"Comment","target":["https:\/\/www.indieofilo.com\/en\/news\/bears-den-announce-two-gigs-in-barcelona-madrid-in-march-2017#respond"]}]},{"@type":"WebPage","@id":"https:\/\/www.indieofilo.com\/en\/news\/bears-den-announce-two-gigs-in-barcelona-madrid-in-march-2017","url":"https:\/\/www.indieofilo.com\/en\/news\/bears-den-announce-two-gigs-in-barcelona-madrid-in-march-2017","name":"Bear's Den announce two gigs in Barcelona & Madrid in March 2017","isPartOf":{"@id":"https:\/\/www.indieofilo.com\/#website"},"primaryImageOfPage":{"@id":"https:\/\/www.indieofilo.com\/en\/news\/bears-den-announce-two-gigs-in-barcelona-madrid-in-march-2017#primaryimage"},"image":{"@id":"https:\/\/www.indieofilo.com\/en\/news\/bears-den-announce-two-gigs-in-barcelona-madrid-in-march-2017#primaryimage"},"thumbnailUrl":"https:\/\/www.indieofilo.com\/wp-content\/uploads\/2016\/10\/Bears_Den_Espana_2017.jpg","datePublished":"2016-10-24T21:25:28+00:00","dateModified":"2023-09-12T05:08:29+00:00","description":"British band will be the 15 of March of 2017 at Sala Bikini of Barcelona, while the next day, the 16 of March, they will be at the Sala Sol of Madrid.","breadcrumb":{"@id":"https:\/\/www.indieofilo.com\/en\/news\/bears-den-announce-two-gigs-in-barcelona-madrid-in-march-2017#breadcrumb"},"inLanguage":"en-US","potentialAction":[{"@type":"ReadAction","target":["https:\/\/www.indieofilo.com\/en\/news\/bears-den-announce-two-gigs-in-barcelona-madrid-in-march-2017"]}]},{"@type":"ImageObject","inLanguage":"en-US","@id":"https:\/\/www.indieofilo.com\/en\/news\/bears-den-announce-two-gigs-in-barcelona-madrid-in-march-2017#primaryimage","url":"https:\/\/www.indieofilo.com\/wp-content\/uploads\/2016\/10\/Bears_Den_Espana_2017.jpg","contentUrl":"https:\/\/www.indieofilo.com\/wp-content\/uploads\/2016\/10\/Bears_Den_Espana_2017.jpg","width":424,"height":600},{"@type":"BreadcrumbList","@id":"https:\/\/www.indieofilo.com\/en\/news\/bears-den-announce-two-gigs-in-barcelona-madrid-in-march-2017#breadcrumb","itemListElement":[{"@type":"ListItem","position":1,"name":"Portada","item":"https:\/\/www.indieofilo.com\/en"},{"@type":"ListItem","position":2,"name":"Bear&#8217;s Den announce two gigs in Barcelona &#038; Madrid in March 2017"}]},{"@type":"WebSite","@id":"https:\/\/www.indieofilo.com\/#website","url":"https:\/\/www.indieofilo.com\/","name":"Indie\u00f3filo","description":"Magazine online de la cultura independiente","publisher":{"@id":"https:\/\/www.indieofilo.com\/#organization"},"potentialAction":[{"@type":"SearchAction","target":{"@type":"EntryPoint","urlTemplate":"https:\/\/www.indieofilo.com\/?s={search_term_string}"},"query-input":{"@type":"PropertyValueSpecification","valueRequired":true,"valueName":"search_term_string"}}],"inLanguage":"en-US"},{"@type":"Organization","@id":"https:\/\/www.indieofilo.com\/#organization","name":"Indie\u00f3filo Web","url":"https:\/\/www.indieofilo.com\/","logo":{"@type":"ImageObject","inLanguage":"en-US","@id":"https:\/\/www.indieofilo.com\/#\/schema\/logo\/image\/","url":"https:\/\/www.indieofilo.com\/wp-content\/uploads\/2015\/02\/logo-alta-resolucion.png","contentUrl":"https:\/\/www.indieofilo.com\/wp-content\/uploads\/2015\/02\/logo-alta-resolucion.png","width":544,"height":185,"caption":"Indie\u00f3filo Web"},"image":{"@id":"https:\/\/www.indieofilo.com\/#\/schema\/logo\/image\/"},"sameAs":["https:\/\/www.facebook.com\/Indieofilo\/","https:\/\/x.com\/indieofilo","https:\/\/www.instagram.com\/indieofilo\/"]},{"@type":"Person","@id":"https:\/\/www.indieofilo.com\/#\/schema\/person\/595334d38590e4ce5a09f83cbf2fca90","name":"Victor","image":{"@type":"ImageObject","inLanguage":"en-US","@id":"https:\/\/www.indieofilo.com\/#\/schema\/person\/image\/","url":"https:\/\/secure.gravatar.com\/avatar\/682b8c6ea3e94b6cffec683b25f1797d?s=96&d=mm&r=g","contentUrl":"https:\/\/secure.gravatar.com\/avatar\/682b8c6ea3e94b6cffec683b25f1797d?s=96&d=mm&r=g","caption":"Victor"},"description":"Fan\u00e1tico de la m\u00fasica desde que mis padres me pon\u00edan a Eydie Gorme y Los Panchos o el Discotuna por la A2. Intent\u00e9 tocar varios instrumentos, pero soy muy torpe con la mano izquierda, as\u00ed que ya sab\u00e9is el resultado final. Fan del britpop, Post-punk, el rugby y el baloncesto...","sameAs":["http:\/\/indieofilo.com"],"url":"https:\/\/www.indieofilo.com\/en\/author\/victor"}]}},"_links":{"self":[{"href":"https:\/\/www.indieofilo.com\/en\/wp-json\/wp\/v2\/posts\/7747","targetHints":{"allow":["GET"]}}],"collection":[{"href":"https:\/\/www.indieofilo.com\/en\/wp-json\/wp\/v2\/posts"}],"about":[{"href":"https:\/\/www.indieofilo.com\/en\/wp-json\/wp\/v2\/types\/post"}],"author":[{"embeddable":true,"href":"https:\/\/www.indieofilo.com\/en\/wp-json\/wp\/v2\/users\/1"}],"replies":[{"embeddable":true,"href":"https:\/\/www.indieofilo.com\/en\/wp-json\/wp\/v2\/comments?post=7747"}],"version-history":[{"count":0,"href":"https:\/\/www.indieofilo.com\/en\/wp-json\/wp\/v2\/posts\/7747\/revisions"}],"wp:featuredmedia":[{"embeddable":true,"href":"https:\/\/www.indieofilo.com\/en\/wp-json\/wp\/v2\/media\/20452"}],"wp:attachment":[{"href":"https:\/\/www.indieofilo.com\/en\/wp-json\/wp\/v2\/media?parent=7747"}],"wp:term":[{"taxonomy":"category","embeddable":true,"href":"https:\/\/www.indieofilo.com\/en\/wp-json\/wp\/v2\/categories?post=7747"},{"taxonomy":"post_tag","embeddable":true,"href":"https:\/\/www.indieofilo.com\/en\/wp-json\/wp\/v2\/tags?post=7747"}],"curies":[{"name":"wp","href":"https:\/\/api.w.org\/{rel}","templated":true}]}}