{"id":7741,"date":"2016-09-19T21:17:16","date_gmt":"2016-09-19T19:17:16","guid":{"rendered":"http:\/\/indieofilo.com\/?p=7741"},"modified":"2023-09-12T07:26:52","modified_gmt":"2023-09-12T05:26:52","slug":"the-1975-announce-european-tour-on-2017","status":"publish","type":"post","link":"https:\/\/www.indieofilo.com\/en\/news\/the-1975-announce-european-tour-on-2017","title":{"rendered":"The 1975 announce European Tour on 2017"},"content":{"rendered":"<p style=\"text-align: justify;\">\n\t<img fetchpriority=\"high\" decoding=\"async\" alt=\"The 1975 European Tour 2017\" class=\"aligncenter size-full wp-image-7739\" height=\"600\" src=\"http:\/\/indieofilo.com\/wp-content\/uploads\/2016\/09\/The_1975_European_Tour_2017.jpg\" width=\"424\" srcset=\"https:\/\/www.indieofilo.com\/wp-content\/uploads\/2016\/09\/The_1975_European_Tour_2017.jpg 424w, https:\/\/www.indieofilo.com\/wp-content\/uploads\/2016\/09\/The_1975_European_Tour_2017-212x300.jpg 212w\" sizes=\"(max-width: 424px) 100vw, 424px\" \/><\/p>\n<p style=\"text-align: justify;\">\n\tMancunians <strong>The 1975<\/strong> &nbsp;have just confirmed the dates of their European tour where they will present live their new album <em>I Like It When You Sleep, For You Are So Beautiful Yet So Unaware Of It<\/em>&nbsp;and where they include two concerts in Spain, one in Madrid and another in Barcelona. The tour, that will start on January 31 at the Heineken Music Hall in Amsterdam, will stop on February 3rd at the Sant Jordi Club in Barcelona, while on February 5th they will perform at the Barclaycard Center in Madrid.<\/p>\n<p style=\"text-align: justify;\">\n\tTickets will be pre-sold exclusively on <a href=\"http:\/\/www.livenation.es\" target=\"_blank\" rel=\"noopener\">livenation.es<\/a> on September 22 at 10am during 24h, while the general sale will be on September 23 at 10am general sale at <a href=\"http:\/\/www.livenation.es\" target=\"_blank\" rel=\"noopener\">www.livenation.es<\/a> and <a href=\"http:\/\/www.ticketmaster.es\" target=\"_blank\" rel=\"noopener\">www.ticketmaster.es<\/a> with a price of &euro;28 + expenses.<\/p>\n","protected":false},"excerpt":{"rendered":"<p>Mancunians The 1975 &nbsp;have just confirmed the dates of their European tour where they will present live their new album I Like It When You Sleep, For You Are So Beautiful Yet So Unaware Of It&nbsp;and where they include two concerts in Spain, one in Madrid and another in Barcelona. The tour, that will start [&hellip;]<\/p>\n","protected":false},"author":1,"featured_media":20451,"comment_status":"open","ping_status":"closed","sticky":false,"template":"","format":"standard","meta":{"footnotes":""},"categories":[41,8],"tags":[4961,5680],"class_list":["post-7741","post","type-post","status-publish","format-standard","has-post-thumbnail","hentry","category-live-shows","category-news","tag-barcelona-en","tag-the-1975-en"],"yoast_head":"<!-- This site is optimized with the Yoast SEO Premium plugin v23.9 (Yoast SEO v26.6) - https:\/\/yoast.com\/wordpress\/plugins\/seo\/ -->\n<title>The 1975 announce European Tour on 2017 - Indie\u00f3filo<\/title>\n<meta name=\"description\" content=\"The tour, that will start on January 31 in Amsterdam, will stop on February 3rd in Barcelona and on February 5th they will perform in Madrid.\" \/>\n<meta name=\"robots\" content=\"index, follow, max-snippet:-1, max-image-preview:large, max-video-preview:-1\" \/>\n<link rel=\"canonical\" href=\"https:\/\/www.indieofilo.com\/en\/news\/the-1975-announce-european-tour-on-2017\" \/>\n<meta property=\"og:locale\" content=\"en_US\" \/>\n<meta property=\"og:type\" content=\"article\" \/>\n<meta property=\"og:title\" content=\"The 1975 announce European Tour on 2017\" \/>\n<meta property=\"og:description\" content=\"The tour, that will start on January 31 in Amsterdam, will stop on February 3rd in Barcelona and on February 5th they will perform in Madrid.\" \/>\n<meta property=\"og:url\" content=\"https:\/\/www.indieofilo.com\/en\/news\/the-1975-announce-european-tour-on-2017\" \/>\n<meta property=\"og:site_name\" content=\"Indie\u00f3filo\" \/>\n<meta property=\"article:publisher\" content=\"https:\/\/www.facebook.com\/Indieofilo\/\" \/>\n<meta property=\"article:published_time\" content=\"2016-09-19T19:17:16+00:00\" \/>\n<meta property=\"article:modified_time\" content=\"2023-09-12T05:26:52+00:00\" \/>\n<meta property=\"og:image\" content=\"https:\/\/www.indieofilo.com\/wp-content\/uploads\/2016\/09\/The_1975_European_Tour_2017.jpg\" \/>\n\t<meta property=\"og:image:width\" content=\"424\" \/>\n\t<meta property=\"og:image:height\" content=\"600\" \/>\n\t<meta property=\"og:image:type\" content=\"image\/jpeg\" \/>\n<meta name=\"author\" content=\"Victor\" \/>\n<meta name=\"twitter:card\" content=\"summary_large_image\" \/>\n<meta name=\"twitter:creator\" content=\"@indieofilo\" \/>\n<meta name=\"twitter:site\" content=\"@indieofilo\" \/>\n<meta name=\"twitter:label1\" content=\"Written by\" \/>\n\t<meta name=\"twitter:data1\" content=\"Victor\" \/>\n\t<meta name=\"twitter:label2\" content=\"Est. reading time\" \/>\n\t<meta name=\"twitter:data2\" content=\"1 minute\" \/>\n<script type=\"application\/ld+json\" class=\"yoast-schema-graph\">{\"@context\":\"https:\/\/schema.org\",\"@graph\":[{\"@type\":\"Article\",\"@id\":\"https:\/\/www.indieofilo.com\/en\/news\/the-1975-announce-european-tour-on-2017#article\",\"isPartOf\":{\"@id\":\"https:\/\/www.indieofilo.com\/en\/news\/the-1975-announce-european-tour-on-2017\"},\"author\":{\"name\":\"Victor\",\"@id\":\"https:\/\/www.indieofilo.com\/#\/schema\/person\/595334d38590e4ce5a09f83cbf2fca90\"},\"headline\":\"The 1975 announce European Tour on 2017\",\"datePublished\":\"2016-09-19T19:17:16+00:00\",\"dateModified\":\"2023-09-12T05:26:52+00:00\",\"mainEntityOfPage\":{\"@id\":\"https:\/\/www.indieofilo.com\/en\/news\/the-1975-announce-european-tour-on-2017\"},\"wordCount\":136,\"commentCount\":0,\"publisher\":{\"@id\":\"https:\/\/www.indieofilo.com\/#organization\"},\"image\":{\"@id\":\"https:\/\/www.indieofilo.com\/en\/news\/the-1975-announce-european-tour-on-2017#primaryimage\"},\"thumbnailUrl\":\"https:\/\/www.indieofilo.com\/wp-content\/uploads\/2016\/09\/The_1975_European_Tour_2017.jpg\",\"keywords\":[\"Barcelona\",\"The 1975\"],\"articleSection\":[\"Live Shows\",\"News\"],\"inLanguage\":\"en-US\",\"potentialAction\":[{\"@type\":\"CommentAction\",\"name\":\"Comment\",\"target\":[\"https:\/\/www.indieofilo.com\/en\/news\/the-1975-announce-european-tour-on-2017#respond\"]}]},{\"@type\":\"WebPage\",\"@id\":\"https:\/\/www.indieofilo.com\/en\/news\/the-1975-announce-european-tour-on-2017\",\"url\":\"https:\/\/www.indieofilo.com\/en\/news\/the-1975-announce-european-tour-on-2017\",\"name\":\"The 1975 announce European Tour on 2017 - Indie\u00f3filo\",\"isPartOf\":{\"@id\":\"https:\/\/www.indieofilo.com\/#website\"},\"primaryImageOfPage\":{\"@id\":\"https:\/\/www.indieofilo.com\/en\/news\/the-1975-announce-european-tour-on-2017#primaryimage\"},\"image\":{\"@id\":\"https:\/\/www.indieofilo.com\/en\/news\/the-1975-announce-european-tour-on-2017#primaryimage\"},\"thumbnailUrl\":\"https:\/\/www.indieofilo.com\/wp-content\/uploads\/2016\/09\/The_1975_European_Tour_2017.jpg\",\"datePublished\":\"2016-09-19T19:17:16+00:00\",\"dateModified\":\"2023-09-12T05:26:52+00:00\",\"description\":\"The tour, that will start on January 31 in Amsterdam, will stop on February 3rd in Barcelona and on February 5th they will perform in Madrid.\",\"breadcrumb\":{\"@id\":\"https:\/\/www.indieofilo.com\/en\/news\/the-1975-announce-european-tour-on-2017#breadcrumb\"},\"inLanguage\":\"en-US\",\"potentialAction\":[{\"@type\":\"ReadAction\",\"target\":[\"https:\/\/www.indieofilo.com\/en\/news\/the-1975-announce-european-tour-on-2017\"]}]},{\"@type\":\"ImageObject\",\"inLanguage\":\"en-US\",\"@id\":\"https:\/\/www.indieofilo.com\/en\/news\/the-1975-announce-european-tour-on-2017#primaryimage\",\"url\":\"https:\/\/www.indieofilo.com\/wp-content\/uploads\/2016\/09\/The_1975_European_Tour_2017.jpg\",\"contentUrl\":\"https:\/\/www.indieofilo.com\/wp-content\/uploads\/2016\/09\/The_1975_European_Tour_2017.jpg\",\"width\":424,\"height\":600},{\"@type\":\"BreadcrumbList\",\"@id\":\"https:\/\/www.indieofilo.com\/en\/news\/the-1975-announce-european-tour-on-2017#breadcrumb\",\"itemListElement\":[{\"@type\":\"ListItem\",\"position\":1,\"name\":\"Portada\",\"item\":\"https:\/\/www.indieofilo.com\/en\"},{\"@type\":\"ListItem\",\"position\":2,\"name\":\"The 1975 announce European Tour on 2017\"}]},{\"@type\":\"WebSite\",\"@id\":\"https:\/\/www.indieofilo.com\/#website\",\"url\":\"https:\/\/www.indieofilo.com\/\",\"name\":\"Indie\u00f3filo\",\"description\":\"Magazine online de la cultura independiente\",\"publisher\":{\"@id\":\"https:\/\/www.indieofilo.com\/#organization\"},\"potentialAction\":[{\"@type\":\"SearchAction\",\"target\":{\"@type\":\"EntryPoint\",\"urlTemplate\":\"https:\/\/www.indieofilo.com\/?s={search_term_string}\"},\"query-input\":{\"@type\":\"PropertyValueSpecification\",\"valueRequired\":true,\"valueName\":\"search_term_string\"}}],\"inLanguage\":\"en-US\"},{\"@type\":\"Organization\",\"@id\":\"https:\/\/www.indieofilo.com\/#organization\",\"name\":\"Indie\u00f3filo Web\",\"url\":\"https:\/\/www.indieofilo.com\/\",\"logo\":{\"@type\":\"ImageObject\",\"inLanguage\":\"en-US\",\"@id\":\"https:\/\/www.indieofilo.com\/#\/schema\/logo\/image\/\",\"url\":\"https:\/\/www.indieofilo.com\/wp-content\/uploads\/2015\/02\/logo-alta-resolucion.png\",\"contentUrl\":\"https:\/\/www.indieofilo.com\/wp-content\/uploads\/2015\/02\/logo-alta-resolucion.png\",\"width\":544,\"height\":185,\"caption\":\"Indie\u00f3filo Web\"},\"image\":{\"@id\":\"https:\/\/www.indieofilo.com\/#\/schema\/logo\/image\/\"},\"sameAs\":[\"https:\/\/www.facebook.com\/Indieofilo\/\",\"https:\/\/x.com\/indieofilo\",\"https:\/\/www.instagram.com\/indieofilo\/\"]},{\"@type\":\"Person\",\"@id\":\"https:\/\/www.indieofilo.com\/#\/schema\/person\/595334d38590e4ce5a09f83cbf2fca90\",\"name\":\"Victor\",\"image\":{\"@type\":\"ImageObject\",\"inLanguage\":\"en-US\",\"@id\":\"https:\/\/www.indieofilo.com\/#\/schema\/person\/image\/\",\"url\":\"https:\/\/secure.gravatar.com\/avatar\/682b8c6ea3e94b6cffec683b25f1797d?s=96&d=mm&r=g\",\"contentUrl\":\"https:\/\/secure.gravatar.com\/avatar\/682b8c6ea3e94b6cffec683b25f1797d?s=96&d=mm&r=g\",\"caption\":\"Victor\"},\"description\":\"Fan\u00e1tico de la m\u00fasica desde que mis padres me pon\u00edan a Eydie Gorme y Los Panchos o el Discotuna por la A2. Intent\u00e9 tocar varios instrumentos, pero soy muy torpe con la mano izquierda, as\u00ed que ya sab\u00e9is el resultado final. Fan del britpop, Post-punk, el rugby y el baloncesto...\",\"sameAs\":[\"http:\/\/indieofilo.com\"],\"url\":\"https:\/\/www.indieofilo.com\/en\/author\/victor\"}]}<\/script>\n<!-- \/ Yoast SEO Premium plugin. -->","yoast_head_json":{"title":"The 1975 announce European Tour on 2017 - Indie\u00f3filo","description":"The tour, that will start on January 31 in Amsterdam, will stop on February 3rd in Barcelona and on February 5th they will perform in Madrid.","robots":{"index":"index","follow":"follow","max-snippet":"max-snippet:-1","max-image-preview":"max-image-preview:large","max-video-preview":"max-video-preview:-1"},"canonical":"https:\/\/www.indieofilo.com\/en\/news\/the-1975-announce-european-tour-on-2017","og_locale":"en_US","og_type":"article","og_title":"The 1975 announce European Tour on 2017","og_description":"The tour, that will start on January 31 in Amsterdam, will stop on February 3rd in Barcelona and on February 5th they will perform in Madrid.","og_url":"https:\/\/www.indieofilo.com\/en\/news\/the-1975-announce-european-tour-on-2017","og_site_name":"Indie\u00f3filo","article_publisher":"https:\/\/www.facebook.com\/Indieofilo\/","article_published_time":"2016-09-19T19:17:16+00:00","article_modified_time":"2023-09-12T05:26:52+00:00","og_image":[{"width":424,"height":600,"url":"https:\/\/www.indieofilo.com\/wp-content\/uploads\/2016\/09\/The_1975_European_Tour_2017.jpg","type":"image\/jpeg"}],"author":"Victor","twitter_card":"summary_large_image","twitter_creator":"@indieofilo","twitter_site":"@indieofilo","twitter_misc":{"Written by":"Victor","Est. reading time":"1 minute"},"schema":{"@context":"https:\/\/schema.org","@graph":[{"@type":"Article","@id":"https:\/\/www.indieofilo.com\/en\/news\/the-1975-announce-european-tour-on-2017#article","isPartOf":{"@id":"https:\/\/www.indieofilo.com\/en\/news\/the-1975-announce-european-tour-on-2017"},"author":{"name":"Victor","@id":"https:\/\/www.indieofilo.com\/#\/schema\/person\/595334d38590e4ce5a09f83cbf2fca90"},"headline":"The 1975 announce European Tour on 2017","datePublished":"2016-09-19T19:17:16+00:00","dateModified":"2023-09-12T05:26:52+00:00","mainEntityOfPage":{"@id":"https:\/\/www.indieofilo.com\/en\/news\/the-1975-announce-european-tour-on-2017"},"wordCount":136,"commentCount":0,"publisher":{"@id":"https:\/\/www.indieofilo.com\/#organization"},"image":{"@id":"https:\/\/www.indieofilo.com\/en\/news\/the-1975-announce-european-tour-on-2017#primaryimage"},"thumbnailUrl":"https:\/\/www.indieofilo.com\/wp-content\/uploads\/2016\/09\/The_1975_European_Tour_2017.jpg","keywords":["Barcelona","The 1975"],"articleSection":["Live Shows","News"],"inLanguage":"en-US","potentialAction":[{"@type":"CommentAction","name":"Comment","target":["https:\/\/www.indieofilo.com\/en\/news\/the-1975-announce-european-tour-on-2017#respond"]}]},{"@type":"WebPage","@id":"https:\/\/www.indieofilo.com\/en\/news\/the-1975-announce-european-tour-on-2017","url":"https:\/\/www.indieofilo.com\/en\/news\/the-1975-announce-european-tour-on-2017","name":"The 1975 announce European Tour on 2017 - Indie\u00f3filo","isPartOf":{"@id":"https:\/\/www.indieofilo.com\/#website"},"primaryImageOfPage":{"@id":"https:\/\/www.indieofilo.com\/en\/news\/the-1975-announce-european-tour-on-2017#primaryimage"},"image":{"@id":"https:\/\/www.indieofilo.com\/en\/news\/the-1975-announce-european-tour-on-2017#primaryimage"},"thumbnailUrl":"https:\/\/www.indieofilo.com\/wp-content\/uploads\/2016\/09\/The_1975_European_Tour_2017.jpg","datePublished":"2016-09-19T19:17:16+00:00","dateModified":"2023-09-12T05:26:52+00:00","description":"The tour, that will start on January 31 in Amsterdam, will stop on February 3rd in Barcelona and on February 5th they will perform in Madrid.","breadcrumb":{"@id":"https:\/\/www.indieofilo.com\/en\/news\/the-1975-announce-european-tour-on-2017#breadcrumb"},"inLanguage":"en-US","potentialAction":[{"@type":"ReadAction","target":["https:\/\/www.indieofilo.com\/en\/news\/the-1975-announce-european-tour-on-2017"]}]},{"@type":"ImageObject","inLanguage":"en-US","@id":"https:\/\/www.indieofilo.com\/en\/news\/the-1975-announce-european-tour-on-2017#primaryimage","url":"https:\/\/www.indieofilo.com\/wp-content\/uploads\/2016\/09\/The_1975_European_Tour_2017.jpg","contentUrl":"https:\/\/www.indieofilo.com\/wp-content\/uploads\/2016\/09\/The_1975_European_Tour_2017.jpg","width":424,"height":600},{"@type":"BreadcrumbList","@id":"https:\/\/www.indieofilo.com\/en\/news\/the-1975-announce-european-tour-on-2017#breadcrumb","itemListElement":[{"@type":"ListItem","position":1,"name":"Portada","item":"https:\/\/www.indieofilo.com\/en"},{"@type":"ListItem","position":2,"name":"The 1975 announce European Tour on 2017"}]},{"@type":"WebSite","@id":"https:\/\/www.indieofilo.com\/#website","url":"https:\/\/www.indieofilo.com\/","name":"Indie\u00f3filo","description":"Magazine online de la cultura independiente","publisher":{"@id":"https:\/\/www.indieofilo.com\/#organization"},"potentialAction":[{"@type":"SearchAction","target":{"@type":"EntryPoint","urlTemplate":"https:\/\/www.indieofilo.com\/?s={search_term_string}"},"query-input":{"@type":"PropertyValueSpecification","valueRequired":true,"valueName":"search_term_string"}}],"inLanguage":"en-US"},{"@type":"Organization","@id":"https:\/\/www.indieofilo.com\/#organization","name":"Indie\u00f3filo Web","url":"https:\/\/www.indieofilo.com\/","logo":{"@type":"ImageObject","inLanguage":"en-US","@id":"https:\/\/www.indieofilo.com\/#\/schema\/logo\/image\/","url":"https:\/\/www.indieofilo.com\/wp-content\/uploads\/2015\/02\/logo-alta-resolucion.png","contentUrl":"https:\/\/www.indieofilo.com\/wp-content\/uploads\/2015\/02\/logo-alta-resolucion.png","width":544,"height":185,"caption":"Indie\u00f3filo Web"},"image":{"@id":"https:\/\/www.indieofilo.com\/#\/schema\/logo\/image\/"},"sameAs":["https:\/\/www.facebook.com\/Indieofilo\/","https:\/\/x.com\/indieofilo","https:\/\/www.instagram.com\/indieofilo\/"]},{"@type":"Person","@id":"https:\/\/www.indieofilo.com\/#\/schema\/person\/595334d38590e4ce5a09f83cbf2fca90","name":"Victor","image":{"@type":"ImageObject","inLanguage":"en-US","@id":"https:\/\/www.indieofilo.com\/#\/schema\/person\/image\/","url":"https:\/\/secure.gravatar.com\/avatar\/682b8c6ea3e94b6cffec683b25f1797d?s=96&d=mm&r=g","contentUrl":"https:\/\/secure.gravatar.com\/avatar\/682b8c6ea3e94b6cffec683b25f1797d?s=96&d=mm&r=g","caption":"Victor"},"description":"Fan\u00e1tico de la m\u00fasica desde que mis padres me pon\u00edan a Eydie Gorme y Los Panchos o el Discotuna por la A2. Intent\u00e9 tocar varios instrumentos, pero soy muy torpe con la mano izquierda, as\u00ed que ya sab\u00e9is el resultado final. Fan del britpop, Post-punk, el rugby y el baloncesto...","sameAs":["http:\/\/indieofilo.com"],"url":"https:\/\/www.indieofilo.com\/en\/author\/victor"}]}},"_links":{"self":[{"href":"https:\/\/www.indieofilo.com\/en\/wp-json\/wp\/v2\/posts\/7741","targetHints":{"allow":["GET"]}}],"collection":[{"href":"https:\/\/www.indieofilo.com\/en\/wp-json\/wp\/v2\/posts"}],"about":[{"href":"https:\/\/www.indieofilo.com\/en\/wp-json\/wp\/v2\/types\/post"}],"author":[{"embeddable":true,"href":"https:\/\/www.indieofilo.com\/en\/wp-json\/wp\/v2\/users\/1"}],"replies":[{"embeddable":true,"href":"https:\/\/www.indieofilo.com\/en\/wp-json\/wp\/v2\/comments?post=7741"}],"version-history":[{"count":0,"href":"https:\/\/www.indieofilo.com\/en\/wp-json\/wp\/v2\/posts\/7741\/revisions"}],"wp:featuredmedia":[{"embeddable":true,"href":"https:\/\/www.indieofilo.com\/en\/wp-json\/wp\/v2\/media\/20451"}],"wp:attachment":[{"href":"https:\/\/www.indieofilo.com\/en\/wp-json\/wp\/v2\/media?parent=7741"}],"wp:term":[{"taxonomy":"category","embeddable":true,"href":"https:\/\/www.indieofilo.com\/en\/wp-json\/wp\/v2\/categories?post=7741"},{"taxonomy":"post_tag","embeddable":true,"href":"https:\/\/www.indieofilo.com\/en\/wp-json\/wp\/v2\/tags?post=7741"}],"curies":[{"name":"wp","href":"https:\/\/api.w.org\/{rel}","templated":true}]}}