{"id":7702,"date":"2016-11-10T15:41:44","date_gmt":"2016-11-10T14:41:44","guid":{"rendered":"http:\/\/indieofilo.com\/?p=7702"},"modified":"2023-09-11T00:51:07","modified_gmt":"2023-09-10T22:51:07","slug":"foo-fighters-green-day-to-mad-cool-festival-2017","status":"publish","type":"post","link":"https:\/\/www.indieofilo.com\/en\/news\/foo-fighters-green-day-to-mad-cool-festival-2017","title":{"rendered":"Foo Fighters &#038; Green Day, to Mad Cool Festival 2017"},"content":{"rendered":"<p style=\"text-align: center;\">\n\t<img fetchpriority=\"high\" decoding=\"async\" alt=\"Mad Cool Festival 2017 - Foo Fighters &amp; Green Day\" class=\"aligncenter size-large wp-image-7703\" height=\"406\" src=\"http:\/\/indieofilo.com\/wp-content\/uploads\/2016\/11\/Mad_Cool_Festival_2017-Foo_Fighters_Green_Day-800x507.jpg\" style=\"\" title=\"\" width=\"640\" \/><\/p>\n<p style=\"text-align: justify;\">\n\tAs had been rumored since yesterday, <strong>Foo Fighters<\/strong> will be one of the headliners of <strong>Mad Cool Festival 2017<\/strong>. But at the press conference held a few minutes ago, the festival organizers have pulled another rabbit out of the hat and also confirmed that their compatriots <strong>Green Day<\/strong> will be another of the major names of this year&#39;s festival, to be held from 6 to July 8 at La Caja Magica in Madrid.<\/p>\n<p style=\"text-align: justify;\">\n\tThe organizers have announced that Foo Fighters concert will be on Thursday July 6 and will be the only one of the band in Spain, while Green Day&#39;s one will be on Friday 7, in this case without exclusivity. They have also announced that any band from the first edition will repeat, that there will be five scenarios and none of them will be interior, as well as that they are working hard to improve the transport allowing transfer with the tube and has ensured that there will be a third edition in 2018.<\/p>\n<p style=\"text-align: justify;\">\n\tTickets will go on sale next Monday, November 14, on the <a href=\"https:\/\/madcoolfestival.es\/en\/entradas-en.html\" target=\"_blank\" rel=\"noopener\">official Website of the Festival<\/a>&nbsp;with an initial price for the first 10,000 tickets of &euro;125(+ expenses) for the three days (&euro;105+expenses with the Mad Cool card). Once those 10,000 tickets get sold out, the price of the 3-Day Ticket will be &euro;145+expenses.<\/p>\n","protected":false},"excerpt":{"rendered":"<p>As had been rumored since yesterday, Foo Fighters will be one of the headliners of Mad Cool Festival 2017. But at the press conference held a few minutes ago, the festival organizers have pulled another rabbit out of the hat and also confirmed that their compatriots Green Day will be another of the major names [&hellip;]<\/p>\n","protected":false},"author":1,"featured_media":20446,"comment_status":"open","ping_status":"closed","sticky":false,"template":"","format":"standard","meta":{"footnotes":""},"categories":[41,8],"tags":[5281,5452,5246,5534],"class_list":["post-7702","post","type-post","status-publish","format-standard","has-post-thumbnail","hentry","category-live-shows","category-news","tag-foo-fighters-en","tag-green-day-en","tag-mad-cool-festival-en","tag-mad-cool-festival-2017-en"],"yoast_head":"<!-- This site is optimized with the Yoast SEO Premium plugin v23.9 (Yoast SEO v26.6) - https:\/\/yoast.com\/wordpress\/plugins\/seo\/ -->\n<title>Foo Fighters &amp; Green Day, to Mad Cool Festival 2017 - Indie\u00f3filo<\/title>\n<meta name=\"description\" content=\"As had been rumored since yesterday, Foo Fighters will be one of the headliners of Mad Cool Festival 2017. But also their compatriots Green Day!\" \/>\n<meta name=\"robots\" content=\"index, follow, max-snippet:-1, max-image-preview:large, max-video-preview:-1\" \/>\n<link rel=\"canonical\" href=\"https:\/\/www.indieofilo.com\/en\/news\/foo-fighters-green-day-to-mad-cool-festival-2017\" \/>\n<meta property=\"og:locale\" content=\"en_US\" \/>\n<meta property=\"og:type\" content=\"article\" \/>\n<meta property=\"og:title\" content=\"Foo Fighters &amp; Green Day, to Mad Cool Festival 2017\" \/>\n<meta property=\"og:description\" content=\"As had been rumored since yesterday, Foo Fighters will be one of the headliners of Mad Cool Festival 2017. But also their compatriots Green Day!\" \/>\n<meta property=\"og:url\" content=\"https:\/\/www.indieofilo.com\/en\/news\/foo-fighters-green-day-to-mad-cool-festival-2017\" \/>\n<meta property=\"og:site_name\" content=\"Indie\u00f3filo\" \/>\n<meta property=\"article:publisher\" content=\"https:\/\/www.facebook.com\/Indieofilo\/\" \/>\n<meta property=\"article:published_time\" content=\"2016-11-10T14:41:44+00:00\" \/>\n<meta property=\"article:modified_time\" content=\"2023-09-10T22:51:07+00:00\" \/>\n<meta property=\"og:image\" content=\"https:\/\/www.indieofilo.com\/wp-content\/uploads\/2016\/11\/Mad_Cool_Festival_2017-Foo_Fighters_Green_Day.jpg\" \/>\n\t<meta property=\"og:image:width\" content=\"800\" \/>\n\t<meta property=\"og:image:height\" content=\"507\" \/>\n\t<meta property=\"og:image:type\" content=\"image\/jpeg\" \/>\n<meta name=\"author\" content=\"Victor\" \/>\n<meta name=\"twitter:card\" content=\"summary_large_image\" \/>\n<meta name=\"twitter:creator\" content=\"@indieofilo\" \/>\n<meta name=\"twitter:site\" content=\"@indieofilo\" \/>\n<meta name=\"twitter:label1\" content=\"Written by\" \/>\n\t<meta name=\"twitter:data1\" content=\"Victor\" \/>\n\t<meta name=\"twitter:label2\" content=\"Est. reading time\" \/>\n\t<meta name=\"twitter:data2\" content=\"2 minutes\" \/>\n<script type=\"application\/ld+json\" class=\"yoast-schema-graph\">{\"@context\":\"https:\/\/schema.org\",\"@graph\":[{\"@type\":\"Article\",\"@id\":\"https:\/\/www.indieofilo.com\/en\/news\/foo-fighters-green-day-to-mad-cool-festival-2017#article\",\"isPartOf\":{\"@id\":\"https:\/\/www.indieofilo.com\/en\/news\/foo-fighters-green-day-to-mad-cool-festival-2017\"},\"author\":{\"name\":\"Victor\",\"@id\":\"https:\/\/www.indieofilo.com\/#\/schema\/person\/595334d38590e4ce5a09f83cbf2fca90\"},\"headline\":\"Foo Fighters &#038; Green Day, to Mad Cool Festival 2017\",\"datePublished\":\"2016-11-10T14:41:44+00:00\",\"dateModified\":\"2023-09-10T22:51:07+00:00\",\"mainEntityOfPage\":{\"@id\":\"https:\/\/www.indieofilo.com\/en\/news\/foo-fighters-green-day-to-mad-cool-festival-2017\"},\"wordCount\":225,\"commentCount\":0,\"publisher\":{\"@id\":\"https:\/\/www.indieofilo.com\/#organization\"},\"image\":{\"@id\":\"https:\/\/www.indieofilo.com\/en\/news\/foo-fighters-green-day-to-mad-cool-festival-2017#primaryimage\"},\"thumbnailUrl\":\"https:\/\/www.indieofilo.com\/wp-content\/uploads\/2016\/11\/Mad_Cool_Festival_2017-Foo_Fighters_Green_Day.jpg\",\"keywords\":[\"Foo Fighters\",\"Green Day\",\"Mad Cool Festival\",\"Mad Cool Festival 2017\"],\"articleSection\":[\"Live Shows\",\"News\"],\"inLanguage\":\"en-US\",\"potentialAction\":[{\"@type\":\"CommentAction\",\"name\":\"Comment\",\"target\":[\"https:\/\/www.indieofilo.com\/en\/news\/foo-fighters-green-day-to-mad-cool-festival-2017#respond\"]}]},{\"@type\":\"WebPage\",\"@id\":\"https:\/\/www.indieofilo.com\/en\/news\/foo-fighters-green-day-to-mad-cool-festival-2017\",\"url\":\"https:\/\/www.indieofilo.com\/en\/news\/foo-fighters-green-day-to-mad-cool-festival-2017\",\"name\":\"Foo Fighters & Green Day, to Mad Cool Festival 2017 - Indie\u00f3filo\",\"isPartOf\":{\"@id\":\"https:\/\/www.indieofilo.com\/#website\"},\"primaryImageOfPage\":{\"@id\":\"https:\/\/www.indieofilo.com\/en\/news\/foo-fighters-green-day-to-mad-cool-festival-2017#primaryimage\"},\"image\":{\"@id\":\"https:\/\/www.indieofilo.com\/en\/news\/foo-fighters-green-day-to-mad-cool-festival-2017#primaryimage\"},\"thumbnailUrl\":\"https:\/\/www.indieofilo.com\/wp-content\/uploads\/2016\/11\/Mad_Cool_Festival_2017-Foo_Fighters_Green_Day.jpg\",\"datePublished\":\"2016-11-10T14:41:44+00:00\",\"dateModified\":\"2023-09-10T22:51:07+00:00\",\"description\":\"As had been rumored since yesterday, Foo Fighters will be one of the headliners of Mad Cool Festival 2017. But also their compatriots Green Day!\",\"breadcrumb\":{\"@id\":\"https:\/\/www.indieofilo.com\/en\/news\/foo-fighters-green-day-to-mad-cool-festival-2017#breadcrumb\"},\"inLanguage\":\"en-US\",\"potentialAction\":[{\"@type\":\"ReadAction\",\"target\":[\"https:\/\/www.indieofilo.com\/en\/news\/foo-fighters-green-day-to-mad-cool-festival-2017\"]}]},{\"@type\":\"ImageObject\",\"inLanguage\":\"en-US\",\"@id\":\"https:\/\/www.indieofilo.com\/en\/news\/foo-fighters-green-day-to-mad-cool-festival-2017#primaryimage\",\"url\":\"https:\/\/www.indieofilo.com\/wp-content\/uploads\/2016\/11\/Mad_Cool_Festival_2017-Foo_Fighters_Green_Day.jpg\",\"contentUrl\":\"https:\/\/www.indieofilo.com\/wp-content\/uploads\/2016\/11\/Mad_Cool_Festival_2017-Foo_Fighters_Green_Day.jpg\",\"width\":800,\"height\":507},{\"@type\":\"BreadcrumbList\",\"@id\":\"https:\/\/www.indieofilo.com\/en\/news\/foo-fighters-green-day-to-mad-cool-festival-2017#breadcrumb\",\"itemListElement\":[{\"@type\":\"ListItem\",\"position\":1,\"name\":\"Portada\",\"item\":\"https:\/\/www.indieofilo.com\/en\"},{\"@type\":\"ListItem\",\"position\":2,\"name\":\"Foo Fighters &#038; Green Day, to Mad Cool Festival 2017\"}]},{\"@type\":\"WebSite\",\"@id\":\"https:\/\/www.indieofilo.com\/#website\",\"url\":\"https:\/\/www.indieofilo.com\/\",\"name\":\"Indie\u00f3filo\",\"description\":\"Magazine online de la cultura independiente\",\"publisher\":{\"@id\":\"https:\/\/www.indieofilo.com\/#organization\"},\"potentialAction\":[{\"@type\":\"SearchAction\",\"target\":{\"@type\":\"EntryPoint\",\"urlTemplate\":\"https:\/\/www.indieofilo.com\/?s={search_term_string}\"},\"query-input\":{\"@type\":\"PropertyValueSpecification\",\"valueRequired\":true,\"valueName\":\"search_term_string\"}}],\"inLanguage\":\"en-US\"},{\"@type\":\"Organization\",\"@id\":\"https:\/\/www.indieofilo.com\/#organization\",\"name\":\"Indie\u00f3filo Web\",\"url\":\"https:\/\/www.indieofilo.com\/\",\"logo\":{\"@type\":\"ImageObject\",\"inLanguage\":\"en-US\",\"@id\":\"https:\/\/www.indieofilo.com\/#\/schema\/logo\/image\/\",\"url\":\"https:\/\/www.indieofilo.com\/wp-content\/uploads\/2015\/02\/logo-alta-resolucion.png\",\"contentUrl\":\"https:\/\/www.indieofilo.com\/wp-content\/uploads\/2015\/02\/logo-alta-resolucion.png\",\"width\":544,\"height\":185,\"caption\":\"Indie\u00f3filo Web\"},\"image\":{\"@id\":\"https:\/\/www.indieofilo.com\/#\/schema\/logo\/image\/\"},\"sameAs\":[\"https:\/\/www.facebook.com\/Indieofilo\/\",\"https:\/\/x.com\/indieofilo\",\"https:\/\/www.instagram.com\/indieofilo\/\"]},{\"@type\":\"Person\",\"@id\":\"https:\/\/www.indieofilo.com\/#\/schema\/person\/595334d38590e4ce5a09f83cbf2fca90\",\"name\":\"Victor\",\"image\":{\"@type\":\"ImageObject\",\"inLanguage\":\"en-US\",\"@id\":\"https:\/\/www.indieofilo.com\/#\/schema\/person\/image\/\",\"url\":\"https:\/\/secure.gravatar.com\/avatar\/682b8c6ea3e94b6cffec683b25f1797d?s=96&d=mm&r=g\",\"contentUrl\":\"https:\/\/secure.gravatar.com\/avatar\/682b8c6ea3e94b6cffec683b25f1797d?s=96&d=mm&r=g\",\"caption\":\"Victor\"},\"description\":\"Fan\u00e1tico de la m\u00fasica desde que mis padres me pon\u00edan a Eydie Gorme y Los Panchos o el Discotuna por la A2. Intent\u00e9 tocar varios instrumentos, pero soy muy torpe con la mano izquierda, as\u00ed que ya sab\u00e9is el resultado final. Fan del britpop, Post-punk, el rugby y el baloncesto...\",\"sameAs\":[\"http:\/\/indieofilo.com\"],\"url\":\"https:\/\/www.indieofilo.com\/en\/author\/victor\"}]}<\/script>\n<!-- \/ Yoast SEO Premium plugin. -->","yoast_head_json":{"title":"Foo Fighters & Green Day, to Mad Cool Festival 2017 - Indie\u00f3filo","description":"As had been rumored since yesterday, Foo Fighters will be one of the headliners of Mad Cool Festival 2017. But also their compatriots Green Day!","robots":{"index":"index","follow":"follow","max-snippet":"max-snippet:-1","max-image-preview":"max-image-preview:large","max-video-preview":"max-video-preview:-1"},"canonical":"https:\/\/www.indieofilo.com\/en\/news\/foo-fighters-green-day-to-mad-cool-festival-2017","og_locale":"en_US","og_type":"article","og_title":"Foo Fighters & Green Day, to Mad Cool Festival 2017","og_description":"As had been rumored since yesterday, Foo Fighters will be one of the headliners of Mad Cool Festival 2017. But also their compatriots Green Day!","og_url":"https:\/\/www.indieofilo.com\/en\/news\/foo-fighters-green-day-to-mad-cool-festival-2017","og_site_name":"Indie\u00f3filo","article_publisher":"https:\/\/www.facebook.com\/Indieofilo\/","article_published_time":"2016-11-10T14:41:44+00:00","article_modified_time":"2023-09-10T22:51:07+00:00","og_image":[{"width":800,"height":507,"url":"https:\/\/www.indieofilo.com\/wp-content\/uploads\/2016\/11\/Mad_Cool_Festival_2017-Foo_Fighters_Green_Day.jpg","type":"image\/jpeg"}],"author":"Victor","twitter_card":"summary_large_image","twitter_creator":"@indieofilo","twitter_site":"@indieofilo","twitter_misc":{"Written by":"Victor","Est. reading time":"2 minutes"},"schema":{"@context":"https:\/\/schema.org","@graph":[{"@type":"Article","@id":"https:\/\/www.indieofilo.com\/en\/news\/foo-fighters-green-day-to-mad-cool-festival-2017#article","isPartOf":{"@id":"https:\/\/www.indieofilo.com\/en\/news\/foo-fighters-green-day-to-mad-cool-festival-2017"},"author":{"name":"Victor","@id":"https:\/\/www.indieofilo.com\/#\/schema\/person\/595334d38590e4ce5a09f83cbf2fca90"},"headline":"Foo Fighters &#038; Green Day, to Mad Cool Festival 2017","datePublished":"2016-11-10T14:41:44+00:00","dateModified":"2023-09-10T22:51:07+00:00","mainEntityOfPage":{"@id":"https:\/\/www.indieofilo.com\/en\/news\/foo-fighters-green-day-to-mad-cool-festival-2017"},"wordCount":225,"commentCount":0,"publisher":{"@id":"https:\/\/www.indieofilo.com\/#organization"},"image":{"@id":"https:\/\/www.indieofilo.com\/en\/news\/foo-fighters-green-day-to-mad-cool-festival-2017#primaryimage"},"thumbnailUrl":"https:\/\/www.indieofilo.com\/wp-content\/uploads\/2016\/11\/Mad_Cool_Festival_2017-Foo_Fighters_Green_Day.jpg","keywords":["Foo Fighters","Green Day","Mad Cool Festival","Mad Cool Festival 2017"],"articleSection":["Live Shows","News"],"inLanguage":"en-US","potentialAction":[{"@type":"CommentAction","name":"Comment","target":["https:\/\/www.indieofilo.com\/en\/news\/foo-fighters-green-day-to-mad-cool-festival-2017#respond"]}]},{"@type":"WebPage","@id":"https:\/\/www.indieofilo.com\/en\/news\/foo-fighters-green-day-to-mad-cool-festival-2017","url":"https:\/\/www.indieofilo.com\/en\/news\/foo-fighters-green-day-to-mad-cool-festival-2017","name":"Foo Fighters & Green Day, to Mad Cool Festival 2017 - Indie\u00f3filo","isPartOf":{"@id":"https:\/\/www.indieofilo.com\/#website"},"primaryImageOfPage":{"@id":"https:\/\/www.indieofilo.com\/en\/news\/foo-fighters-green-day-to-mad-cool-festival-2017#primaryimage"},"image":{"@id":"https:\/\/www.indieofilo.com\/en\/news\/foo-fighters-green-day-to-mad-cool-festival-2017#primaryimage"},"thumbnailUrl":"https:\/\/www.indieofilo.com\/wp-content\/uploads\/2016\/11\/Mad_Cool_Festival_2017-Foo_Fighters_Green_Day.jpg","datePublished":"2016-11-10T14:41:44+00:00","dateModified":"2023-09-10T22:51:07+00:00","description":"As had been rumored since yesterday, Foo Fighters will be one of the headliners of Mad Cool Festival 2017. But also their compatriots Green Day!","breadcrumb":{"@id":"https:\/\/www.indieofilo.com\/en\/news\/foo-fighters-green-day-to-mad-cool-festival-2017#breadcrumb"},"inLanguage":"en-US","potentialAction":[{"@type":"ReadAction","target":["https:\/\/www.indieofilo.com\/en\/news\/foo-fighters-green-day-to-mad-cool-festival-2017"]}]},{"@type":"ImageObject","inLanguage":"en-US","@id":"https:\/\/www.indieofilo.com\/en\/news\/foo-fighters-green-day-to-mad-cool-festival-2017#primaryimage","url":"https:\/\/www.indieofilo.com\/wp-content\/uploads\/2016\/11\/Mad_Cool_Festival_2017-Foo_Fighters_Green_Day.jpg","contentUrl":"https:\/\/www.indieofilo.com\/wp-content\/uploads\/2016\/11\/Mad_Cool_Festival_2017-Foo_Fighters_Green_Day.jpg","width":800,"height":507},{"@type":"BreadcrumbList","@id":"https:\/\/www.indieofilo.com\/en\/news\/foo-fighters-green-day-to-mad-cool-festival-2017#breadcrumb","itemListElement":[{"@type":"ListItem","position":1,"name":"Portada","item":"https:\/\/www.indieofilo.com\/en"},{"@type":"ListItem","position":2,"name":"Foo Fighters &#038; Green Day, to Mad Cool Festival 2017"}]},{"@type":"WebSite","@id":"https:\/\/www.indieofilo.com\/#website","url":"https:\/\/www.indieofilo.com\/","name":"Indie\u00f3filo","description":"Magazine online de la cultura independiente","publisher":{"@id":"https:\/\/www.indieofilo.com\/#organization"},"potentialAction":[{"@type":"SearchAction","target":{"@type":"EntryPoint","urlTemplate":"https:\/\/www.indieofilo.com\/?s={search_term_string}"},"query-input":{"@type":"PropertyValueSpecification","valueRequired":true,"valueName":"search_term_string"}}],"inLanguage":"en-US"},{"@type":"Organization","@id":"https:\/\/www.indieofilo.com\/#organization","name":"Indie\u00f3filo Web","url":"https:\/\/www.indieofilo.com\/","logo":{"@type":"ImageObject","inLanguage":"en-US","@id":"https:\/\/www.indieofilo.com\/#\/schema\/logo\/image\/","url":"https:\/\/www.indieofilo.com\/wp-content\/uploads\/2015\/02\/logo-alta-resolucion.png","contentUrl":"https:\/\/www.indieofilo.com\/wp-content\/uploads\/2015\/02\/logo-alta-resolucion.png","width":544,"height":185,"caption":"Indie\u00f3filo Web"},"image":{"@id":"https:\/\/www.indieofilo.com\/#\/schema\/logo\/image\/"},"sameAs":["https:\/\/www.facebook.com\/Indieofilo\/","https:\/\/x.com\/indieofilo","https:\/\/www.instagram.com\/indieofilo\/"]},{"@type":"Person","@id":"https:\/\/www.indieofilo.com\/#\/schema\/person\/595334d38590e4ce5a09f83cbf2fca90","name":"Victor","image":{"@type":"ImageObject","inLanguage":"en-US","@id":"https:\/\/www.indieofilo.com\/#\/schema\/person\/image\/","url":"https:\/\/secure.gravatar.com\/avatar\/682b8c6ea3e94b6cffec683b25f1797d?s=96&d=mm&r=g","contentUrl":"https:\/\/secure.gravatar.com\/avatar\/682b8c6ea3e94b6cffec683b25f1797d?s=96&d=mm&r=g","caption":"Victor"},"description":"Fan\u00e1tico de la m\u00fasica desde que mis padres me pon\u00edan a Eydie Gorme y Los Panchos o el Discotuna por la A2. Intent\u00e9 tocar varios instrumentos, pero soy muy torpe con la mano izquierda, as\u00ed que ya sab\u00e9is el resultado final. Fan del britpop, Post-punk, el rugby y el baloncesto...","sameAs":["http:\/\/indieofilo.com"],"url":"https:\/\/www.indieofilo.com\/en\/author\/victor"}]}},"_links":{"self":[{"href":"https:\/\/www.indieofilo.com\/en\/wp-json\/wp\/v2\/posts\/7702","targetHints":{"allow":["GET"]}}],"collection":[{"href":"https:\/\/www.indieofilo.com\/en\/wp-json\/wp\/v2\/posts"}],"about":[{"href":"https:\/\/www.indieofilo.com\/en\/wp-json\/wp\/v2\/types\/post"}],"author":[{"embeddable":true,"href":"https:\/\/www.indieofilo.com\/en\/wp-json\/wp\/v2\/users\/1"}],"replies":[{"embeddable":true,"href":"https:\/\/www.indieofilo.com\/en\/wp-json\/wp\/v2\/comments?post=7702"}],"version-history":[{"count":0,"href":"https:\/\/www.indieofilo.com\/en\/wp-json\/wp\/v2\/posts\/7702\/revisions"}],"wp:featuredmedia":[{"embeddable":true,"href":"https:\/\/www.indieofilo.com\/en\/wp-json\/wp\/v2\/media\/20446"}],"wp:attachment":[{"href":"https:\/\/www.indieofilo.com\/en\/wp-json\/wp\/v2\/media?parent=7702"}],"wp:term":[{"taxonomy":"category","embeddable":true,"href":"https:\/\/www.indieofilo.com\/en\/wp-json\/wp\/v2\/categories?post=7702"},{"taxonomy":"post_tag","embeddable":true,"href":"https:\/\/www.indieofilo.com\/en\/wp-json\/wp\/v2\/tags?post=7702"}],"curies":[{"name":"wp","href":"https:\/\/api.w.org\/{rel}","templated":true}]}}