{"id":7686,"date":"2016-11-07T19:50:41","date_gmt":"2016-11-07T18:50:41","guid":{"rendered":"http:\/\/indieofilo.com\/?p=7686"},"modified":"2023-09-11T00:52:34","modified_gmt":"2023-09-10T22:52:34","slug":"green-day-first-headliner-for-pinkpop-2017","status":"publish","type":"post","link":"https:\/\/www.indieofilo.com\/en\/news\/green-day-first-headliner-for-pinkpop-2017","title":{"rendered":"Green Day, first headliner for Pinkpop 2017"},"content":{"rendered":"<p style=\"text-align: justify;\">\n\t<img fetchpriority=\"high\" decoding=\"async\" alt=\"Pinkpop 2017\" class=\"aligncenter size-full wp-image-7684\" height=\"366\" src=\"http:\/\/indieofilo.com\/wp-content\/uploads\/2016\/11\/pinkpop2017.jpg\" width=\"700\" srcset=\"https:\/\/www.indieofilo.com\/wp-content\/uploads\/2016\/11\/pinkpop2017.jpg 700w, https:\/\/www.indieofilo.com\/wp-content\/uploads\/2016\/11\/pinkpop2017-300x157.jpg 300w\" sizes=\"(max-width: 700px) 100vw, 700px\" \/><\/p>\n<p style=\"text-align: justify;\">\n\tAmericans <strong>Green Day<\/strong> has just confirmed on their website that will be playing at <strong>Pinkpop 2017<\/strong>. The band, that last Sunday performed at Ahoy in Rotterdam during the MTV European Music Awards and also will play January 31 at the Ziggo Dome in Amsterdam, will be one of the headliners of the most known Dutch festival, that will be held from Saturday 3 to Monday 5 June at Landgraaf (Limburg).<\/p>\n<p style=\"text-align: justify;\">\n\tTickets for the festival will be on sale next Saturday March 11th on <a href=\"http:\/\/www.ticketmaster.nl\/\" target=\"_blank\" rel=\"noopener\">Ticketmaster<\/a>, with a price to determinate yet.<\/p>\n","protected":false},"excerpt":{"rendered":"<p>Americans Green Day has just confirmed on their website that will be playing at Pinkpop 2017. The band, that last Sunday performed at Ahoy in Rotterdam during the MTV European Music Awards and also will play January 31 at the Ziggo Dome in Amsterdam, will be one of the headliners of the most known Dutch [&hellip;]<\/p>\n","protected":false},"author":1,"featured_media":20443,"comment_status":"open","ping_status":"closed","sticky":false,"template":"","format":"standard","meta":{"footnotes":""},"categories":[41,8],"tags":[5452,5282,5715],"class_list":["post-7686","post","type-post","status-publish","format-standard","has-post-thumbnail","hentry","category-live-shows","category-news","tag-green-day-en","tag-pinkpop-en","tag-pinkpop-2017-en"],"yoast_head":"<!-- This site is optimized with the Yoast SEO Premium plugin v23.9 (Yoast SEO v26.6) - https:\/\/yoast.com\/wordpress\/plugins\/seo\/ -->\n<title>Green Day, first headliner for Pinkpop 2017 - Indie\u00f3filo<\/title>\n<meta name=\"description\" content=\"Green Day has just confirmed on their website that they will be playing at Pinkpop 2017, that will be held from Saturday 3 to Monday 5 June.\" \/>\n<meta name=\"robots\" content=\"index, follow, max-snippet:-1, max-image-preview:large, max-video-preview:-1\" \/>\n<link rel=\"canonical\" href=\"https:\/\/www.indieofilo.com\/en\/news\/green-day-first-headliner-for-pinkpop-2017\" \/>\n<meta property=\"og:locale\" content=\"en_US\" \/>\n<meta property=\"og:type\" content=\"article\" \/>\n<meta property=\"og:title\" content=\"Green Day, first headliner for Pinkpop 2017\" \/>\n<meta property=\"og:description\" content=\"Green Day has just confirmed on their website that they will be playing at Pinkpop 2017, that will be held from Saturday 3 to Monday 5 June.\" \/>\n<meta property=\"og:url\" content=\"https:\/\/www.indieofilo.com\/en\/news\/green-day-first-headliner-for-pinkpop-2017\" \/>\n<meta property=\"og:site_name\" content=\"Indie\u00f3filo\" \/>\n<meta property=\"article:publisher\" content=\"https:\/\/www.facebook.com\/Indieofilo\/\" \/>\n<meta property=\"article:published_time\" content=\"2016-11-07T18:50:41+00:00\" \/>\n<meta property=\"article:modified_time\" content=\"2023-09-10T22:52:34+00:00\" \/>\n<meta property=\"og:image\" content=\"https:\/\/www.indieofilo.com\/wp-content\/uploads\/2016\/11\/pinkpop2017.jpg\" \/>\n\t<meta property=\"og:image:width\" content=\"700\" \/>\n\t<meta property=\"og:image:height\" content=\"366\" \/>\n\t<meta property=\"og:image:type\" content=\"image\/jpeg\" \/>\n<meta name=\"author\" content=\"Victor\" \/>\n<meta name=\"twitter:card\" content=\"summary_large_image\" \/>\n<meta name=\"twitter:creator\" content=\"@indieofilo\" \/>\n<meta name=\"twitter:site\" content=\"@indieofilo\" \/>\n<meta name=\"twitter:label1\" content=\"Written by\" \/>\n\t<meta name=\"twitter:data1\" content=\"Victor\" \/>\n\t<meta name=\"twitter:label2\" content=\"Est. reading time\" \/>\n\t<meta name=\"twitter:data2\" content=\"1 minute\" \/>\n<script type=\"application\/ld+json\" class=\"yoast-schema-graph\">{\"@context\":\"https:\/\/schema.org\",\"@graph\":[{\"@type\":\"Article\",\"@id\":\"https:\/\/www.indieofilo.com\/en\/news\/green-day-first-headliner-for-pinkpop-2017#article\",\"isPartOf\":{\"@id\":\"https:\/\/www.indieofilo.com\/en\/news\/green-day-first-headliner-for-pinkpop-2017\"},\"author\":{\"name\":\"Victor\",\"@id\":\"https:\/\/www.indieofilo.com\/#\/schema\/person\/595334d38590e4ce5a09f83cbf2fca90\"},\"headline\":\"Green Day, first headliner for Pinkpop 2017\",\"datePublished\":\"2016-11-07T18:50:41+00:00\",\"dateModified\":\"2023-09-10T22:52:34+00:00\",\"mainEntityOfPage\":{\"@id\":\"https:\/\/www.indieofilo.com\/en\/news\/green-day-first-headliner-for-pinkpop-2017\"},\"wordCount\":92,\"commentCount\":0,\"publisher\":{\"@id\":\"https:\/\/www.indieofilo.com\/#organization\"},\"image\":{\"@id\":\"https:\/\/www.indieofilo.com\/en\/news\/green-day-first-headliner-for-pinkpop-2017#primaryimage\"},\"thumbnailUrl\":\"https:\/\/www.indieofilo.com\/wp-content\/uploads\/2016\/11\/pinkpop2017.jpg\",\"keywords\":[\"Green Day\",\"Pinkpop\",\"Pinkpop 2017\"],\"articleSection\":[\"Live Shows\",\"News\"],\"inLanguage\":\"en-US\",\"potentialAction\":[{\"@type\":\"CommentAction\",\"name\":\"Comment\",\"target\":[\"https:\/\/www.indieofilo.com\/en\/news\/green-day-first-headliner-for-pinkpop-2017#respond\"]}]},{\"@type\":\"WebPage\",\"@id\":\"https:\/\/www.indieofilo.com\/en\/news\/green-day-first-headliner-for-pinkpop-2017\",\"url\":\"https:\/\/www.indieofilo.com\/en\/news\/green-day-first-headliner-for-pinkpop-2017\",\"name\":\"Green Day, first headliner for Pinkpop 2017 - Indie\u00f3filo\",\"isPartOf\":{\"@id\":\"https:\/\/www.indieofilo.com\/#website\"},\"primaryImageOfPage\":{\"@id\":\"https:\/\/www.indieofilo.com\/en\/news\/green-day-first-headliner-for-pinkpop-2017#primaryimage\"},\"image\":{\"@id\":\"https:\/\/www.indieofilo.com\/en\/news\/green-day-first-headliner-for-pinkpop-2017#primaryimage\"},\"thumbnailUrl\":\"https:\/\/www.indieofilo.com\/wp-content\/uploads\/2016\/11\/pinkpop2017.jpg\",\"datePublished\":\"2016-11-07T18:50:41+00:00\",\"dateModified\":\"2023-09-10T22:52:34+00:00\",\"description\":\"Green Day has just confirmed on their website that they will be playing at Pinkpop 2017, that will be held from Saturday 3 to Monday 5 June.\",\"breadcrumb\":{\"@id\":\"https:\/\/www.indieofilo.com\/en\/news\/green-day-first-headliner-for-pinkpop-2017#breadcrumb\"},\"inLanguage\":\"en-US\",\"potentialAction\":[{\"@type\":\"ReadAction\",\"target\":[\"https:\/\/www.indieofilo.com\/en\/news\/green-day-first-headliner-for-pinkpop-2017\"]}]},{\"@type\":\"ImageObject\",\"inLanguage\":\"en-US\",\"@id\":\"https:\/\/www.indieofilo.com\/en\/news\/green-day-first-headliner-for-pinkpop-2017#primaryimage\",\"url\":\"https:\/\/www.indieofilo.com\/wp-content\/uploads\/2016\/11\/pinkpop2017.jpg\",\"contentUrl\":\"https:\/\/www.indieofilo.com\/wp-content\/uploads\/2016\/11\/pinkpop2017.jpg\",\"width\":700,\"height\":366},{\"@type\":\"BreadcrumbList\",\"@id\":\"https:\/\/www.indieofilo.com\/en\/news\/green-day-first-headliner-for-pinkpop-2017#breadcrumb\",\"itemListElement\":[{\"@type\":\"ListItem\",\"position\":1,\"name\":\"Portada\",\"item\":\"https:\/\/www.indieofilo.com\/en\"},{\"@type\":\"ListItem\",\"position\":2,\"name\":\"Green Day, first headliner for Pinkpop 2017\"}]},{\"@type\":\"WebSite\",\"@id\":\"https:\/\/www.indieofilo.com\/#website\",\"url\":\"https:\/\/www.indieofilo.com\/\",\"name\":\"Indie\u00f3filo\",\"description\":\"Magazine online de la cultura independiente\",\"publisher\":{\"@id\":\"https:\/\/www.indieofilo.com\/#organization\"},\"potentialAction\":[{\"@type\":\"SearchAction\",\"target\":{\"@type\":\"EntryPoint\",\"urlTemplate\":\"https:\/\/www.indieofilo.com\/?s={search_term_string}\"},\"query-input\":{\"@type\":\"PropertyValueSpecification\",\"valueRequired\":true,\"valueName\":\"search_term_string\"}}],\"inLanguage\":\"en-US\"},{\"@type\":\"Organization\",\"@id\":\"https:\/\/www.indieofilo.com\/#organization\",\"name\":\"Indie\u00f3filo Web\",\"url\":\"https:\/\/www.indieofilo.com\/\",\"logo\":{\"@type\":\"ImageObject\",\"inLanguage\":\"en-US\",\"@id\":\"https:\/\/www.indieofilo.com\/#\/schema\/logo\/image\/\",\"url\":\"https:\/\/www.indieofilo.com\/wp-content\/uploads\/2015\/02\/logo-alta-resolucion.png\",\"contentUrl\":\"https:\/\/www.indieofilo.com\/wp-content\/uploads\/2015\/02\/logo-alta-resolucion.png\",\"width\":544,\"height\":185,\"caption\":\"Indie\u00f3filo Web\"},\"image\":{\"@id\":\"https:\/\/www.indieofilo.com\/#\/schema\/logo\/image\/\"},\"sameAs\":[\"https:\/\/www.facebook.com\/Indieofilo\/\",\"https:\/\/x.com\/indieofilo\",\"https:\/\/www.instagram.com\/indieofilo\/\"]},{\"@type\":\"Person\",\"@id\":\"https:\/\/www.indieofilo.com\/#\/schema\/person\/595334d38590e4ce5a09f83cbf2fca90\",\"name\":\"Victor\",\"image\":{\"@type\":\"ImageObject\",\"inLanguage\":\"en-US\",\"@id\":\"https:\/\/www.indieofilo.com\/#\/schema\/person\/image\/\",\"url\":\"https:\/\/secure.gravatar.com\/avatar\/682b8c6ea3e94b6cffec683b25f1797d?s=96&d=mm&r=g\",\"contentUrl\":\"https:\/\/secure.gravatar.com\/avatar\/682b8c6ea3e94b6cffec683b25f1797d?s=96&d=mm&r=g\",\"caption\":\"Victor\"},\"description\":\"Fan\u00e1tico de la m\u00fasica desde que mis padres me pon\u00edan a Eydie Gorme y Los Panchos o el Discotuna por la A2. Intent\u00e9 tocar varios instrumentos, pero soy muy torpe con la mano izquierda, as\u00ed que ya sab\u00e9is el resultado final. Fan del britpop, Post-punk, el rugby y el baloncesto...\",\"sameAs\":[\"http:\/\/indieofilo.com\"],\"url\":\"https:\/\/www.indieofilo.com\/en\/author\/victor\"}]}<\/script>\n<!-- \/ Yoast SEO Premium plugin. -->","yoast_head_json":{"title":"Green Day, first headliner for Pinkpop 2017 - Indie\u00f3filo","description":"Green Day has just confirmed on their website that they will be playing at Pinkpop 2017, that will be held from Saturday 3 to Monday 5 June.","robots":{"index":"index","follow":"follow","max-snippet":"max-snippet:-1","max-image-preview":"max-image-preview:large","max-video-preview":"max-video-preview:-1"},"canonical":"https:\/\/www.indieofilo.com\/en\/news\/green-day-first-headliner-for-pinkpop-2017","og_locale":"en_US","og_type":"article","og_title":"Green Day, first headliner for Pinkpop 2017","og_description":"Green Day has just confirmed on their website that they will be playing at Pinkpop 2017, that will be held from Saturday 3 to Monday 5 June.","og_url":"https:\/\/www.indieofilo.com\/en\/news\/green-day-first-headliner-for-pinkpop-2017","og_site_name":"Indie\u00f3filo","article_publisher":"https:\/\/www.facebook.com\/Indieofilo\/","article_published_time":"2016-11-07T18:50:41+00:00","article_modified_time":"2023-09-10T22:52:34+00:00","og_image":[{"width":700,"height":366,"url":"https:\/\/www.indieofilo.com\/wp-content\/uploads\/2016\/11\/pinkpop2017.jpg","type":"image\/jpeg"}],"author":"Victor","twitter_card":"summary_large_image","twitter_creator":"@indieofilo","twitter_site":"@indieofilo","twitter_misc":{"Written by":"Victor","Est. reading time":"1 minute"},"schema":{"@context":"https:\/\/schema.org","@graph":[{"@type":"Article","@id":"https:\/\/www.indieofilo.com\/en\/news\/green-day-first-headliner-for-pinkpop-2017#article","isPartOf":{"@id":"https:\/\/www.indieofilo.com\/en\/news\/green-day-first-headliner-for-pinkpop-2017"},"author":{"name":"Victor","@id":"https:\/\/www.indieofilo.com\/#\/schema\/person\/595334d38590e4ce5a09f83cbf2fca90"},"headline":"Green Day, first headliner for Pinkpop 2017","datePublished":"2016-11-07T18:50:41+00:00","dateModified":"2023-09-10T22:52:34+00:00","mainEntityOfPage":{"@id":"https:\/\/www.indieofilo.com\/en\/news\/green-day-first-headliner-for-pinkpop-2017"},"wordCount":92,"commentCount":0,"publisher":{"@id":"https:\/\/www.indieofilo.com\/#organization"},"image":{"@id":"https:\/\/www.indieofilo.com\/en\/news\/green-day-first-headliner-for-pinkpop-2017#primaryimage"},"thumbnailUrl":"https:\/\/www.indieofilo.com\/wp-content\/uploads\/2016\/11\/pinkpop2017.jpg","keywords":["Green Day","Pinkpop","Pinkpop 2017"],"articleSection":["Live Shows","News"],"inLanguage":"en-US","potentialAction":[{"@type":"CommentAction","name":"Comment","target":["https:\/\/www.indieofilo.com\/en\/news\/green-day-first-headliner-for-pinkpop-2017#respond"]}]},{"@type":"WebPage","@id":"https:\/\/www.indieofilo.com\/en\/news\/green-day-first-headliner-for-pinkpop-2017","url":"https:\/\/www.indieofilo.com\/en\/news\/green-day-first-headliner-for-pinkpop-2017","name":"Green Day, first headliner for Pinkpop 2017 - Indie\u00f3filo","isPartOf":{"@id":"https:\/\/www.indieofilo.com\/#website"},"primaryImageOfPage":{"@id":"https:\/\/www.indieofilo.com\/en\/news\/green-day-first-headliner-for-pinkpop-2017#primaryimage"},"image":{"@id":"https:\/\/www.indieofilo.com\/en\/news\/green-day-first-headliner-for-pinkpop-2017#primaryimage"},"thumbnailUrl":"https:\/\/www.indieofilo.com\/wp-content\/uploads\/2016\/11\/pinkpop2017.jpg","datePublished":"2016-11-07T18:50:41+00:00","dateModified":"2023-09-10T22:52:34+00:00","description":"Green Day has just confirmed on their website that they will be playing at Pinkpop 2017, that will be held from Saturday 3 to Monday 5 June.","breadcrumb":{"@id":"https:\/\/www.indieofilo.com\/en\/news\/green-day-first-headliner-for-pinkpop-2017#breadcrumb"},"inLanguage":"en-US","potentialAction":[{"@type":"ReadAction","target":["https:\/\/www.indieofilo.com\/en\/news\/green-day-first-headliner-for-pinkpop-2017"]}]},{"@type":"ImageObject","inLanguage":"en-US","@id":"https:\/\/www.indieofilo.com\/en\/news\/green-day-first-headliner-for-pinkpop-2017#primaryimage","url":"https:\/\/www.indieofilo.com\/wp-content\/uploads\/2016\/11\/pinkpop2017.jpg","contentUrl":"https:\/\/www.indieofilo.com\/wp-content\/uploads\/2016\/11\/pinkpop2017.jpg","width":700,"height":366},{"@type":"BreadcrumbList","@id":"https:\/\/www.indieofilo.com\/en\/news\/green-day-first-headliner-for-pinkpop-2017#breadcrumb","itemListElement":[{"@type":"ListItem","position":1,"name":"Portada","item":"https:\/\/www.indieofilo.com\/en"},{"@type":"ListItem","position":2,"name":"Green Day, first headliner for Pinkpop 2017"}]},{"@type":"WebSite","@id":"https:\/\/www.indieofilo.com\/#website","url":"https:\/\/www.indieofilo.com\/","name":"Indie\u00f3filo","description":"Magazine online de la cultura independiente","publisher":{"@id":"https:\/\/www.indieofilo.com\/#organization"},"potentialAction":[{"@type":"SearchAction","target":{"@type":"EntryPoint","urlTemplate":"https:\/\/www.indieofilo.com\/?s={search_term_string}"},"query-input":{"@type":"PropertyValueSpecification","valueRequired":true,"valueName":"search_term_string"}}],"inLanguage":"en-US"},{"@type":"Organization","@id":"https:\/\/www.indieofilo.com\/#organization","name":"Indie\u00f3filo Web","url":"https:\/\/www.indieofilo.com\/","logo":{"@type":"ImageObject","inLanguage":"en-US","@id":"https:\/\/www.indieofilo.com\/#\/schema\/logo\/image\/","url":"https:\/\/www.indieofilo.com\/wp-content\/uploads\/2015\/02\/logo-alta-resolucion.png","contentUrl":"https:\/\/www.indieofilo.com\/wp-content\/uploads\/2015\/02\/logo-alta-resolucion.png","width":544,"height":185,"caption":"Indie\u00f3filo Web"},"image":{"@id":"https:\/\/www.indieofilo.com\/#\/schema\/logo\/image\/"},"sameAs":["https:\/\/www.facebook.com\/Indieofilo\/","https:\/\/x.com\/indieofilo","https:\/\/www.instagram.com\/indieofilo\/"]},{"@type":"Person","@id":"https:\/\/www.indieofilo.com\/#\/schema\/person\/595334d38590e4ce5a09f83cbf2fca90","name":"Victor","image":{"@type":"ImageObject","inLanguage":"en-US","@id":"https:\/\/www.indieofilo.com\/#\/schema\/person\/image\/","url":"https:\/\/secure.gravatar.com\/avatar\/682b8c6ea3e94b6cffec683b25f1797d?s=96&d=mm&r=g","contentUrl":"https:\/\/secure.gravatar.com\/avatar\/682b8c6ea3e94b6cffec683b25f1797d?s=96&d=mm&r=g","caption":"Victor"},"description":"Fan\u00e1tico de la m\u00fasica desde que mis padres me pon\u00edan a Eydie Gorme y Los Panchos o el Discotuna por la A2. Intent\u00e9 tocar varios instrumentos, pero soy muy torpe con la mano izquierda, as\u00ed que ya sab\u00e9is el resultado final. Fan del britpop, Post-punk, el rugby y el baloncesto...","sameAs":["http:\/\/indieofilo.com"],"url":"https:\/\/www.indieofilo.com\/en\/author\/victor"}]}},"_links":{"self":[{"href":"https:\/\/www.indieofilo.com\/en\/wp-json\/wp\/v2\/posts\/7686","targetHints":{"allow":["GET"]}}],"collection":[{"href":"https:\/\/www.indieofilo.com\/en\/wp-json\/wp\/v2\/posts"}],"about":[{"href":"https:\/\/www.indieofilo.com\/en\/wp-json\/wp\/v2\/types\/post"}],"author":[{"embeddable":true,"href":"https:\/\/www.indieofilo.com\/en\/wp-json\/wp\/v2\/users\/1"}],"replies":[{"embeddable":true,"href":"https:\/\/www.indieofilo.com\/en\/wp-json\/wp\/v2\/comments?post=7686"}],"version-history":[{"count":0,"href":"https:\/\/www.indieofilo.com\/en\/wp-json\/wp\/v2\/posts\/7686\/revisions"}],"wp:featuredmedia":[{"embeddable":true,"href":"https:\/\/www.indieofilo.com\/en\/wp-json\/wp\/v2\/media\/20443"}],"wp:attachment":[{"href":"https:\/\/www.indieofilo.com\/en\/wp-json\/wp\/v2\/media?parent=7686"}],"wp:term":[{"taxonomy":"category","embeddable":true,"href":"https:\/\/www.indieofilo.com\/en\/wp-json\/wp\/v2\/categories?post=7686"},{"taxonomy":"post_tag","embeddable":true,"href":"https:\/\/www.indieofilo.com\/en\/wp-json\/wp\/v2\/tags?post=7686"}],"curies":[{"name":"wp","href":"https:\/\/api.w.org\/{rel}","templated":true}]}}