{"id":7658,"date":"2016-07-06T17:53:32","date_gmt":"2016-07-06T15:53:32","guid":{"rendered":"http:\/\/indieofilo.com\/?p=7658"},"modified":"2023-09-18T23:50:36","modified_gmt":"2023-09-18T21:50:36","slug":"pixies-announces-new-album-and-concert-in-barcelona","status":"publish","type":"post","link":"https:\/\/www.indieofilo.com\/en\/news\/pixies-announces-new-album-and-concert-in-barcelona","title":{"rendered":"Pixies announces new album and a concert in Barcelona"},"content":{"rendered":"<p style=\"text-align: justify;\">\n\t<img fetchpriority=\"high\" decoding=\"async\" alt=\"Pixies 2016\" class=\"aligncenter size-full wp-image-7654\" height=\"533\" src=\"http:\/\/indieofilo.com\/wp-content\/uploads\/2016\/07\/pixies-2016.jpg\" width=\"800\" srcset=\"https:\/\/www.indieofilo.com\/wp-content\/uploads\/2016\/07\/pixies-2016.jpg 800w, https:\/\/www.indieofilo.com\/wp-content\/uploads\/2016\/07\/pixies-2016-300x200.jpg 300w, https:\/\/www.indieofilo.com\/wp-content\/uploads\/2016\/07\/pixies-2016-768x512.jpg 768w\" sizes=\"(max-width: 800px) 100vw, 800px\" \/><\/p>\n<p style=\"text-align: justify;\">\n\tThe American band <strong>Pixies<\/strong> just announced that their next album will be called <em>Head Carrier<\/em> and they will perform a concert at Sant Jordi Club in Barcelona on November 20th. Which will be the sixth album of their career, will be the first of <strong>Paz Lenchantin<\/strong> as a member with&nbsp;full rightsof the band, as announced by the group in the press release, will be released on the 30th of September, and also has already the first advance single, the accelerated &quot;<em>Um Chagga Lagga<\/em>&quot;. Meanwhile, tickets for the show in Barcelona will come out on exclusive presale on the <a href=\"http:\/\/www.livenation.es\" target=\"_blank\" rel=\"noopener\">website of LiveNation<\/a> for registered users from Thursday July 7th to 10:00h, while other people can buy them from Friday 8 July at 10:00h.<\/p>\n<p>\tUpdate October 6th: Here&#39;s the official video of &quot;Um Chagga Lagga&quot;.<\/p>\n<p style=\"text-align: center;\">\n<div class=\"epyt-video-wrapper\"><iframe  style=\"display: block; margin: 0px auto;\"  id=\"_ytid_76025\"  width=\"480\" height=\"270\"  data-origwidth=\"480\" data-origheight=\"270\" src=\"https:\/\/www.youtube.com\/embed\/wCFPpnHFTts<\/p>\n<p>?enablejsapi=1&#038;autoplay=0&#038;cc_load_policy=0&#038;cc_lang_pref=&#038;iv_load_policy=3&#038;loop=0&#038;rel=1&#038;fs=1&#038;playsinline=0&#038;autohide=2&#038;theme=dark&#038;color=red&#038;controls=1&#038;disablekb=0&#038;&#8221; class=&#8221;__youtube_prefs__  epyt-is-override  no-lazyload&#8221; title=&#8221;YouTube player&#8221;  allow=&#8221;fullscreen; accelerometer; autoplay; clipboard-write; encrypted-media; gyroscope; picture-in-picture; web-share&#8221; referrerpolicy=&#8221;strict-origin-when-cross-origin&#8221; allowfullscreen data-no-lazy=&#8221;1&#8243; data-skipgform_ajax_framebjll=&#8221;&#8221;><\/iframe><\/div>\n","protected":false},"excerpt":{"rendered":"<p>The American band Pixies just announced that their next album will be called Head Carrier and they will perform a concert at Sant Jordi Club in Barcelona on November 20th. Which will be the sixth album of their career, will be the first of Paz Lenchantin as a member with&nbsp;full rightsof the band, as announced [&hellip;]<\/p>\n","protected":false},"author":1,"featured_media":7654,"comment_status":"open","ping_status":"closed","sticky":false,"template":"","format":"standard","meta":{"footnotes":""},"categories":[41,42,8],"tags":[4961,4985],"class_list":["post-7658","post","type-post","status-publish","format-standard","has-post-thumbnail","hentry","category-live-shows","category-music","category-news","tag-barcelona-en","tag-pixies-en"],"yoast_head":"<!-- This site is optimized with the Yoast SEO Premium plugin v23.9 (Yoast SEO v26.6) - https:\/\/yoast.com\/wordpress\/plugins\/seo\/ -->\n<title>Pixies announces new album and a concert in Barcelona - Indie\u00f3filo<\/title>\n<meta name=\"description\" content=\"Pixies just announced that their next album will be called Head Carrier and they will perform a concert at Sant Jordi Club in Barcelona on November 20th.\" \/>\n<meta name=\"robots\" content=\"index, follow, max-snippet:-1, max-image-preview:large, max-video-preview:-1\" \/>\n<link rel=\"canonical\" href=\"https:\/\/www.indieofilo.com\/en\/news\/pixies-announces-new-album-and-concert-in-barcelona\" \/>\n<meta property=\"og:locale\" content=\"en_US\" \/>\n<meta property=\"og:type\" content=\"article\" \/>\n<meta property=\"og:title\" content=\"Pixies announces new album and a concert in Barcelona\" \/>\n<meta property=\"og:description\" content=\"Pixies just announced that their next album will be called Head Carrier and they will perform a concert at Sant Jordi Club in Barcelona on November 20th.\" \/>\n<meta property=\"og:url\" content=\"https:\/\/www.indieofilo.com\/en\/news\/pixies-announces-new-album-and-concert-in-barcelona\" \/>\n<meta property=\"og:site_name\" content=\"Indie\u00f3filo\" \/>\n<meta property=\"article:publisher\" content=\"https:\/\/www.facebook.com\/Indieofilo\/\" \/>\n<meta property=\"article:published_time\" content=\"2016-07-06T15:53:32+00:00\" \/>\n<meta property=\"article:modified_time\" content=\"2023-09-18T21:50:36+00:00\" \/>\n<meta property=\"og:image\" content=\"https:\/\/www.indieofilo.com\/wp-content\/uploads\/2016\/07\/pixies-2016.jpg\" \/>\n\t<meta property=\"og:image:width\" content=\"800\" \/>\n\t<meta property=\"og:image:height\" content=\"533\" \/>\n\t<meta property=\"og:image:type\" content=\"image\/jpeg\" \/>\n<meta name=\"author\" content=\"Victor\" \/>\n<meta name=\"twitter:card\" content=\"summary_large_image\" \/>\n<meta name=\"twitter:creator\" content=\"@indieofilo\" \/>\n<meta name=\"twitter:site\" content=\"@indieofilo\" \/>\n<meta name=\"twitter:label1\" content=\"Written by\" \/>\n\t<meta name=\"twitter:data1\" content=\"Victor\" \/>\n\t<meta name=\"twitter:label2\" content=\"Est. reading time\" \/>\n\t<meta name=\"twitter:data2\" content=\"1 minute\" \/>\n<script type=\"application\/ld+json\" class=\"yoast-schema-graph\">{\"@context\":\"https:\/\/schema.org\",\"@graph\":[{\"@type\":\"Article\",\"@id\":\"https:\/\/www.indieofilo.com\/en\/news\/pixies-announces-new-album-and-concert-in-barcelona#article\",\"isPartOf\":{\"@id\":\"https:\/\/www.indieofilo.com\/en\/news\/pixies-announces-new-album-and-concert-in-barcelona\"},\"author\":{\"name\":\"Victor\",\"@id\":\"https:\/\/www.indieofilo.com\/#\/schema\/person\/595334d38590e4ce5a09f83cbf2fca90\"},\"headline\":\"Pixies announces new album and a concert in Barcelona\",\"datePublished\":\"2016-07-06T15:53:32+00:00\",\"dateModified\":\"2023-09-18T21:50:36+00:00\",\"mainEntityOfPage\":{\"@id\":\"https:\/\/www.indieofilo.com\/en\/news\/pixies-announces-new-album-and-concert-in-barcelona\"},\"wordCount\":155,\"commentCount\":0,\"publisher\":{\"@id\":\"https:\/\/www.indieofilo.com\/#organization\"},\"image\":{\"@id\":\"https:\/\/www.indieofilo.com\/en\/news\/pixies-announces-new-album-and-concert-in-barcelona#primaryimage\"},\"thumbnailUrl\":\"https:\/\/www.indieofilo.com\/wp-content\/uploads\/2016\/07\/pixies-2016.jpg\",\"keywords\":[\"Barcelona\",\"Pixies\"],\"articleSection\":[\"Live Shows\",\"Music\",\"News\"],\"inLanguage\":\"en-US\",\"potentialAction\":[{\"@type\":\"CommentAction\",\"name\":\"Comment\",\"target\":[\"https:\/\/www.indieofilo.com\/en\/news\/pixies-announces-new-album-and-concert-in-barcelona#respond\"]}]},{\"@type\":\"WebPage\",\"@id\":\"https:\/\/www.indieofilo.com\/en\/news\/pixies-announces-new-album-and-concert-in-barcelona\",\"url\":\"https:\/\/www.indieofilo.com\/en\/news\/pixies-announces-new-album-and-concert-in-barcelona\",\"name\":\"Pixies announces new album and a concert in Barcelona - Indie\u00f3filo\",\"isPartOf\":{\"@id\":\"https:\/\/www.indieofilo.com\/#website\"},\"primaryImageOfPage\":{\"@id\":\"https:\/\/www.indieofilo.com\/en\/news\/pixies-announces-new-album-and-concert-in-barcelona#primaryimage\"},\"image\":{\"@id\":\"https:\/\/www.indieofilo.com\/en\/news\/pixies-announces-new-album-and-concert-in-barcelona#primaryimage\"},\"thumbnailUrl\":\"https:\/\/www.indieofilo.com\/wp-content\/uploads\/2016\/07\/pixies-2016.jpg\",\"datePublished\":\"2016-07-06T15:53:32+00:00\",\"dateModified\":\"2023-09-18T21:50:36+00:00\",\"description\":\"Pixies just announced that their next album will be called Head Carrier and they will perform a concert at Sant Jordi Club in Barcelona on November 20th.\",\"breadcrumb\":{\"@id\":\"https:\/\/www.indieofilo.com\/en\/news\/pixies-announces-new-album-and-concert-in-barcelona#breadcrumb\"},\"inLanguage\":\"en-US\",\"potentialAction\":[{\"@type\":\"ReadAction\",\"target\":[\"https:\/\/www.indieofilo.com\/en\/news\/pixies-announces-new-album-and-concert-in-barcelona\"]}]},{\"@type\":\"ImageObject\",\"inLanguage\":\"en-US\",\"@id\":\"https:\/\/www.indieofilo.com\/en\/news\/pixies-announces-new-album-and-concert-in-barcelona#primaryimage\",\"url\":\"https:\/\/www.indieofilo.com\/wp-content\/uploads\/2016\/07\/pixies-2016.jpg\",\"contentUrl\":\"https:\/\/www.indieofilo.com\/wp-content\/uploads\/2016\/07\/pixies-2016.jpg\",\"width\":800,\"height\":533,\"caption\":\"Pixies 2016\"},{\"@type\":\"BreadcrumbList\",\"@id\":\"https:\/\/www.indieofilo.com\/en\/news\/pixies-announces-new-album-and-concert-in-barcelona#breadcrumb\",\"itemListElement\":[{\"@type\":\"ListItem\",\"position\":1,\"name\":\"Portada\",\"item\":\"https:\/\/www.indieofilo.com\/en\"},{\"@type\":\"ListItem\",\"position\":2,\"name\":\"Pixies announces new album and a concert in Barcelona\"}]},{\"@type\":\"WebSite\",\"@id\":\"https:\/\/www.indieofilo.com\/#website\",\"url\":\"https:\/\/www.indieofilo.com\/\",\"name\":\"Indie\u00f3filo\",\"description\":\"Magazine online de la cultura independiente\",\"publisher\":{\"@id\":\"https:\/\/www.indieofilo.com\/#organization\"},\"potentialAction\":[{\"@type\":\"SearchAction\",\"target\":{\"@type\":\"EntryPoint\",\"urlTemplate\":\"https:\/\/www.indieofilo.com\/?s={search_term_string}\"},\"query-input\":{\"@type\":\"PropertyValueSpecification\",\"valueRequired\":true,\"valueName\":\"search_term_string\"}}],\"inLanguage\":\"en-US\"},{\"@type\":\"Organization\",\"@id\":\"https:\/\/www.indieofilo.com\/#organization\",\"name\":\"Indie\u00f3filo Web\",\"url\":\"https:\/\/www.indieofilo.com\/\",\"logo\":{\"@type\":\"ImageObject\",\"inLanguage\":\"en-US\",\"@id\":\"https:\/\/www.indieofilo.com\/#\/schema\/logo\/image\/\",\"url\":\"https:\/\/www.indieofilo.com\/wp-content\/uploads\/2015\/02\/logo-alta-resolucion.png\",\"contentUrl\":\"https:\/\/www.indieofilo.com\/wp-content\/uploads\/2015\/02\/logo-alta-resolucion.png\",\"width\":544,\"height\":185,\"caption\":\"Indie\u00f3filo Web\"},\"image\":{\"@id\":\"https:\/\/www.indieofilo.com\/#\/schema\/logo\/image\/\"},\"sameAs\":[\"https:\/\/www.facebook.com\/Indieofilo\/\",\"https:\/\/x.com\/indieofilo\",\"https:\/\/www.instagram.com\/indieofilo\/\"]},{\"@type\":\"Person\",\"@id\":\"https:\/\/www.indieofilo.com\/#\/schema\/person\/595334d38590e4ce5a09f83cbf2fca90\",\"name\":\"Victor\",\"image\":{\"@type\":\"ImageObject\",\"inLanguage\":\"en-US\",\"@id\":\"https:\/\/www.indieofilo.com\/#\/schema\/person\/image\/\",\"url\":\"https:\/\/secure.gravatar.com\/avatar\/682b8c6ea3e94b6cffec683b25f1797d?s=96&d=mm&r=g\",\"contentUrl\":\"https:\/\/secure.gravatar.com\/avatar\/682b8c6ea3e94b6cffec683b25f1797d?s=96&d=mm&r=g\",\"caption\":\"Victor\"},\"description\":\"Fan\u00e1tico de la m\u00fasica desde que mis padres me pon\u00edan a Eydie Gorme y Los Panchos o el Discotuna por la A2. Intent\u00e9 tocar varios instrumentos, pero soy muy torpe con la mano izquierda, as\u00ed que ya sab\u00e9is el resultado final. Fan del britpop, Post-punk, el rugby y el baloncesto...\",\"sameAs\":[\"http:\/\/indieofilo.com\"],\"url\":\"https:\/\/www.indieofilo.com\/en\/author\/victor\"}]}<\/script>\n<!-- \/ Yoast SEO Premium plugin. -->","yoast_head_json":{"title":"Pixies announces new album and a concert in Barcelona - Indie\u00f3filo","description":"Pixies just announced that their next album will be called Head Carrier and they will perform a concert at Sant Jordi Club in Barcelona on November 20th.","robots":{"index":"index","follow":"follow","max-snippet":"max-snippet:-1","max-image-preview":"max-image-preview:large","max-video-preview":"max-video-preview:-1"},"canonical":"https:\/\/www.indieofilo.com\/en\/news\/pixies-announces-new-album-and-concert-in-barcelona","og_locale":"en_US","og_type":"article","og_title":"Pixies announces new album and a concert in Barcelona","og_description":"Pixies just announced that their next album will be called Head Carrier and they will perform a concert at Sant Jordi Club in Barcelona on November 20th.","og_url":"https:\/\/www.indieofilo.com\/en\/news\/pixies-announces-new-album-and-concert-in-barcelona","og_site_name":"Indie\u00f3filo","article_publisher":"https:\/\/www.facebook.com\/Indieofilo\/","article_published_time":"2016-07-06T15:53:32+00:00","article_modified_time":"2023-09-18T21:50:36+00:00","og_image":[{"width":800,"height":533,"url":"https:\/\/www.indieofilo.com\/wp-content\/uploads\/2016\/07\/pixies-2016.jpg","type":"image\/jpeg"}],"author":"Victor","twitter_card":"summary_large_image","twitter_creator":"@indieofilo","twitter_site":"@indieofilo","twitter_misc":{"Written by":"Victor","Est. reading time":"1 minute"},"schema":{"@context":"https:\/\/schema.org","@graph":[{"@type":"Article","@id":"https:\/\/www.indieofilo.com\/en\/news\/pixies-announces-new-album-and-concert-in-barcelona#article","isPartOf":{"@id":"https:\/\/www.indieofilo.com\/en\/news\/pixies-announces-new-album-and-concert-in-barcelona"},"author":{"name":"Victor","@id":"https:\/\/www.indieofilo.com\/#\/schema\/person\/595334d38590e4ce5a09f83cbf2fca90"},"headline":"Pixies announces new album and a concert in Barcelona","datePublished":"2016-07-06T15:53:32+00:00","dateModified":"2023-09-18T21:50:36+00:00","mainEntityOfPage":{"@id":"https:\/\/www.indieofilo.com\/en\/news\/pixies-announces-new-album-and-concert-in-barcelona"},"wordCount":155,"commentCount":0,"publisher":{"@id":"https:\/\/www.indieofilo.com\/#organization"},"image":{"@id":"https:\/\/www.indieofilo.com\/en\/news\/pixies-announces-new-album-and-concert-in-barcelona#primaryimage"},"thumbnailUrl":"https:\/\/www.indieofilo.com\/wp-content\/uploads\/2016\/07\/pixies-2016.jpg","keywords":["Barcelona","Pixies"],"articleSection":["Live Shows","Music","News"],"inLanguage":"en-US","potentialAction":[{"@type":"CommentAction","name":"Comment","target":["https:\/\/www.indieofilo.com\/en\/news\/pixies-announces-new-album-and-concert-in-barcelona#respond"]}]},{"@type":"WebPage","@id":"https:\/\/www.indieofilo.com\/en\/news\/pixies-announces-new-album-and-concert-in-barcelona","url":"https:\/\/www.indieofilo.com\/en\/news\/pixies-announces-new-album-and-concert-in-barcelona","name":"Pixies announces new album and a concert in Barcelona - Indie\u00f3filo","isPartOf":{"@id":"https:\/\/www.indieofilo.com\/#website"},"primaryImageOfPage":{"@id":"https:\/\/www.indieofilo.com\/en\/news\/pixies-announces-new-album-and-concert-in-barcelona#primaryimage"},"image":{"@id":"https:\/\/www.indieofilo.com\/en\/news\/pixies-announces-new-album-and-concert-in-barcelona#primaryimage"},"thumbnailUrl":"https:\/\/www.indieofilo.com\/wp-content\/uploads\/2016\/07\/pixies-2016.jpg","datePublished":"2016-07-06T15:53:32+00:00","dateModified":"2023-09-18T21:50:36+00:00","description":"Pixies just announced that their next album will be called Head Carrier and they will perform a concert at Sant Jordi Club in Barcelona on November 20th.","breadcrumb":{"@id":"https:\/\/www.indieofilo.com\/en\/news\/pixies-announces-new-album-and-concert-in-barcelona#breadcrumb"},"inLanguage":"en-US","potentialAction":[{"@type":"ReadAction","target":["https:\/\/www.indieofilo.com\/en\/news\/pixies-announces-new-album-and-concert-in-barcelona"]}]},{"@type":"ImageObject","inLanguage":"en-US","@id":"https:\/\/www.indieofilo.com\/en\/news\/pixies-announces-new-album-and-concert-in-barcelona#primaryimage","url":"https:\/\/www.indieofilo.com\/wp-content\/uploads\/2016\/07\/pixies-2016.jpg","contentUrl":"https:\/\/www.indieofilo.com\/wp-content\/uploads\/2016\/07\/pixies-2016.jpg","width":800,"height":533,"caption":"Pixies 2016"},{"@type":"BreadcrumbList","@id":"https:\/\/www.indieofilo.com\/en\/news\/pixies-announces-new-album-and-concert-in-barcelona#breadcrumb","itemListElement":[{"@type":"ListItem","position":1,"name":"Portada","item":"https:\/\/www.indieofilo.com\/en"},{"@type":"ListItem","position":2,"name":"Pixies announces new album and a concert in Barcelona"}]},{"@type":"WebSite","@id":"https:\/\/www.indieofilo.com\/#website","url":"https:\/\/www.indieofilo.com\/","name":"Indie\u00f3filo","description":"Magazine online de la cultura independiente","publisher":{"@id":"https:\/\/www.indieofilo.com\/#organization"},"potentialAction":[{"@type":"SearchAction","target":{"@type":"EntryPoint","urlTemplate":"https:\/\/www.indieofilo.com\/?s={search_term_string}"},"query-input":{"@type":"PropertyValueSpecification","valueRequired":true,"valueName":"search_term_string"}}],"inLanguage":"en-US"},{"@type":"Organization","@id":"https:\/\/www.indieofilo.com\/#organization","name":"Indie\u00f3filo Web","url":"https:\/\/www.indieofilo.com\/","logo":{"@type":"ImageObject","inLanguage":"en-US","@id":"https:\/\/www.indieofilo.com\/#\/schema\/logo\/image\/","url":"https:\/\/www.indieofilo.com\/wp-content\/uploads\/2015\/02\/logo-alta-resolucion.png","contentUrl":"https:\/\/www.indieofilo.com\/wp-content\/uploads\/2015\/02\/logo-alta-resolucion.png","width":544,"height":185,"caption":"Indie\u00f3filo Web"},"image":{"@id":"https:\/\/www.indieofilo.com\/#\/schema\/logo\/image\/"},"sameAs":["https:\/\/www.facebook.com\/Indieofilo\/","https:\/\/x.com\/indieofilo","https:\/\/www.instagram.com\/indieofilo\/"]},{"@type":"Person","@id":"https:\/\/www.indieofilo.com\/#\/schema\/person\/595334d38590e4ce5a09f83cbf2fca90","name":"Victor","image":{"@type":"ImageObject","inLanguage":"en-US","@id":"https:\/\/www.indieofilo.com\/#\/schema\/person\/image\/","url":"https:\/\/secure.gravatar.com\/avatar\/682b8c6ea3e94b6cffec683b25f1797d?s=96&d=mm&r=g","contentUrl":"https:\/\/secure.gravatar.com\/avatar\/682b8c6ea3e94b6cffec683b25f1797d?s=96&d=mm&r=g","caption":"Victor"},"description":"Fan\u00e1tico de la m\u00fasica desde que mis padres me pon\u00edan a Eydie Gorme y Los Panchos o el Discotuna por la A2. Intent\u00e9 tocar varios instrumentos, pero soy muy torpe con la mano izquierda, as\u00ed que ya sab\u00e9is el resultado final. Fan del britpop, Post-punk, el rugby y el baloncesto...","sameAs":["http:\/\/indieofilo.com"],"url":"https:\/\/www.indieofilo.com\/en\/author\/victor"}]}},"_links":{"self":[{"href":"https:\/\/www.indieofilo.com\/en\/wp-json\/wp\/v2\/posts\/7658","targetHints":{"allow":["GET"]}}],"collection":[{"href":"https:\/\/www.indieofilo.com\/en\/wp-json\/wp\/v2\/posts"}],"about":[{"href":"https:\/\/www.indieofilo.com\/en\/wp-json\/wp\/v2\/types\/post"}],"author":[{"embeddable":true,"href":"https:\/\/www.indieofilo.com\/en\/wp-json\/wp\/v2\/users\/1"}],"replies":[{"embeddable":true,"href":"https:\/\/www.indieofilo.com\/en\/wp-json\/wp\/v2\/comments?post=7658"}],"version-history":[{"count":0,"href":"https:\/\/www.indieofilo.com\/en\/wp-json\/wp\/v2\/posts\/7658\/revisions"}],"wp:featuredmedia":[{"embeddable":true,"href":"https:\/\/www.indieofilo.com\/en\/wp-json\/wp\/v2\/media\/7654"}],"wp:attachment":[{"href":"https:\/\/www.indieofilo.com\/en\/wp-json\/wp\/v2\/media?parent=7658"}],"wp:term":[{"taxonomy":"category","embeddable":true,"href":"https:\/\/www.indieofilo.com\/en\/wp-json\/wp\/v2\/categories?post=7658"},{"taxonomy":"post_tag","embeddable":true,"href":"https:\/\/www.indieofilo.com\/en\/wp-json\/wp\/v2\/tags?post=7658"}],"curies":[{"name":"wp","href":"https:\/\/api.w.org\/{rel}","templated":true}]}}