{"id":7402,"date":"2016-08-04T19:32:48","date_gmt":"2016-08-04T17:32:48","guid":{"rendered":"http:\/\/indieofilo.com\/?p=7402"},"modified":"2023-09-12T07:48:50","modified_gmt":"2023-09-12T05:48:50","slug":"arenal-sound-2016-livestream","status":"publish","type":"post","link":"https:\/\/www.indieofilo.com\/en\/news\/streaming-en\/arenal-sound-2016-livestream","title":{"rendered":"Arenal Sound 2016 livestream"},"content":{"rendered":"<p style=\"text-align: justify;\">\n\tIf you are one of these guys that it was impossible for you to go to <strong>Arenal Sound 2016<\/strong>, don&#39;t worry.. As in the last two years,&nbsp;Arenal Sound&nbsp;is going to broadcast some of theirs shows on&nbsp;streaming thanks to Dailymotion platform. Organisation has not confirmed yet which concerts will be broadcast every day of the festival, confirming the livestream schedule just every afternoon, so we recommend you to visit this article every day to be update. Also, our profiles on Social Networks like facebook or twitter will be updated with the info as soon as we&#39;ll receive it!.<\/p>\n<p style=\"text-align: center;\">\n\t<iframe allowfullscreen=\"allowfullscreen\" frameborder=\"0\" height=\"320\" src=\"\/\/www.dailymotion.com\/embed\/video\/x4mx30l\" width=\"100%\"><\/iframe><\/p>\n<p style=\"text-align: center;\">\n\t<u><strong>Domingo 07&nbsp;de agosto<\/strong><\/u><\/p>\n<p style=\"text-align: center;\">\n\tFull:19:30-20:30h<\/p>\n<p style=\"text-align: center;\">\n\tIzal: 20:30-22:00h<\/p>\n<p style=\"text-align: center;\">\n\tCarlos Sadness: 22:00-23:30h<\/p>\n<p style=\"text-align: center;\">\n\tRayden: 00:45-02:00h<\/p>\n<p style=\"text-align: center;\">\n\tSteve Aoki: 04:30-06:00h<\/p>\n<p style=\"text-align: center;\">\n\t<u><strong>Saturday 06th August<\/strong><\/u><\/p>\n<p style=\"text-align: center;\">\n\tBelize:18:40-20:00h<\/p>\n<p style=\"text-align: center;\">\n\tMiss Cafeina: 20:00-21:15h<\/p>\n<p style=\"text-align: center;\">\n\tSecond: 21:15-22:30h<\/p>\n<p style=\"text-align: center;\">\n\tI&#39;m From Barcelona: 23:45-00:45h<\/p>\n<p style=\"text-align: center;\">\n\tSecret Show: 02:05-03:00h<\/p>\n<p style=\"text-align: center;\">\n\t<u><strong>Friday 05th&nbsp;August<\/strong><\/u><\/p>\n<p style=\"text-align: center;\">\n\tPerro: 18:40-19:45h<\/p>\n<p style=\"text-align: center;\">\n\tL.A.: 21:00-22:15h<\/p>\n<p style=\"text-align: center;\">\n\tHigh Tyde: 23:30-00:15h<\/p>\n<p style=\"text-align: center;\">\n\tVarry Brava: 01:30-02:15h<\/p>\n<p style=\"text-align: center;\">\n\tMiami Horror: 03:30-04:30h<\/p>\n<p style=\"text-align: center;\">\n\t<u><strong>Thursday 04th August<\/strong><\/u><\/p>\n<p style=\"text-align: center;\">\n\tMiguel Campello: 18:40-19:45h<\/p>\n<p style=\"text-align: center;\">\n\tLa Ra&iacute;z: 19:45-21:15h<\/p>\n<p style=\"text-align: center;\">\n\tLove of Lesbian: 22:30-00:00h<\/p>\n<p style=\"text-align: center;\">\n\tAll Tvvins: 00:00-00:45h<\/p>\n<p style=\"text-align: center;\">\n\tYall: 02:00-02:45h<\/p>\n<p style=\"text-align: center;\">\n\tVitalic: 02:45-04:00h<\/p>\n","protected":false},"excerpt":{"rendered":"<p>If you are one of these guys that it was impossible for you to go to Arenal Sound 2016, don&#39;t worry.. As in the last two years,&nbsp;Arenal Sound&nbsp;is going to broadcast some of theirs shows on&nbsp;streaming thanks to Dailymotion platform. Organisation has not confirmed yet which concerts will be broadcast every day of the festival, [&hellip;]<\/p>\n","protected":false},"author":1,"featured_media":7404,"comment_status":"open","ping_status":"closed","sticky":false,"template":"","format":"standard","meta":{"footnotes":""},"categories":[8,20],"tags":[5672,5766],"class_list":["post-7402","post","type-post","status-publish","format-standard","has-post-thumbnail","hentry","category-news","category-streaming-en","tag-arenal-sound-en","tag-arenal-sound-2016-en"],"yoast_head":"<!-- This site is optimized with the Yoast SEO Premium plugin v23.9 (Yoast SEO v26.6) - https:\/\/yoast.com\/wordpress\/plugins\/seo\/ -->\n<title>Arenal Sound 2016 livestream - Indie\u00f3filo<\/title>\n<meta name=\"description\" content=\"Enjoy here during four days the best shows of Spanish festival Arenal Sound 2016 on livestream!\" \/>\n<meta name=\"robots\" content=\"index, follow, max-snippet:-1, max-image-preview:large, max-video-preview:-1\" \/>\n<link rel=\"canonical\" href=\"https:\/\/www.indieofilo.com\/en\/news\/arenal-sound-2016-livestream\" \/>\n<meta property=\"og:locale\" content=\"en_US\" \/>\n<meta property=\"og:type\" content=\"article\" \/>\n<meta property=\"og:title\" content=\"Arenal Sound 2016 livestream\" \/>\n<meta property=\"og:description\" content=\"Enjoy here during four days the best shows of Spanish festival Arenal Sound 2016 on livestream!\" \/>\n<meta property=\"og:url\" content=\"https:\/\/www.indieofilo.com\/en\/news\/arenal-sound-2016-livestream\" \/>\n<meta property=\"og:site_name\" content=\"Indie\u00f3filo\" \/>\n<meta property=\"article:publisher\" content=\"https:\/\/www.facebook.com\/Indieofilo\/\" \/>\n<meta property=\"article:published_time\" content=\"2016-08-04T17:32:48+00:00\" \/>\n<meta property=\"article:modified_time\" content=\"2023-09-12T05:48:50+00:00\" \/>\n<meta property=\"og:image\" content=\"https:\/\/www.indieofilo.com\/wp-content\/uploads\/2016\/08\/arenal-sound-2016-livestream-1.jpg\" \/>\n\t<meta property=\"og:image:width\" content=\"1920\" \/>\n\t<meta property=\"og:image:height\" content=\"1080\" \/>\n\t<meta property=\"og:image:type\" content=\"image\/jpeg\" \/>\n<meta name=\"author\" content=\"Victor\" \/>\n<meta name=\"twitter:card\" content=\"summary_large_image\" \/>\n<meta name=\"twitter:creator\" content=\"@indieofilo\" \/>\n<meta name=\"twitter:site\" content=\"@indieofilo\" \/>\n<meta name=\"twitter:label1\" content=\"Written by\" \/>\n\t<meta name=\"twitter:data1\" content=\"Victor\" \/>\n\t<meta name=\"twitter:label2\" content=\"Est. reading time\" \/>\n\t<meta name=\"twitter:data2\" content=\"1 minute\" \/>\n<script type=\"application\/ld+json\" class=\"yoast-schema-graph\">{\"@context\":\"https:\/\/schema.org\",\"@graph\":[{\"@type\":\"Article\",\"@id\":\"https:\/\/www.indieofilo.com\/en\/news\/arenal-sound-2016-livestream#article\",\"isPartOf\":{\"@id\":\"https:\/\/www.indieofilo.com\/en\/news\/arenal-sound-2016-livestream\"},\"author\":{\"name\":\"Victor\",\"@id\":\"https:\/\/www.indieofilo.com\/#\/schema\/person\/595334d38590e4ce5a09f83cbf2fca90\"},\"headline\":\"Arenal Sound 2016 livestream\",\"datePublished\":\"2016-08-04T17:32:48+00:00\",\"dateModified\":\"2023-09-12T05:48:50+00:00\",\"mainEntityOfPage\":{\"@id\":\"https:\/\/www.indieofilo.com\/en\/news\/arenal-sound-2016-livestream\"},\"wordCount\":202,\"commentCount\":0,\"publisher\":{\"@id\":\"https:\/\/www.indieofilo.com\/#organization\"},\"image\":{\"@id\":\"https:\/\/www.indieofilo.com\/en\/news\/arenal-sound-2016-livestream#primaryimage\"},\"thumbnailUrl\":\"https:\/\/www.indieofilo.com\/wp-content\/uploads\/2016\/08\/arenal-sound-2016-livestream-1.jpg\",\"keywords\":[\"Arenal Sound\",\"Arenal Sound 2016\"],\"articleSection\":[\"News\",\"Streaming\"],\"inLanguage\":\"en-US\",\"potentialAction\":[{\"@type\":\"CommentAction\",\"name\":\"Comment\",\"target\":[\"https:\/\/www.indieofilo.com\/en\/news\/arenal-sound-2016-livestream#respond\"]}]},{\"@type\":\"WebPage\",\"@id\":\"https:\/\/www.indieofilo.com\/en\/news\/arenal-sound-2016-livestream\",\"url\":\"https:\/\/www.indieofilo.com\/en\/news\/arenal-sound-2016-livestream\",\"name\":\"Arenal Sound 2016 livestream - Indie\u00f3filo\",\"isPartOf\":{\"@id\":\"https:\/\/www.indieofilo.com\/#website\"},\"primaryImageOfPage\":{\"@id\":\"https:\/\/www.indieofilo.com\/en\/news\/arenal-sound-2016-livestream#primaryimage\"},\"image\":{\"@id\":\"https:\/\/www.indieofilo.com\/en\/news\/arenal-sound-2016-livestream#primaryimage\"},\"thumbnailUrl\":\"https:\/\/www.indieofilo.com\/wp-content\/uploads\/2016\/08\/arenal-sound-2016-livestream-1.jpg\",\"datePublished\":\"2016-08-04T17:32:48+00:00\",\"dateModified\":\"2023-09-12T05:48:50+00:00\",\"description\":\"Enjoy here during four days the best shows of Spanish festival Arenal Sound 2016 on livestream!\",\"breadcrumb\":{\"@id\":\"https:\/\/www.indieofilo.com\/en\/news\/arenal-sound-2016-livestream#breadcrumb\"},\"inLanguage\":\"en-US\",\"potentialAction\":[{\"@type\":\"ReadAction\",\"target\":[\"https:\/\/www.indieofilo.com\/en\/news\/arenal-sound-2016-livestream\"]}]},{\"@type\":\"ImageObject\",\"inLanguage\":\"en-US\",\"@id\":\"https:\/\/www.indieofilo.com\/en\/news\/arenal-sound-2016-livestream#primaryimage\",\"url\":\"https:\/\/www.indieofilo.com\/wp-content\/uploads\/2016\/08\/arenal-sound-2016-livestream-1.jpg\",\"contentUrl\":\"https:\/\/www.indieofilo.com\/wp-content\/uploads\/2016\/08\/arenal-sound-2016-livestream-1.jpg\",\"width\":1920,\"height\":1080},{\"@type\":\"BreadcrumbList\",\"@id\":\"https:\/\/www.indieofilo.com\/en\/news\/arenal-sound-2016-livestream#breadcrumb\",\"itemListElement\":[{\"@type\":\"ListItem\",\"position\":1,\"name\":\"Portada\",\"item\":\"https:\/\/www.indieofilo.com\/en\"},{\"@type\":\"ListItem\",\"position\":2,\"name\":\"Arenal Sound 2016 livestream\"}]},{\"@type\":\"WebSite\",\"@id\":\"https:\/\/www.indieofilo.com\/#website\",\"url\":\"https:\/\/www.indieofilo.com\/\",\"name\":\"Indie\u00f3filo\",\"description\":\"Magazine online de la cultura independiente\",\"publisher\":{\"@id\":\"https:\/\/www.indieofilo.com\/#organization\"},\"potentialAction\":[{\"@type\":\"SearchAction\",\"target\":{\"@type\":\"EntryPoint\",\"urlTemplate\":\"https:\/\/www.indieofilo.com\/?s={search_term_string}\"},\"query-input\":{\"@type\":\"PropertyValueSpecification\",\"valueRequired\":true,\"valueName\":\"search_term_string\"}}],\"inLanguage\":\"en-US\"},{\"@type\":\"Organization\",\"@id\":\"https:\/\/www.indieofilo.com\/#organization\",\"name\":\"Indie\u00f3filo Web\",\"url\":\"https:\/\/www.indieofilo.com\/\",\"logo\":{\"@type\":\"ImageObject\",\"inLanguage\":\"en-US\",\"@id\":\"https:\/\/www.indieofilo.com\/#\/schema\/logo\/image\/\",\"url\":\"https:\/\/www.indieofilo.com\/wp-content\/uploads\/2015\/02\/logo-alta-resolucion.png\",\"contentUrl\":\"https:\/\/www.indieofilo.com\/wp-content\/uploads\/2015\/02\/logo-alta-resolucion.png\",\"width\":544,\"height\":185,\"caption\":\"Indie\u00f3filo Web\"},\"image\":{\"@id\":\"https:\/\/www.indieofilo.com\/#\/schema\/logo\/image\/\"},\"sameAs\":[\"https:\/\/www.facebook.com\/Indieofilo\/\",\"https:\/\/x.com\/indieofilo\",\"https:\/\/www.instagram.com\/indieofilo\/\"]},{\"@type\":\"Person\",\"@id\":\"https:\/\/www.indieofilo.com\/#\/schema\/person\/595334d38590e4ce5a09f83cbf2fca90\",\"name\":\"Victor\",\"image\":{\"@type\":\"ImageObject\",\"inLanguage\":\"en-US\",\"@id\":\"https:\/\/www.indieofilo.com\/#\/schema\/person\/image\/\",\"url\":\"https:\/\/secure.gravatar.com\/avatar\/682b8c6ea3e94b6cffec683b25f1797d?s=96&d=mm&r=g\",\"contentUrl\":\"https:\/\/secure.gravatar.com\/avatar\/682b8c6ea3e94b6cffec683b25f1797d?s=96&d=mm&r=g\",\"caption\":\"Victor\"},\"description\":\"Fan\u00e1tico de la m\u00fasica desde que mis padres me pon\u00edan a Eydie Gorme y Los Panchos o el Discotuna por la A2. Intent\u00e9 tocar varios instrumentos, pero soy muy torpe con la mano izquierda, as\u00ed que ya sab\u00e9is el resultado final. Fan del britpop, Post-punk, el rugby y el baloncesto...\",\"sameAs\":[\"http:\/\/indieofilo.com\"],\"url\":\"https:\/\/www.indieofilo.com\/en\/author\/victor\"}]}<\/script>\n<!-- \/ Yoast SEO Premium plugin. -->","yoast_head_json":{"title":"Arenal Sound 2016 livestream - Indie\u00f3filo","description":"Enjoy here during four days the best shows of Spanish festival Arenal Sound 2016 on livestream!","robots":{"index":"index","follow":"follow","max-snippet":"max-snippet:-1","max-image-preview":"max-image-preview:large","max-video-preview":"max-video-preview:-1"},"canonical":"https:\/\/www.indieofilo.com\/en\/news\/arenal-sound-2016-livestream","og_locale":"en_US","og_type":"article","og_title":"Arenal Sound 2016 livestream","og_description":"Enjoy here during four days the best shows of Spanish festival Arenal Sound 2016 on livestream!","og_url":"https:\/\/www.indieofilo.com\/en\/news\/arenal-sound-2016-livestream","og_site_name":"Indie\u00f3filo","article_publisher":"https:\/\/www.facebook.com\/Indieofilo\/","article_published_time":"2016-08-04T17:32:48+00:00","article_modified_time":"2023-09-12T05:48:50+00:00","og_image":[{"width":1920,"height":1080,"url":"https:\/\/www.indieofilo.com\/wp-content\/uploads\/2016\/08\/arenal-sound-2016-livestream-1.jpg","type":"image\/jpeg"}],"author":"Victor","twitter_card":"summary_large_image","twitter_creator":"@indieofilo","twitter_site":"@indieofilo","twitter_misc":{"Written by":"Victor","Est. reading time":"1 minute"},"schema":{"@context":"https:\/\/schema.org","@graph":[{"@type":"Article","@id":"https:\/\/www.indieofilo.com\/en\/news\/arenal-sound-2016-livestream#article","isPartOf":{"@id":"https:\/\/www.indieofilo.com\/en\/news\/arenal-sound-2016-livestream"},"author":{"name":"Victor","@id":"https:\/\/www.indieofilo.com\/#\/schema\/person\/595334d38590e4ce5a09f83cbf2fca90"},"headline":"Arenal Sound 2016 livestream","datePublished":"2016-08-04T17:32:48+00:00","dateModified":"2023-09-12T05:48:50+00:00","mainEntityOfPage":{"@id":"https:\/\/www.indieofilo.com\/en\/news\/arenal-sound-2016-livestream"},"wordCount":202,"commentCount":0,"publisher":{"@id":"https:\/\/www.indieofilo.com\/#organization"},"image":{"@id":"https:\/\/www.indieofilo.com\/en\/news\/arenal-sound-2016-livestream#primaryimage"},"thumbnailUrl":"https:\/\/www.indieofilo.com\/wp-content\/uploads\/2016\/08\/arenal-sound-2016-livestream-1.jpg","keywords":["Arenal Sound","Arenal Sound 2016"],"articleSection":["News","Streaming"],"inLanguage":"en-US","potentialAction":[{"@type":"CommentAction","name":"Comment","target":["https:\/\/www.indieofilo.com\/en\/news\/arenal-sound-2016-livestream#respond"]}]},{"@type":"WebPage","@id":"https:\/\/www.indieofilo.com\/en\/news\/arenal-sound-2016-livestream","url":"https:\/\/www.indieofilo.com\/en\/news\/arenal-sound-2016-livestream","name":"Arenal Sound 2016 livestream - Indie\u00f3filo","isPartOf":{"@id":"https:\/\/www.indieofilo.com\/#website"},"primaryImageOfPage":{"@id":"https:\/\/www.indieofilo.com\/en\/news\/arenal-sound-2016-livestream#primaryimage"},"image":{"@id":"https:\/\/www.indieofilo.com\/en\/news\/arenal-sound-2016-livestream#primaryimage"},"thumbnailUrl":"https:\/\/www.indieofilo.com\/wp-content\/uploads\/2016\/08\/arenal-sound-2016-livestream-1.jpg","datePublished":"2016-08-04T17:32:48+00:00","dateModified":"2023-09-12T05:48:50+00:00","description":"Enjoy here during four days the best shows of Spanish festival Arenal Sound 2016 on livestream!","breadcrumb":{"@id":"https:\/\/www.indieofilo.com\/en\/news\/arenal-sound-2016-livestream#breadcrumb"},"inLanguage":"en-US","potentialAction":[{"@type":"ReadAction","target":["https:\/\/www.indieofilo.com\/en\/news\/arenal-sound-2016-livestream"]}]},{"@type":"ImageObject","inLanguage":"en-US","@id":"https:\/\/www.indieofilo.com\/en\/news\/arenal-sound-2016-livestream#primaryimage","url":"https:\/\/www.indieofilo.com\/wp-content\/uploads\/2016\/08\/arenal-sound-2016-livestream-1.jpg","contentUrl":"https:\/\/www.indieofilo.com\/wp-content\/uploads\/2016\/08\/arenal-sound-2016-livestream-1.jpg","width":1920,"height":1080},{"@type":"BreadcrumbList","@id":"https:\/\/www.indieofilo.com\/en\/news\/arenal-sound-2016-livestream#breadcrumb","itemListElement":[{"@type":"ListItem","position":1,"name":"Portada","item":"https:\/\/www.indieofilo.com\/en"},{"@type":"ListItem","position":2,"name":"Arenal Sound 2016 livestream"}]},{"@type":"WebSite","@id":"https:\/\/www.indieofilo.com\/#website","url":"https:\/\/www.indieofilo.com\/","name":"Indie\u00f3filo","description":"Magazine online de la cultura independiente","publisher":{"@id":"https:\/\/www.indieofilo.com\/#organization"},"potentialAction":[{"@type":"SearchAction","target":{"@type":"EntryPoint","urlTemplate":"https:\/\/www.indieofilo.com\/?s={search_term_string}"},"query-input":{"@type":"PropertyValueSpecification","valueRequired":true,"valueName":"search_term_string"}}],"inLanguage":"en-US"},{"@type":"Organization","@id":"https:\/\/www.indieofilo.com\/#organization","name":"Indie\u00f3filo Web","url":"https:\/\/www.indieofilo.com\/","logo":{"@type":"ImageObject","inLanguage":"en-US","@id":"https:\/\/www.indieofilo.com\/#\/schema\/logo\/image\/","url":"https:\/\/www.indieofilo.com\/wp-content\/uploads\/2015\/02\/logo-alta-resolucion.png","contentUrl":"https:\/\/www.indieofilo.com\/wp-content\/uploads\/2015\/02\/logo-alta-resolucion.png","width":544,"height":185,"caption":"Indie\u00f3filo Web"},"image":{"@id":"https:\/\/www.indieofilo.com\/#\/schema\/logo\/image\/"},"sameAs":["https:\/\/www.facebook.com\/Indieofilo\/","https:\/\/x.com\/indieofilo","https:\/\/www.instagram.com\/indieofilo\/"]},{"@type":"Person","@id":"https:\/\/www.indieofilo.com\/#\/schema\/person\/595334d38590e4ce5a09f83cbf2fca90","name":"Victor","image":{"@type":"ImageObject","inLanguage":"en-US","@id":"https:\/\/www.indieofilo.com\/#\/schema\/person\/image\/","url":"https:\/\/secure.gravatar.com\/avatar\/682b8c6ea3e94b6cffec683b25f1797d?s=96&d=mm&r=g","contentUrl":"https:\/\/secure.gravatar.com\/avatar\/682b8c6ea3e94b6cffec683b25f1797d?s=96&d=mm&r=g","caption":"Victor"},"description":"Fan\u00e1tico de la m\u00fasica desde que mis padres me pon\u00edan a Eydie Gorme y Los Panchos o el Discotuna por la A2. Intent\u00e9 tocar varios instrumentos, pero soy muy torpe con la mano izquierda, as\u00ed que ya sab\u00e9is el resultado final. Fan del britpop, Post-punk, el rugby y el baloncesto...","sameAs":["http:\/\/indieofilo.com"],"url":"https:\/\/www.indieofilo.com\/en\/author\/victor"}]}},"_links":{"self":[{"href":"https:\/\/www.indieofilo.com\/en\/wp-json\/wp\/v2\/posts\/7402","targetHints":{"allow":["GET"]}}],"collection":[{"href":"https:\/\/www.indieofilo.com\/en\/wp-json\/wp\/v2\/posts"}],"about":[{"href":"https:\/\/www.indieofilo.com\/en\/wp-json\/wp\/v2\/types\/post"}],"author":[{"embeddable":true,"href":"https:\/\/www.indieofilo.com\/en\/wp-json\/wp\/v2\/users\/1"}],"replies":[{"embeddable":true,"href":"https:\/\/www.indieofilo.com\/en\/wp-json\/wp\/v2\/comments?post=7402"}],"version-history":[{"count":0,"href":"https:\/\/www.indieofilo.com\/en\/wp-json\/wp\/v2\/posts\/7402\/revisions"}],"wp:featuredmedia":[{"embeddable":true,"href":"https:\/\/www.indieofilo.com\/en\/wp-json\/wp\/v2\/media\/7404"}],"wp:attachment":[{"href":"https:\/\/www.indieofilo.com\/en\/wp-json\/wp\/v2\/media?parent=7402"}],"wp:term":[{"taxonomy":"category","embeddable":true,"href":"https:\/\/www.indieofilo.com\/en\/wp-json\/wp\/v2\/categories?post=7402"},{"taxonomy":"post_tag","embeddable":true,"href":"https:\/\/www.indieofilo.com\/en\/wp-json\/wp\/v2\/tags?post=7402"}],"curies":[{"name":"wp","href":"https:\/\/api.w.org\/{rel}","templated":true}]}}