{"id":7394,"date":"2016-08-04T17:03:08","date_gmt":"2016-08-04T15:03:08","guid":{"rendered":"http:\/\/indieofilo.com\/?p=7394"},"modified":"2023-09-17T00:04:59","modified_gmt":"2023-09-16T22:04:59","slug":"wacken-open-air-festival-2016-livestream","status":"publish","type":"post","link":"https:\/\/www.indieofilo.com\/en\/short-news\/wacken-open-air-festival-2016-livestream","title":{"rendered":"Wacken Open Air Festival 2016 livestream"},"content":{"rendered":"<p style=\"text-align: justify;\">\n\t<img fetchpriority=\"high\" decoding=\"async\" alt=\"Wacken Open Air 2016 livestream\" class=\"aligncenter size-full wp-image-7392\" height=\"190\" src=\"http:\/\/indieofilo.com\/wp-content\/uploads\/2016\/08\/Wacken-Open-Air-2016.jpg\" width=\"600\" srcset=\"https:\/\/www.indieofilo.com\/wp-content\/uploads\/2016\/08\/Wacken-Open-Air-2016.jpg 600w, https:\/\/www.indieofilo.com\/wp-content\/uploads\/2016\/08\/Wacken-Open-Air-2016-300x95.jpg 300w\" sizes=\"(max-width: 600px) 100vw, 600px\" \/><\/p>\n<p style=\"text-align: justify;\">\n\tAlthough we love indie music, every writer of Indieofilo has his own hidden pleasures, and today one of them has informed us that a big batch of the concerts of <strong>Wacken Open Air Festival 2016<\/strong>, that will be held since today 4th August till Saturday 6th August on the german city with the same name, will be broadcast on livestream thanks to ARTE Concert platform. Thus, over the next three days we will enjoy shows like <strong>Iron Maiden<\/strong> (in which will be the last concert of their tour <em>The Book Of Souls<\/em>), <strong>Blind Guardian<\/strong>, <strong>Bullet For My Valentine<\/strong> or <strong>Tarja<\/strong>, among many others. After the player yo can find the exact schedules:<\/p>\n<p style=\"text-align: center;\">\n\t<iframe border=\"0\" frameborder=\"0\" height=\"320\" scrolling=\"no\" src=\"http:\/\/static-cdn.arte.tv\/player\/v3\/index_de.php?json_url=http%3A%2F%2Fstatic-cdn.arte.tv%2Fstatic%2Flive_wacken_04082016%2Flive-data-de.json&amp;lang=de_DE&amp;config=arte_concert_live&amp;embed=1&amp;autostart=1\" width=\"100%\"><\/iframe><\/p>\n<p style=\"text-align: center;\">\n\t<u><strong>Thursday 04th August<\/strong><\/u><br \/>\n16h50-17h35 Henry Rollins<br \/>\n17h40-18h05 H&auml;matom<br \/>\n18h10-19h25 Saxon<br \/>\n19h30-20h30 Panzerballett<br \/>\n20h35-21h25 Phil Campbell&#39;s All Starr Band<br \/>\n21h30-00h00 Iron Maiden&nbsp;<br \/>\n00h00-00h45 Therapy?<br \/>\n00h45-01h00 Born to Lose, Lived To Win (A Farewell to Lemmy Kilmister)<\/p>\n<p style=\"text-align: center;\">\n\t<u><strong>Friday 05th August<\/strong><\/u><br \/>\n16h20 17h20 Entombed A.D.<br \/>\n17h25-18h25 Axel Rudi Pell<br \/>\n18h30-19h45 Eluveitie<br \/>\n19h50-21h05 Saxon (Friday)<br \/>\n21h10-22h25 Tarja&nbsp;<br \/>\n22h30-00h00 Blind Guardian&nbsp;<br \/>\n00h15-01h30 Ministry&nbsp;<br \/>\n01h45-03h00 Testament<\/p>\n<p style=\"text-align: center;\">\n\t<u><strong>Saturday 06th August<\/strong><\/u><br \/>\n15h40-16h55 Borknagar<br \/>\n17h00-18h10 Metal Church<br \/>\n18h15-19h30 Therion<br \/>\n19h35-20h50 Steel Panther<br \/>\n20h55-22h10 Clutch&nbsp;<br \/>\n22h15-23h30 Tryptikon<br \/>\n23h35-00h35 (tba)<br \/>\n00h40-01h55 Parkway Drive<br \/>\n01h55-03h10 Arch Enemy<\/p>\n","protected":false},"excerpt":{"rendered":"<p>Although we love indie music, every writer of Indieofilo has his own hidden pleasures, and today one of them has informed us that a big batch of the concerts of Wacken Open Air Festival 2016, that will be held since today 4th August till Saturday 6th August on the german city with the same name, [&hellip;]<\/p>\n","protected":false},"author":1,"featured_media":20256,"comment_status":"open","ping_status":"closed","sticky":false,"template":"","format":"standard","meta":{"footnotes":""},"categories":[18],"tags":[5767,5262,5768,5769,5770],"class_list":["post-7394","post","type-post","status-publish","format-standard","has-post-thumbnail","hentry","category-short-news","tag-blind-guardian-en","tag-bullet-for-my-valentine-en","tag-iron-maiden-en","tag-wacken-open-air-festival-en","tag-wacken-open-air-festival-2016-en"],"yoast_head":"<!-- This site is optimized with the Yoast SEO Premium plugin v23.9 (Yoast SEO v26.6) - https:\/\/yoast.com\/wordpress\/plugins\/seo\/ -->\n<title>Wacken Open Air Festival 2016 livestream - Indie\u00f3filo<\/title>\n<meta name=\"description\" content=\"During the weekend you will enjoy at Wacken Open Air Festival 2016 the concerts of Iron Maiden, Blind Guardian or Bullet For My Valentine.\" \/>\n<meta name=\"robots\" content=\"index, follow, max-snippet:-1, max-image-preview:large, max-video-preview:-1\" \/>\n<link rel=\"canonical\" href=\"https:\/\/www.indieofilo.com\/en\/short-news\/wacken-open-air-festival-2016-livestream\" \/>\n<meta property=\"og:locale\" content=\"en_US\" \/>\n<meta property=\"og:type\" content=\"article\" \/>\n<meta property=\"og:title\" content=\"Wacken Open Air Festival 2016 livestream\" \/>\n<meta property=\"og:description\" content=\"During the weekend you will enjoy at Wacken Open Air Festival 2016 the concerts of Iron Maiden, Blind Guardian or Bullet For My Valentine.\" \/>\n<meta property=\"og:url\" content=\"https:\/\/www.indieofilo.com\/en\/short-news\/wacken-open-air-festival-2016-livestream\" \/>\n<meta property=\"og:site_name\" content=\"Indie\u00f3filo\" \/>\n<meta property=\"article:publisher\" content=\"https:\/\/www.facebook.com\/Indieofilo\/\" \/>\n<meta property=\"article:published_time\" content=\"2016-08-04T15:03:08+00:00\" \/>\n<meta property=\"article:modified_time\" content=\"2023-09-16T22:04:59+00:00\" \/>\n<meta property=\"og:image\" content=\"https:\/\/www.indieofilo.com\/wp-content\/uploads\/2016\/08\/Wacken-Open-Air-2016.jpg\" \/>\n\t<meta property=\"og:image:width\" content=\"600\" \/>\n\t<meta property=\"og:image:height\" content=\"190\" \/>\n\t<meta property=\"og:image:type\" content=\"image\/jpeg\" \/>\n<meta name=\"author\" content=\"Victor\" \/>\n<meta name=\"twitter:card\" content=\"summary_large_image\" \/>\n<meta name=\"twitter:creator\" content=\"@indieofilo\" \/>\n<meta name=\"twitter:site\" content=\"@indieofilo\" \/>\n<meta name=\"twitter:label1\" content=\"Written by\" \/>\n\t<meta name=\"twitter:data1\" content=\"Victor\" \/>\n\t<meta name=\"twitter:label2\" content=\"Est. reading time\" \/>\n\t<meta name=\"twitter:data2\" content=\"2 minutes\" \/>\n<script type=\"application\/ld+json\" class=\"yoast-schema-graph\">{\"@context\":\"https:\/\/schema.org\",\"@graph\":[{\"@type\":\"Article\",\"@id\":\"https:\/\/www.indieofilo.com\/en\/short-news\/wacken-open-air-festival-2016-livestream#article\",\"isPartOf\":{\"@id\":\"https:\/\/www.indieofilo.com\/en\/short-news\/wacken-open-air-festival-2016-livestream\"},\"author\":{\"name\":\"Victor\",\"@id\":\"https:\/\/www.indieofilo.com\/#\/schema\/person\/595334d38590e4ce5a09f83cbf2fca90\"},\"headline\":\"Wacken Open Air Festival 2016 livestream\",\"datePublished\":\"2016-08-04T15:03:08+00:00\",\"dateModified\":\"2023-09-16T22:04:59+00:00\",\"mainEntityOfPage\":{\"@id\":\"https:\/\/www.indieofilo.com\/en\/short-news\/wacken-open-air-festival-2016-livestream\"},\"wordCount\":258,\"commentCount\":0,\"publisher\":{\"@id\":\"https:\/\/www.indieofilo.com\/#organization\"},\"image\":{\"@id\":\"https:\/\/www.indieofilo.com\/en\/short-news\/wacken-open-air-festival-2016-livestream#primaryimage\"},\"thumbnailUrl\":\"https:\/\/www.indieofilo.com\/wp-content\/uploads\/2016\/08\/Wacken-Open-Air-2016.jpg\",\"keywords\":[\"Blind Guardian\",\"Bullet For My Valentine\",\"Iron Maiden\",\"Wacken Open Air Festival\",\"Wacken Open Air Festival 2016\"],\"articleSection\":[\"Short news\"],\"inLanguage\":\"en-US\",\"potentialAction\":[{\"@type\":\"CommentAction\",\"name\":\"Comment\",\"target\":[\"https:\/\/www.indieofilo.com\/en\/short-news\/wacken-open-air-festival-2016-livestream#respond\"]}]},{\"@type\":\"WebPage\",\"@id\":\"https:\/\/www.indieofilo.com\/en\/short-news\/wacken-open-air-festival-2016-livestream\",\"url\":\"https:\/\/www.indieofilo.com\/en\/short-news\/wacken-open-air-festival-2016-livestream\",\"name\":\"Wacken Open Air Festival 2016 livestream - Indie\u00f3filo\",\"isPartOf\":{\"@id\":\"https:\/\/www.indieofilo.com\/#website\"},\"primaryImageOfPage\":{\"@id\":\"https:\/\/www.indieofilo.com\/en\/short-news\/wacken-open-air-festival-2016-livestream#primaryimage\"},\"image\":{\"@id\":\"https:\/\/www.indieofilo.com\/en\/short-news\/wacken-open-air-festival-2016-livestream#primaryimage\"},\"thumbnailUrl\":\"https:\/\/www.indieofilo.com\/wp-content\/uploads\/2016\/08\/Wacken-Open-Air-2016.jpg\",\"datePublished\":\"2016-08-04T15:03:08+00:00\",\"dateModified\":\"2023-09-16T22:04:59+00:00\",\"description\":\"During the weekend you will enjoy at Wacken Open Air Festival 2016 the concerts of Iron Maiden, Blind Guardian or Bullet For My Valentine.\",\"breadcrumb\":{\"@id\":\"https:\/\/www.indieofilo.com\/en\/short-news\/wacken-open-air-festival-2016-livestream#breadcrumb\"},\"inLanguage\":\"en-US\",\"potentialAction\":[{\"@type\":\"ReadAction\",\"target\":[\"https:\/\/www.indieofilo.com\/en\/short-news\/wacken-open-air-festival-2016-livestream\"]}]},{\"@type\":\"ImageObject\",\"inLanguage\":\"en-US\",\"@id\":\"https:\/\/www.indieofilo.com\/en\/short-news\/wacken-open-air-festival-2016-livestream#primaryimage\",\"url\":\"https:\/\/www.indieofilo.com\/wp-content\/uploads\/2016\/08\/Wacken-Open-Air-2016.jpg\",\"contentUrl\":\"https:\/\/www.indieofilo.com\/wp-content\/uploads\/2016\/08\/Wacken-Open-Air-2016.jpg\",\"width\":600,\"height\":190},{\"@type\":\"BreadcrumbList\",\"@id\":\"https:\/\/www.indieofilo.com\/en\/short-news\/wacken-open-air-festival-2016-livestream#breadcrumb\",\"itemListElement\":[{\"@type\":\"ListItem\",\"position\":1,\"name\":\"Portada\",\"item\":\"https:\/\/www.indieofilo.com\/en\"},{\"@type\":\"ListItem\",\"position\":2,\"name\":\"Wacken Open Air Festival 2016 livestream\"}]},{\"@type\":\"WebSite\",\"@id\":\"https:\/\/www.indieofilo.com\/#website\",\"url\":\"https:\/\/www.indieofilo.com\/\",\"name\":\"Indie\u00f3filo\",\"description\":\"Magazine online de la cultura independiente\",\"publisher\":{\"@id\":\"https:\/\/www.indieofilo.com\/#organization\"},\"potentialAction\":[{\"@type\":\"SearchAction\",\"target\":{\"@type\":\"EntryPoint\",\"urlTemplate\":\"https:\/\/www.indieofilo.com\/?s={search_term_string}\"},\"query-input\":{\"@type\":\"PropertyValueSpecification\",\"valueRequired\":true,\"valueName\":\"search_term_string\"}}],\"inLanguage\":\"en-US\"},{\"@type\":\"Organization\",\"@id\":\"https:\/\/www.indieofilo.com\/#organization\",\"name\":\"Indie\u00f3filo Web\",\"url\":\"https:\/\/www.indieofilo.com\/\",\"logo\":{\"@type\":\"ImageObject\",\"inLanguage\":\"en-US\",\"@id\":\"https:\/\/www.indieofilo.com\/#\/schema\/logo\/image\/\",\"url\":\"https:\/\/www.indieofilo.com\/wp-content\/uploads\/2015\/02\/logo-alta-resolucion.png\",\"contentUrl\":\"https:\/\/www.indieofilo.com\/wp-content\/uploads\/2015\/02\/logo-alta-resolucion.png\",\"width\":544,\"height\":185,\"caption\":\"Indie\u00f3filo Web\"},\"image\":{\"@id\":\"https:\/\/www.indieofilo.com\/#\/schema\/logo\/image\/\"},\"sameAs\":[\"https:\/\/www.facebook.com\/Indieofilo\/\",\"https:\/\/x.com\/indieofilo\",\"https:\/\/www.instagram.com\/indieofilo\/\"]},{\"@type\":\"Person\",\"@id\":\"https:\/\/www.indieofilo.com\/#\/schema\/person\/595334d38590e4ce5a09f83cbf2fca90\",\"name\":\"Victor\",\"image\":{\"@type\":\"ImageObject\",\"inLanguage\":\"en-US\",\"@id\":\"https:\/\/www.indieofilo.com\/#\/schema\/person\/image\/\",\"url\":\"https:\/\/secure.gravatar.com\/avatar\/682b8c6ea3e94b6cffec683b25f1797d?s=96&d=mm&r=g\",\"contentUrl\":\"https:\/\/secure.gravatar.com\/avatar\/682b8c6ea3e94b6cffec683b25f1797d?s=96&d=mm&r=g\",\"caption\":\"Victor\"},\"description\":\"Fan\u00e1tico de la m\u00fasica desde que mis padres me pon\u00edan a Eydie Gorme y Los Panchos o el Discotuna por la A2. Intent\u00e9 tocar varios instrumentos, pero soy muy torpe con la mano izquierda, as\u00ed que ya sab\u00e9is el resultado final. Fan del britpop, Post-punk, el rugby y el baloncesto...\",\"sameAs\":[\"http:\/\/indieofilo.com\"],\"url\":\"https:\/\/www.indieofilo.com\/en\/author\/victor\"}]}<\/script>\n<!-- \/ Yoast SEO Premium plugin. -->","yoast_head_json":{"title":"Wacken Open Air Festival 2016 livestream - Indie\u00f3filo","description":"During the weekend you will enjoy at Wacken Open Air Festival 2016 the concerts of Iron Maiden, Blind Guardian or Bullet For My Valentine.","robots":{"index":"index","follow":"follow","max-snippet":"max-snippet:-1","max-image-preview":"max-image-preview:large","max-video-preview":"max-video-preview:-1"},"canonical":"https:\/\/www.indieofilo.com\/en\/short-news\/wacken-open-air-festival-2016-livestream","og_locale":"en_US","og_type":"article","og_title":"Wacken Open Air Festival 2016 livestream","og_description":"During the weekend you will enjoy at Wacken Open Air Festival 2016 the concerts of Iron Maiden, Blind Guardian or Bullet For My Valentine.","og_url":"https:\/\/www.indieofilo.com\/en\/short-news\/wacken-open-air-festival-2016-livestream","og_site_name":"Indie\u00f3filo","article_publisher":"https:\/\/www.facebook.com\/Indieofilo\/","article_published_time":"2016-08-04T15:03:08+00:00","article_modified_time":"2023-09-16T22:04:59+00:00","og_image":[{"width":600,"height":190,"url":"https:\/\/www.indieofilo.com\/wp-content\/uploads\/2016\/08\/Wacken-Open-Air-2016.jpg","type":"image\/jpeg"}],"author":"Victor","twitter_card":"summary_large_image","twitter_creator":"@indieofilo","twitter_site":"@indieofilo","twitter_misc":{"Written by":"Victor","Est. reading time":"2 minutes"},"schema":{"@context":"https:\/\/schema.org","@graph":[{"@type":"Article","@id":"https:\/\/www.indieofilo.com\/en\/short-news\/wacken-open-air-festival-2016-livestream#article","isPartOf":{"@id":"https:\/\/www.indieofilo.com\/en\/short-news\/wacken-open-air-festival-2016-livestream"},"author":{"name":"Victor","@id":"https:\/\/www.indieofilo.com\/#\/schema\/person\/595334d38590e4ce5a09f83cbf2fca90"},"headline":"Wacken Open Air Festival 2016 livestream","datePublished":"2016-08-04T15:03:08+00:00","dateModified":"2023-09-16T22:04:59+00:00","mainEntityOfPage":{"@id":"https:\/\/www.indieofilo.com\/en\/short-news\/wacken-open-air-festival-2016-livestream"},"wordCount":258,"commentCount":0,"publisher":{"@id":"https:\/\/www.indieofilo.com\/#organization"},"image":{"@id":"https:\/\/www.indieofilo.com\/en\/short-news\/wacken-open-air-festival-2016-livestream#primaryimage"},"thumbnailUrl":"https:\/\/www.indieofilo.com\/wp-content\/uploads\/2016\/08\/Wacken-Open-Air-2016.jpg","keywords":["Blind Guardian","Bullet For My Valentine","Iron Maiden","Wacken Open Air Festival","Wacken Open Air Festival 2016"],"articleSection":["Short news"],"inLanguage":"en-US","potentialAction":[{"@type":"CommentAction","name":"Comment","target":["https:\/\/www.indieofilo.com\/en\/short-news\/wacken-open-air-festival-2016-livestream#respond"]}]},{"@type":"WebPage","@id":"https:\/\/www.indieofilo.com\/en\/short-news\/wacken-open-air-festival-2016-livestream","url":"https:\/\/www.indieofilo.com\/en\/short-news\/wacken-open-air-festival-2016-livestream","name":"Wacken Open Air Festival 2016 livestream - Indie\u00f3filo","isPartOf":{"@id":"https:\/\/www.indieofilo.com\/#website"},"primaryImageOfPage":{"@id":"https:\/\/www.indieofilo.com\/en\/short-news\/wacken-open-air-festival-2016-livestream#primaryimage"},"image":{"@id":"https:\/\/www.indieofilo.com\/en\/short-news\/wacken-open-air-festival-2016-livestream#primaryimage"},"thumbnailUrl":"https:\/\/www.indieofilo.com\/wp-content\/uploads\/2016\/08\/Wacken-Open-Air-2016.jpg","datePublished":"2016-08-04T15:03:08+00:00","dateModified":"2023-09-16T22:04:59+00:00","description":"During the weekend you will enjoy at Wacken Open Air Festival 2016 the concerts of Iron Maiden, Blind Guardian or Bullet For My Valentine.","breadcrumb":{"@id":"https:\/\/www.indieofilo.com\/en\/short-news\/wacken-open-air-festival-2016-livestream#breadcrumb"},"inLanguage":"en-US","potentialAction":[{"@type":"ReadAction","target":["https:\/\/www.indieofilo.com\/en\/short-news\/wacken-open-air-festival-2016-livestream"]}]},{"@type":"ImageObject","inLanguage":"en-US","@id":"https:\/\/www.indieofilo.com\/en\/short-news\/wacken-open-air-festival-2016-livestream#primaryimage","url":"https:\/\/www.indieofilo.com\/wp-content\/uploads\/2016\/08\/Wacken-Open-Air-2016.jpg","contentUrl":"https:\/\/www.indieofilo.com\/wp-content\/uploads\/2016\/08\/Wacken-Open-Air-2016.jpg","width":600,"height":190},{"@type":"BreadcrumbList","@id":"https:\/\/www.indieofilo.com\/en\/short-news\/wacken-open-air-festival-2016-livestream#breadcrumb","itemListElement":[{"@type":"ListItem","position":1,"name":"Portada","item":"https:\/\/www.indieofilo.com\/en"},{"@type":"ListItem","position":2,"name":"Wacken Open Air Festival 2016 livestream"}]},{"@type":"WebSite","@id":"https:\/\/www.indieofilo.com\/#website","url":"https:\/\/www.indieofilo.com\/","name":"Indie\u00f3filo","description":"Magazine online de la cultura independiente","publisher":{"@id":"https:\/\/www.indieofilo.com\/#organization"},"potentialAction":[{"@type":"SearchAction","target":{"@type":"EntryPoint","urlTemplate":"https:\/\/www.indieofilo.com\/?s={search_term_string}"},"query-input":{"@type":"PropertyValueSpecification","valueRequired":true,"valueName":"search_term_string"}}],"inLanguage":"en-US"},{"@type":"Organization","@id":"https:\/\/www.indieofilo.com\/#organization","name":"Indie\u00f3filo Web","url":"https:\/\/www.indieofilo.com\/","logo":{"@type":"ImageObject","inLanguage":"en-US","@id":"https:\/\/www.indieofilo.com\/#\/schema\/logo\/image\/","url":"https:\/\/www.indieofilo.com\/wp-content\/uploads\/2015\/02\/logo-alta-resolucion.png","contentUrl":"https:\/\/www.indieofilo.com\/wp-content\/uploads\/2015\/02\/logo-alta-resolucion.png","width":544,"height":185,"caption":"Indie\u00f3filo Web"},"image":{"@id":"https:\/\/www.indieofilo.com\/#\/schema\/logo\/image\/"},"sameAs":["https:\/\/www.facebook.com\/Indieofilo\/","https:\/\/x.com\/indieofilo","https:\/\/www.instagram.com\/indieofilo\/"]},{"@type":"Person","@id":"https:\/\/www.indieofilo.com\/#\/schema\/person\/595334d38590e4ce5a09f83cbf2fca90","name":"Victor","image":{"@type":"ImageObject","inLanguage":"en-US","@id":"https:\/\/www.indieofilo.com\/#\/schema\/person\/image\/","url":"https:\/\/secure.gravatar.com\/avatar\/682b8c6ea3e94b6cffec683b25f1797d?s=96&d=mm&r=g","contentUrl":"https:\/\/secure.gravatar.com\/avatar\/682b8c6ea3e94b6cffec683b25f1797d?s=96&d=mm&r=g","caption":"Victor"},"description":"Fan\u00e1tico de la m\u00fasica desde que mis padres me pon\u00edan a Eydie Gorme y Los Panchos o el Discotuna por la A2. Intent\u00e9 tocar varios instrumentos, pero soy muy torpe con la mano izquierda, as\u00ed que ya sab\u00e9is el resultado final. Fan del britpop, Post-punk, el rugby y el baloncesto...","sameAs":["http:\/\/indieofilo.com"],"url":"https:\/\/www.indieofilo.com\/en\/author\/victor"}]}},"_links":{"self":[{"href":"https:\/\/www.indieofilo.com\/en\/wp-json\/wp\/v2\/posts\/7394","targetHints":{"allow":["GET"]}}],"collection":[{"href":"https:\/\/www.indieofilo.com\/en\/wp-json\/wp\/v2\/posts"}],"about":[{"href":"https:\/\/www.indieofilo.com\/en\/wp-json\/wp\/v2\/types\/post"}],"author":[{"embeddable":true,"href":"https:\/\/www.indieofilo.com\/en\/wp-json\/wp\/v2\/users\/1"}],"replies":[{"embeddable":true,"href":"https:\/\/www.indieofilo.com\/en\/wp-json\/wp\/v2\/comments?post=7394"}],"version-history":[{"count":0,"href":"https:\/\/www.indieofilo.com\/en\/wp-json\/wp\/v2\/posts\/7394\/revisions"}],"wp:featuredmedia":[{"embeddable":true,"href":"https:\/\/www.indieofilo.com\/en\/wp-json\/wp\/v2\/media\/20256"}],"wp:attachment":[{"href":"https:\/\/www.indieofilo.com\/en\/wp-json\/wp\/v2\/media?parent=7394"}],"wp:term":[{"taxonomy":"category","embeddable":true,"href":"https:\/\/www.indieofilo.com\/en\/wp-json\/wp\/v2\/categories?post=7394"},{"taxonomy":"post_tag","embeddable":true,"href":"https:\/\/www.indieofilo.com\/en\/wp-json\/wp\/v2\/tags?post=7394"}],"curies":[{"name":"wp","href":"https:\/\/api.w.org\/{rel}","templated":true}]}}