{"id":7138,"date":"2016-07-25T16:25:26","date_gmt":"2016-07-25T14:25:26","guid":{"rendered":"http:\/\/indieofilo.com\/?p=7138"},"modified":"2023-09-17T00:12:43","modified_gmt":"2023-09-16T22:12:43","slug":"first-trailer-from-sherlocks-fourth-season","status":"publish","type":"post","link":"https:\/\/www.indieofilo.com\/en\/others\/first-trailer-from-sherlocks-fourth-season","title":{"rendered":"First trailer from Sherlock&#8217;s fourth season"},"content":{"rendered":"<p style=\"text-align: justify;\">\n\t<strong>Sherlock<\/strong>, the BBC series based on the detective created by Arthur Conan Doyle, presented tonight the first trailer for the anticipated fourth season that will be broadcasted somewhere in 2017. On the occasion of the Comic Con in San Diego, where have attended <strong>Benedict Cumberbatch<\/strong> (<em>Sherlock<\/em>), <strong>Mark Gatiss<\/strong> (<em>Mycroft Holmes<\/em>) and <strong>Amanda Abbington<\/strong> (<em>Mary Morstan<\/em>) with producer <strong>Steven Moffat<\/strong>, the actors in the series have spoken to fans about some details of this new season, as for example that it will be more dark than the previous ones and also we&#39;ll enjoy the more hesitant Sherlock so far, while also presented the first trailer for the new episodes.<\/p>\n<p style=\"text-align: justify;\">\n\tOn the video, Sherlock and company are still convinced of the return of Sherlock&#39;s archenemy, <em>James Moriarty<\/em> (<strong>Andrew Scott<\/strong>), but we also have the first images of what will be the new villain of this season, played by <strong>Toby Jones<\/strong>. To increase the intrigue, we focus on the sentence highlighted during the video &quot;<em>Everything they know will be tested. Everything they know is under threat<\/em>&quot;..<\/p>\n<p style=\"text-align: justify;\">\n<div class=\"epyt-video-wrapper\"><iframe  style=\"display: block; margin: 0px auto;\"  id=\"_ytid_99227\"  width=\"480\" height=\"270\"  data-origwidth=\"480\" data-origheight=\"270\" src=\"https:\/\/www.youtube.com\/embed\/qlcWFoNqZHc<\/p>\n<p>?enablejsapi=1&#038;autoplay=0&#038;cc_load_policy=0&#038;cc_lang_pref=&#038;iv_load_policy=3&#038;loop=0&#038;rel=1&#038;fs=1&#038;playsinline=0&#038;autohide=2&#038;theme=dark&#038;color=red&#038;controls=1&#038;disablekb=0&#038;&#8221; class=&#8221;__youtube_prefs__  epyt-is-override  no-lazyload&#8221; title=&#8221;YouTube player&#8221;  allow=&#8221;fullscreen; accelerometer; autoplay; clipboard-write; encrypted-media; gyroscope; picture-in-picture; web-share&#8221; referrerpolicy=&#8221;strict-origin-when-cross-origin&#8221; allowfullscreen data-no-lazy=&#8221;1&#8243; data-skipgform_ajax_framebjll=&#8221;&#8221;><\/iframe><\/div>\n","protected":false},"excerpt":{"rendered":"<p>Sherlock, the BBC series based on the detective created by Arthur Conan Doyle, presented tonight the first trailer for the anticipated fourth season that will be broadcasted somewhere in 2017. On the occasion of the Comic Con in San Diego, where have attended Benedict Cumberbatch (Sherlock), Mark Gatiss (Mycroft Holmes) and Amanda Abbington (Mary Morstan) [&hellip;]<\/p>\n","protected":false},"author":1,"featured_media":7140,"comment_status":"open","ping_status":"closed","sticky":false,"template":"","format":"video","meta":{"footnotes":""},"categories":[12,22],"tags":[5785],"class_list":["post-7138","post","type-post","status-publish","format-video","has-post-thumbnail","hentry","category-others","category-tv-en","tag-sherlock-en","post_format-post-format-video"],"yoast_head":"<!-- This site is optimized with the Yoast SEO Premium plugin v23.9 (Yoast SEO v26.6) - https:\/\/yoast.com\/wordpress\/plugins\/seo\/ -->\n<title>First trailer from Sherlock&#039;s fourth season - Indie\u00f3filo<\/title>\n<meta name=\"description\" content=\"Although the season will not be broadcasted until 2017, yesterday was the premiere of the teaser of Sherlock&#039;s fourth season.\" \/>\n<meta name=\"robots\" content=\"index, follow, max-snippet:-1, max-image-preview:large, max-video-preview:-1\" \/>\n<link rel=\"canonical\" href=\"https:\/\/www.indieofilo.com\/en\/others\/first-trailer-from-sherlocks-fourth-season\" \/>\n<meta property=\"og:locale\" content=\"en_US\" \/>\n<meta property=\"og:type\" content=\"article\" \/>\n<meta property=\"og:title\" content=\"First trailer from Sherlock&#039;s fourth season\" \/>\n<meta property=\"og:description\" content=\"Although the season will not be broadcasted until 2017, yesterday was the premiere of the teaser of Sherlock&#039;s fourth season.\" \/>\n<meta property=\"og:url\" content=\"https:\/\/www.indieofilo.com\/en\/others\/first-trailer-from-sherlocks-fourth-season\" \/>\n<meta property=\"og:site_name\" content=\"Indie\u00f3filo\" \/>\n<meta property=\"article:publisher\" content=\"https:\/\/www.facebook.com\/Indieofilo\/\" \/>\n<meta property=\"article:published_time\" content=\"2016-07-25T14:25:26+00:00\" \/>\n<meta property=\"article:modified_time\" content=\"2023-09-16T22:12:43+00:00\" \/>\n<meta property=\"og:image\" content=\"https:\/\/www.indieofilo.com\/wp-content\/uploads\/2016\/07\/first-trailer-from-sherlocks-fou.jpg\" \/>\n\t<meta property=\"og:image:width\" content=\"1280\" \/>\n\t<meta property=\"og:image:height\" content=\"720\" \/>\n\t<meta property=\"og:image:type\" content=\"image\/jpeg\" \/>\n<meta name=\"author\" content=\"Victor\" \/>\n<meta name=\"twitter:card\" content=\"summary_large_image\" \/>\n<meta name=\"twitter:creator\" content=\"@indieofilo\" \/>\n<meta name=\"twitter:site\" content=\"@indieofilo\" \/>\n<meta name=\"twitter:label1\" content=\"Written by\" \/>\n\t<meta name=\"twitter:data1\" content=\"Victor\" \/>\n\t<meta name=\"twitter:label2\" content=\"Est. reading time\" \/>\n\t<meta name=\"twitter:data2\" content=\"1 minute\" \/>\n<script type=\"application\/ld+json\" class=\"yoast-schema-graph\">{\"@context\":\"https:\/\/schema.org\",\"@graph\":[{\"@type\":\"Article\",\"@id\":\"https:\/\/www.indieofilo.com\/en\/others\/first-trailer-from-sherlocks-fourth-season#article\",\"isPartOf\":{\"@id\":\"https:\/\/www.indieofilo.com\/en\/others\/first-trailer-from-sherlocks-fourth-season\"},\"author\":{\"name\":\"Victor\",\"@id\":\"https:\/\/www.indieofilo.com\/#\/schema\/person\/595334d38590e4ce5a09f83cbf2fca90\"},\"headline\":\"First trailer from Sherlock&#8217;s fourth season\",\"datePublished\":\"2016-07-25T14:25:26+00:00\",\"dateModified\":\"2023-09-16T22:12:43+00:00\",\"mainEntityOfPage\":{\"@id\":\"https:\/\/www.indieofilo.com\/en\/others\/first-trailer-from-sherlocks-fourth-season\"},\"wordCount\":189,\"commentCount\":0,\"publisher\":{\"@id\":\"https:\/\/www.indieofilo.com\/#organization\"},\"image\":{\"@id\":\"https:\/\/www.indieofilo.com\/en\/others\/first-trailer-from-sherlocks-fourth-season#primaryimage\"},\"thumbnailUrl\":\"https:\/\/www.indieofilo.com\/wp-content\/uploads\/2016\/07\/first-trailer-from-sherlocks-fou.jpg\",\"keywords\":[\"Sherlock\"],\"articleSection\":[\"Others\",\"TV\"],\"inLanguage\":\"en-US\",\"potentialAction\":[{\"@type\":\"CommentAction\",\"name\":\"Comment\",\"target\":[\"https:\/\/www.indieofilo.com\/en\/others\/first-trailer-from-sherlocks-fourth-season#respond\"]}]},{\"@type\":\"WebPage\",\"@id\":\"https:\/\/www.indieofilo.com\/en\/others\/first-trailer-from-sherlocks-fourth-season\",\"url\":\"https:\/\/www.indieofilo.com\/en\/others\/first-trailer-from-sherlocks-fourth-season\",\"name\":\"First trailer from Sherlock's fourth season - Indie\u00f3filo\",\"isPartOf\":{\"@id\":\"https:\/\/www.indieofilo.com\/#website\"},\"primaryImageOfPage\":{\"@id\":\"https:\/\/www.indieofilo.com\/en\/others\/first-trailer-from-sherlocks-fourth-season#primaryimage\"},\"image\":{\"@id\":\"https:\/\/www.indieofilo.com\/en\/others\/first-trailer-from-sherlocks-fourth-season#primaryimage\"},\"thumbnailUrl\":\"https:\/\/www.indieofilo.com\/wp-content\/uploads\/2016\/07\/first-trailer-from-sherlocks-fou.jpg\",\"datePublished\":\"2016-07-25T14:25:26+00:00\",\"dateModified\":\"2023-09-16T22:12:43+00:00\",\"description\":\"Although the season will not be broadcasted until 2017, yesterday was the premiere of the teaser of Sherlock's fourth season.\",\"breadcrumb\":{\"@id\":\"https:\/\/www.indieofilo.com\/en\/others\/first-trailer-from-sherlocks-fourth-season#breadcrumb\"},\"inLanguage\":\"en-US\",\"potentialAction\":[{\"@type\":\"ReadAction\",\"target\":[\"https:\/\/www.indieofilo.com\/en\/others\/first-trailer-from-sherlocks-fourth-season\"]}]},{\"@type\":\"ImageObject\",\"inLanguage\":\"en-US\",\"@id\":\"https:\/\/www.indieofilo.com\/en\/others\/first-trailer-from-sherlocks-fourth-season#primaryimage\",\"url\":\"https:\/\/www.indieofilo.com\/wp-content\/uploads\/2016\/07\/first-trailer-from-sherlocks-fou.jpg\",\"contentUrl\":\"https:\/\/www.indieofilo.com\/wp-content\/uploads\/2016\/07\/first-trailer-from-sherlocks-fou.jpg\",\"width\":1280,\"height\":720},{\"@type\":\"BreadcrumbList\",\"@id\":\"https:\/\/www.indieofilo.com\/en\/others\/first-trailer-from-sherlocks-fourth-season#breadcrumb\",\"itemListElement\":[{\"@type\":\"ListItem\",\"position\":1,\"name\":\"Portada\",\"item\":\"https:\/\/www.indieofilo.com\/en\"},{\"@type\":\"ListItem\",\"position\":2,\"name\":\"First trailer from Sherlock&#8217;s fourth season\"}]},{\"@type\":\"WebSite\",\"@id\":\"https:\/\/www.indieofilo.com\/#website\",\"url\":\"https:\/\/www.indieofilo.com\/\",\"name\":\"Indie\u00f3filo\",\"description\":\"Magazine online de la cultura independiente\",\"publisher\":{\"@id\":\"https:\/\/www.indieofilo.com\/#organization\"},\"potentialAction\":[{\"@type\":\"SearchAction\",\"target\":{\"@type\":\"EntryPoint\",\"urlTemplate\":\"https:\/\/www.indieofilo.com\/?s={search_term_string}\"},\"query-input\":{\"@type\":\"PropertyValueSpecification\",\"valueRequired\":true,\"valueName\":\"search_term_string\"}}],\"inLanguage\":\"en-US\"},{\"@type\":\"Organization\",\"@id\":\"https:\/\/www.indieofilo.com\/#organization\",\"name\":\"Indie\u00f3filo Web\",\"url\":\"https:\/\/www.indieofilo.com\/\",\"logo\":{\"@type\":\"ImageObject\",\"inLanguage\":\"en-US\",\"@id\":\"https:\/\/www.indieofilo.com\/#\/schema\/logo\/image\/\",\"url\":\"https:\/\/www.indieofilo.com\/wp-content\/uploads\/2015\/02\/logo-alta-resolucion.png\",\"contentUrl\":\"https:\/\/www.indieofilo.com\/wp-content\/uploads\/2015\/02\/logo-alta-resolucion.png\",\"width\":544,\"height\":185,\"caption\":\"Indie\u00f3filo Web\"},\"image\":{\"@id\":\"https:\/\/www.indieofilo.com\/#\/schema\/logo\/image\/\"},\"sameAs\":[\"https:\/\/www.facebook.com\/Indieofilo\/\",\"https:\/\/x.com\/indieofilo\",\"https:\/\/www.instagram.com\/indieofilo\/\"]},{\"@type\":\"Person\",\"@id\":\"https:\/\/www.indieofilo.com\/#\/schema\/person\/595334d38590e4ce5a09f83cbf2fca90\",\"name\":\"Victor\",\"image\":{\"@type\":\"ImageObject\",\"inLanguage\":\"en-US\",\"@id\":\"https:\/\/www.indieofilo.com\/#\/schema\/person\/image\/\",\"url\":\"https:\/\/secure.gravatar.com\/avatar\/682b8c6ea3e94b6cffec683b25f1797d?s=96&d=mm&r=g\",\"contentUrl\":\"https:\/\/secure.gravatar.com\/avatar\/682b8c6ea3e94b6cffec683b25f1797d?s=96&d=mm&r=g\",\"caption\":\"Victor\"},\"description\":\"Fan\u00e1tico de la m\u00fasica desde que mis padres me pon\u00edan a Eydie Gorme y Los Panchos o el Discotuna por la A2. Intent\u00e9 tocar varios instrumentos, pero soy muy torpe con la mano izquierda, as\u00ed que ya sab\u00e9is el resultado final. Fan del britpop, Post-punk, el rugby y el baloncesto...\",\"sameAs\":[\"http:\/\/indieofilo.com\"],\"url\":\"https:\/\/www.indieofilo.com\/en\/author\/victor\"}]}<\/script>\n<!-- \/ Yoast SEO Premium plugin. -->","yoast_head_json":{"title":"First trailer from Sherlock's fourth season - Indie\u00f3filo","description":"Although the season will not be broadcasted until 2017, yesterday was the premiere of the teaser of Sherlock's fourth season.","robots":{"index":"index","follow":"follow","max-snippet":"max-snippet:-1","max-image-preview":"max-image-preview:large","max-video-preview":"max-video-preview:-1"},"canonical":"https:\/\/www.indieofilo.com\/en\/others\/first-trailer-from-sherlocks-fourth-season","og_locale":"en_US","og_type":"article","og_title":"First trailer from Sherlock's fourth season","og_description":"Although the season will not be broadcasted until 2017, yesterday was the premiere of the teaser of Sherlock's fourth season.","og_url":"https:\/\/www.indieofilo.com\/en\/others\/first-trailer-from-sherlocks-fourth-season","og_site_name":"Indie\u00f3filo","article_publisher":"https:\/\/www.facebook.com\/Indieofilo\/","article_published_time":"2016-07-25T14:25:26+00:00","article_modified_time":"2023-09-16T22:12:43+00:00","og_image":[{"width":1280,"height":720,"url":"https:\/\/www.indieofilo.com\/wp-content\/uploads\/2016\/07\/first-trailer-from-sherlocks-fou.jpg","type":"image\/jpeg"}],"author":"Victor","twitter_card":"summary_large_image","twitter_creator":"@indieofilo","twitter_site":"@indieofilo","twitter_misc":{"Written by":"Victor","Est. reading time":"1 minute"},"schema":{"@context":"https:\/\/schema.org","@graph":[{"@type":"Article","@id":"https:\/\/www.indieofilo.com\/en\/others\/first-trailer-from-sherlocks-fourth-season#article","isPartOf":{"@id":"https:\/\/www.indieofilo.com\/en\/others\/first-trailer-from-sherlocks-fourth-season"},"author":{"name":"Victor","@id":"https:\/\/www.indieofilo.com\/#\/schema\/person\/595334d38590e4ce5a09f83cbf2fca90"},"headline":"First trailer from Sherlock&#8217;s fourth season","datePublished":"2016-07-25T14:25:26+00:00","dateModified":"2023-09-16T22:12:43+00:00","mainEntityOfPage":{"@id":"https:\/\/www.indieofilo.com\/en\/others\/first-trailer-from-sherlocks-fourth-season"},"wordCount":189,"commentCount":0,"publisher":{"@id":"https:\/\/www.indieofilo.com\/#organization"},"image":{"@id":"https:\/\/www.indieofilo.com\/en\/others\/first-trailer-from-sherlocks-fourth-season#primaryimage"},"thumbnailUrl":"https:\/\/www.indieofilo.com\/wp-content\/uploads\/2016\/07\/first-trailer-from-sherlocks-fou.jpg","keywords":["Sherlock"],"articleSection":["Others","TV"],"inLanguage":"en-US","potentialAction":[{"@type":"CommentAction","name":"Comment","target":["https:\/\/www.indieofilo.com\/en\/others\/first-trailer-from-sherlocks-fourth-season#respond"]}]},{"@type":"WebPage","@id":"https:\/\/www.indieofilo.com\/en\/others\/first-trailer-from-sherlocks-fourth-season","url":"https:\/\/www.indieofilo.com\/en\/others\/first-trailer-from-sherlocks-fourth-season","name":"First trailer from Sherlock's fourth season - Indie\u00f3filo","isPartOf":{"@id":"https:\/\/www.indieofilo.com\/#website"},"primaryImageOfPage":{"@id":"https:\/\/www.indieofilo.com\/en\/others\/first-trailer-from-sherlocks-fourth-season#primaryimage"},"image":{"@id":"https:\/\/www.indieofilo.com\/en\/others\/first-trailer-from-sherlocks-fourth-season#primaryimage"},"thumbnailUrl":"https:\/\/www.indieofilo.com\/wp-content\/uploads\/2016\/07\/first-trailer-from-sherlocks-fou.jpg","datePublished":"2016-07-25T14:25:26+00:00","dateModified":"2023-09-16T22:12:43+00:00","description":"Although the season will not be broadcasted until 2017, yesterday was the premiere of the teaser of Sherlock's fourth season.","breadcrumb":{"@id":"https:\/\/www.indieofilo.com\/en\/others\/first-trailer-from-sherlocks-fourth-season#breadcrumb"},"inLanguage":"en-US","potentialAction":[{"@type":"ReadAction","target":["https:\/\/www.indieofilo.com\/en\/others\/first-trailer-from-sherlocks-fourth-season"]}]},{"@type":"ImageObject","inLanguage":"en-US","@id":"https:\/\/www.indieofilo.com\/en\/others\/first-trailer-from-sherlocks-fourth-season#primaryimage","url":"https:\/\/www.indieofilo.com\/wp-content\/uploads\/2016\/07\/first-trailer-from-sherlocks-fou.jpg","contentUrl":"https:\/\/www.indieofilo.com\/wp-content\/uploads\/2016\/07\/first-trailer-from-sherlocks-fou.jpg","width":1280,"height":720},{"@type":"BreadcrumbList","@id":"https:\/\/www.indieofilo.com\/en\/others\/first-trailer-from-sherlocks-fourth-season#breadcrumb","itemListElement":[{"@type":"ListItem","position":1,"name":"Portada","item":"https:\/\/www.indieofilo.com\/en"},{"@type":"ListItem","position":2,"name":"First trailer from Sherlock&#8217;s fourth season"}]},{"@type":"WebSite","@id":"https:\/\/www.indieofilo.com\/#website","url":"https:\/\/www.indieofilo.com\/","name":"Indie\u00f3filo","description":"Magazine online de la cultura independiente","publisher":{"@id":"https:\/\/www.indieofilo.com\/#organization"},"potentialAction":[{"@type":"SearchAction","target":{"@type":"EntryPoint","urlTemplate":"https:\/\/www.indieofilo.com\/?s={search_term_string}"},"query-input":{"@type":"PropertyValueSpecification","valueRequired":true,"valueName":"search_term_string"}}],"inLanguage":"en-US"},{"@type":"Organization","@id":"https:\/\/www.indieofilo.com\/#organization","name":"Indie\u00f3filo Web","url":"https:\/\/www.indieofilo.com\/","logo":{"@type":"ImageObject","inLanguage":"en-US","@id":"https:\/\/www.indieofilo.com\/#\/schema\/logo\/image\/","url":"https:\/\/www.indieofilo.com\/wp-content\/uploads\/2015\/02\/logo-alta-resolucion.png","contentUrl":"https:\/\/www.indieofilo.com\/wp-content\/uploads\/2015\/02\/logo-alta-resolucion.png","width":544,"height":185,"caption":"Indie\u00f3filo Web"},"image":{"@id":"https:\/\/www.indieofilo.com\/#\/schema\/logo\/image\/"},"sameAs":["https:\/\/www.facebook.com\/Indieofilo\/","https:\/\/x.com\/indieofilo","https:\/\/www.instagram.com\/indieofilo\/"]},{"@type":"Person","@id":"https:\/\/www.indieofilo.com\/#\/schema\/person\/595334d38590e4ce5a09f83cbf2fca90","name":"Victor","image":{"@type":"ImageObject","inLanguage":"en-US","@id":"https:\/\/www.indieofilo.com\/#\/schema\/person\/image\/","url":"https:\/\/secure.gravatar.com\/avatar\/682b8c6ea3e94b6cffec683b25f1797d?s=96&d=mm&r=g","contentUrl":"https:\/\/secure.gravatar.com\/avatar\/682b8c6ea3e94b6cffec683b25f1797d?s=96&d=mm&r=g","caption":"Victor"},"description":"Fan\u00e1tico de la m\u00fasica desde que mis padres me pon\u00edan a Eydie Gorme y Los Panchos o el Discotuna por la A2. Intent\u00e9 tocar varios instrumentos, pero soy muy torpe con la mano izquierda, as\u00ed que ya sab\u00e9is el resultado final. Fan del britpop, Post-punk, el rugby y el baloncesto...","sameAs":["http:\/\/indieofilo.com"],"url":"https:\/\/www.indieofilo.com\/en\/author\/victor"}]}},"_links":{"self":[{"href":"https:\/\/www.indieofilo.com\/en\/wp-json\/wp\/v2\/posts\/7138","targetHints":{"allow":["GET"]}}],"collection":[{"href":"https:\/\/www.indieofilo.com\/en\/wp-json\/wp\/v2\/posts"}],"about":[{"href":"https:\/\/www.indieofilo.com\/en\/wp-json\/wp\/v2\/types\/post"}],"author":[{"embeddable":true,"href":"https:\/\/www.indieofilo.com\/en\/wp-json\/wp\/v2\/users\/1"}],"replies":[{"embeddable":true,"href":"https:\/\/www.indieofilo.com\/en\/wp-json\/wp\/v2\/comments?post=7138"}],"version-history":[{"count":0,"href":"https:\/\/www.indieofilo.com\/en\/wp-json\/wp\/v2\/posts\/7138\/revisions"}],"wp:featuredmedia":[{"embeddable":true,"href":"https:\/\/www.indieofilo.com\/en\/wp-json\/wp\/v2\/media\/7140"}],"wp:attachment":[{"href":"https:\/\/www.indieofilo.com\/en\/wp-json\/wp\/v2\/media?parent=7138"}],"wp:term":[{"taxonomy":"category","embeddable":true,"href":"https:\/\/www.indieofilo.com\/en\/wp-json\/wp\/v2\/categories?post=7138"},{"taxonomy":"post_tag","embeddable":true,"href":"https:\/\/www.indieofilo.com\/en\/wp-json\/wp\/v2\/tags?post=7138"}],"curies":[{"name":"wp","href":"https:\/\/api.w.org\/{rel}","templated":true}]}}