{"id":5436,"date":"2016-04-18T13:20:26","date_gmt":"2016-04-18T11:20:26","guid":{"rendered":"http:\/\/indieofilo.com\/?p=5436"},"modified":"2023-09-19T10:56:14","modified_gmt":"2023-09-19T08:56:14","slug":"suede-confirmed-for-low-festival-2016","status":"publish","type":"post","link":"https:\/\/www.indieofilo.com\/en\/news\/suede-confirmed-for-low-festival-2016","title":{"rendered":"Suede confirmed for Low Festival 2016"},"content":{"rendered":"<p style=\"text-align: justify;\">\n\t<img fetchpriority=\"high\" decoding=\"async\" alt=\"Low festival 2016 - Suede\" class=\"aligncenter size-large wp-image-5434\" height=\"533\" src=\"http:\/\/indieofilo.com\/wp-content\/uploads\/2016\/04\/Low-festival-2106-Suede-533x533.jpg\" width=\"533\" \/><\/p>\n<p style=\"text-align: justify;\">\n\tOne month after confirming&nbsp;Peaches or Sr.Chinarro, <strong>Low Festival 2016<\/strong> has just announced a new headliner for this year edition. The winners were <strong>Suede<\/strong>, the band led by <strong>Brett Anderson<\/strong>, that will perform at Spanish&nbsp;festival their latest album <em>Night Thoughts<\/em>&nbsp;and will join The Kooks, Los Planetas, Vetusta Morla, Hot Chip, Love Of Lesbian or 091, among others, confirmed on the lasts months. Indie&oacute;filo has already enjoyed with the live performance of London band <a href=\"http:\/\/indieofilo.com\/gig-reviews\/suede-29th-january-2016-paradiso-amsterdam?lang=en\" target=\"_blank\" rel=\"noopener\">a few months ago at the Amsterdam&#39;s room Paradiso<\/a>, in which was one of the first shows of the European tour, and as we wrote on the review, their concert was amazing and&nbsp;and will certainly surprise many in their visit to the Levantine coast.<\/p>\n<p style=\"text-align: justify;\">\n\tWe remind you that tickets for the festival, that will be held from 29th to 31st of July in&nbsp;Benidorm (Alicante), can be found until next Thursday 21st April with a promotional prize of 61&euro; <a href=\"http:\/\/lowfestival.es\/abonos\/\">at the official Website of the Festival<\/a>, when a new prize is expected.<\/p>\n","protected":false},"excerpt":{"rendered":"<p>One month after confirming&nbsp;Peaches or Sr.Chinarro, Low Festival 2016 has just announced a new headliner for this year edition. The winners were Suede, the band led by Brett Anderson, that will perform at Spanish&nbsp;festival their latest album Night Thoughts&nbsp;and will join The Kooks, Los Planetas, Vetusta Morla, Hot Chip, Love Of Lesbian or 091, among [&hellip;]<\/p>\n","protected":false},"author":1,"featured_media":19552,"comment_status":"open","ping_status":"closed","sticky":false,"template":"","format":"standard","meta":{"footnotes":""},"categories":[41,8],"tags":[5516,5931,5024],"class_list":["post-5436","post","type-post","status-publish","format-standard","has-post-thumbnail","hentry","category-live-shows","category-news","tag-low-festival-en","tag-low-festival-2016-en","tag-suede-en"],"yoast_head":"<!-- This site is optimized with the Yoast SEO Premium plugin v23.9 (Yoast SEO v26.6) - https:\/\/yoast.com\/wordpress\/plugins\/seo\/ -->\n<title>Suede confirmed for Low Festival 2016 - Indie\u00f3filo<\/title>\n<meta name=\"description\" content=\"The London band Suede, led by Brett Anderson, will perform at Spanish\u00a0Low Festival 2016 their latest album Night Thoughts.\" \/>\n<meta name=\"robots\" content=\"index, follow, max-snippet:-1, max-image-preview:large, max-video-preview:-1\" \/>\n<link rel=\"canonical\" href=\"https:\/\/www.indieofilo.com\/en\/news\/suede-confirmed-for-low-festival-2016\" \/>\n<meta property=\"og:locale\" content=\"en_US\" \/>\n<meta property=\"og:type\" content=\"article\" \/>\n<meta property=\"og:title\" content=\"Suede confirmed for Low Festival 2016\" \/>\n<meta property=\"og:description\" content=\"The London band Suede, led by Brett Anderson, will perform at Spanish\u00a0Low Festival 2016 their latest album Night Thoughts.\" \/>\n<meta property=\"og:url\" content=\"https:\/\/www.indieofilo.com\/en\/news\/suede-confirmed-for-low-festival-2016\" \/>\n<meta property=\"og:site_name\" content=\"Indie\u00f3filo\" \/>\n<meta property=\"article:publisher\" content=\"https:\/\/www.facebook.com\/Indieofilo\/\" \/>\n<meta property=\"article:published_time\" content=\"2016-04-18T11:20:26+00:00\" \/>\n<meta property=\"article:modified_time\" content=\"2023-09-19T08:56:14+00:00\" \/>\n<meta property=\"og:image\" content=\"https:\/\/www.indieofilo.com\/wp-content\/uploads\/2016\/04\/Low-festival-2106-Suede.jpg\" \/>\n\t<meta property=\"og:image:width\" content=\"600\" \/>\n\t<meta property=\"og:image:height\" content=\"600\" \/>\n\t<meta property=\"og:image:type\" content=\"image\/jpeg\" \/>\n<meta name=\"author\" content=\"Victor\" \/>\n<meta name=\"twitter:card\" content=\"summary_large_image\" \/>\n<meta name=\"twitter:creator\" content=\"@indieofilo\" \/>\n<meta name=\"twitter:site\" content=\"@indieofilo\" \/>\n<meta name=\"twitter:label1\" content=\"Written by\" \/>\n\t<meta name=\"twitter:data1\" content=\"Victor\" \/>\n\t<meta name=\"twitter:label2\" content=\"Est. reading time\" \/>\n\t<meta name=\"twitter:data2\" content=\"1 minute\" \/>\n<script type=\"application\/ld+json\" class=\"yoast-schema-graph\">{\"@context\":\"https:\/\/schema.org\",\"@graph\":[{\"@type\":\"Article\",\"@id\":\"https:\/\/www.indieofilo.com\/en\/news\/suede-confirmed-for-low-festival-2016#article\",\"isPartOf\":{\"@id\":\"https:\/\/www.indieofilo.com\/en\/news\/suede-confirmed-for-low-festival-2016\"},\"author\":{\"name\":\"Victor\",\"@id\":\"https:\/\/www.indieofilo.com\/#\/schema\/person\/595334d38590e4ce5a09f83cbf2fca90\"},\"headline\":\"Suede confirmed for Low Festival 2016\",\"datePublished\":\"2016-04-18T11:20:26+00:00\",\"dateModified\":\"2023-09-19T08:56:14+00:00\",\"mainEntityOfPage\":{\"@id\":\"https:\/\/www.indieofilo.com\/en\/news\/suede-confirmed-for-low-festival-2016\"},\"wordCount\":180,\"commentCount\":0,\"publisher\":{\"@id\":\"https:\/\/www.indieofilo.com\/#organization\"},\"image\":{\"@id\":\"https:\/\/www.indieofilo.com\/en\/news\/suede-confirmed-for-low-festival-2016#primaryimage\"},\"thumbnailUrl\":\"https:\/\/www.indieofilo.com\/wp-content\/uploads\/2016\/04\/Low-festival-2106-Suede.jpg\",\"keywords\":[\"Low Festival\",\"Low Festival 2016\",\"Suede\"],\"articleSection\":[\"Live Shows\",\"News\"],\"inLanguage\":\"en-US\",\"potentialAction\":[{\"@type\":\"CommentAction\",\"name\":\"Comment\",\"target\":[\"https:\/\/www.indieofilo.com\/en\/news\/suede-confirmed-for-low-festival-2016#respond\"]}]},{\"@type\":\"WebPage\",\"@id\":\"https:\/\/www.indieofilo.com\/en\/news\/suede-confirmed-for-low-festival-2016\",\"url\":\"https:\/\/www.indieofilo.com\/en\/news\/suede-confirmed-for-low-festival-2016\",\"name\":\"Suede confirmed for Low Festival 2016 - Indie\u00f3filo\",\"isPartOf\":{\"@id\":\"https:\/\/www.indieofilo.com\/#website\"},\"primaryImageOfPage\":{\"@id\":\"https:\/\/www.indieofilo.com\/en\/news\/suede-confirmed-for-low-festival-2016#primaryimage\"},\"image\":{\"@id\":\"https:\/\/www.indieofilo.com\/en\/news\/suede-confirmed-for-low-festival-2016#primaryimage\"},\"thumbnailUrl\":\"https:\/\/www.indieofilo.com\/wp-content\/uploads\/2016\/04\/Low-festival-2106-Suede.jpg\",\"datePublished\":\"2016-04-18T11:20:26+00:00\",\"dateModified\":\"2023-09-19T08:56:14+00:00\",\"description\":\"The London band Suede, led by Brett Anderson, will perform at Spanish\u00a0Low Festival 2016 their latest album Night Thoughts.\",\"breadcrumb\":{\"@id\":\"https:\/\/www.indieofilo.com\/en\/news\/suede-confirmed-for-low-festival-2016#breadcrumb\"},\"inLanguage\":\"en-US\",\"potentialAction\":[{\"@type\":\"ReadAction\",\"target\":[\"https:\/\/www.indieofilo.com\/en\/news\/suede-confirmed-for-low-festival-2016\"]}]},{\"@type\":\"ImageObject\",\"inLanguage\":\"en-US\",\"@id\":\"https:\/\/www.indieofilo.com\/en\/news\/suede-confirmed-for-low-festival-2016#primaryimage\",\"url\":\"https:\/\/www.indieofilo.com\/wp-content\/uploads\/2016\/04\/Low-festival-2106-Suede.jpg\",\"contentUrl\":\"https:\/\/www.indieofilo.com\/wp-content\/uploads\/2016\/04\/Low-festival-2106-Suede.jpg\",\"width\":600,\"height\":600},{\"@type\":\"BreadcrumbList\",\"@id\":\"https:\/\/www.indieofilo.com\/en\/news\/suede-confirmed-for-low-festival-2016#breadcrumb\",\"itemListElement\":[{\"@type\":\"ListItem\",\"position\":1,\"name\":\"Portada\",\"item\":\"https:\/\/www.indieofilo.com\/en\"},{\"@type\":\"ListItem\",\"position\":2,\"name\":\"Suede confirmed for Low Festival 2016\"}]},{\"@type\":\"WebSite\",\"@id\":\"https:\/\/www.indieofilo.com\/#website\",\"url\":\"https:\/\/www.indieofilo.com\/\",\"name\":\"Indie\u00f3filo\",\"description\":\"Magazine online de la cultura independiente\",\"publisher\":{\"@id\":\"https:\/\/www.indieofilo.com\/#organization\"},\"potentialAction\":[{\"@type\":\"SearchAction\",\"target\":{\"@type\":\"EntryPoint\",\"urlTemplate\":\"https:\/\/www.indieofilo.com\/?s={search_term_string}\"},\"query-input\":{\"@type\":\"PropertyValueSpecification\",\"valueRequired\":true,\"valueName\":\"search_term_string\"}}],\"inLanguage\":\"en-US\"},{\"@type\":\"Organization\",\"@id\":\"https:\/\/www.indieofilo.com\/#organization\",\"name\":\"Indie\u00f3filo Web\",\"url\":\"https:\/\/www.indieofilo.com\/\",\"logo\":{\"@type\":\"ImageObject\",\"inLanguage\":\"en-US\",\"@id\":\"https:\/\/www.indieofilo.com\/#\/schema\/logo\/image\/\",\"url\":\"https:\/\/www.indieofilo.com\/wp-content\/uploads\/2015\/02\/logo-alta-resolucion.png\",\"contentUrl\":\"https:\/\/www.indieofilo.com\/wp-content\/uploads\/2015\/02\/logo-alta-resolucion.png\",\"width\":544,\"height\":185,\"caption\":\"Indie\u00f3filo Web\"},\"image\":{\"@id\":\"https:\/\/www.indieofilo.com\/#\/schema\/logo\/image\/\"},\"sameAs\":[\"https:\/\/www.facebook.com\/Indieofilo\/\",\"https:\/\/x.com\/indieofilo\",\"https:\/\/www.instagram.com\/indieofilo\/\"]},{\"@type\":\"Person\",\"@id\":\"https:\/\/www.indieofilo.com\/#\/schema\/person\/595334d38590e4ce5a09f83cbf2fca90\",\"name\":\"Victor\",\"image\":{\"@type\":\"ImageObject\",\"inLanguage\":\"en-US\",\"@id\":\"https:\/\/www.indieofilo.com\/#\/schema\/person\/image\/\",\"url\":\"https:\/\/secure.gravatar.com\/avatar\/682b8c6ea3e94b6cffec683b25f1797d?s=96&d=mm&r=g\",\"contentUrl\":\"https:\/\/secure.gravatar.com\/avatar\/682b8c6ea3e94b6cffec683b25f1797d?s=96&d=mm&r=g\",\"caption\":\"Victor\"},\"description\":\"Fan\u00e1tico de la m\u00fasica desde que mis padres me pon\u00edan a Eydie Gorme y Los Panchos o el Discotuna por la A2. Intent\u00e9 tocar varios instrumentos, pero soy muy torpe con la mano izquierda, as\u00ed que ya sab\u00e9is el resultado final. Fan del britpop, Post-punk, el rugby y el baloncesto...\",\"sameAs\":[\"http:\/\/indieofilo.com\"],\"url\":\"https:\/\/www.indieofilo.com\/en\/author\/victor\"}]}<\/script>\n<!-- \/ Yoast SEO Premium plugin. -->","yoast_head_json":{"title":"Suede confirmed for Low Festival 2016 - Indie\u00f3filo","description":"The London band Suede, led by Brett Anderson, will perform at Spanish\u00a0Low Festival 2016 their latest album Night Thoughts.","robots":{"index":"index","follow":"follow","max-snippet":"max-snippet:-1","max-image-preview":"max-image-preview:large","max-video-preview":"max-video-preview:-1"},"canonical":"https:\/\/www.indieofilo.com\/en\/news\/suede-confirmed-for-low-festival-2016","og_locale":"en_US","og_type":"article","og_title":"Suede confirmed for Low Festival 2016","og_description":"The London band Suede, led by Brett Anderson, will perform at Spanish\u00a0Low Festival 2016 their latest album Night Thoughts.","og_url":"https:\/\/www.indieofilo.com\/en\/news\/suede-confirmed-for-low-festival-2016","og_site_name":"Indie\u00f3filo","article_publisher":"https:\/\/www.facebook.com\/Indieofilo\/","article_published_time":"2016-04-18T11:20:26+00:00","article_modified_time":"2023-09-19T08:56:14+00:00","og_image":[{"width":600,"height":600,"url":"https:\/\/www.indieofilo.com\/wp-content\/uploads\/2016\/04\/Low-festival-2106-Suede.jpg","type":"image\/jpeg"}],"author":"Victor","twitter_card":"summary_large_image","twitter_creator":"@indieofilo","twitter_site":"@indieofilo","twitter_misc":{"Written by":"Victor","Est. reading time":"1 minute"},"schema":{"@context":"https:\/\/schema.org","@graph":[{"@type":"Article","@id":"https:\/\/www.indieofilo.com\/en\/news\/suede-confirmed-for-low-festival-2016#article","isPartOf":{"@id":"https:\/\/www.indieofilo.com\/en\/news\/suede-confirmed-for-low-festival-2016"},"author":{"name":"Victor","@id":"https:\/\/www.indieofilo.com\/#\/schema\/person\/595334d38590e4ce5a09f83cbf2fca90"},"headline":"Suede confirmed for Low Festival 2016","datePublished":"2016-04-18T11:20:26+00:00","dateModified":"2023-09-19T08:56:14+00:00","mainEntityOfPage":{"@id":"https:\/\/www.indieofilo.com\/en\/news\/suede-confirmed-for-low-festival-2016"},"wordCount":180,"commentCount":0,"publisher":{"@id":"https:\/\/www.indieofilo.com\/#organization"},"image":{"@id":"https:\/\/www.indieofilo.com\/en\/news\/suede-confirmed-for-low-festival-2016#primaryimage"},"thumbnailUrl":"https:\/\/www.indieofilo.com\/wp-content\/uploads\/2016\/04\/Low-festival-2106-Suede.jpg","keywords":["Low Festival","Low Festival 2016","Suede"],"articleSection":["Live Shows","News"],"inLanguage":"en-US","potentialAction":[{"@type":"CommentAction","name":"Comment","target":["https:\/\/www.indieofilo.com\/en\/news\/suede-confirmed-for-low-festival-2016#respond"]}]},{"@type":"WebPage","@id":"https:\/\/www.indieofilo.com\/en\/news\/suede-confirmed-for-low-festival-2016","url":"https:\/\/www.indieofilo.com\/en\/news\/suede-confirmed-for-low-festival-2016","name":"Suede confirmed for Low Festival 2016 - Indie\u00f3filo","isPartOf":{"@id":"https:\/\/www.indieofilo.com\/#website"},"primaryImageOfPage":{"@id":"https:\/\/www.indieofilo.com\/en\/news\/suede-confirmed-for-low-festival-2016#primaryimage"},"image":{"@id":"https:\/\/www.indieofilo.com\/en\/news\/suede-confirmed-for-low-festival-2016#primaryimage"},"thumbnailUrl":"https:\/\/www.indieofilo.com\/wp-content\/uploads\/2016\/04\/Low-festival-2106-Suede.jpg","datePublished":"2016-04-18T11:20:26+00:00","dateModified":"2023-09-19T08:56:14+00:00","description":"The London band Suede, led by Brett Anderson, will perform at Spanish\u00a0Low Festival 2016 their latest album Night Thoughts.","breadcrumb":{"@id":"https:\/\/www.indieofilo.com\/en\/news\/suede-confirmed-for-low-festival-2016#breadcrumb"},"inLanguage":"en-US","potentialAction":[{"@type":"ReadAction","target":["https:\/\/www.indieofilo.com\/en\/news\/suede-confirmed-for-low-festival-2016"]}]},{"@type":"ImageObject","inLanguage":"en-US","@id":"https:\/\/www.indieofilo.com\/en\/news\/suede-confirmed-for-low-festival-2016#primaryimage","url":"https:\/\/www.indieofilo.com\/wp-content\/uploads\/2016\/04\/Low-festival-2106-Suede.jpg","contentUrl":"https:\/\/www.indieofilo.com\/wp-content\/uploads\/2016\/04\/Low-festival-2106-Suede.jpg","width":600,"height":600},{"@type":"BreadcrumbList","@id":"https:\/\/www.indieofilo.com\/en\/news\/suede-confirmed-for-low-festival-2016#breadcrumb","itemListElement":[{"@type":"ListItem","position":1,"name":"Portada","item":"https:\/\/www.indieofilo.com\/en"},{"@type":"ListItem","position":2,"name":"Suede confirmed for Low Festival 2016"}]},{"@type":"WebSite","@id":"https:\/\/www.indieofilo.com\/#website","url":"https:\/\/www.indieofilo.com\/","name":"Indie\u00f3filo","description":"Magazine online de la cultura independiente","publisher":{"@id":"https:\/\/www.indieofilo.com\/#organization"},"potentialAction":[{"@type":"SearchAction","target":{"@type":"EntryPoint","urlTemplate":"https:\/\/www.indieofilo.com\/?s={search_term_string}"},"query-input":{"@type":"PropertyValueSpecification","valueRequired":true,"valueName":"search_term_string"}}],"inLanguage":"en-US"},{"@type":"Organization","@id":"https:\/\/www.indieofilo.com\/#organization","name":"Indie\u00f3filo Web","url":"https:\/\/www.indieofilo.com\/","logo":{"@type":"ImageObject","inLanguage":"en-US","@id":"https:\/\/www.indieofilo.com\/#\/schema\/logo\/image\/","url":"https:\/\/www.indieofilo.com\/wp-content\/uploads\/2015\/02\/logo-alta-resolucion.png","contentUrl":"https:\/\/www.indieofilo.com\/wp-content\/uploads\/2015\/02\/logo-alta-resolucion.png","width":544,"height":185,"caption":"Indie\u00f3filo Web"},"image":{"@id":"https:\/\/www.indieofilo.com\/#\/schema\/logo\/image\/"},"sameAs":["https:\/\/www.facebook.com\/Indieofilo\/","https:\/\/x.com\/indieofilo","https:\/\/www.instagram.com\/indieofilo\/"]},{"@type":"Person","@id":"https:\/\/www.indieofilo.com\/#\/schema\/person\/595334d38590e4ce5a09f83cbf2fca90","name":"Victor","image":{"@type":"ImageObject","inLanguage":"en-US","@id":"https:\/\/www.indieofilo.com\/#\/schema\/person\/image\/","url":"https:\/\/secure.gravatar.com\/avatar\/682b8c6ea3e94b6cffec683b25f1797d?s=96&d=mm&r=g","contentUrl":"https:\/\/secure.gravatar.com\/avatar\/682b8c6ea3e94b6cffec683b25f1797d?s=96&d=mm&r=g","caption":"Victor"},"description":"Fan\u00e1tico de la m\u00fasica desde que mis padres me pon\u00edan a Eydie Gorme y Los Panchos o el Discotuna por la A2. Intent\u00e9 tocar varios instrumentos, pero soy muy torpe con la mano izquierda, as\u00ed que ya sab\u00e9is el resultado final. Fan del britpop, Post-punk, el rugby y el baloncesto...","sameAs":["http:\/\/indieofilo.com"],"url":"https:\/\/www.indieofilo.com\/en\/author\/victor"}]}},"_links":{"self":[{"href":"https:\/\/www.indieofilo.com\/en\/wp-json\/wp\/v2\/posts\/5436","targetHints":{"allow":["GET"]}}],"collection":[{"href":"https:\/\/www.indieofilo.com\/en\/wp-json\/wp\/v2\/posts"}],"about":[{"href":"https:\/\/www.indieofilo.com\/en\/wp-json\/wp\/v2\/types\/post"}],"author":[{"embeddable":true,"href":"https:\/\/www.indieofilo.com\/en\/wp-json\/wp\/v2\/users\/1"}],"replies":[{"embeddable":true,"href":"https:\/\/www.indieofilo.com\/en\/wp-json\/wp\/v2\/comments?post=5436"}],"version-history":[{"count":0,"href":"https:\/\/www.indieofilo.com\/en\/wp-json\/wp\/v2\/posts\/5436\/revisions"}],"wp:featuredmedia":[{"embeddable":true,"href":"https:\/\/www.indieofilo.com\/en\/wp-json\/wp\/v2\/media\/19552"}],"wp:attachment":[{"href":"https:\/\/www.indieofilo.com\/en\/wp-json\/wp\/v2\/media?parent=5436"}],"wp:term":[{"taxonomy":"category","embeddable":true,"href":"https:\/\/www.indieofilo.com\/en\/wp-json\/wp\/v2\/categories?post=5436"},{"taxonomy":"post_tag","embeddable":true,"href":"https:\/\/www.indieofilo.com\/en\/wp-json\/wp\/v2\/tags?post=5436"}],"curies":[{"name":"wp","href":"https:\/\/api.w.org\/{rel}","templated":true}]}}