{"id":5170,"date":"2016-03-30T12:55:52","date_gmt":"2016-03-30T10:55:52","guid":{"rendered":"http:\/\/indieofilo.com\/?p=5170"},"modified":"2023-10-22T01:37:22","modified_gmt":"2023-10-21T23:37:22","slug":"jake-bugg-or-the-kills-to-lowlands-2016","status":"publish","type":"post","link":"https:\/\/www.indieofilo.com\/en\/news\/jake-bugg-or-the-kills-to-lowlands-2016","title":{"rendered":"Jake Bugg or The Kills, to Lowlands 2016"},"content":{"rendered":"<p style=\"text-align: justify;\">\n\t<img fetchpriority=\"high\" decoding=\"async\" alt=\"Lowlands 2016 - Jake Bugg\" class=\"aligncenter size-large wp-image-5167\" height=\"533\" src=\"http:\/\/indieofilo.com\/wp-content\/uploads\/2016\/03\/Lowlands-2016-Jake-Bugg-533x533.jpg\" width=\"533\" \/><\/p>\n<p style=\"text-align: justify;\">\n\tThree weeks after <a href=\"http:\/\/indieofilo.com\/noticias\/conciertos\/15-nuevos-nombres-lowlands-2016\">having confirmed Biffy Clyro or James Blake<\/a>, the organisers of&nbsp;Dutch Festival&nbsp;<strong>Lowlands 2016&nbsp;<\/strong>have just announced a new batch of names&nbsp;for the line-up. On it highlights <strong>Jake Bugg, Warpaint, The Kills<\/strong>&nbsp;and locals<strong>&nbsp;De Staat<\/strong>, that launched one of teh best albums of the year,&nbsp;but also includes <strong>Noisia, The Neighbourhood,&nbsp; Edward Sharpe &amp; The Magnetic Zeros, Andy C,&nbsp;Tiga, Causes, The Internet, NAO, Weval, B&Oslash;RNS, Caravan Palace, Pumarosa, The Academic, Brian Fallon &amp; The Crowes, STUFF., Soom T, Charlotte OC, Highly Suspect, Keith Ape, Rag&#39;n&#39;Bone Man<\/strong>&nbsp;and&nbsp;<strong>Wakrat<\/strong>.<\/p>\n<p style=\"text-align: justify;\">\n\tWe remind you that tickerts for the festival, that will&nbsp;be held in Biddinghuizen from 19 to 21 August&nbsp;and that includes on its line-up bands like&nbsp;Foals, Sigur Ros,&nbsp;LCD Soundsystem, Disclosure, Chvrches or The Last Shadow Puppets,&nbsp;among others,&nbsp;are available at its <a href=\"http:\/\/lowlands.nl\/tickets\/\" target=\"_blank\" rel=\"noopener\">official Website<\/a>&nbsp;with a starting price of&nbsp;185 Euro.<\/p>\n","protected":false},"excerpt":{"rendered":"<p>Three weeks after having confirmed Biffy Clyro or James Blake, the organisers of&nbsp;Dutch Festival&nbsp;Lowlands 2016&nbsp;have just announced a new batch of names&nbsp;for the line-up. On it highlights Jake Bugg, Warpaint, The Kills&nbsp;and locals&nbsp;De Staat, that launched one of teh best albums of the year,&nbsp;but also includes Noisia, The Neighbourhood,&nbsp; Edward Sharpe &amp; The Magnetic Zeros, [&hellip;]<\/p>\n","protected":false},"author":1,"featured_media":19450,"comment_status":"open","ping_status":"closed","sticky":false,"template":"","format":"standard","meta":{"footnotes":""},"categories":[41,8],"tags":[5985,5982,5764,5322,5396,5757,5983,5333,5954,5984,5001,5216],"class_list":["post-5170","post","type-post","status-publish","format-standard","has-post-thumbnail","hentry","category-live-shows","category-news","tag-andy-c-en","tag-charlotte-oc-en","tag-edward-sharpe-and-the-magnetic-zeros-en","tag-jake-bugg-en","tag-lowlands-en","tag-lowlands-2016-en","tag-noisia-en","tag-pumarosa-en","tag-the-kills-en","tag-the-neighbourhood-en","tag-tiga-en","tag-warpaint-en"],"yoast_head":"<!-- This site is optimized with the Yoast SEO Premium plugin v23.9 (Yoast SEO v26.6) - https:\/\/yoast.com\/wordpress\/plugins\/seo\/ -->\n<title>Jake Bugg or The Kills, to Lowlands 2016 - Indie\u00f3filo<\/title>\n<meta name=\"description\" content=\"Also Warpaint, De Staat, Noisia, The Neighbourhood,\u00a0 Edward Sharpe &amp; The Magnetic Zeros, Andy C or\u00a0Tiga, among the new names confirmed.\" \/>\n<meta name=\"robots\" content=\"index, follow, max-snippet:-1, max-image-preview:large, max-video-preview:-1\" \/>\n<link rel=\"canonical\" href=\"https:\/\/www.indieofilo.com\/en\/news\/jake-bugg-or-the-kills-to-lowlands-2016\" \/>\n<meta property=\"og:locale\" content=\"en_US\" \/>\n<meta property=\"og:type\" content=\"article\" \/>\n<meta property=\"og:title\" content=\"Jake Bugg or The Kills, to Lowlands 2016\" \/>\n<meta property=\"og:description\" content=\"Also Warpaint, De Staat, Noisia, The Neighbourhood,\u00a0 Edward Sharpe &amp; The Magnetic Zeros, Andy C or\u00a0Tiga, among the new names confirmed.\" \/>\n<meta property=\"og:url\" content=\"https:\/\/www.indieofilo.com\/en\/news\/jake-bugg-or-the-kills-to-lowlands-2016\" \/>\n<meta property=\"og:site_name\" content=\"Indie\u00f3filo\" \/>\n<meta property=\"article:publisher\" content=\"https:\/\/www.facebook.com\/Indieofilo\/\" \/>\n<meta property=\"article:published_time\" content=\"2016-03-30T10:55:52+00:00\" \/>\n<meta property=\"article:modified_time\" content=\"2023-10-21T23:37:22+00:00\" \/>\n<meta property=\"og:image\" content=\"https:\/\/www.indieofilo.com\/wp-content\/uploads\/2016\/03\/Lowlands-2016-Jake-Bugg.jpg\" \/>\n\t<meta property=\"og:image:width\" content=\"800\" \/>\n\t<meta property=\"og:image:height\" content=\"800\" \/>\n\t<meta property=\"og:image:type\" content=\"image\/jpeg\" \/>\n<meta name=\"author\" content=\"Victor\" \/>\n<meta name=\"twitter:card\" content=\"summary_large_image\" \/>\n<meta name=\"twitter:creator\" content=\"@indieofilo\" \/>\n<meta name=\"twitter:site\" content=\"@indieofilo\" \/>\n<meta name=\"twitter:label1\" content=\"Written by\" \/>\n\t<meta name=\"twitter:data1\" content=\"Victor\" \/>\n\t<meta name=\"twitter:label2\" content=\"Est. reading time\" \/>\n\t<meta name=\"twitter:data2\" content=\"1 minute\" \/>\n<script type=\"application\/ld+json\" class=\"yoast-schema-graph\">{\"@context\":\"https:\/\/schema.org\",\"@graph\":[{\"@type\":\"Article\",\"@id\":\"https:\/\/www.indieofilo.com\/en\/news\/jake-bugg-or-the-kills-to-lowlands-2016#article\",\"isPartOf\":{\"@id\":\"https:\/\/www.indieofilo.com\/en\/news\/jake-bugg-or-the-kills-to-lowlands-2016\"},\"author\":{\"name\":\"Victor\",\"@id\":\"https:\/\/www.indieofilo.com\/#\/schema\/person\/595334d38590e4ce5a09f83cbf2fca90\"},\"headline\":\"Jake Bugg or The Kills, to Lowlands 2016\",\"datePublished\":\"2016-03-30T10:55:52+00:00\",\"dateModified\":\"2023-10-21T23:37:22+00:00\",\"mainEntityOfPage\":{\"@id\":\"https:\/\/www.indieofilo.com\/en\/news\/jake-bugg-or-the-kills-to-lowlands-2016\"},\"wordCount\":174,\"commentCount\":0,\"publisher\":{\"@id\":\"https:\/\/www.indieofilo.com\/#organization\"},\"image\":{\"@id\":\"https:\/\/www.indieofilo.com\/en\/news\/jake-bugg-or-the-kills-to-lowlands-2016#primaryimage\"},\"thumbnailUrl\":\"https:\/\/www.indieofilo.com\/wp-content\/uploads\/2016\/03\/Lowlands-2016-Jake-Bugg.jpg\",\"keywords\":[\"Andy C\",\"Charlotte OC\",\"Edward Sharpe and the Magnetic Zeros\",\"Jake Bugg\",\"Lowlands\",\"Lowlands 2016\",\"Noisia\",\"Pumarosa\",\"The Kills\",\"The Neighbourhood\",\"Tiga\",\"Warpaint\"],\"articleSection\":[\"Live Shows\",\"News\"],\"inLanguage\":\"en-US\",\"potentialAction\":[{\"@type\":\"CommentAction\",\"name\":\"Comment\",\"target\":[\"https:\/\/www.indieofilo.com\/en\/news\/jake-bugg-or-the-kills-to-lowlands-2016#respond\"]}]},{\"@type\":\"WebPage\",\"@id\":\"https:\/\/www.indieofilo.com\/en\/news\/jake-bugg-or-the-kills-to-lowlands-2016\",\"url\":\"https:\/\/www.indieofilo.com\/en\/news\/jake-bugg-or-the-kills-to-lowlands-2016\",\"name\":\"Jake Bugg or The Kills, to Lowlands 2016 - Indie\u00f3filo\",\"isPartOf\":{\"@id\":\"https:\/\/www.indieofilo.com\/#website\"},\"primaryImageOfPage\":{\"@id\":\"https:\/\/www.indieofilo.com\/en\/news\/jake-bugg-or-the-kills-to-lowlands-2016#primaryimage\"},\"image\":{\"@id\":\"https:\/\/www.indieofilo.com\/en\/news\/jake-bugg-or-the-kills-to-lowlands-2016#primaryimage\"},\"thumbnailUrl\":\"https:\/\/www.indieofilo.com\/wp-content\/uploads\/2016\/03\/Lowlands-2016-Jake-Bugg.jpg\",\"datePublished\":\"2016-03-30T10:55:52+00:00\",\"dateModified\":\"2023-10-21T23:37:22+00:00\",\"description\":\"Also Warpaint, De Staat, Noisia, The Neighbourhood,\u00a0 Edward Sharpe & The Magnetic Zeros, Andy C or\u00a0Tiga, among the new names confirmed.\",\"breadcrumb\":{\"@id\":\"https:\/\/www.indieofilo.com\/en\/news\/jake-bugg-or-the-kills-to-lowlands-2016#breadcrumb\"},\"inLanguage\":\"en-US\",\"potentialAction\":[{\"@type\":\"ReadAction\",\"target\":[\"https:\/\/www.indieofilo.com\/en\/news\/jake-bugg-or-the-kills-to-lowlands-2016\"]}]},{\"@type\":\"ImageObject\",\"inLanguage\":\"en-US\",\"@id\":\"https:\/\/www.indieofilo.com\/en\/news\/jake-bugg-or-the-kills-to-lowlands-2016#primaryimage\",\"url\":\"https:\/\/www.indieofilo.com\/wp-content\/uploads\/2016\/03\/Lowlands-2016-Jake-Bugg.jpg\",\"contentUrl\":\"https:\/\/www.indieofilo.com\/wp-content\/uploads\/2016\/03\/Lowlands-2016-Jake-Bugg.jpg\",\"width\":800,\"height\":800},{\"@type\":\"BreadcrumbList\",\"@id\":\"https:\/\/www.indieofilo.com\/en\/news\/jake-bugg-or-the-kills-to-lowlands-2016#breadcrumb\",\"itemListElement\":[{\"@type\":\"ListItem\",\"position\":1,\"name\":\"Portada\",\"item\":\"https:\/\/www.indieofilo.com\/en\"},{\"@type\":\"ListItem\",\"position\":2,\"name\":\"Jake Bugg or The Kills, to Lowlands 2016\"}]},{\"@type\":\"WebSite\",\"@id\":\"https:\/\/www.indieofilo.com\/#website\",\"url\":\"https:\/\/www.indieofilo.com\/\",\"name\":\"Indie\u00f3filo\",\"description\":\"Magazine online de la cultura independiente\",\"publisher\":{\"@id\":\"https:\/\/www.indieofilo.com\/#organization\"},\"potentialAction\":[{\"@type\":\"SearchAction\",\"target\":{\"@type\":\"EntryPoint\",\"urlTemplate\":\"https:\/\/www.indieofilo.com\/?s={search_term_string}\"},\"query-input\":{\"@type\":\"PropertyValueSpecification\",\"valueRequired\":true,\"valueName\":\"search_term_string\"}}],\"inLanguage\":\"en-US\"},{\"@type\":\"Organization\",\"@id\":\"https:\/\/www.indieofilo.com\/#organization\",\"name\":\"Indie\u00f3filo Web\",\"url\":\"https:\/\/www.indieofilo.com\/\",\"logo\":{\"@type\":\"ImageObject\",\"inLanguage\":\"en-US\",\"@id\":\"https:\/\/www.indieofilo.com\/#\/schema\/logo\/image\/\",\"url\":\"https:\/\/www.indieofilo.com\/wp-content\/uploads\/2015\/02\/logo-alta-resolucion.png\",\"contentUrl\":\"https:\/\/www.indieofilo.com\/wp-content\/uploads\/2015\/02\/logo-alta-resolucion.png\",\"width\":544,\"height\":185,\"caption\":\"Indie\u00f3filo Web\"},\"image\":{\"@id\":\"https:\/\/www.indieofilo.com\/#\/schema\/logo\/image\/\"},\"sameAs\":[\"https:\/\/www.facebook.com\/Indieofilo\/\",\"https:\/\/x.com\/indieofilo\",\"https:\/\/www.instagram.com\/indieofilo\/\"]},{\"@type\":\"Person\",\"@id\":\"https:\/\/www.indieofilo.com\/#\/schema\/person\/595334d38590e4ce5a09f83cbf2fca90\",\"name\":\"Victor\",\"image\":{\"@type\":\"ImageObject\",\"inLanguage\":\"en-US\",\"@id\":\"https:\/\/www.indieofilo.com\/#\/schema\/person\/image\/\",\"url\":\"https:\/\/secure.gravatar.com\/avatar\/682b8c6ea3e94b6cffec683b25f1797d?s=96&d=mm&r=g\",\"contentUrl\":\"https:\/\/secure.gravatar.com\/avatar\/682b8c6ea3e94b6cffec683b25f1797d?s=96&d=mm&r=g\",\"caption\":\"Victor\"},\"description\":\"Fan\u00e1tico de la m\u00fasica desde que mis padres me pon\u00edan a Eydie Gorme y Los Panchos o el Discotuna por la A2. Intent\u00e9 tocar varios instrumentos, pero soy muy torpe con la mano izquierda, as\u00ed que ya sab\u00e9is el resultado final. Fan del britpop, Post-punk, el rugby y el baloncesto...\",\"sameAs\":[\"http:\/\/indieofilo.com\"],\"url\":\"https:\/\/www.indieofilo.com\/en\/author\/victor\"}]}<\/script>\n<!-- \/ Yoast SEO Premium plugin. -->","yoast_head_json":{"title":"Jake Bugg or The Kills, to Lowlands 2016 - Indie\u00f3filo","description":"Also Warpaint, De Staat, Noisia, The Neighbourhood,\u00a0 Edward Sharpe & The Magnetic Zeros, Andy C or\u00a0Tiga, among the new names confirmed.","robots":{"index":"index","follow":"follow","max-snippet":"max-snippet:-1","max-image-preview":"max-image-preview:large","max-video-preview":"max-video-preview:-1"},"canonical":"https:\/\/www.indieofilo.com\/en\/news\/jake-bugg-or-the-kills-to-lowlands-2016","og_locale":"en_US","og_type":"article","og_title":"Jake Bugg or The Kills, to Lowlands 2016","og_description":"Also Warpaint, De Staat, Noisia, The Neighbourhood,\u00a0 Edward Sharpe & The Magnetic Zeros, Andy C or\u00a0Tiga, among the new names confirmed.","og_url":"https:\/\/www.indieofilo.com\/en\/news\/jake-bugg-or-the-kills-to-lowlands-2016","og_site_name":"Indie\u00f3filo","article_publisher":"https:\/\/www.facebook.com\/Indieofilo\/","article_published_time":"2016-03-30T10:55:52+00:00","article_modified_time":"2023-10-21T23:37:22+00:00","og_image":[{"width":800,"height":800,"url":"https:\/\/www.indieofilo.com\/wp-content\/uploads\/2016\/03\/Lowlands-2016-Jake-Bugg.jpg","type":"image\/jpeg"}],"author":"Victor","twitter_card":"summary_large_image","twitter_creator":"@indieofilo","twitter_site":"@indieofilo","twitter_misc":{"Written by":"Victor","Est. reading time":"1 minute"},"schema":{"@context":"https:\/\/schema.org","@graph":[{"@type":"Article","@id":"https:\/\/www.indieofilo.com\/en\/news\/jake-bugg-or-the-kills-to-lowlands-2016#article","isPartOf":{"@id":"https:\/\/www.indieofilo.com\/en\/news\/jake-bugg-or-the-kills-to-lowlands-2016"},"author":{"name":"Victor","@id":"https:\/\/www.indieofilo.com\/#\/schema\/person\/595334d38590e4ce5a09f83cbf2fca90"},"headline":"Jake Bugg or The Kills, to Lowlands 2016","datePublished":"2016-03-30T10:55:52+00:00","dateModified":"2023-10-21T23:37:22+00:00","mainEntityOfPage":{"@id":"https:\/\/www.indieofilo.com\/en\/news\/jake-bugg-or-the-kills-to-lowlands-2016"},"wordCount":174,"commentCount":0,"publisher":{"@id":"https:\/\/www.indieofilo.com\/#organization"},"image":{"@id":"https:\/\/www.indieofilo.com\/en\/news\/jake-bugg-or-the-kills-to-lowlands-2016#primaryimage"},"thumbnailUrl":"https:\/\/www.indieofilo.com\/wp-content\/uploads\/2016\/03\/Lowlands-2016-Jake-Bugg.jpg","keywords":["Andy C","Charlotte OC","Edward Sharpe and the Magnetic Zeros","Jake Bugg","Lowlands","Lowlands 2016","Noisia","Pumarosa","The Kills","The Neighbourhood","Tiga","Warpaint"],"articleSection":["Live Shows","News"],"inLanguage":"en-US","potentialAction":[{"@type":"CommentAction","name":"Comment","target":["https:\/\/www.indieofilo.com\/en\/news\/jake-bugg-or-the-kills-to-lowlands-2016#respond"]}]},{"@type":"WebPage","@id":"https:\/\/www.indieofilo.com\/en\/news\/jake-bugg-or-the-kills-to-lowlands-2016","url":"https:\/\/www.indieofilo.com\/en\/news\/jake-bugg-or-the-kills-to-lowlands-2016","name":"Jake Bugg or The Kills, to Lowlands 2016 - Indie\u00f3filo","isPartOf":{"@id":"https:\/\/www.indieofilo.com\/#website"},"primaryImageOfPage":{"@id":"https:\/\/www.indieofilo.com\/en\/news\/jake-bugg-or-the-kills-to-lowlands-2016#primaryimage"},"image":{"@id":"https:\/\/www.indieofilo.com\/en\/news\/jake-bugg-or-the-kills-to-lowlands-2016#primaryimage"},"thumbnailUrl":"https:\/\/www.indieofilo.com\/wp-content\/uploads\/2016\/03\/Lowlands-2016-Jake-Bugg.jpg","datePublished":"2016-03-30T10:55:52+00:00","dateModified":"2023-10-21T23:37:22+00:00","description":"Also Warpaint, De Staat, Noisia, The Neighbourhood,\u00a0 Edward Sharpe & The Magnetic Zeros, Andy C or\u00a0Tiga, among the new names confirmed.","breadcrumb":{"@id":"https:\/\/www.indieofilo.com\/en\/news\/jake-bugg-or-the-kills-to-lowlands-2016#breadcrumb"},"inLanguage":"en-US","potentialAction":[{"@type":"ReadAction","target":["https:\/\/www.indieofilo.com\/en\/news\/jake-bugg-or-the-kills-to-lowlands-2016"]}]},{"@type":"ImageObject","inLanguage":"en-US","@id":"https:\/\/www.indieofilo.com\/en\/news\/jake-bugg-or-the-kills-to-lowlands-2016#primaryimage","url":"https:\/\/www.indieofilo.com\/wp-content\/uploads\/2016\/03\/Lowlands-2016-Jake-Bugg.jpg","contentUrl":"https:\/\/www.indieofilo.com\/wp-content\/uploads\/2016\/03\/Lowlands-2016-Jake-Bugg.jpg","width":800,"height":800},{"@type":"BreadcrumbList","@id":"https:\/\/www.indieofilo.com\/en\/news\/jake-bugg-or-the-kills-to-lowlands-2016#breadcrumb","itemListElement":[{"@type":"ListItem","position":1,"name":"Portada","item":"https:\/\/www.indieofilo.com\/en"},{"@type":"ListItem","position":2,"name":"Jake Bugg or The Kills, to Lowlands 2016"}]},{"@type":"WebSite","@id":"https:\/\/www.indieofilo.com\/#website","url":"https:\/\/www.indieofilo.com\/","name":"Indie\u00f3filo","description":"Magazine online de la cultura independiente","publisher":{"@id":"https:\/\/www.indieofilo.com\/#organization"},"potentialAction":[{"@type":"SearchAction","target":{"@type":"EntryPoint","urlTemplate":"https:\/\/www.indieofilo.com\/?s={search_term_string}"},"query-input":{"@type":"PropertyValueSpecification","valueRequired":true,"valueName":"search_term_string"}}],"inLanguage":"en-US"},{"@type":"Organization","@id":"https:\/\/www.indieofilo.com\/#organization","name":"Indie\u00f3filo Web","url":"https:\/\/www.indieofilo.com\/","logo":{"@type":"ImageObject","inLanguage":"en-US","@id":"https:\/\/www.indieofilo.com\/#\/schema\/logo\/image\/","url":"https:\/\/www.indieofilo.com\/wp-content\/uploads\/2015\/02\/logo-alta-resolucion.png","contentUrl":"https:\/\/www.indieofilo.com\/wp-content\/uploads\/2015\/02\/logo-alta-resolucion.png","width":544,"height":185,"caption":"Indie\u00f3filo Web"},"image":{"@id":"https:\/\/www.indieofilo.com\/#\/schema\/logo\/image\/"},"sameAs":["https:\/\/www.facebook.com\/Indieofilo\/","https:\/\/x.com\/indieofilo","https:\/\/www.instagram.com\/indieofilo\/"]},{"@type":"Person","@id":"https:\/\/www.indieofilo.com\/#\/schema\/person\/595334d38590e4ce5a09f83cbf2fca90","name":"Victor","image":{"@type":"ImageObject","inLanguage":"en-US","@id":"https:\/\/www.indieofilo.com\/#\/schema\/person\/image\/","url":"https:\/\/secure.gravatar.com\/avatar\/682b8c6ea3e94b6cffec683b25f1797d?s=96&d=mm&r=g","contentUrl":"https:\/\/secure.gravatar.com\/avatar\/682b8c6ea3e94b6cffec683b25f1797d?s=96&d=mm&r=g","caption":"Victor"},"description":"Fan\u00e1tico de la m\u00fasica desde que mis padres me pon\u00edan a Eydie Gorme y Los Panchos o el Discotuna por la A2. Intent\u00e9 tocar varios instrumentos, pero soy muy torpe con la mano izquierda, as\u00ed que ya sab\u00e9is el resultado final. Fan del britpop, Post-punk, el rugby y el baloncesto...","sameAs":["http:\/\/indieofilo.com"],"url":"https:\/\/www.indieofilo.com\/en\/author\/victor"}]}},"_links":{"self":[{"href":"https:\/\/www.indieofilo.com\/en\/wp-json\/wp\/v2\/posts\/5170","targetHints":{"allow":["GET"]}}],"collection":[{"href":"https:\/\/www.indieofilo.com\/en\/wp-json\/wp\/v2\/posts"}],"about":[{"href":"https:\/\/www.indieofilo.com\/en\/wp-json\/wp\/v2\/types\/post"}],"author":[{"embeddable":true,"href":"https:\/\/www.indieofilo.com\/en\/wp-json\/wp\/v2\/users\/1"}],"replies":[{"embeddable":true,"href":"https:\/\/www.indieofilo.com\/en\/wp-json\/wp\/v2\/comments?post=5170"}],"version-history":[{"count":0,"href":"https:\/\/www.indieofilo.com\/en\/wp-json\/wp\/v2\/posts\/5170\/revisions"}],"wp:featuredmedia":[{"embeddable":true,"href":"https:\/\/www.indieofilo.com\/en\/wp-json\/wp\/v2\/media\/19450"}],"wp:attachment":[{"href":"https:\/\/www.indieofilo.com\/en\/wp-json\/wp\/v2\/media?parent=5170"}],"wp:term":[{"taxonomy":"category","embeddable":true,"href":"https:\/\/www.indieofilo.com\/en\/wp-json\/wp\/v2\/categories?post=5170"},{"taxonomy":"post_tag","embeddable":true,"href":"https:\/\/www.indieofilo.com\/en\/wp-json\/wp\/v2\/tags?post=5170"}],"curies":[{"name":"wp","href":"https:\/\/api.w.org\/{rel}","templated":true}]}}