{"id":5103,"date":"2013-09-10T21:25:48","date_gmt":"2013-09-10T19:25:48","guid":{"rendered":"http:\/\/indieofilo.com\/?p=5103"},"modified":"2023-09-25T10:46:48","modified_gmt":"2023-09-25T08:46:48","slug":"new-festival-in-the-netherlands-down-the-rabbit-hole-with-the-black-keys-foals-or-mgmt","status":"publish","type":"post","link":"https:\/\/www.indieofilo.com\/en\/news\/live-shows\/new-festival-in-the-netherlands-down-the-rabbit-hole-with-the-black-keys-foals-or-mgmt","title":{"rendered":"New festival in the Netherlands, Down The Rabbit Hole, with The Black Keys, Foals or MGMT"},"content":{"rendered":"<p style=\"text-align: center;\">\n\t<img fetchpriority=\"high\" decoding=\"async\" alt=\"down the rabbit hole 2014\" class=\"aligncenter size-medium wp-image-5101\" height=\"400\" src=\"http:\/\/indieofilo.com\/wp-content\/uploads\/2013\/09\/down-the-rabbit-hole-2014-301x400.jpg\" width=\"301\" \/><\/p>\n<p style=\"text-align: justify;\">\n\tAs in&nbsp;Spain, the birth of&nbsp;new festivals&nbsp;grows&nbsp;exponentially in&nbsp;the rest of Europe.&nbsp;Netherlands,&nbsp;land of festivals&nbsp;when&nbsp;good time arrives,&nbsp;presents a new festival&nbsp;under the protection&nbsp;of the great&nbsp;festival&nbsp;<em>Lowlands&nbsp;<\/em>(One of the most&nbsp;prestigious in Europe)&nbsp;who&nbsp;will be called&nbsp;<strong>Down the&nbsp;Rabbit&nbsp;<\/strong><strong>Hole<\/strong>.&nbsp;This&nbsp;will be held&nbsp;from 27 to&nbsp;29 June at&nbsp;De&nbsp;Groene&nbsp;Heuvels&nbsp;city&nbsp;Beuningen&nbsp;(near&nbsp;Nijmegen),&nbsp;and&nbsp;the first names that&nbsp;has advanced&nbsp;the organization have been&nbsp;<strong>The Black&nbsp;Keys,&nbsp;Foals, MGMT, The&nbsp;Soft&nbsp;Moon<\/strong>&nbsp;and&nbsp;<strong>Thomas&nbsp;Dybdahl<\/strong>, also announcing&nbsp;that the&nbsp;ticket price&nbsp;is 135&nbsp;&euro;&nbsp;(including&nbsp;possibility of&nbsp;camping).&nbsp;These&nbsp;will be&nbsp;available&nbsp;from next&nbsp;Saturday 16th of&nbsp;November&nbsp;at&nbsp;<a _cke_saved_href=\"http:\/\/www.ticketmaster.nl\" href=\"http:\/\/www.ticketmaster.nl\/\"><strong>Ticketmaster.nl<\/strong><\/a>&nbsp;o&nbsp;<strong><a _cke_saved_href=\"http:\/\/www.livenation.nl\/\" href=\"http:\/\/www.livenation.nl\/\">Livenation.nl<\/a><\/strong>&nbsp;.<\/p>\n","protected":false},"excerpt":{"rendered":"<p>As in&nbsp;Spain, the birth of&nbsp;new festivals&nbsp;grows&nbsp;exponentially in&nbsp;the rest of Europe.&nbsp;Netherlands,&nbsp;land of festivals&nbsp;when&nbsp;good time arrives,&nbsp;presents a new festival&nbsp;under the protection&nbsp;of the great&nbsp;festival&nbsp;Lowlands&nbsp;(One of the most&nbsp;prestigious in Europe)&nbsp;who&nbsp;will be called&nbsp;Down the&nbsp;Rabbit&nbsp;Hole.&nbsp;This&nbsp;will be held&nbsp;from 27 to&nbsp;29 June at&nbsp;De&nbsp;Groene&nbsp;Heuvels&nbsp;city&nbsp;Beuningen&nbsp;(near&nbsp;Nijmegen),&nbsp;and&nbsp;the first names that&nbsp;has advanced&nbsp;the organization have been&nbsp;The Black&nbsp;Keys,&nbsp;Foals, MGMT, The&nbsp;Soft&nbsp;Moon&nbsp;and&nbsp;Thomas&nbsp;Dybdahl, also announcing&nbsp;that the&nbsp;ticket price&nbsp;is 135&nbsp;&euro;&nbsp;(including&nbsp;possibility of&nbsp;camping).&nbsp;These&nbsp;will be&nbsp;available&nbsp;from next&nbsp;Saturday 16th of&nbsp;November&nbsp;at&nbsp;Ticketmaster.nl&nbsp;o&nbsp;Livenation.nl&nbsp;.<\/p>\n","protected":false},"author":1,"featured_media":5101,"comment_status":"open","ping_status":"closed","sticky":false,"template":"","format":"standard","meta":{"footnotes":""},"categories":[41,8],"tags":[5555,6736,5418,6799,5514],"class_list":["post-5103","post","type-post","status-publish","format-standard","has-post-thumbnail","hentry","category-live-shows","category-news","tag-down-the-rabbit-hole-en","tag-down-the-rabbit-hole-2014-en","tag-foals-en","tag-mgmt-en","tag-the-black-keys-en"],"yoast_head":"<!-- This site is optimized with the Yoast SEO Premium plugin v23.9 (Yoast SEO v26.6) - https:\/\/yoast.com\/wordpress\/plugins\/seo\/ -->\n<title>New festival in The Netherlands, Down the Rabbit Hole<\/title>\n<meta name=\"description\" content=\"It\u00a0will be held\u00a0from 27 to\u00a029 June at\u00a0De\u00a0Groene\u00a0Heuvels\u00a0and\u00a0the first names announced by\u00a0the organization are\u00a0The Black\u00a0Keys,\u00a0Foals or MGMT.\" \/>\n<meta name=\"robots\" content=\"index, follow, max-snippet:-1, max-image-preview:large, max-video-preview:-1\" \/>\n<link rel=\"canonical\" href=\"https:\/\/www.indieofilo.com\/en\/news\/new-festival-in-the-netherlands-down-the-rabbit-hole-with-the-black-keys-foals-or-mgmt\" \/>\n<meta property=\"og:locale\" content=\"en_US\" \/>\n<meta property=\"og:type\" content=\"article\" \/>\n<meta property=\"og:title\" content=\"New festival in the Netherlands, Down The Rabbit Hole, with The Black Keys, Foals or MGMT\" \/>\n<meta property=\"og:description\" content=\"It\u00a0will be held\u00a0from 27 to\u00a029 June at\u00a0De\u00a0Groene\u00a0Heuvels\u00a0and\u00a0the first names announced by\u00a0the organization are\u00a0The Black\u00a0Keys,\u00a0Foals or MGMT.\" \/>\n<meta property=\"og:url\" content=\"https:\/\/www.indieofilo.com\/en\/news\/new-festival-in-the-netherlands-down-the-rabbit-hole-with-the-black-keys-foals-or-mgmt\" \/>\n<meta property=\"og:site_name\" content=\"Indie\u00f3filo\" \/>\n<meta property=\"article:publisher\" content=\"https:\/\/www.facebook.com\/Indieofilo\/\" \/>\n<meta property=\"article:published_time\" content=\"2013-09-10T19:25:48+00:00\" \/>\n<meta property=\"article:modified_time\" content=\"2023-09-25T08:46:48+00:00\" \/>\n<meta property=\"og:image\" content=\"https:\/\/www.indieofilo.com\/wp-content\/uploads\/2013\/09\/down-the-rabbit-hole-2014.jpg\" \/>\n\t<meta property=\"og:image:width\" content=\"400\" \/>\n\t<meta property=\"og:image:height\" content=\"532\" \/>\n\t<meta property=\"og:image:type\" content=\"image\/jpeg\" \/>\n<meta name=\"author\" content=\"Victor\" \/>\n<meta name=\"twitter:card\" content=\"summary_large_image\" \/>\n<meta name=\"twitter:creator\" content=\"@indieofilo\" \/>\n<meta name=\"twitter:site\" content=\"@indieofilo\" \/>\n<meta name=\"twitter:label1\" content=\"Written by\" \/>\n\t<meta name=\"twitter:data1\" content=\"Victor\" \/>\n\t<meta name=\"twitter:label2\" content=\"Est. reading time\" \/>\n\t<meta name=\"twitter:data2\" content=\"1 minute\" \/>\n<script type=\"application\/ld+json\" class=\"yoast-schema-graph\">{\"@context\":\"https:\/\/schema.org\",\"@graph\":[{\"@type\":\"Article\",\"@id\":\"https:\/\/www.indieofilo.com\/en\/news\/new-festival-in-the-netherlands-down-the-rabbit-hole-with-the-black-keys-foals-or-mgmt#article\",\"isPartOf\":{\"@id\":\"https:\/\/www.indieofilo.com\/en\/news\/new-festival-in-the-netherlands-down-the-rabbit-hole-with-the-black-keys-foals-or-mgmt\"},\"author\":{\"name\":\"Victor\",\"@id\":\"https:\/\/www.indieofilo.com\/#\/schema\/person\/595334d38590e4ce5a09f83cbf2fca90\"},\"headline\":\"New festival in the Netherlands, Down The Rabbit Hole, with The Black Keys, Foals or MGMT\",\"datePublished\":\"2013-09-10T19:25:48+00:00\",\"dateModified\":\"2023-09-25T08:46:48+00:00\",\"mainEntityOfPage\":{\"@id\":\"https:\/\/www.indieofilo.com\/en\/news\/new-festival-in-the-netherlands-down-the-rabbit-hole-with-the-black-keys-foals-or-mgmt\"},\"wordCount\":193,\"commentCount\":0,\"publisher\":{\"@id\":\"https:\/\/www.indieofilo.com\/#organization\"},\"image\":{\"@id\":\"https:\/\/www.indieofilo.com\/en\/news\/new-festival-in-the-netherlands-down-the-rabbit-hole-with-the-black-keys-foals-or-mgmt#primaryimage\"},\"thumbnailUrl\":\"https:\/\/www.indieofilo.com\/wp-content\/uploads\/2013\/09\/down-the-rabbit-hole-2014.jpg\",\"keywords\":[\"Down The Rabbit Hole\",\"Down the Rabbit Hole 2014\",\"Foals\",\"MGMT\",\"The Black Keys\"],\"articleSection\":[\"Live Shows\",\"News\"],\"inLanguage\":\"en-US\",\"potentialAction\":[{\"@type\":\"CommentAction\",\"name\":\"Comment\",\"target\":[\"https:\/\/www.indieofilo.com\/en\/news\/new-festival-in-the-netherlands-down-the-rabbit-hole-with-the-black-keys-foals-or-mgmt#respond\"]}]},{\"@type\":\"WebPage\",\"@id\":\"https:\/\/www.indieofilo.com\/en\/news\/new-festival-in-the-netherlands-down-the-rabbit-hole-with-the-black-keys-foals-or-mgmt\",\"url\":\"https:\/\/www.indieofilo.com\/en\/news\/new-festival-in-the-netherlands-down-the-rabbit-hole-with-the-black-keys-foals-or-mgmt\",\"name\":\"New festival in The Netherlands, Down the Rabbit Hole\",\"isPartOf\":{\"@id\":\"https:\/\/www.indieofilo.com\/#website\"},\"primaryImageOfPage\":{\"@id\":\"https:\/\/www.indieofilo.com\/en\/news\/new-festival-in-the-netherlands-down-the-rabbit-hole-with-the-black-keys-foals-or-mgmt#primaryimage\"},\"image\":{\"@id\":\"https:\/\/www.indieofilo.com\/en\/news\/new-festival-in-the-netherlands-down-the-rabbit-hole-with-the-black-keys-foals-or-mgmt#primaryimage\"},\"thumbnailUrl\":\"https:\/\/www.indieofilo.com\/wp-content\/uploads\/2013\/09\/down-the-rabbit-hole-2014.jpg\",\"datePublished\":\"2013-09-10T19:25:48+00:00\",\"dateModified\":\"2023-09-25T08:46:48+00:00\",\"description\":\"It\u00a0will be held\u00a0from 27 to\u00a029 June at\u00a0De\u00a0Groene\u00a0Heuvels\u00a0and\u00a0the first names announced by\u00a0the organization are\u00a0The Black\u00a0Keys,\u00a0Foals or MGMT.\",\"breadcrumb\":{\"@id\":\"https:\/\/www.indieofilo.com\/en\/news\/new-festival-in-the-netherlands-down-the-rabbit-hole-with-the-black-keys-foals-or-mgmt#breadcrumb\"},\"inLanguage\":\"en-US\",\"potentialAction\":[{\"@type\":\"ReadAction\",\"target\":[\"https:\/\/www.indieofilo.com\/en\/news\/new-festival-in-the-netherlands-down-the-rabbit-hole-with-the-black-keys-foals-or-mgmt\"]}]},{\"@type\":\"ImageObject\",\"inLanguage\":\"en-US\",\"@id\":\"https:\/\/www.indieofilo.com\/en\/news\/new-festival-in-the-netherlands-down-the-rabbit-hole-with-the-black-keys-foals-or-mgmt#primaryimage\",\"url\":\"https:\/\/www.indieofilo.com\/wp-content\/uploads\/2013\/09\/down-the-rabbit-hole-2014.jpg\",\"contentUrl\":\"https:\/\/www.indieofilo.com\/wp-content\/uploads\/2013\/09\/down-the-rabbit-hole-2014.jpg\",\"width\":400,\"height\":532,\"caption\":\"down the rabbit hole 2014\"},{\"@type\":\"BreadcrumbList\",\"@id\":\"https:\/\/www.indieofilo.com\/en\/news\/new-festival-in-the-netherlands-down-the-rabbit-hole-with-the-black-keys-foals-or-mgmt#breadcrumb\",\"itemListElement\":[{\"@type\":\"ListItem\",\"position\":1,\"name\":\"Portada\",\"item\":\"https:\/\/www.indieofilo.com\/en\"},{\"@type\":\"ListItem\",\"position\":2,\"name\":\"New festival in the Netherlands, Down The Rabbit Hole, with The Black Keys, Foals or MGMT\"}]},{\"@type\":\"WebSite\",\"@id\":\"https:\/\/www.indieofilo.com\/#website\",\"url\":\"https:\/\/www.indieofilo.com\/\",\"name\":\"Indie\u00f3filo\",\"description\":\"Magazine online de la cultura independiente\",\"publisher\":{\"@id\":\"https:\/\/www.indieofilo.com\/#organization\"},\"potentialAction\":[{\"@type\":\"SearchAction\",\"target\":{\"@type\":\"EntryPoint\",\"urlTemplate\":\"https:\/\/www.indieofilo.com\/?s={search_term_string}\"},\"query-input\":{\"@type\":\"PropertyValueSpecification\",\"valueRequired\":true,\"valueName\":\"search_term_string\"}}],\"inLanguage\":\"en-US\"},{\"@type\":\"Organization\",\"@id\":\"https:\/\/www.indieofilo.com\/#organization\",\"name\":\"Indie\u00f3filo Web\",\"url\":\"https:\/\/www.indieofilo.com\/\",\"logo\":{\"@type\":\"ImageObject\",\"inLanguage\":\"en-US\",\"@id\":\"https:\/\/www.indieofilo.com\/#\/schema\/logo\/image\/\",\"url\":\"https:\/\/www.indieofilo.com\/wp-content\/uploads\/2015\/02\/logo-alta-resolucion.png\",\"contentUrl\":\"https:\/\/www.indieofilo.com\/wp-content\/uploads\/2015\/02\/logo-alta-resolucion.png\",\"width\":544,\"height\":185,\"caption\":\"Indie\u00f3filo Web\"},\"image\":{\"@id\":\"https:\/\/www.indieofilo.com\/#\/schema\/logo\/image\/\"},\"sameAs\":[\"https:\/\/www.facebook.com\/Indieofilo\/\",\"https:\/\/x.com\/indieofilo\",\"https:\/\/www.instagram.com\/indieofilo\/\"]},{\"@type\":\"Person\",\"@id\":\"https:\/\/www.indieofilo.com\/#\/schema\/person\/595334d38590e4ce5a09f83cbf2fca90\",\"name\":\"Victor\",\"image\":{\"@type\":\"ImageObject\",\"inLanguage\":\"en-US\",\"@id\":\"https:\/\/www.indieofilo.com\/#\/schema\/person\/image\/\",\"url\":\"https:\/\/secure.gravatar.com\/avatar\/682b8c6ea3e94b6cffec683b25f1797d?s=96&d=mm&r=g\",\"contentUrl\":\"https:\/\/secure.gravatar.com\/avatar\/682b8c6ea3e94b6cffec683b25f1797d?s=96&d=mm&r=g\",\"caption\":\"Victor\"},\"description\":\"Fan\u00e1tico de la m\u00fasica desde que mis padres me pon\u00edan a Eydie Gorme y Los Panchos o el Discotuna por la A2. Intent\u00e9 tocar varios instrumentos, pero soy muy torpe con la mano izquierda, as\u00ed que ya sab\u00e9is el resultado final. Fan del britpop, Post-punk, el rugby y el baloncesto...\",\"sameAs\":[\"http:\/\/indieofilo.com\"],\"url\":\"https:\/\/www.indieofilo.com\/en\/author\/victor\"}]}<\/script>\n<!-- \/ Yoast SEO Premium plugin. -->","yoast_head_json":{"title":"New festival in The Netherlands, Down the Rabbit Hole","description":"It\u00a0will be held\u00a0from 27 to\u00a029 June at\u00a0De\u00a0Groene\u00a0Heuvels\u00a0and\u00a0the first names announced by\u00a0the organization are\u00a0The Black\u00a0Keys,\u00a0Foals or MGMT.","robots":{"index":"index","follow":"follow","max-snippet":"max-snippet:-1","max-image-preview":"max-image-preview:large","max-video-preview":"max-video-preview:-1"},"canonical":"https:\/\/www.indieofilo.com\/en\/news\/new-festival-in-the-netherlands-down-the-rabbit-hole-with-the-black-keys-foals-or-mgmt","og_locale":"en_US","og_type":"article","og_title":"New festival in the Netherlands, Down The Rabbit Hole, with The Black Keys, Foals or MGMT","og_description":"It\u00a0will be held\u00a0from 27 to\u00a029 June at\u00a0De\u00a0Groene\u00a0Heuvels\u00a0and\u00a0the first names announced by\u00a0the organization are\u00a0The Black\u00a0Keys,\u00a0Foals or MGMT.","og_url":"https:\/\/www.indieofilo.com\/en\/news\/new-festival-in-the-netherlands-down-the-rabbit-hole-with-the-black-keys-foals-or-mgmt","og_site_name":"Indie\u00f3filo","article_publisher":"https:\/\/www.facebook.com\/Indieofilo\/","article_published_time":"2013-09-10T19:25:48+00:00","article_modified_time":"2023-09-25T08:46:48+00:00","og_image":[{"width":400,"height":532,"url":"https:\/\/www.indieofilo.com\/wp-content\/uploads\/2013\/09\/down-the-rabbit-hole-2014.jpg","type":"image\/jpeg"}],"author":"Victor","twitter_card":"summary_large_image","twitter_creator":"@indieofilo","twitter_site":"@indieofilo","twitter_misc":{"Written by":"Victor","Est. reading time":"1 minute"},"schema":{"@context":"https:\/\/schema.org","@graph":[{"@type":"Article","@id":"https:\/\/www.indieofilo.com\/en\/news\/new-festival-in-the-netherlands-down-the-rabbit-hole-with-the-black-keys-foals-or-mgmt#article","isPartOf":{"@id":"https:\/\/www.indieofilo.com\/en\/news\/new-festival-in-the-netherlands-down-the-rabbit-hole-with-the-black-keys-foals-or-mgmt"},"author":{"name":"Victor","@id":"https:\/\/www.indieofilo.com\/#\/schema\/person\/595334d38590e4ce5a09f83cbf2fca90"},"headline":"New festival in the Netherlands, Down The Rabbit Hole, with The Black Keys, Foals or MGMT","datePublished":"2013-09-10T19:25:48+00:00","dateModified":"2023-09-25T08:46:48+00:00","mainEntityOfPage":{"@id":"https:\/\/www.indieofilo.com\/en\/news\/new-festival-in-the-netherlands-down-the-rabbit-hole-with-the-black-keys-foals-or-mgmt"},"wordCount":193,"commentCount":0,"publisher":{"@id":"https:\/\/www.indieofilo.com\/#organization"},"image":{"@id":"https:\/\/www.indieofilo.com\/en\/news\/new-festival-in-the-netherlands-down-the-rabbit-hole-with-the-black-keys-foals-or-mgmt#primaryimage"},"thumbnailUrl":"https:\/\/www.indieofilo.com\/wp-content\/uploads\/2013\/09\/down-the-rabbit-hole-2014.jpg","keywords":["Down The Rabbit Hole","Down the Rabbit Hole 2014","Foals","MGMT","The Black Keys"],"articleSection":["Live Shows","News"],"inLanguage":"en-US","potentialAction":[{"@type":"CommentAction","name":"Comment","target":["https:\/\/www.indieofilo.com\/en\/news\/new-festival-in-the-netherlands-down-the-rabbit-hole-with-the-black-keys-foals-or-mgmt#respond"]}]},{"@type":"WebPage","@id":"https:\/\/www.indieofilo.com\/en\/news\/new-festival-in-the-netherlands-down-the-rabbit-hole-with-the-black-keys-foals-or-mgmt","url":"https:\/\/www.indieofilo.com\/en\/news\/new-festival-in-the-netherlands-down-the-rabbit-hole-with-the-black-keys-foals-or-mgmt","name":"New festival in The Netherlands, Down the Rabbit Hole","isPartOf":{"@id":"https:\/\/www.indieofilo.com\/#website"},"primaryImageOfPage":{"@id":"https:\/\/www.indieofilo.com\/en\/news\/new-festival-in-the-netherlands-down-the-rabbit-hole-with-the-black-keys-foals-or-mgmt#primaryimage"},"image":{"@id":"https:\/\/www.indieofilo.com\/en\/news\/new-festival-in-the-netherlands-down-the-rabbit-hole-with-the-black-keys-foals-or-mgmt#primaryimage"},"thumbnailUrl":"https:\/\/www.indieofilo.com\/wp-content\/uploads\/2013\/09\/down-the-rabbit-hole-2014.jpg","datePublished":"2013-09-10T19:25:48+00:00","dateModified":"2023-09-25T08:46:48+00:00","description":"It\u00a0will be held\u00a0from 27 to\u00a029 June at\u00a0De\u00a0Groene\u00a0Heuvels\u00a0and\u00a0the first names announced by\u00a0the organization are\u00a0The Black\u00a0Keys,\u00a0Foals or MGMT.","breadcrumb":{"@id":"https:\/\/www.indieofilo.com\/en\/news\/new-festival-in-the-netherlands-down-the-rabbit-hole-with-the-black-keys-foals-or-mgmt#breadcrumb"},"inLanguage":"en-US","potentialAction":[{"@type":"ReadAction","target":["https:\/\/www.indieofilo.com\/en\/news\/new-festival-in-the-netherlands-down-the-rabbit-hole-with-the-black-keys-foals-or-mgmt"]}]},{"@type":"ImageObject","inLanguage":"en-US","@id":"https:\/\/www.indieofilo.com\/en\/news\/new-festival-in-the-netherlands-down-the-rabbit-hole-with-the-black-keys-foals-or-mgmt#primaryimage","url":"https:\/\/www.indieofilo.com\/wp-content\/uploads\/2013\/09\/down-the-rabbit-hole-2014.jpg","contentUrl":"https:\/\/www.indieofilo.com\/wp-content\/uploads\/2013\/09\/down-the-rabbit-hole-2014.jpg","width":400,"height":532,"caption":"down the rabbit hole 2014"},{"@type":"BreadcrumbList","@id":"https:\/\/www.indieofilo.com\/en\/news\/new-festival-in-the-netherlands-down-the-rabbit-hole-with-the-black-keys-foals-or-mgmt#breadcrumb","itemListElement":[{"@type":"ListItem","position":1,"name":"Portada","item":"https:\/\/www.indieofilo.com\/en"},{"@type":"ListItem","position":2,"name":"New festival in the Netherlands, Down The Rabbit Hole, with The Black Keys, Foals or MGMT"}]},{"@type":"WebSite","@id":"https:\/\/www.indieofilo.com\/#website","url":"https:\/\/www.indieofilo.com\/","name":"Indie\u00f3filo","description":"Magazine online de la cultura independiente","publisher":{"@id":"https:\/\/www.indieofilo.com\/#organization"},"potentialAction":[{"@type":"SearchAction","target":{"@type":"EntryPoint","urlTemplate":"https:\/\/www.indieofilo.com\/?s={search_term_string}"},"query-input":{"@type":"PropertyValueSpecification","valueRequired":true,"valueName":"search_term_string"}}],"inLanguage":"en-US"},{"@type":"Organization","@id":"https:\/\/www.indieofilo.com\/#organization","name":"Indie\u00f3filo Web","url":"https:\/\/www.indieofilo.com\/","logo":{"@type":"ImageObject","inLanguage":"en-US","@id":"https:\/\/www.indieofilo.com\/#\/schema\/logo\/image\/","url":"https:\/\/www.indieofilo.com\/wp-content\/uploads\/2015\/02\/logo-alta-resolucion.png","contentUrl":"https:\/\/www.indieofilo.com\/wp-content\/uploads\/2015\/02\/logo-alta-resolucion.png","width":544,"height":185,"caption":"Indie\u00f3filo Web"},"image":{"@id":"https:\/\/www.indieofilo.com\/#\/schema\/logo\/image\/"},"sameAs":["https:\/\/www.facebook.com\/Indieofilo\/","https:\/\/x.com\/indieofilo","https:\/\/www.instagram.com\/indieofilo\/"]},{"@type":"Person","@id":"https:\/\/www.indieofilo.com\/#\/schema\/person\/595334d38590e4ce5a09f83cbf2fca90","name":"Victor","image":{"@type":"ImageObject","inLanguage":"en-US","@id":"https:\/\/www.indieofilo.com\/#\/schema\/person\/image\/","url":"https:\/\/secure.gravatar.com\/avatar\/682b8c6ea3e94b6cffec683b25f1797d?s=96&d=mm&r=g","contentUrl":"https:\/\/secure.gravatar.com\/avatar\/682b8c6ea3e94b6cffec683b25f1797d?s=96&d=mm&r=g","caption":"Victor"},"description":"Fan\u00e1tico de la m\u00fasica desde que mis padres me pon\u00edan a Eydie Gorme y Los Panchos o el Discotuna por la A2. Intent\u00e9 tocar varios instrumentos, pero soy muy torpe con la mano izquierda, as\u00ed que ya sab\u00e9is el resultado final. Fan del britpop, Post-punk, el rugby y el baloncesto...","sameAs":["http:\/\/indieofilo.com"],"url":"https:\/\/www.indieofilo.com\/en\/author\/victor"}]}},"_links":{"self":[{"href":"https:\/\/www.indieofilo.com\/en\/wp-json\/wp\/v2\/posts\/5103","targetHints":{"allow":["GET"]}}],"collection":[{"href":"https:\/\/www.indieofilo.com\/en\/wp-json\/wp\/v2\/posts"}],"about":[{"href":"https:\/\/www.indieofilo.com\/en\/wp-json\/wp\/v2\/types\/post"}],"author":[{"embeddable":true,"href":"https:\/\/www.indieofilo.com\/en\/wp-json\/wp\/v2\/users\/1"}],"replies":[{"embeddable":true,"href":"https:\/\/www.indieofilo.com\/en\/wp-json\/wp\/v2\/comments?post=5103"}],"version-history":[{"count":0,"href":"https:\/\/www.indieofilo.com\/en\/wp-json\/wp\/v2\/posts\/5103\/revisions"}],"wp:featuredmedia":[{"embeddable":true,"href":"https:\/\/www.indieofilo.com\/en\/wp-json\/wp\/v2\/media\/5101"}],"wp:attachment":[{"href":"https:\/\/www.indieofilo.com\/en\/wp-json\/wp\/v2\/media?parent=5103"}],"wp:term":[{"taxonomy":"category","embeddable":true,"href":"https:\/\/www.indieofilo.com\/en\/wp-json\/wp\/v2\/categories?post=5103"},{"taxonomy":"post_tag","embeddable":true,"href":"https:\/\/www.indieofilo.com\/en\/wp-json\/wp\/v2\/tags?post=5103"}],"curies":[{"name":"wp","href":"https:\/\/api.w.org\/{rel}","templated":true}]}}