{"id":5092,"date":"2016-03-21T22:14:06","date_gmt":"2016-03-21T21:14:06","guid":{"rendered":"http:\/\/indieofilo.com\/?p=5092"},"modified":"2023-09-19T11:32:38","modified_gmt":"2023-09-19T09:32:38","slug":"biffy-clyro-premiered-wolves-of-winter","status":"publish","type":"post","link":"https:\/\/www.indieofilo.com\/en\/short-news\/biffy-clyro-premiered-wolves-of-winter","title":{"rendered":"Biffy Clyro premiered Wolves Of Winter"},"content":{"rendered":"<p style=\"text-align: justify;\">\n\t<img fetchpriority=\"high\" decoding=\"async\" alt=\"Biffy Clyro - Arenal Sound 2014\" class=\"aligncenter size-medium wp-image-2828\" height=\"400\" src=\"http:\/\/indieofilo.com\/wp-content\/uploads\/2014\/08\/Biffy-Clyro-Arenal-Sound-2014-600x400.jpg\" width=\"600\" \/><\/p>\n<p style=\"text-align: justify;\">\n\tScots <strong>Biffy Clyro<\/strong>&nbsp;have premiere their&nbsp;new track &#39;&quot;<em>Wolves Of Winter<\/em>&quot;&nbsp;on Beats 1 by Zane Lowe&nbsp;at Apple Radio. This song will be the first single from their awaited&nbsp;new album <em>Ellipsis<\/em>, that&nbsp;will be released on July 8th. Singer Simon Neil said on the show: &quot;<em>We&rsquo;re saying something new with our seventh album&#8230; We&rsquo;re trying to feel like it&rsquo;s our first album again. We&rsquo;ve still got balls. We&rsquo;re still here to get in your face<\/em>&rdquo;, while on the press release he&nbsp;defines the new song: &quot;&#39;<em>Wolves of Winter&#39; is about us being wolves on a patch and if you come onto that patch, we&rsquo;ll tear you limb-from-limb<\/em>&quot;.<\/p>\n<p style=\"text-align: justify;\">\n\tWe remind you that the band will tour this summer&nbsp;and they will be at Spanish&nbsp;<strong>Mad Cool Festival,<\/strong>&nbsp;<strong>FIB<\/strong>&nbsp;or Dutch&nbsp;<strong>Lowlands<\/strong>.<\/p>\n<p>\t<iframe allowfullscreen=\"allowfullscreen\" frameborder=\"0\" height=\"104\" scrolling=\"no\" src=\"https:\/\/embed.itunes.apple.com\/us\/embedded-player\/idsa.c816392d-ef80-11e5-81fa-97abe40ebdd0\" width=\"100%\"><\/iframe><\/p>\n","protected":false},"excerpt":{"rendered":"<p>Scots Biffy Clyro&nbsp;have premiere their&nbsp;new track &#39;&quot;Wolves Of Winter&quot;&nbsp;on Beats 1 by Zane Lowe&nbsp;at Apple Radio. This song will be the first single from their awaited&nbsp;new album Ellipsis, that&nbsp;will be released on July 8th. Singer Simon Neil said on the show: &quot;We&rsquo;re saying something new with our seventh album&#8230; We&rsquo;re trying to feel like it&rsquo;s [&hellip;]<\/p>\n","protected":false},"author":1,"featured_media":18735,"comment_status":"open","ping_status":"closed","sticky":false,"template":"","format":"standard","meta":{"footnotes":""},"categories":[18],"tags":[5404],"class_list":["post-5092","post","type-post","status-publish","format-standard","has-post-thumbnail","hentry","category-short-news","tag-biffy-clyro-en"],"yoast_head":"<!-- This site is optimized with the Yoast SEO Premium plugin v23.9 (Yoast SEO v26.6) - https:\/\/yoast.com\/wordpress\/plugins\/seo\/ -->\n<title>Biffy Clyro premiered Wolves Of Winter - Indie\u00f3filo<\/title>\n<meta name=\"description\" content=\"Scots Biffy Clyro\u00a0have premiere their\u00a0new track &#039;&quot;Wolves Of Winter&quot;, the first single from their new album Ellipsis, that\u00a0will be released on July 8th.\" \/>\n<meta name=\"robots\" content=\"index, follow, max-snippet:-1, max-image-preview:large, max-video-preview:-1\" \/>\n<link rel=\"canonical\" href=\"https:\/\/www.indieofilo.com\/en\/short-news\/biffy-clyro-premiered-wolves-of-winter\" \/>\n<meta property=\"og:locale\" content=\"en_US\" \/>\n<meta property=\"og:type\" content=\"article\" \/>\n<meta property=\"og:title\" content=\"Biffy Clyro premiered Wolves Of Winter\" \/>\n<meta property=\"og:description\" content=\"Scots Biffy Clyro\u00a0have premiere their\u00a0new track &#039;&quot;Wolves Of Winter&quot;, the first single from their new album Ellipsis, that\u00a0will be released on July 8th.\" \/>\n<meta property=\"og:url\" content=\"https:\/\/www.indieofilo.com\/en\/short-news\/biffy-clyro-premiered-wolves-of-winter\" \/>\n<meta property=\"og:site_name\" content=\"Indie\u00f3filo\" \/>\n<meta property=\"article:publisher\" content=\"https:\/\/www.facebook.com\/Indieofilo\/\" \/>\n<meta property=\"article:published_time\" content=\"2016-03-21T21:14:06+00:00\" \/>\n<meta property=\"article:modified_time\" content=\"2023-09-19T09:32:38+00:00\" \/>\n<meta property=\"og:image\" content=\"https:\/\/www.indieofilo.com\/wp-content\/uploads\/2014\/08\/Biffy-Clyro-Arenal-Sound-2014.jpg\" \/>\n\t<meta property=\"og:image:width\" content=\"800\" \/>\n\t<meta property=\"og:image:height\" content=\"533\" \/>\n\t<meta property=\"og:image:type\" content=\"image\/jpeg\" \/>\n<meta name=\"author\" content=\"Victor\" \/>\n<meta name=\"twitter:card\" content=\"summary_large_image\" \/>\n<meta name=\"twitter:creator\" content=\"@indieofilo\" \/>\n<meta name=\"twitter:site\" content=\"@indieofilo\" \/>\n<meta name=\"twitter:label1\" content=\"Written by\" \/>\n\t<meta name=\"twitter:data1\" content=\"Victor\" \/>\n\t<meta name=\"twitter:label2\" content=\"Est. reading time\" \/>\n\t<meta name=\"twitter:data2\" content=\"1 minute\" \/>\n<script type=\"application\/ld+json\" class=\"yoast-schema-graph\">{\"@context\":\"https:\/\/schema.org\",\"@graph\":[{\"@type\":\"Article\",\"@id\":\"https:\/\/www.indieofilo.com\/en\/short-news\/biffy-clyro-premiered-wolves-of-winter#article\",\"isPartOf\":{\"@id\":\"https:\/\/www.indieofilo.com\/en\/short-news\/biffy-clyro-premiered-wolves-of-winter\"},\"author\":{\"name\":\"Victor\",\"@id\":\"https:\/\/www.indieofilo.com\/#\/schema\/person\/595334d38590e4ce5a09f83cbf2fca90\"},\"headline\":\"Biffy Clyro premiered Wolves Of Winter\",\"datePublished\":\"2016-03-21T21:14:06+00:00\",\"dateModified\":\"2023-09-19T09:32:38+00:00\",\"mainEntityOfPage\":{\"@id\":\"https:\/\/www.indieofilo.com\/en\/short-news\/biffy-clyro-premiered-wolves-of-winter\"},\"wordCount\":167,\"commentCount\":0,\"publisher\":{\"@id\":\"https:\/\/www.indieofilo.com\/#organization\"},\"image\":{\"@id\":\"https:\/\/www.indieofilo.com\/en\/short-news\/biffy-clyro-premiered-wolves-of-winter#primaryimage\"},\"thumbnailUrl\":\"https:\/\/www.indieofilo.com\/wp-content\/uploads\/2014\/08\/Biffy-Clyro-Arenal-Sound-2014.jpg\",\"keywords\":[\"Biffy Clyro\"],\"articleSection\":[\"Short news\"],\"inLanguage\":\"en-US\",\"potentialAction\":[{\"@type\":\"CommentAction\",\"name\":\"Comment\",\"target\":[\"https:\/\/www.indieofilo.com\/en\/short-news\/biffy-clyro-premiered-wolves-of-winter#respond\"]}]},{\"@type\":\"WebPage\",\"@id\":\"https:\/\/www.indieofilo.com\/en\/short-news\/biffy-clyro-premiered-wolves-of-winter\",\"url\":\"https:\/\/www.indieofilo.com\/en\/short-news\/biffy-clyro-premiered-wolves-of-winter\",\"name\":\"Biffy Clyro premiered Wolves Of Winter - Indie\u00f3filo\",\"isPartOf\":{\"@id\":\"https:\/\/www.indieofilo.com\/#website\"},\"primaryImageOfPage\":{\"@id\":\"https:\/\/www.indieofilo.com\/en\/short-news\/biffy-clyro-premiered-wolves-of-winter#primaryimage\"},\"image\":{\"@id\":\"https:\/\/www.indieofilo.com\/en\/short-news\/biffy-clyro-premiered-wolves-of-winter#primaryimage\"},\"thumbnailUrl\":\"https:\/\/www.indieofilo.com\/wp-content\/uploads\/2014\/08\/Biffy-Clyro-Arenal-Sound-2014.jpg\",\"datePublished\":\"2016-03-21T21:14:06+00:00\",\"dateModified\":\"2023-09-19T09:32:38+00:00\",\"description\":\"Scots Biffy Clyro\u00a0have premiere their\u00a0new track '\\\"Wolves Of Winter\\\", the first single from their new album Ellipsis, that\u00a0will be released on July 8th.\",\"breadcrumb\":{\"@id\":\"https:\/\/www.indieofilo.com\/en\/short-news\/biffy-clyro-premiered-wolves-of-winter#breadcrumb\"},\"inLanguage\":\"en-US\",\"potentialAction\":[{\"@type\":\"ReadAction\",\"target\":[\"https:\/\/www.indieofilo.com\/en\/short-news\/biffy-clyro-premiered-wolves-of-winter\"]}]},{\"@type\":\"ImageObject\",\"inLanguage\":\"en-US\",\"@id\":\"https:\/\/www.indieofilo.com\/en\/short-news\/biffy-clyro-premiered-wolves-of-winter#primaryimage\",\"url\":\"https:\/\/www.indieofilo.com\/wp-content\/uploads\/2014\/08\/Biffy-Clyro-Arenal-Sound-2014.jpg\",\"contentUrl\":\"https:\/\/www.indieofilo.com\/wp-content\/uploads\/2014\/08\/Biffy-Clyro-Arenal-Sound-2014.jpg\",\"width\":800,\"height\":533},{\"@type\":\"BreadcrumbList\",\"@id\":\"https:\/\/www.indieofilo.com\/en\/short-news\/biffy-clyro-premiered-wolves-of-winter#breadcrumb\",\"itemListElement\":[{\"@type\":\"ListItem\",\"position\":1,\"name\":\"Portada\",\"item\":\"https:\/\/www.indieofilo.com\/en\"},{\"@type\":\"ListItem\",\"position\":2,\"name\":\"Biffy Clyro premiered Wolves Of Winter\"}]},{\"@type\":\"WebSite\",\"@id\":\"https:\/\/www.indieofilo.com\/#website\",\"url\":\"https:\/\/www.indieofilo.com\/\",\"name\":\"Indie\u00f3filo\",\"description\":\"Magazine online de la cultura independiente\",\"publisher\":{\"@id\":\"https:\/\/www.indieofilo.com\/#organization\"},\"potentialAction\":[{\"@type\":\"SearchAction\",\"target\":{\"@type\":\"EntryPoint\",\"urlTemplate\":\"https:\/\/www.indieofilo.com\/?s={search_term_string}\"},\"query-input\":{\"@type\":\"PropertyValueSpecification\",\"valueRequired\":true,\"valueName\":\"search_term_string\"}}],\"inLanguage\":\"en-US\"},{\"@type\":\"Organization\",\"@id\":\"https:\/\/www.indieofilo.com\/#organization\",\"name\":\"Indie\u00f3filo Web\",\"url\":\"https:\/\/www.indieofilo.com\/\",\"logo\":{\"@type\":\"ImageObject\",\"inLanguage\":\"en-US\",\"@id\":\"https:\/\/www.indieofilo.com\/#\/schema\/logo\/image\/\",\"url\":\"https:\/\/www.indieofilo.com\/wp-content\/uploads\/2015\/02\/logo-alta-resolucion.png\",\"contentUrl\":\"https:\/\/www.indieofilo.com\/wp-content\/uploads\/2015\/02\/logo-alta-resolucion.png\",\"width\":544,\"height\":185,\"caption\":\"Indie\u00f3filo Web\"},\"image\":{\"@id\":\"https:\/\/www.indieofilo.com\/#\/schema\/logo\/image\/\"},\"sameAs\":[\"https:\/\/www.facebook.com\/Indieofilo\/\",\"https:\/\/x.com\/indieofilo\",\"https:\/\/www.instagram.com\/indieofilo\/\"]},{\"@type\":\"Person\",\"@id\":\"https:\/\/www.indieofilo.com\/#\/schema\/person\/595334d38590e4ce5a09f83cbf2fca90\",\"name\":\"Victor\",\"image\":{\"@type\":\"ImageObject\",\"inLanguage\":\"en-US\",\"@id\":\"https:\/\/www.indieofilo.com\/#\/schema\/person\/image\/\",\"url\":\"https:\/\/secure.gravatar.com\/avatar\/682b8c6ea3e94b6cffec683b25f1797d?s=96&d=mm&r=g\",\"contentUrl\":\"https:\/\/secure.gravatar.com\/avatar\/682b8c6ea3e94b6cffec683b25f1797d?s=96&d=mm&r=g\",\"caption\":\"Victor\"},\"description\":\"Fan\u00e1tico de la m\u00fasica desde que mis padres me pon\u00edan a Eydie Gorme y Los Panchos o el Discotuna por la A2. Intent\u00e9 tocar varios instrumentos, pero soy muy torpe con la mano izquierda, as\u00ed que ya sab\u00e9is el resultado final. Fan del britpop, Post-punk, el rugby y el baloncesto...\",\"sameAs\":[\"http:\/\/indieofilo.com\"],\"url\":\"https:\/\/www.indieofilo.com\/en\/author\/victor\"}]}<\/script>\n<!-- \/ Yoast SEO Premium plugin. -->","yoast_head_json":{"title":"Biffy Clyro premiered Wolves Of Winter - Indie\u00f3filo","description":"Scots Biffy Clyro\u00a0have premiere their\u00a0new track '\"Wolves Of Winter\", the first single from their new album Ellipsis, that\u00a0will be released on July 8th.","robots":{"index":"index","follow":"follow","max-snippet":"max-snippet:-1","max-image-preview":"max-image-preview:large","max-video-preview":"max-video-preview:-1"},"canonical":"https:\/\/www.indieofilo.com\/en\/short-news\/biffy-clyro-premiered-wolves-of-winter","og_locale":"en_US","og_type":"article","og_title":"Biffy Clyro premiered Wolves Of Winter","og_description":"Scots Biffy Clyro\u00a0have premiere their\u00a0new track '\"Wolves Of Winter\", the first single from their new album Ellipsis, that\u00a0will be released on July 8th.","og_url":"https:\/\/www.indieofilo.com\/en\/short-news\/biffy-clyro-premiered-wolves-of-winter","og_site_name":"Indie\u00f3filo","article_publisher":"https:\/\/www.facebook.com\/Indieofilo\/","article_published_time":"2016-03-21T21:14:06+00:00","article_modified_time":"2023-09-19T09:32:38+00:00","og_image":[{"width":800,"height":533,"url":"https:\/\/www.indieofilo.com\/wp-content\/uploads\/2014\/08\/Biffy-Clyro-Arenal-Sound-2014.jpg","type":"image\/jpeg"}],"author":"Victor","twitter_card":"summary_large_image","twitter_creator":"@indieofilo","twitter_site":"@indieofilo","twitter_misc":{"Written by":"Victor","Est. reading time":"1 minute"},"schema":{"@context":"https:\/\/schema.org","@graph":[{"@type":"Article","@id":"https:\/\/www.indieofilo.com\/en\/short-news\/biffy-clyro-premiered-wolves-of-winter#article","isPartOf":{"@id":"https:\/\/www.indieofilo.com\/en\/short-news\/biffy-clyro-premiered-wolves-of-winter"},"author":{"name":"Victor","@id":"https:\/\/www.indieofilo.com\/#\/schema\/person\/595334d38590e4ce5a09f83cbf2fca90"},"headline":"Biffy Clyro premiered Wolves Of Winter","datePublished":"2016-03-21T21:14:06+00:00","dateModified":"2023-09-19T09:32:38+00:00","mainEntityOfPage":{"@id":"https:\/\/www.indieofilo.com\/en\/short-news\/biffy-clyro-premiered-wolves-of-winter"},"wordCount":167,"commentCount":0,"publisher":{"@id":"https:\/\/www.indieofilo.com\/#organization"},"image":{"@id":"https:\/\/www.indieofilo.com\/en\/short-news\/biffy-clyro-premiered-wolves-of-winter#primaryimage"},"thumbnailUrl":"https:\/\/www.indieofilo.com\/wp-content\/uploads\/2014\/08\/Biffy-Clyro-Arenal-Sound-2014.jpg","keywords":["Biffy Clyro"],"articleSection":["Short news"],"inLanguage":"en-US","potentialAction":[{"@type":"CommentAction","name":"Comment","target":["https:\/\/www.indieofilo.com\/en\/short-news\/biffy-clyro-premiered-wolves-of-winter#respond"]}]},{"@type":"WebPage","@id":"https:\/\/www.indieofilo.com\/en\/short-news\/biffy-clyro-premiered-wolves-of-winter","url":"https:\/\/www.indieofilo.com\/en\/short-news\/biffy-clyro-premiered-wolves-of-winter","name":"Biffy Clyro premiered Wolves Of Winter - Indie\u00f3filo","isPartOf":{"@id":"https:\/\/www.indieofilo.com\/#website"},"primaryImageOfPage":{"@id":"https:\/\/www.indieofilo.com\/en\/short-news\/biffy-clyro-premiered-wolves-of-winter#primaryimage"},"image":{"@id":"https:\/\/www.indieofilo.com\/en\/short-news\/biffy-clyro-premiered-wolves-of-winter#primaryimage"},"thumbnailUrl":"https:\/\/www.indieofilo.com\/wp-content\/uploads\/2014\/08\/Biffy-Clyro-Arenal-Sound-2014.jpg","datePublished":"2016-03-21T21:14:06+00:00","dateModified":"2023-09-19T09:32:38+00:00","description":"Scots Biffy Clyro\u00a0have premiere their\u00a0new track '\"Wolves Of Winter\", the first single from their new album Ellipsis, that\u00a0will be released on July 8th.","breadcrumb":{"@id":"https:\/\/www.indieofilo.com\/en\/short-news\/biffy-clyro-premiered-wolves-of-winter#breadcrumb"},"inLanguage":"en-US","potentialAction":[{"@type":"ReadAction","target":["https:\/\/www.indieofilo.com\/en\/short-news\/biffy-clyro-premiered-wolves-of-winter"]}]},{"@type":"ImageObject","inLanguage":"en-US","@id":"https:\/\/www.indieofilo.com\/en\/short-news\/biffy-clyro-premiered-wolves-of-winter#primaryimage","url":"https:\/\/www.indieofilo.com\/wp-content\/uploads\/2014\/08\/Biffy-Clyro-Arenal-Sound-2014.jpg","contentUrl":"https:\/\/www.indieofilo.com\/wp-content\/uploads\/2014\/08\/Biffy-Clyro-Arenal-Sound-2014.jpg","width":800,"height":533},{"@type":"BreadcrumbList","@id":"https:\/\/www.indieofilo.com\/en\/short-news\/biffy-clyro-premiered-wolves-of-winter#breadcrumb","itemListElement":[{"@type":"ListItem","position":1,"name":"Portada","item":"https:\/\/www.indieofilo.com\/en"},{"@type":"ListItem","position":2,"name":"Biffy Clyro premiered Wolves Of Winter"}]},{"@type":"WebSite","@id":"https:\/\/www.indieofilo.com\/#website","url":"https:\/\/www.indieofilo.com\/","name":"Indie\u00f3filo","description":"Magazine online de la cultura independiente","publisher":{"@id":"https:\/\/www.indieofilo.com\/#organization"},"potentialAction":[{"@type":"SearchAction","target":{"@type":"EntryPoint","urlTemplate":"https:\/\/www.indieofilo.com\/?s={search_term_string}"},"query-input":{"@type":"PropertyValueSpecification","valueRequired":true,"valueName":"search_term_string"}}],"inLanguage":"en-US"},{"@type":"Organization","@id":"https:\/\/www.indieofilo.com\/#organization","name":"Indie\u00f3filo Web","url":"https:\/\/www.indieofilo.com\/","logo":{"@type":"ImageObject","inLanguage":"en-US","@id":"https:\/\/www.indieofilo.com\/#\/schema\/logo\/image\/","url":"https:\/\/www.indieofilo.com\/wp-content\/uploads\/2015\/02\/logo-alta-resolucion.png","contentUrl":"https:\/\/www.indieofilo.com\/wp-content\/uploads\/2015\/02\/logo-alta-resolucion.png","width":544,"height":185,"caption":"Indie\u00f3filo Web"},"image":{"@id":"https:\/\/www.indieofilo.com\/#\/schema\/logo\/image\/"},"sameAs":["https:\/\/www.facebook.com\/Indieofilo\/","https:\/\/x.com\/indieofilo","https:\/\/www.instagram.com\/indieofilo\/"]},{"@type":"Person","@id":"https:\/\/www.indieofilo.com\/#\/schema\/person\/595334d38590e4ce5a09f83cbf2fca90","name":"Victor","image":{"@type":"ImageObject","inLanguage":"en-US","@id":"https:\/\/www.indieofilo.com\/#\/schema\/person\/image\/","url":"https:\/\/secure.gravatar.com\/avatar\/682b8c6ea3e94b6cffec683b25f1797d?s=96&d=mm&r=g","contentUrl":"https:\/\/secure.gravatar.com\/avatar\/682b8c6ea3e94b6cffec683b25f1797d?s=96&d=mm&r=g","caption":"Victor"},"description":"Fan\u00e1tico de la m\u00fasica desde que mis padres me pon\u00edan a Eydie Gorme y Los Panchos o el Discotuna por la A2. Intent\u00e9 tocar varios instrumentos, pero soy muy torpe con la mano izquierda, as\u00ed que ya sab\u00e9is el resultado final. Fan del britpop, Post-punk, el rugby y el baloncesto...","sameAs":["http:\/\/indieofilo.com"],"url":"https:\/\/www.indieofilo.com\/en\/author\/victor"}]}},"_links":{"self":[{"href":"https:\/\/www.indieofilo.com\/en\/wp-json\/wp\/v2\/posts\/5092","targetHints":{"allow":["GET"]}}],"collection":[{"href":"https:\/\/www.indieofilo.com\/en\/wp-json\/wp\/v2\/posts"}],"about":[{"href":"https:\/\/www.indieofilo.com\/en\/wp-json\/wp\/v2\/types\/post"}],"author":[{"embeddable":true,"href":"https:\/\/www.indieofilo.com\/en\/wp-json\/wp\/v2\/users\/1"}],"replies":[{"embeddable":true,"href":"https:\/\/www.indieofilo.com\/en\/wp-json\/wp\/v2\/comments?post=5092"}],"version-history":[{"count":0,"href":"https:\/\/www.indieofilo.com\/en\/wp-json\/wp\/v2\/posts\/5092\/revisions"}],"wp:featuredmedia":[{"embeddable":true,"href":"https:\/\/www.indieofilo.com\/en\/wp-json\/wp\/v2\/media\/18735"}],"wp:attachment":[{"href":"https:\/\/www.indieofilo.com\/en\/wp-json\/wp\/v2\/media?parent=5092"}],"wp:term":[{"taxonomy":"category","embeddable":true,"href":"https:\/\/www.indieofilo.com\/en\/wp-json\/wp\/v2\/categories?post=5092"},{"taxonomy":"post_tag","embeddable":true,"href":"https:\/\/www.indieofilo.com\/en\/wp-json\/wp\/v2\/tags?post=5092"}],"curies":[{"name":"wp","href":"https:\/\/api.w.org\/{rel}","templated":true}]}}