{"id":5083,"date":"2014-02-05T21:11:47","date_gmt":"2014-02-05T20:11:47","guid":{"rendered":"http:\/\/indieofilo.com\/?p=5083"},"modified":"2023-09-24T23:56:16","modified_gmt":"2023-09-24T21:56:16","slug":"cross-linx-festival-2014-arrives-this-thursday-6th-february-to-amsterdam","status":"publish","type":"post","link":"https:\/\/www.indieofilo.com\/en\/news\/cross-linx-festival-2014-arrives-this-thursday-6th-february-to-amsterdam","title":{"rendered":"Cross Linx festival 2014 arrives this Thursday 6th February to Amsterdam"},"content":{"rendered":"<p style=\"text-align: justify;\">\n\t<img fetchpriority=\"high\" decoding=\"async\" alt=\"cross linx 2014\" class=\"aligncenter size-medium wp-image-5081\" height=\"400\" src=\"http:\/\/indieofilo.com\/wp-content\/uploads\/2016\/03\/cross-linx-Festival-2014-288x400.jpg\" width=\"288\" \/><\/p>\n<p style=\"text-align: justify;\">\n\tA new edition of the travelling and recognised festival in the Netherlands&nbsp;<strong>Cross Linx<\/strong>&nbsp;arrives this Thursday to Paradiso and People&#39;s Place in Amsterdam. The festival, who started in 2001 with the intention of promoting combinations of indie and classical music, counted during this years with the participation of artist as&nbsp;<strong>Yann Tiersen, Eels, Tindersticks, The National<\/strong>&nbsp;or&nbsp;<strong>Patrick Watson<\/strong>&nbsp;last year.<\/p>\n<p style=\"text-align: justify;\">\n\tThis year&rsquo;s headliners are&nbsp;<strong>Jos&eacute; Gonz&aacute;lez<\/strong>&nbsp;and&nbsp;<strong>&Oacute;lafur Arnalds<\/strong>, both accompanied by the&nbsp;<em>philharmonie zuidnederland<\/em>&nbsp;on the main hall of Paradiso, as well as&nbsp;<strong>Patrick Wolf<\/strong>, who will be on People&#39;s Place with the<em>&nbsp;Detroit Party Marching Band<\/em>&nbsp;joining him on stage. The festival starts this Wednesday 5th of february in Rotterdam, and after Amsterdam, it will be held on Eindhoven (7th of February) and Groningen (8th February). Tickets are available with a prize of 35&euro; at the&nbsp;<a _cke_saved_href=\"http:\/\/www.cross-linx.nl\/\" href=\"http:\/\/www.cross-linx.nl\/\">official website of the festival<\/a>.<\/p>\n","protected":false},"excerpt":{"rendered":"<p>A new edition of the travelling and recognised festival in the Netherlands&nbsp;Cross Linx&nbsp;arrives this Thursday to Paradiso and People&#39;s Place in Amsterdam. The festival, who started in 2001 with the intention of promoting combinations of indie and classical music, counted during this years with the participation of artist as&nbsp;Yann Tiersen, Eels, Tindersticks, The National&nbsp;or&nbsp;Patrick Watson&nbsp;last [&hellip;]<\/p>\n","protected":false},"author":1,"featured_media":19436,"comment_status":"open","ping_status":"closed","sticky":false,"template":"","format":"standard","meta":{"footnotes":""},"categories":[41,8],"tags":[5735,6783,5836,4971,5250,6784],"class_list":["post-5083","post","type-post","status-publish","format-standard","has-post-thumbnail","hentry","category-live-shows","category-news","tag-amsterdam-en","tag-cross-linx-festival-2014-en","tag-cross-linx-festival-en","tag-jose-gonzalez-en","tag-olafur-arnalds-en","tag-patrick-wolf-en"],"yoast_head":"<!-- This site is optimized with the Yoast SEO Premium plugin v23.9 (Yoast SEO v26.6) - https:\/\/yoast.com\/wordpress\/plugins\/seo\/ -->\n<title>Cross Linx festival 2014 arrives to Amsterdam - Indieofilo<\/title>\n<meta name=\"description\" content=\"This year\u2019s headliners are\u00a0Jos\u00e9 Gonz\u00e1lez\u00a0and\u00a0\u00d3lafur Arnalds, both accompanied by the\u00a0philharmonie zuidnederland\u00a0on the main hall of Paradiso,\" \/>\n<meta name=\"robots\" content=\"index, follow, max-snippet:-1, max-image-preview:large, max-video-preview:-1\" \/>\n<link rel=\"canonical\" href=\"https:\/\/www.indieofilo.com\/en\/news\/cross-linx-festival-2014-arrives-this-thursday-6th-february-to-amsterdam\" \/>\n<meta property=\"og:locale\" content=\"en_US\" \/>\n<meta property=\"og:type\" content=\"article\" \/>\n<meta property=\"og:title\" content=\"Cross Linx festival 2014 arrives this Thursday 6th February to Amsterdam\" \/>\n<meta property=\"og:description\" content=\"This year\u2019s headliners are\u00a0Jos\u00e9 Gonz\u00e1lez\u00a0and\u00a0\u00d3lafur Arnalds, both accompanied by the\u00a0philharmonie zuidnederland\u00a0on the main hall of Paradiso,\" \/>\n<meta property=\"og:url\" content=\"https:\/\/www.indieofilo.com\/en\/news\/cross-linx-festival-2014-arrives-this-thursday-6th-february-to-amsterdam\" \/>\n<meta property=\"og:site_name\" content=\"Indie\u00f3filo\" \/>\n<meta property=\"article:publisher\" content=\"https:\/\/www.facebook.com\/Indieofilo\/\" \/>\n<meta property=\"article:published_time\" content=\"2014-02-05T20:11:47+00:00\" \/>\n<meta property=\"article:modified_time\" content=\"2023-09-24T21:56:16+00:00\" \/>\n<meta property=\"og:image\" content=\"https:\/\/www.indieofilo.com\/wp-content\/uploads\/2016\/03\/cross-linx-Festival-2014.jpg\" \/>\n\t<meta property=\"og:image:width\" content=\"518\" \/>\n\t<meta property=\"og:image:height\" content=\"720\" \/>\n\t<meta property=\"og:image:type\" content=\"image\/jpeg\" \/>\n<meta name=\"author\" content=\"Victor\" \/>\n<meta name=\"twitter:card\" content=\"summary_large_image\" \/>\n<meta name=\"twitter:creator\" content=\"@indieofilo\" \/>\n<meta name=\"twitter:site\" content=\"@indieofilo\" \/>\n<meta name=\"twitter:label1\" content=\"Written by\" \/>\n\t<meta name=\"twitter:data1\" content=\"Victor\" \/>\n\t<meta name=\"twitter:label2\" content=\"Est. reading time\" \/>\n\t<meta name=\"twitter:data2\" content=\"1 minute\" \/>\n<script type=\"application\/ld+json\" class=\"yoast-schema-graph\">{\"@context\":\"https:\/\/schema.org\",\"@graph\":[{\"@type\":\"Article\",\"@id\":\"https:\/\/www.indieofilo.com\/en\/news\/cross-linx-festival-2014-arrives-this-thursday-6th-february-to-amsterdam#article\",\"isPartOf\":{\"@id\":\"https:\/\/www.indieofilo.com\/en\/news\/cross-linx-festival-2014-arrives-this-thursday-6th-february-to-amsterdam\"},\"author\":{\"name\":\"Victor\",\"@id\":\"https:\/\/www.indieofilo.com\/#\/schema\/person\/595334d38590e4ce5a09f83cbf2fca90\"},\"headline\":\"Cross Linx festival 2014 arrives this Thursday 6th February to Amsterdam\",\"datePublished\":\"2014-02-05T20:11:47+00:00\",\"dateModified\":\"2023-09-24T21:56:16+00:00\",\"mainEntityOfPage\":{\"@id\":\"https:\/\/www.indieofilo.com\/en\/news\/cross-linx-festival-2014-arrives-this-thursday-6th-february-to-amsterdam\"},\"wordCount\":177,\"commentCount\":0,\"publisher\":{\"@id\":\"https:\/\/www.indieofilo.com\/#organization\"},\"image\":{\"@id\":\"https:\/\/www.indieofilo.com\/en\/news\/cross-linx-festival-2014-arrives-this-thursday-6th-february-to-amsterdam#primaryimage\"},\"thumbnailUrl\":\"https:\/\/www.indieofilo.com\/wp-content\/uploads\/2016\/03\/cross-linx-Festival-2014.jpg\",\"keywords\":[\"Amsterdam\",\"Cross Linx festival 2014\",\"Cross-linx Festival\",\"Jose Gonzalez\",\"\u00d3lafur Arnalds\",\"Patrick Wolf\"],\"articleSection\":[\"Live Shows\",\"News\"],\"inLanguage\":\"en-US\",\"potentialAction\":[{\"@type\":\"CommentAction\",\"name\":\"Comment\",\"target\":[\"https:\/\/www.indieofilo.com\/en\/news\/cross-linx-festival-2014-arrives-this-thursday-6th-february-to-amsterdam#respond\"]}]},{\"@type\":\"WebPage\",\"@id\":\"https:\/\/www.indieofilo.com\/en\/news\/cross-linx-festival-2014-arrives-this-thursday-6th-february-to-amsterdam\",\"url\":\"https:\/\/www.indieofilo.com\/en\/news\/cross-linx-festival-2014-arrives-this-thursday-6th-february-to-amsterdam\",\"name\":\"Cross Linx festival 2014 arrives to Amsterdam - Indieofilo\",\"isPartOf\":{\"@id\":\"https:\/\/www.indieofilo.com\/#website\"},\"primaryImageOfPage\":{\"@id\":\"https:\/\/www.indieofilo.com\/en\/news\/cross-linx-festival-2014-arrives-this-thursday-6th-february-to-amsterdam#primaryimage\"},\"image\":{\"@id\":\"https:\/\/www.indieofilo.com\/en\/news\/cross-linx-festival-2014-arrives-this-thursday-6th-february-to-amsterdam#primaryimage\"},\"thumbnailUrl\":\"https:\/\/www.indieofilo.com\/wp-content\/uploads\/2016\/03\/cross-linx-Festival-2014.jpg\",\"datePublished\":\"2014-02-05T20:11:47+00:00\",\"dateModified\":\"2023-09-24T21:56:16+00:00\",\"description\":\"This year\u2019s headliners are\u00a0Jos\u00e9 Gonz\u00e1lez\u00a0and\u00a0\u00d3lafur Arnalds, both accompanied by the\u00a0philharmonie zuidnederland\u00a0on the main hall of Paradiso,\",\"breadcrumb\":{\"@id\":\"https:\/\/www.indieofilo.com\/en\/news\/cross-linx-festival-2014-arrives-this-thursday-6th-february-to-amsterdam#breadcrumb\"},\"inLanguage\":\"en-US\",\"potentialAction\":[{\"@type\":\"ReadAction\",\"target\":[\"https:\/\/www.indieofilo.com\/en\/news\/cross-linx-festival-2014-arrives-this-thursday-6th-february-to-amsterdam\"]}]},{\"@type\":\"ImageObject\",\"inLanguage\":\"en-US\",\"@id\":\"https:\/\/www.indieofilo.com\/en\/news\/cross-linx-festival-2014-arrives-this-thursday-6th-february-to-amsterdam#primaryimage\",\"url\":\"https:\/\/www.indieofilo.com\/wp-content\/uploads\/2016\/03\/cross-linx-Festival-2014.jpg\",\"contentUrl\":\"https:\/\/www.indieofilo.com\/wp-content\/uploads\/2016\/03\/cross-linx-Festival-2014.jpg\",\"width\":518,\"height\":720},{\"@type\":\"BreadcrumbList\",\"@id\":\"https:\/\/www.indieofilo.com\/en\/news\/cross-linx-festival-2014-arrives-this-thursday-6th-february-to-amsterdam#breadcrumb\",\"itemListElement\":[{\"@type\":\"ListItem\",\"position\":1,\"name\":\"Portada\",\"item\":\"https:\/\/www.indieofilo.com\/en\"},{\"@type\":\"ListItem\",\"position\":2,\"name\":\"Cross Linx festival 2014 arrives this Thursday 6th February to Amsterdam\"}]},{\"@type\":\"WebSite\",\"@id\":\"https:\/\/www.indieofilo.com\/#website\",\"url\":\"https:\/\/www.indieofilo.com\/\",\"name\":\"Indie\u00f3filo\",\"description\":\"Magazine online de la cultura independiente\",\"publisher\":{\"@id\":\"https:\/\/www.indieofilo.com\/#organization\"},\"potentialAction\":[{\"@type\":\"SearchAction\",\"target\":{\"@type\":\"EntryPoint\",\"urlTemplate\":\"https:\/\/www.indieofilo.com\/?s={search_term_string}\"},\"query-input\":{\"@type\":\"PropertyValueSpecification\",\"valueRequired\":true,\"valueName\":\"search_term_string\"}}],\"inLanguage\":\"en-US\"},{\"@type\":\"Organization\",\"@id\":\"https:\/\/www.indieofilo.com\/#organization\",\"name\":\"Indie\u00f3filo Web\",\"url\":\"https:\/\/www.indieofilo.com\/\",\"logo\":{\"@type\":\"ImageObject\",\"inLanguage\":\"en-US\",\"@id\":\"https:\/\/www.indieofilo.com\/#\/schema\/logo\/image\/\",\"url\":\"https:\/\/www.indieofilo.com\/wp-content\/uploads\/2015\/02\/logo-alta-resolucion.png\",\"contentUrl\":\"https:\/\/www.indieofilo.com\/wp-content\/uploads\/2015\/02\/logo-alta-resolucion.png\",\"width\":544,\"height\":185,\"caption\":\"Indie\u00f3filo Web\"},\"image\":{\"@id\":\"https:\/\/www.indieofilo.com\/#\/schema\/logo\/image\/\"},\"sameAs\":[\"https:\/\/www.facebook.com\/Indieofilo\/\",\"https:\/\/x.com\/indieofilo\",\"https:\/\/www.instagram.com\/indieofilo\/\"]},{\"@type\":\"Person\",\"@id\":\"https:\/\/www.indieofilo.com\/#\/schema\/person\/595334d38590e4ce5a09f83cbf2fca90\",\"name\":\"Victor\",\"image\":{\"@type\":\"ImageObject\",\"inLanguage\":\"en-US\",\"@id\":\"https:\/\/www.indieofilo.com\/#\/schema\/person\/image\/\",\"url\":\"https:\/\/secure.gravatar.com\/avatar\/682b8c6ea3e94b6cffec683b25f1797d?s=96&d=mm&r=g\",\"contentUrl\":\"https:\/\/secure.gravatar.com\/avatar\/682b8c6ea3e94b6cffec683b25f1797d?s=96&d=mm&r=g\",\"caption\":\"Victor\"},\"description\":\"Fan\u00e1tico de la m\u00fasica desde que mis padres me pon\u00edan a Eydie Gorme y Los Panchos o el Discotuna por la A2. Intent\u00e9 tocar varios instrumentos, pero soy muy torpe con la mano izquierda, as\u00ed que ya sab\u00e9is el resultado final. Fan del britpop, Post-punk, el rugby y el baloncesto...\",\"sameAs\":[\"http:\/\/indieofilo.com\"],\"url\":\"https:\/\/www.indieofilo.com\/en\/author\/victor\"}]}<\/script>\n<!-- \/ Yoast SEO Premium plugin. -->","yoast_head_json":{"title":"Cross Linx festival 2014 arrives to Amsterdam - Indieofilo","description":"This year\u2019s headliners are\u00a0Jos\u00e9 Gonz\u00e1lez\u00a0and\u00a0\u00d3lafur Arnalds, both accompanied by the\u00a0philharmonie zuidnederland\u00a0on the main hall of Paradiso,","robots":{"index":"index","follow":"follow","max-snippet":"max-snippet:-1","max-image-preview":"max-image-preview:large","max-video-preview":"max-video-preview:-1"},"canonical":"https:\/\/www.indieofilo.com\/en\/news\/cross-linx-festival-2014-arrives-this-thursday-6th-february-to-amsterdam","og_locale":"en_US","og_type":"article","og_title":"Cross Linx festival 2014 arrives this Thursday 6th February to Amsterdam","og_description":"This year\u2019s headliners are\u00a0Jos\u00e9 Gonz\u00e1lez\u00a0and\u00a0\u00d3lafur Arnalds, both accompanied by the\u00a0philharmonie zuidnederland\u00a0on the main hall of Paradiso,","og_url":"https:\/\/www.indieofilo.com\/en\/news\/cross-linx-festival-2014-arrives-this-thursday-6th-february-to-amsterdam","og_site_name":"Indie\u00f3filo","article_publisher":"https:\/\/www.facebook.com\/Indieofilo\/","article_published_time":"2014-02-05T20:11:47+00:00","article_modified_time":"2023-09-24T21:56:16+00:00","og_image":[{"width":518,"height":720,"url":"https:\/\/www.indieofilo.com\/wp-content\/uploads\/2016\/03\/cross-linx-Festival-2014.jpg","type":"image\/jpeg"}],"author":"Victor","twitter_card":"summary_large_image","twitter_creator":"@indieofilo","twitter_site":"@indieofilo","twitter_misc":{"Written by":"Victor","Est. reading time":"1 minute"},"schema":{"@context":"https:\/\/schema.org","@graph":[{"@type":"Article","@id":"https:\/\/www.indieofilo.com\/en\/news\/cross-linx-festival-2014-arrives-this-thursday-6th-february-to-amsterdam#article","isPartOf":{"@id":"https:\/\/www.indieofilo.com\/en\/news\/cross-linx-festival-2014-arrives-this-thursday-6th-february-to-amsterdam"},"author":{"name":"Victor","@id":"https:\/\/www.indieofilo.com\/#\/schema\/person\/595334d38590e4ce5a09f83cbf2fca90"},"headline":"Cross Linx festival 2014 arrives this Thursday 6th February to Amsterdam","datePublished":"2014-02-05T20:11:47+00:00","dateModified":"2023-09-24T21:56:16+00:00","mainEntityOfPage":{"@id":"https:\/\/www.indieofilo.com\/en\/news\/cross-linx-festival-2014-arrives-this-thursday-6th-february-to-amsterdam"},"wordCount":177,"commentCount":0,"publisher":{"@id":"https:\/\/www.indieofilo.com\/#organization"},"image":{"@id":"https:\/\/www.indieofilo.com\/en\/news\/cross-linx-festival-2014-arrives-this-thursday-6th-february-to-amsterdam#primaryimage"},"thumbnailUrl":"https:\/\/www.indieofilo.com\/wp-content\/uploads\/2016\/03\/cross-linx-Festival-2014.jpg","keywords":["Amsterdam","Cross Linx festival 2014","Cross-linx Festival","Jose Gonzalez","\u00d3lafur Arnalds","Patrick Wolf"],"articleSection":["Live Shows","News"],"inLanguage":"en-US","potentialAction":[{"@type":"CommentAction","name":"Comment","target":["https:\/\/www.indieofilo.com\/en\/news\/cross-linx-festival-2014-arrives-this-thursday-6th-february-to-amsterdam#respond"]}]},{"@type":"WebPage","@id":"https:\/\/www.indieofilo.com\/en\/news\/cross-linx-festival-2014-arrives-this-thursday-6th-february-to-amsterdam","url":"https:\/\/www.indieofilo.com\/en\/news\/cross-linx-festival-2014-arrives-this-thursday-6th-february-to-amsterdam","name":"Cross Linx festival 2014 arrives to Amsterdam - Indieofilo","isPartOf":{"@id":"https:\/\/www.indieofilo.com\/#website"},"primaryImageOfPage":{"@id":"https:\/\/www.indieofilo.com\/en\/news\/cross-linx-festival-2014-arrives-this-thursday-6th-february-to-amsterdam#primaryimage"},"image":{"@id":"https:\/\/www.indieofilo.com\/en\/news\/cross-linx-festival-2014-arrives-this-thursday-6th-february-to-amsterdam#primaryimage"},"thumbnailUrl":"https:\/\/www.indieofilo.com\/wp-content\/uploads\/2016\/03\/cross-linx-Festival-2014.jpg","datePublished":"2014-02-05T20:11:47+00:00","dateModified":"2023-09-24T21:56:16+00:00","description":"This year\u2019s headliners are\u00a0Jos\u00e9 Gonz\u00e1lez\u00a0and\u00a0\u00d3lafur Arnalds, both accompanied by the\u00a0philharmonie zuidnederland\u00a0on the main hall of Paradiso,","breadcrumb":{"@id":"https:\/\/www.indieofilo.com\/en\/news\/cross-linx-festival-2014-arrives-this-thursday-6th-february-to-amsterdam#breadcrumb"},"inLanguage":"en-US","potentialAction":[{"@type":"ReadAction","target":["https:\/\/www.indieofilo.com\/en\/news\/cross-linx-festival-2014-arrives-this-thursday-6th-february-to-amsterdam"]}]},{"@type":"ImageObject","inLanguage":"en-US","@id":"https:\/\/www.indieofilo.com\/en\/news\/cross-linx-festival-2014-arrives-this-thursday-6th-february-to-amsterdam#primaryimage","url":"https:\/\/www.indieofilo.com\/wp-content\/uploads\/2016\/03\/cross-linx-Festival-2014.jpg","contentUrl":"https:\/\/www.indieofilo.com\/wp-content\/uploads\/2016\/03\/cross-linx-Festival-2014.jpg","width":518,"height":720},{"@type":"BreadcrumbList","@id":"https:\/\/www.indieofilo.com\/en\/news\/cross-linx-festival-2014-arrives-this-thursday-6th-february-to-amsterdam#breadcrumb","itemListElement":[{"@type":"ListItem","position":1,"name":"Portada","item":"https:\/\/www.indieofilo.com\/en"},{"@type":"ListItem","position":2,"name":"Cross Linx festival 2014 arrives this Thursday 6th February to Amsterdam"}]},{"@type":"WebSite","@id":"https:\/\/www.indieofilo.com\/#website","url":"https:\/\/www.indieofilo.com\/","name":"Indie\u00f3filo","description":"Magazine online de la cultura independiente","publisher":{"@id":"https:\/\/www.indieofilo.com\/#organization"},"potentialAction":[{"@type":"SearchAction","target":{"@type":"EntryPoint","urlTemplate":"https:\/\/www.indieofilo.com\/?s={search_term_string}"},"query-input":{"@type":"PropertyValueSpecification","valueRequired":true,"valueName":"search_term_string"}}],"inLanguage":"en-US"},{"@type":"Organization","@id":"https:\/\/www.indieofilo.com\/#organization","name":"Indie\u00f3filo Web","url":"https:\/\/www.indieofilo.com\/","logo":{"@type":"ImageObject","inLanguage":"en-US","@id":"https:\/\/www.indieofilo.com\/#\/schema\/logo\/image\/","url":"https:\/\/www.indieofilo.com\/wp-content\/uploads\/2015\/02\/logo-alta-resolucion.png","contentUrl":"https:\/\/www.indieofilo.com\/wp-content\/uploads\/2015\/02\/logo-alta-resolucion.png","width":544,"height":185,"caption":"Indie\u00f3filo Web"},"image":{"@id":"https:\/\/www.indieofilo.com\/#\/schema\/logo\/image\/"},"sameAs":["https:\/\/www.facebook.com\/Indieofilo\/","https:\/\/x.com\/indieofilo","https:\/\/www.instagram.com\/indieofilo\/"]},{"@type":"Person","@id":"https:\/\/www.indieofilo.com\/#\/schema\/person\/595334d38590e4ce5a09f83cbf2fca90","name":"Victor","image":{"@type":"ImageObject","inLanguage":"en-US","@id":"https:\/\/www.indieofilo.com\/#\/schema\/person\/image\/","url":"https:\/\/secure.gravatar.com\/avatar\/682b8c6ea3e94b6cffec683b25f1797d?s=96&d=mm&r=g","contentUrl":"https:\/\/secure.gravatar.com\/avatar\/682b8c6ea3e94b6cffec683b25f1797d?s=96&d=mm&r=g","caption":"Victor"},"description":"Fan\u00e1tico de la m\u00fasica desde que mis padres me pon\u00edan a Eydie Gorme y Los Panchos o el Discotuna por la A2. Intent\u00e9 tocar varios instrumentos, pero soy muy torpe con la mano izquierda, as\u00ed que ya sab\u00e9is el resultado final. Fan del britpop, Post-punk, el rugby y el baloncesto...","sameAs":["http:\/\/indieofilo.com"],"url":"https:\/\/www.indieofilo.com\/en\/author\/victor"}]}},"_links":{"self":[{"href":"https:\/\/www.indieofilo.com\/en\/wp-json\/wp\/v2\/posts\/5083","targetHints":{"allow":["GET"]}}],"collection":[{"href":"https:\/\/www.indieofilo.com\/en\/wp-json\/wp\/v2\/posts"}],"about":[{"href":"https:\/\/www.indieofilo.com\/en\/wp-json\/wp\/v2\/types\/post"}],"author":[{"embeddable":true,"href":"https:\/\/www.indieofilo.com\/en\/wp-json\/wp\/v2\/users\/1"}],"replies":[{"embeddable":true,"href":"https:\/\/www.indieofilo.com\/en\/wp-json\/wp\/v2\/comments?post=5083"}],"version-history":[{"count":0,"href":"https:\/\/www.indieofilo.com\/en\/wp-json\/wp\/v2\/posts\/5083\/revisions"}],"wp:featuredmedia":[{"embeddable":true,"href":"https:\/\/www.indieofilo.com\/en\/wp-json\/wp\/v2\/media\/19436"}],"wp:attachment":[{"href":"https:\/\/www.indieofilo.com\/en\/wp-json\/wp\/v2\/media?parent=5083"}],"wp:term":[{"taxonomy":"category","embeddable":true,"href":"https:\/\/www.indieofilo.com\/en\/wp-json\/wp\/v2\/categories?post=5083"},{"taxonomy":"post_tag","embeddable":true,"href":"https:\/\/www.indieofilo.com\/en\/wp-json\/wp\/v2\/tags?post=5083"}],"curies":[{"name":"wp","href":"https:\/\/api.w.org\/{rel}","templated":true}]}}