{"id":50593,"date":"2025-11-03T22:54:00","date_gmt":"2025-11-03T21:54:00","guid":{"rendered":"https:\/\/www.indieofilo.com\/news\/music\/suzanne-vega-has-confirmed-a-european-tour-for-2026"},"modified":"2026-03-17T23:23:15","modified_gmt":"2026-03-17T22:23:15","slug":"suzanne-vega-has-confirmed-a-european-tour-for-2026","status":"publish","type":"post","link":"https:\/\/www.indieofilo.com\/en\/news\/live-shows\/suzanne-vega-has-confirmed-a-european-tour-for-2026","title":{"rendered":"Suzanne Vega has confirmed a European tour for 2026"},"content":{"rendered":"<p style=\"text-align: justify;\">Legendary American singer <strong>Suzanne Vega<\/strong>, who rose to fame in the late 1980s with her hugely popular hit &#8216;<em>Luka<\/em>&#8216;, has just announced a European tour as part of her &#8216;<em>Flying with Angels tour<\/em>&#8216; in 2026.<\/p>\n<p style=\"text-align: justify;\">The tour kicks off in the US in February and moves on to Europe in March. It will visit France, Switzerland and Italy before arriving in Spain, <strong>on 28 March, as part of the 27th edition of the Banco Mediolanum Festival Mil.lenni, she will perform at La Paloma in Barcelona. The Californian artist will then perform on 30 March at the Teatro Gayarre in Pamplona, followed by a performance on 31 March at the Teatro Magno in Madrid. <\/strong>. This summer, the European tour will continue in the UK, Belgium and Germany, before concluding in Australia and New Zealand in September.<\/p>\n<p style=\"text-align: justify;\">Tickets for the Spanish concerts are now available on the <a href=\"https:\/\/houstonpartymusic.com\/booking\/175\/suzanne-vega\/\" target=\"_blank\" rel=\"noopener\">official website of promoter Houston Party<\/a>. Prices range from \u20ac36 to \u20ac43, depending on the city.<\/p>\n<p><img fetchpriority=\"high\" decoding=\"async\" class=\"aligncenter size-large wp-image-50590\" src=\"http:\/\/www.indieofilo.com\/wp-content\/uploads\/2025\/11\/Suzanne_Vega_european_tour_2026-546x683.jpg\" alt=\"Suzanne Vega European Tour 2026\" width=\"546\" height=\"683\" srcset=\"https:\/\/www.indieofilo.com\/wp-content\/uploads\/2025\/11\/Suzanne_Vega_european_tour_2026-546x683.jpg 546w, https:\/\/www.indieofilo.com\/wp-content\/uploads\/2025\/11\/Suzanne_Vega_european_tour_2026-426x533.jpg 426w, https:\/\/www.indieofilo.com\/wp-content\/uploads\/2025\/11\/Suzanne_Vega_european_tour_2026-320x400.jpg 320w, https:\/\/www.indieofilo.com\/wp-content\/uploads\/2025\/11\/Suzanne_Vega_european_tour_2026-768x960.jpg 768w, https:\/\/www.indieofilo.com\/wp-content\/uploads\/2025\/11\/Suzanne_Vega_european_tour_2026.jpg 1215w\" sizes=\"(max-width: 546px) 100vw, 546px\" \/><\/p>\n","protected":false},"excerpt":{"rendered":"<p>Legendary American singer Suzanne Vega, who rose to fame in the late 1980s with her hugely popular hit &#8216;Luka&#8216;, has just announced a European tour as part of her &#8216;Flying with Angels tour&#8216; in 2026. The tour kicks off in the US in February and moves on to Europe in March. It will visit France, [&hellip;]<\/p>\n","protected":false},"author":1,"featured_media":50591,"comment_status":"open","ping_status":"closed","sticky":false,"template":"","format":"standard","meta":{"footnotes":""},"categories":[41,8],"tags":[4961,7912,5596,7911],"class_list":["post-50593","post","type-post","status-publish","format-standard","has-post-thumbnail","hentry","category-live-shows","category-news","tag-barcelona-en","tag-festival-milleni-2026-en","tag-festival-millenni-en","tag-suzanne-vega-en"],"yoast_head":"<!-- This site is optimized with the Yoast SEO Premium plugin v23.9 (Yoast SEO v26.6) - https:\/\/yoast.com\/wordpress\/plugins\/seo\/ -->\n<title>Suzanne Vega has confirmed a European tour for 2026 - Indie\u00f3filo<\/title>\n<meta name=\"description\" content=\"The Californian will bein Spain at La Paloma in Barcelona on 28 March, at the Teatro Gayarre in Pamplona on 30 March, and at the Teatro Magno in Madrid on 31 March\" \/>\n<meta name=\"robots\" content=\"index, follow, max-snippet:-1, max-image-preview:large, max-video-preview:-1\" \/>\n<link rel=\"canonical\" href=\"https:\/\/www.indieofilo.com\/en\/news\/live-shows\/suzanne-vega-has-confirmed-a-european-tour-for-2026\" \/>\n<meta property=\"og:locale\" content=\"en_US\" \/>\n<meta property=\"og:type\" content=\"article\" \/>\n<meta property=\"og:title\" content=\"Suzanne Vega has confirmed a European tour for 2026\" \/>\n<meta property=\"og:description\" content=\"The Californian will bein Spain at La Paloma in Barcelona on 28 March, at the Teatro Gayarre in Pamplona on 30 March, and at the Teatro Magno in Madrid on 31 March\" \/>\n<meta property=\"og:url\" content=\"https:\/\/www.indieofilo.com\/en\/news\/live-shows\/suzanne-vega-has-confirmed-a-european-tour-for-2026\" \/>\n<meta property=\"og:site_name\" content=\"Indie\u00f3filo\" \/>\n<meta property=\"article:publisher\" content=\"https:\/\/www.facebook.com\/Indieofilo\/\" \/>\n<meta property=\"article:published_time\" content=\"2025-11-03T21:54:00+00:00\" \/>\n<meta property=\"article:modified_time\" content=\"2026-03-17T22:23:15+00:00\" \/>\n<meta property=\"og:image\" content=\"http:\/\/www.indieofilo.com\/wp-content\/uploads\/2025\/11\/Suzanne_Vega_european_tour_2026.jpg\" \/>\n\t<meta property=\"og:image:width\" content=\"1215\" \/>\n\t<meta property=\"og:image:height\" content=\"1519\" \/>\n\t<meta property=\"og:image:type\" content=\"image\/jpeg\" \/>\n<meta name=\"author\" content=\"Victor\" \/>\n<meta name=\"twitter:card\" content=\"summary_large_image\" \/>\n<meta name=\"twitter:creator\" content=\"@indieofilo\" \/>\n<meta name=\"twitter:site\" content=\"@indieofilo\" \/>\n<meta name=\"twitter:label1\" content=\"Written by\" \/>\n\t<meta name=\"twitter:data1\" content=\"Victor\" \/>\n\t<meta name=\"twitter:label2\" content=\"Est. reading time\" \/>\n\t<meta name=\"twitter:data2\" content=\"2 minutes\" \/>\n<script type=\"application\/ld+json\" class=\"yoast-schema-graph\">{\"@context\":\"https:\/\/schema.org\",\"@graph\":[{\"@type\":\"Article\",\"@id\":\"https:\/\/www.indieofilo.com\/en\/news\/live-shows\/suzanne-vega-has-confirmed-a-european-tour-for-2026#article\",\"isPartOf\":{\"@id\":\"https:\/\/www.indieofilo.com\/en\/news\/live-shows\/suzanne-vega-has-confirmed-a-european-tour-for-2026\"},\"author\":{\"name\":\"Victor\",\"@id\":\"https:\/\/www.indieofilo.com\/#\/schema\/person\/595334d38590e4ce5a09f83cbf2fca90\"},\"headline\":\"Suzanne Vega has confirmed a European tour for 2026\",\"datePublished\":\"2025-11-03T21:54:00+00:00\",\"dateModified\":\"2026-03-17T22:23:15+00:00\",\"mainEntityOfPage\":{\"@id\":\"https:\/\/www.indieofilo.com\/en\/news\/live-shows\/suzanne-vega-has-confirmed-a-european-tour-for-2026\"},\"wordCount\":164,\"commentCount\":0,\"publisher\":{\"@id\":\"https:\/\/www.indieofilo.com\/#organization\"},\"image\":{\"@id\":\"https:\/\/www.indieofilo.com\/en\/news\/live-shows\/suzanne-vega-has-confirmed-a-european-tour-for-2026#primaryimage\"},\"thumbnailUrl\":\"https:\/\/www.indieofilo.com\/wp-content\/uploads\/2025\/11\/Suzanne_Vega_european_tour_2026.jpg\",\"keywords\":[\"Barcelona\",\"Festival Mil\u00b7leni 2026\",\"Festival Mil\u00b7lenni\",\"Suzanne Vega\"],\"articleSection\":[\"Live Shows\",\"News\"],\"inLanguage\":\"en-US\",\"potentialAction\":[{\"@type\":\"CommentAction\",\"name\":\"Comment\",\"target\":[\"https:\/\/www.indieofilo.com\/en\/news\/live-shows\/suzanne-vega-has-confirmed-a-european-tour-for-2026#respond\"]}]},{\"@type\":\"WebPage\",\"@id\":\"https:\/\/www.indieofilo.com\/en\/news\/live-shows\/suzanne-vega-has-confirmed-a-european-tour-for-2026\",\"url\":\"https:\/\/www.indieofilo.com\/en\/news\/live-shows\/suzanne-vega-has-confirmed-a-european-tour-for-2026\",\"name\":\"Suzanne Vega has confirmed a European tour for 2026 - Indie\u00f3filo\",\"isPartOf\":{\"@id\":\"https:\/\/www.indieofilo.com\/#website\"},\"primaryImageOfPage\":{\"@id\":\"https:\/\/www.indieofilo.com\/en\/news\/live-shows\/suzanne-vega-has-confirmed-a-european-tour-for-2026#primaryimage\"},\"image\":{\"@id\":\"https:\/\/www.indieofilo.com\/en\/news\/live-shows\/suzanne-vega-has-confirmed-a-european-tour-for-2026#primaryimage\"},\"thumbnailUrl\":\"https:\/\/www.indieofilo.com\/wp-content\/uploads\/2025\/11\/Suzanne_Vega_european_tour_2026.jpg\",\"datePublished\":\"2025-11-03T21:54:00+00:00\",\"dateModified\":\"2026-03-17T22:23:15+00:00\",\"description\":\"The Californian will bein Spain at La Paloma in Barcelona on 28 March, at the Teatro Gayarre in Pamplona on 30 March, and at the Teatro Magno in Madrid on 31 March\",\"breadcrumb\":{\"@id\":\"https:\/\/www.indieofilo.com\/en\/news\/live-shows\/suzanne-vega-has-confirmed-a-european-tour-for-2026#breadcrumb\"},\"inLanguage\":\"en-US\",\"potentialAction\":[{\"@type\":\"ReadAction\",\"target\":[\"https:\/\/www.indieofilo.com\/en\/news\/live-shows\/suzanne-vega-has-confirmed-a-european-tour-for-2026\"]}]},{\"@type\":\"ImageObject\",\"inLanguage\":\"en-US\",\"@id\":\"https:\/\/www.indieofilo.com\/en\/news\/live-shows\/suzanne-vega-has-confirmed-a-european-tour-for-2026#primaryimage\",\"url\":\"https:\/\/www.indieofilo.com\/wp-content\/uploads\/2025\/11\/Suzanne_Vega_european_tour_2026.jpg\",\"contentUrl\":\"https:\/\/www.indieofilo.com\/wp-content\/uploads\/2025\/11\/Suzanne_Vega_european_tour_2026.jpg\",\"width\":1215,\"height\":1519,\"caption\":\"Suzanne Vega European Tour 2026\"},{\"@type\":\"BreadcrumbList\",\"@id\":\"https:\/\/www.indieofilo.com\/en\/news\/live-shows\/suzanne-vega-has-confirmed-a-european-tour-for-2026#breadcrumb\",\"itemListElement\":[{\"@type\":\"ListItem\",\"position\":1,\"name\":\"Portada\",\"item\":\"https:\/\/www.indieofilo.com\/en\"},{\"@type\":\"ListItem\",\"position\":2,\"name\":\"Suzanne Vega has confirmed a European tour for 2026\"}]},{\"@type\":\"WebSite\",\"@id\":\"https:\/\/www.indieofilo.com\/#website\",\"url\":\"https:\/\/www.indieofilo.com\/\",\"name\":\"Indie\u00f3filo\",\"description\":\"Magazine online de la cultura independiente\",\"publisher\":{\"@id\":\"https:\/\/www.indieofilo.com\/#organization\"},\"potentialAction\":[{\"@type\":\"SearchAction\",\"target\":{\"@type\":\"EntryPoint\",\"urlTemplate\":\"https:\/\/www.indieofilo.com\/?s={search_term_string}\"},\"query-input\":{\"@type\":\"PropertyValueSpecification\",\"valueRequired\":true,\"valueName\":\"search_term_string\"}}],\"inLanguage\":\"en-US\"},{\"@type\":\"Organization\",\"@id\":\"https:\/\/www.indieofilo.com\/#organization\",\"name\":\"Indie\u00f3filo Web\",\"url\":\"https:\/\/www.indieofilo.com\/\",\"logo\":{\"@type\":\"ImageObject\",\"inLanguage\":\"en-US\",\"@id\":\"https:\/\/www.indieofilo.com\/#\/schema\/logo\/image\/\",\"url\":\"https:\/\/www.indieofilo.com\/wp-content\/uploads\/2015\/02\/logo-alta-resolucion.png\",\"contentUrl\":\"https:\/\/www.indieofilo.com\/wp-content\/uploads\/2015\/02\/logo-alta-resolucion.png\",\"width\":544,\"height\":185,\"caption\":\"Indie\u00f3filo Web\"},\"image\":{\"@id\":\"https:\/\/www.indieofilo.com\/#\/schema\/logo\/image\/\"},\"sameAs\":[\"https:\/\/www.facebook.com\/Indieofilo\/\",\"https:\/\/x.com\/indieofilo\",\"https:\/\/www.instagram.com\/indieofilo\/\"]},{\"@type\":\"Person\",\"@id\":\"https:\/\/www.indieofilo.com\/#\/schema\/person\/595334d38590e4ce5a09f83cbf2fca90\",\"name\":\"Victor\",\"image\":{\"@type\":\"ImageObject\",\"inLanguage\":\"en-US\",\"@id\":\"https:\/\/www.indieofilo.com\/#\/schema\/person\/image\/\",\"url\":\"https:\/\/secure.gravatar.com\/avatar\/682b8c6ea3e94b6cffec683b25f1797d?s=96&d=mm&r=g\",\"contentUrl\":\"https:\/\/secure.gravatar.com\/avatar\/682b8c6ea3e94b6cffec683b25f1797d?s=96&d=mm&r=g\",\"caption\":\"Victor\"},\"description\":\"Fan\u00e1tico de la m\u00fasica desde que mis padres me pon\u00edan a Eydie Gorme y Los Panchos o el Discotuna por la A2. Intent\u00e9 tocar varios instrumentos, pero soy muy torpe con la mano izquierda, as\u00ed que ya sab\u00e9is el resultado final. Fan del britpop, Post-punk, el rugby y el baloncesto...\",\"sameAs\":[\"http:\/\/indieofilo.com\"],\"url\":\"https:\/\/www.indieofilo.com\/en\/author\/victor\"}]}<\/script>\n<!-- \/ Yoast SEO Premium plugin. -->","yoast_head_json":{"title":"Suzanne Vega has confirmed a European tour for 2026 - Indie\u00f3filo","description":"The Californian will bein Spain at La Paloma in Barcelona on 28 March, at the Teatro Gayarre in Pamplona on 30 March, and at the Teatro Magno in Madrid on 31 March","robots":{"index":"index","follow":"follow","max-snippet":"max-snippet:-1","max-image-preview":"max-image-preview:large","max-video-preview":"max-video-preview:-1"},"canonical":"https:\/\/www.indieofilo.com\/en\/news\/live-shows\/suzanne-vega-has-confirmed-a-european-tour-for-2026","og_locale":"en_US","og_type":"article","og_title":"Suzanne Vega has confirmed a European tour for 2026","og_description":"The Californian will bein Spain at La Paloma in Barcelona on 28 March, at the Teatro Gayarre in Pamplona on 30 March, and at the Teatro Magno in Madrid on 31 March","og_url":"https:\/\/www.indieofilo.com\/en\/news\/live-shows\/suzanne-vega-has-confirmed-a-european-tour-for-2026","og_site_name":"Indie\u00f3filo","article_publisher":"https:\/\/www.facebook.com\/Indieofilo\/","article_published_time":"2025-11-03T21:54:00+00:00","article_modified_time":"2026-03-17T22:23:15+00:00","og_image":[{"width":1215,"height":1519,"url":"http:\/\/www.indieofilo.com\/wp-content\/uploads\/2025\/11\/Suzanne_Vega_european_tour_2026.jpg","type":"image\/jpeg"}],"author":"Victor","twitter_card":"summary_large_image","twitter_creator":"@indieofilo","twitter_site":"@indieofilo","twitter_misc":{"Written by":"Victor","Est. reading time":"2 minutes"},"schema":{"@context":"https:\/\/schema.org","@graph":[{"@type":"Article","@id":"https:\/\/www.indieofilo.com\/en\/news\/live-shows\/suzanne-vega-has-confirmed-a-european-tour-for-2026#article","isPartOf":{"@id":"https:\/\/www.indieofilo.com\/en\/news\/live-shows\/suzanne-vega-has-confirmed-a-european-tour-for-2026"},"author":{"name":"Victor","@id":"https:\/\/www.indieofilo.com\/#\/schema\/person\/595334d38590e4ce5a09f83cbf2fca90"},"headline":"Suzanne Vega has confirmed a European tour for 2026","datePublished":"2025-11-03T21:54:00+00:00","dateModified":"2026-03-17T22:23:15+00:00","mainEntityOfPage":{"@id":"https:\/\/www.indieofilo.com\/en\/news\/live-shows\/suzanne-vega-has-confirmed-a-european-tour-for-2026"},"wordCount":164,"commentCount":0,"publisher":{"@id":"https:\/\/www.indieofilo.com\/#organization"},"image":{"@id":"https:\/\/www.indieofilo.com\/en\/news\/live-shows\/suzanne-vega-has-confirmed-a-european-tour-for-2026#primaryimage"},"thumbnailUrl":"https:\/\/www.indieofilo.com\/wp-content\/uploads\/2025\/11\/Suzanne_Vega_european_tour_2026.jpg","keywords":["Barcelona","Festival Mil\u00b7leni 2026","Festival Mil\u00b7lenni","Suzanne Vega"],"articleSection":["Live Shows","News"],"inLanguage":"en-US","potentialAction":[{"@type":"CommentAction","name":"Comment","target":["https:\/\/www.indieofilo.com\/en\/news\/live-shows\/suzanne-vega-has-confirmed-a-european-tour-for-2026#respond"]}]},{"@type":"WebPage","@id":"https:\/\/www.indieofilo.com\/en\/news\/live-shows\/suzanne-vega-has-confirmed-a-european-tour-for-2026","url":"https:\/\/www.indieofilo.com\/en\/news\/live-shows\/suzanne-vega-has-confirmed-a-european-tour-for-2026","name":"Suzanne Vega has confirmed a European tour for 2026 - Indie\u00f3filo","isPartOf":{"@id":"https:\/\/www.indieofilo.com\/#website"},"primaryImageOfPage":{"@id":"https:\/\/www.indieofilo.com\/en\/news\/live-shows\/suzanne-vega-has-confirmed-a-european-tour-for-2026#primaryimage"},"image":{"@id":"https:\/\/www.indieofilo.com\/en\/news\/live-shows\/suzanne-vega-has-confirmed-a-european-tour-for-2026#primaryimage"},"thumbnailUrl":"https:\/\/www.indieofilo.com\/wp-content\/uploads\/2025\/11\/Suzanne_Vega_european_tour_2026.jpg","datePublished":"2025-11-03T21:54:00+00:00","dateModified":"2026-03-17T22:23:15+00:00","description":"The Californian will bein Spain at La Paloma in Barcelona on 28 March, at the Teatro Gayarre in Pamplona on 30 March, and at the Teatro Magno in Madrid on 31 March","breadcrumb":{"@id":"https:\/\/www.indieofilo.com\/en\/news\/live-shows\/suzanne-vega-has-confirmed-a-european-tour-for-2026#breadcrumb"},"inLanguage":"en-US","potentialAction":[{"@type":"ReadAction","target":["https:\/\/www.indieofilo.com\/en\/news\/live-shows\/suzanne-vega-has-confirmed-a-european-tour-for-2026"]}]},{"@type":"ImageObject","inLanguage":"en-US","@id":"https:\/\/www.indieofilo.com\/en\/news\/live-shows\/suzanne-vega-has-confirmed-a-european-tour-for-2026#primaryimage","url":"https:\/\/www.indieofilo.com\/wp-content\/uploads\/2025\/11\/Suzanne_Vega_european_tour_2026.jpg","contentUrl":"https:\/\/www.indieofilo.com\/wp-content\/uploads\/2025\/11\/Suzanne_Vega_european_tour_2026.jpg","width":1215,"height":1519,"caption":"Suzanne Vega European Tour 2026"},{"@type":"BreadcrumbList","@id":"https:\/\/www.indieofilo.com\/en\/news\/live-shows\/suzanne-vega-has-confirmed-a-european-tour-for-2026#breadcrumb","itemListElement":[{"@type":"ListItem","position":1,"name":"Portada","item":"https:\/\/www.indieofilo.com\/en"},{"@type":"ListItem","position":2,"name":"Suzanne Vega has confirmed a European tour for 2026"}]},{"@type":"WebSite","@id":"https:\/\/www.indieofilo.com\/#website","url":"https:\/\/www.indieofilo.com\/","name":"Indie\u00f3filo","description":"Magazine online de la cultura independiente","publisher":{"@id":"https:\/\/www.indieofilo.com\/#organization"},"potentialAction":[{"@type":"SearchAction","target":{"@type":"EntryPoint","urlTemplate":"https:\/\/www.indieofilo.com\/?s={search_term_string}"},"query-input":{"@type":"PropertyValueSpecification","valueRequired":true,"valueName":"search_term_string"}}],"inLanguage":"en-US"},{"@type":"Organization","@id":"https:\/\/www.indieofilo.com\/#organization","name":"Indie\u00f3filo Web","url":"https:\/\/www.indieofilo.com\/","logo":{"@type":"ImageObject","inLanguage":"en-US","@id":"https:\/\/www.indieofilo.com\/#\/schema\/logo\/image\/","url":"https:\/\/www.indieofilo.com\/wp-content\/uploads\/2015\/02\/logo-alta-resolucion.png","contentUrl":"https:\/\/www.indieofilo.com\/wp-content\/uploads\/2015\/02\/logo-alta-resolucion.png","width":544,"height":185,"caption":"Indie\u00f3filo Web"},"image":{"@id":"https:\/\/www.indieofilo.com\/#\/schema\/logo\/image\/"},"sameAs":["https:\/\/www.facebook.com\/Indieofilo\/","https:\/\/x.com\/indieofilo","https:\/\/www.instagram.com\/indieofilo\/"]},{"@type":"Person","@id":"https:\/\/www.indieofilo.com\/#\/schema\/person\/595334d38590e4ce5a09f83cbf2fca90","name":"Victor","image":{"@type":"ImageObject","inLanguage":"en-US","@id":"https:\/\/www.indieofilo.com\/#\/schema\/person\/image\/","url":"https:\/\/secure.gravatar.com\/avatar\/682b8c6ea3e94b6cffec683b25f1797d?s=96&d=mm&r=g","contentUrl":"https:\/\/secure.gravatar.com\/avatar\/682b8c6ea3e94b6cffec683b25f1797d?s=96&d=mm&r=g","caption":"Victor"},"description":"Fan\u00e1tico de la m\u00fasica desde que mis padres me pon\u00edan a Eydie Gorme y Los Panchos o el Discotuna por la A2. Intent\u00e9 tocar varios instrumentos, pero soy muy torpe con la mano izquierda, as\u00ed que ya sab\u00e9is el resultado final. Fan del britpop, Post-punk, el rugby y el baloncesto...","sameAs":["http:\/\/indieofilo.com"],"url":"https:\/\/www.indieofilo.com\/en\/author\/victor"}]}},"_links":{"self":[{"href":"https:\/\/www.indieofilo.com\/en\/wp-json\/wp\/v2\/posts\/50593","targetHints":{"allow":["GET"]}}],"collection":[{"href":"https:\/\/www.indieofilo.com\/en\/wp-json\/wp\/v2\/posts"}],"about":[{"href":"https:\/\/www.indieofilo.com\/en\/wp-json\/wp\/v2\/types\/post"}],"author":[{"embeddable":true,"href":"https:\/\/www.indieofilo.com\/en\/wp-json\/wp\/v2\/users\/1"}],"replies":[{"embeddable":true,"href":"https:\/\/www.indieofilo.com\/en\/wp-json\/wp\/v2\/comments?post=50593"}],"version-history":[{"count":0,"href":"https:\/\/www.indieofilo.com\/en\/wp-json\/wp\/v2\/posts\/50593\/revisions"}],"wp:featuredmedia":[{"embeddable":true,"href":"https:\/\/www.indieofilo.com\/en\/wp-json\/wp\/v2\/media\/50591"}],"wp:attachment":[{"href":"https:\/\/www.indieofilo.com\/en\/wp-json\/wp\/v2\/media?parent=50593"}],"wp:term":[{"taxonomy":"category","embeddable":true,"href":"https:\/\/www.indieofilo.com\/en\/wp-json\/wp\/v2\/categories?post=50593"},{"taxonomy":"post_tag","embeddable":true,"href":"https:\/\/www.indieofilo.com\/en\/wp-json\/wp\/v2\/tags?post=50593"}],"curies":[{"name":"wp","href":"https:\/\/api.w.org\/{rel}","templated":true}]}}