{"id":50556,"date":"2025-10-16T21:39:00","date_gmt":"2025-10-16T19:39:00","guid":{"rendered":"https:\/\/www.indieofilo.com\/news\/music\/new-acts-have-been-announced-for-the-2026-cruilla-hivern"},"modified":"2026-03-17T14:40:24","modified_gmt":"2026-03-17T13:40:24","slug":"new-acts-have-been-announced-for-the-2026-cruilla-hivern","status":"publish","type":"post","link":"https:\/\/www.indieofilo.com\/en\/news\/live-shows\/new-acts-have-been-announced-for-the-2026-cruilla-hivern","title":{"rendered":"New acts have been announced for Cru\u00eflla Hivern 2026"},"content":{"rendered":"<p style=\"text-align: justify;\">Three months after <a href=\"https:\/\/www.indieofilo.com\/en\/news\/first-names-announced-for-cruilla-hivern-2026\">announcing the first names on its line-up<\/a>, and just over a month after confirming <a href=\"https:\/\/www.indieofilo.com\/en\/news\/live-shows\/suede-have-confirmed-a-european-tour-for-2026\">Suede<\/a> (with tickets already sold out), amidst the celebrations for its twin festival Cru\u00eflla Tardor 2026, the organisers of Cru\u00eflla Hivern 2026 have confirmed around a dozen new artists who will perform in Barcelona&#8217;s venues from January to March 2026.<\/p>\n<p style=\"text-align: justify;\">The new additions to the line-up include <strong>Sidonie, Jay-Jay Johanson, Charlie Cunningham, Maika Makovski, Quimi Portet, Isaac Delgado<\/strong> and <strong>Ale Costa<\/strong>. Quimi Portet will open the series on 18 January at the Sala Apolo, and Cuban musician <strong>Isaac Delgado<\/strong> will perform Latin rhythms at the same venue on Thursday, 29 January. The following day, 30 January, <strong>Ale Acosta<\/strong> from the Canary Islands will present his solo project outside of <strong>Fuel Fandango<\/strong> at the Sala Razzmatazz. In February, on 26 February specifically, <strong>Charlie Cunningham<\/strong> will showcase his intimate folk at La Paloma. <\/p>\n<p style=\"text-align: justify;\">On 27 February, the following day, <strong>Sidonie<\/strong> will present their long-awaited debut Catalan-language album, <em>Catalan Grafiti<\/em> (2025), at the Sala Apolo. Meanwhile, on 4 March, <em>Maika Makovski<\/em> will return to the Palau de la M\u00fasica Catalana with her latest album, <em>Bunker Rococo<\/em> (2024). Finally, on 18 March, Swedish artist <strong>Jay-Jay Johanson<\/strong> will bring the series to a close at La Paloma, focusing on tracks from his latest album, <em><strong>FETISH<\/strong><\/em> (2024), though he is sure to take the audience on a journey through his extensive musical career. <\/p>\n<p style=\"text-align: justify;\">Tickets for each concert are available on the <a href=\"https:\/\/concerts.cruillabarcelona.com\/ca\/\" target=\"_blank\" rel=\"noopener\">official Cru\u00eflla Concerts website<\/a>, with prices varying depending on the venue and artist.<\/p>\n<p><img fetchpriority=\"high\" decoding=\"async\" class=\"aligncenter size-large wp-image-50531\" src=\"http:\/\/www.indieofilo.com\/wp-content\/uploads\/2025\/10\/Cruilal_concerts_2026_sidonie-683x683.jpg\" alt=\"Cru\u00eflla Concerts 2026 Sidonie\" width=\"683\" height=\"683\" srcset=\"https:\/\/www.indieofilo.com\/wp-content\/uploads\/2025\/10\/Cruilal_concerts_2026_sidonie-683x683.jpg 683w, https:\/\/www.indieofilo.com\/wp-content\/uploads\/2025\/10\/Cruilal_concerts_2026_sidonie-533x533.jpg 533w, https:\/\/www.indieofilo.com\/wp-content\/uploads\/2025\/10\/Cruilal_concerts_2026_sidonie-400x400.jpg 400w, https:\/\/www.indieofilo.com\/wp-content\/uploads\/2025\/10\/Cruilal_concerts_2026_sidonie-768x768.jpg 768w, https:\/\/www.indieofilo.com\/wp-content\/uploads\/2025\/10\/Cruilal_concerts_2026_sidonie-300x300.jpg 300w, https:\/\/www.indieofilo.com\/wp-content\/uploads\/2025\/10\/Cruilal_concerts_2026_sidonie.jpg 1200w\" sizes=\"(max-width: 683px) 100vw, 683px\" \/><\/p>\n","protected":false},"excerpt":{"rendered":"<p>Three months after announcing the first names on its line-up, and just over a month after confirming Suede (with tickets already sold out), amidst the celebrations for its twin festival Cru\u00eflla Tardor 2026, the organisers of Cru\u00eflla Hivern 2026 have confirmed around a dozen new artists who will perform in Barcelona&#8217;s venues from January to [&hellip;]<\/p>\n","protected":false},"author":1,"featured_media":50532,"comment_status":"open","ping_status":"closed","sticky":false,"template":"","format":"standard","meta":{"footnotes":""},"categories":[41,8],"tags":[4961,7907,5103,7903,7904,7908,7422,7536,5375],"class_list":["post-50556","post","type-post","status-publish","format-standard","has-post-thumbnail","hentry","category-live-shows","category-news","tag-barcelona-en","tag-charlie-cunningham-en-2","tag-cruilla-en","tag-cruilla-hivern-en","tag-cruilla-hivern-2026-en","tag-jay-jay-johanson-en","tag-maika-makovski-en","tag-quimi-portet-en","tag-sidonie-en"],"yoast_head":"<!-- This site is optimized with the Yoast SEO Premium plugin v23.9 (Yoast SEO v26.6) - https:\/\/yoast.com\/wordpress\/plugins\/seo\/ -->\n<title>New acts have been announced for Cru\u00eflla Hivern 2026 - Indie\u00f3filo<\/title>\n<meta name=\"description\" content=\"The latest additions to the line-up include Sidonie, Jay-Jay Johanson, Charlie Cunningham, Maika Makovski, Quimi Portet and Isaac Delgado.\" \/>\n<meta name=\"robots\" content=\"index, follow, max-snippet:-1, max-image-preview:large, max-video-preview:-1\" \/>\n<link rel=\"canonical\" href=\"https:\/\/www.indieofilo.com\/en\/news\/live-shows\/new-acts-have-been-announced-for-the-2026-cruilla-hivern\" \/>\n<meta property=\"og:locale\" content=\"en_US\" \/>\n<meta property=\"og:type\" content=\"article\" \/>\n<meta property=\"og:title\" content=\"New acts have been announced for Cru\u00eflla Hivern 2026\" \/>\n<meta property=\"og:description\" content=\"The latest additions to the line-up include Sidonie, Jay-Jay Johanson, Charlie Cunningham, Maika Makovski, Quimi Portet and Isaac Delgado.\" \/>\n<meta property=\"og:url\" content=\"https:\/\/www.indieofilo.com\/en\/news\/live-shows\/new-acts-have-been-announced-for-the-2026-cruilla-hivern\" \/>\n<meta property=\"og:site_name\" content=\"Indie\u00f3filo\" \/>\n<meta property=\"article:publisher\" content=\"https:\/\/www.facebook.com\/Indieofilo\/\" \/>\n<meta property=\"article:published_time\" content=\"2025-10-16T19:39:00+00:00\" \/>\n<meta property=\"article:modified_time\" content=\"2026-03-17T13:40:24+00:00\" \/>\n<meta property=\"og:image\" content=\"http:\/\/www.indieofilo.com\/wp-content\/uploads\/2025\/10\/Cruilal_concerts_2026_sidonie.jpg\" \/>\n\t<meta property=\"og:image:width\" content=\"1200\" \/>\n\t<meta property=\"og:image:height\" content=\"1200\" \/>\n\t<meta property=\"og:image:type\" content=\"image\/jpeg\" \/>\n<meta name=\"author\" content=\"Victor\" \/>\n<meta name=\"twitter:card\" content=\"summary_large_image\" \/>\n<meta name=\"twitter:creator\" content=\"@indieofilo\" \/>\n<meta name=\"twitter:site\" content=\"@indieofilo\" \/>\n<meta name=\"twitter:label1\" content=\"Written by\" \/>\n\t<meta name=\"twitter:data1\" content=\"Victor\" \/>\n\t<meta name=\"twitter:label2\" content=\"Est. reading time\" \/>\n\t<meta name=\"twitter:data2\" content=\"2 minutes\" \/>\n<script type=\"application\/ld+json\" class=\"yoast-schema-graph\">{\"@context\":\"https:\/\/schema.org\",\"@graph\":[{\"@type\":\"Article\",\"@id\":\"https:\/\/www.indieofilo.com\/en\/news\/live-shows\/new-acts-have-been-announced-for-the-2026-cruilla-hivern#article\",\"isPartOf\":{\"@id\":\"https:\/\/www.indieofilo.com\/en\/news\/live-shows\/new-acts-have-been-announced-for-the-2026-cruilla-hivern\"},\"author\":{\"name\":\"Victor\",\"@id\":\"https:\/\/www.indieofilo.com\/#\/schema\/person\/595334d38590e4ce5a09f83cbf2fca90\"},\"headline\":\"New acts have been announced for Cru\u00eflla Hivern 2026\",\"datePublished\":\"2025-10-16T19:39:00+00:00\",\"dateModified\":\"2026-03-17T13:40:24+00:00\",\"mainEntityOfPage\":{\"@id\":\"https:\/\/www.indieofilo.com\/en\/news\/live-shows\/new-acts-have-been-announced-for-the-2026-cruilla-hivern\"},\"wordCount\":255,\"commentCount\":0,\"publisher\":{\"@id\":\"https:\/\/www.indieofilo.com\/#organization\"},\"image\":{\"@id\":\"https:\/\/www.indieofilo.com\/en\/news\/live-shows\/new-acts-have-been-announced-for-the-2026-cruilla-hivern#primaryimage\"},\"thumbnailUrl\":\"https:\/\/www.indieofilo.com\/wp-content\/uploads\/2025\/10\/Cruilal_concerts_2026_sidonie.jpg\",\"keywords\":[\"Barcelona\",\"Charlie Cunningham\",\"Cru\u00eflla\",\"Cru\u00eflla Hivern\",\"Cru\u00eflla Hivern 2026\",\"Jay-Jay Johanson\",\"Maika Makovski\",\"Quimi Portet\",\"Sidonie\"],\"articleSection\":[\"Live Shows\",\"News\"],\"inLanguage\":\"en-US\",\"potentialAction\":[{\"@type\":\"CommentAction\",\"name\":\"Comment\",\"target\":[\"https:\/\/www.indieofilo.com\/en\/news\/live-shows\/new-acts-have-been-announced-for-the-2026-cruilla-hivern#respond\"]}]},{\"@type\":\"WebPage\",\"@id\":\"https:\/\/www.indieofilo.com\/en\/news\/live-shows\/new-acts-have-been-announced-for-the-2026-cruilla-hivern\",\"url\":\"https:\/\/www.indieofilo.com\/en\/news\/live-shows\/new-acts-have-been-announced-for-the-2026-cruilla-hivern\",\"name\":\"New acts have been announced for Cru\u00eflla Hivern 2026 - Indie\u00f3filo\",\"isPartOf\":{\"@id\":\"https:\/\/www.indieofilo.com\/#website\"},\"primaryImageOfPage\":{\"@id\":\"https:\/\/www.indieofilo.com\/en\/news\/live-shows\/new-acts-have-been-announced-for-the-2026-cruilla-hivern#primaryimage\"},\"image\":{\"@id\":\"https:\/\/www.indieofilo.com\/en\/news\/live-shows\/new-acts-have-been-announced-for-the-2026-cruilla-hivern#primaryimage\"},\"thumbnailUrl\":\"https:\/\/www.indieofilo.com\/wp-content\/uploads\/2025\/10\/Cruilal_concerts_2026_sidonie.jpg\",\"datePublished\":\"2025-10-16T19:39:00+00:00\",\"dateModified\":\"2026-03-17T13:40:24+00:00\",\"description\":\"The latest additions to the line-up include Sidonie, Jay-Jay Johanson, Charlie Cunningham, Maika Makovski, Quimi Portet and Isaac Delgado.\",\"breadcrumb\":{\"@id\":\"https:\/\/www.indieofilo.com\/en\/news\/live-shows\/new-acts-have-been-announced-for-the-2026-cruilla-hivern#breadcrumb\"},\"inLanguage\":\"en-US\",\"potentialAction\":[{\"@type\":\"ReadAction\",\"target\":[\"https:\/\/www.indieofilo.com\/en\/news\/live-shows\/new-acts-have-been-announced-for-the-2026-cruilla-hivern\"]}]},{\"@type\":\"ImageObject\",\"inLanguage\":\"en-US\",\"@id\":\"https:\/\/www.indieofilo.com\/en\/news\/live-shows\/new-acts-have-been-announced-for-the-2026-cruilla-hivern#primaryimage\",\"url\":\"https:\/\/www.indieofilo.com\/wp-content\/uploads\/2025\/10\/Cruilal_concerts_2026_sidonie.jpg\",\"contentUrl\":\"https:\/\/www.indieofilo.com\/wp-content\/uploads\/2025\/10\/Cruilal_concerts_2026_sidonie.jpg\",\"width\":1200,\"height\":1200,\"caption\":\"Cru\u00eflla Concerts 2026 Sidonie\"},{\"@type\":\"BreadcrumbList\",\"@id\":\"https:\/\/www.indieofilo.com\/en\/news\/live-shows\/new-acts-have-been-announced-for-the-2026-cruilla-hivern#breadcrumb\",\"itemListElement\":[{\"@type\":\"ListItem\",\"position\":1,\"name\":\"Portada\",\"item\":\"https:\/\/www.indieofilo.com\/en\"},{\"@type\":\"ListItem\",\"position\":2,\"name\":\"New acts have been announced for Cru\u00eflla Hivern 2026\"}]},{\"@type\":\"WebSite\",\"@id\":\"https:\/\/www.indieofilo.com\/#website\",\"url\":\"https:\/\/www.indieofilo.com\/\",\"name\":\"Indie\u00f3filo\",\"description\":\"Magazine online de la cultura independiente\",\"publisher\":{\"@id\":\"https:\/\/www.indieofilo.com\/#organization\"},\"potentialAction\":[{\"@type\":\"SearchAction\",\"target\":{\"@type\":\"EntryPoint\",\"urlTemplate\":\"https:\/\/www.indieofilo.com\/?s={search_term_string}\"},\"query-input\":{\"@type\":\"PropertyValueSpecification\",\"valueRequired\":true,\"valueName\":\"search_term_string\"}}],\"inLanguage\":\"en-US\"},{\"@type\":\"Organization\",\"@id\":\"https:\/\/www.indieofilo.com\/#organization\",\"name\":\"Indie\u00f3filo Web\",\"url\":\"https:\/\/www.indieofilo.com\/\",\"logo\":{\"@type\":\"ImageObject\",\"inLanguage\":\"en-US\",\"@id\":\"https:\/\/www.indieofilo.com\/#\/schema\/logo\/image\/\",\"url\":\"https:\/\/www.indieofilo.com\/wp-content\/uploads\/2015\/02\/logo-alta-resolucion.png\",\"contentUrl\":\"https:\/\/www.indieofilo.com\/wp-content\/uploads\/2015\/02\/logo-alta-resolucion.png\",\"width\":544,\"height\":185,\"caption\":\"Indie\u00f3filo Web\"},\"image\":{\"@id\":\"https:\/\/www.indieofilo.com\/#\/schema\/logo\/image\/\"},\"sameAs\":[\"https:\/\/www.facebook.com\/Indieofilo\/\",\"https:\/\/x.com\/indieofilo\",\"https:\/\/www.instagram.com\/indieofilo\/\"]},{\"@type\":\"Person\",\"@id\":\"https:\/\/www.indieofilo.com\/#\/schema\/person\/595334d38590e4ce5a09f83cbf2fca90\",\"name\":\"Victor\",\"image\":{\"@type\":\"ImageObject\",\"inLanguage\":\"en-US\",\"@id\":\"https:\/\/www.indieofilo.com\/#\/schema\/person\/image\/\",\"url\":\"https:\/\/secure.gravatar.com\/avatar\/682b8c6ea3e94b6cffec683b25f1797d?s=96&d=mm&r=g\",\"contentUrl\":\"https:\/\/secure.gravatar.com\/avatar\/682b8c6ea3e94b6cffec683b25f1797d?s=96&d=mm&r=g\",\"caption\":\"Victor\"},\"description\":\"Fan\u00e1tico de la m\u00fasica desde que mis padres me pon\u00edan a Eydie Gorme y Los Panchos o el Discotuna por la A2. Intent\u00e9 tocar varios instrumentos, pero soy muy torpe con la mano izquierda, as\u00ed que ya sab\u00e9is el resultado final. Fan del britpop, Post-punk, el rugby y el baloncesto...\",\"sameAs\":[\"http:\/\/indieofilo.com\"],\"url\":\"https:\/\/www.indieofilo.com\/en\/author\/victor\"}]}<\/script>\n<!-- \/ Yoast SEO Premium plugin. -->","yoast_head_json":{"title":"New acts have been announced for Cru\u00eflla Hivern 2026 - Indie\u00f3filo","description":"The latest additions to the line-up include Sidonie, Jay-Jay Johanson, Charlie Cunningham, Maika Makovski, Quimi Portet and Isaac Delgado.","robots":{"index":"index","follow":"follow","max-snippet":"max-snippet:-1","max-image-preview":"max-image-preview:large","max-video-preview":"max-video-preview:-1"},"canonical":"https:\/\/www.indieofilo.com\/en\/news\/live-shows\/new-acts-have-been-announced-for-the-2026-cruilla-hivern","og_locale":"en_US","og_type":"article","og_title":"New acts have been announced for Cru\u00eflla Hivern 2026","og_description":"The latest additions to the line-up include Sidonie, Jay-Jay Johanson, Charlie Cunningham, Maika Makovski, Quimi Portet and Isaac Delgado.","og_url":"https:\/\/www.indieofilo.com\/en\/news\/live-shows\/new-acts-have-been-announced-for-the-2026-cruilla-hivern","og_site_name":"Indie\u00f3filo","article_publisher":"https:\/\/www.facebook.com\/Indieofilo\/","article_published_time":"2025-10-16T19:39:00+00:00","article_modified_time":"2026-03-17T13:40:24+00:00","og_image":[{"width":1200,"height":1200,"url":"http:\/\/www.indieofilo.com\/wp-content\/uploads\/2025\/10\/Cruilal_concerts_2026_sidonie.jpg","type":"image\/jpeg"}],"author":"Victor","twitter_card":"summary_large_image","twitter_creator":"@indieofilo","twitter_site":"@indieofilo","twitter_misc":{"Written by":"Victor","Est. reading time":"2 minutes"},"schema":{"@context":"https:\/\/schema.org","@graph":[{"@type":"Article","@id":"https:\/\/www.indieofilo.com\/en\/news\/live-shows\/new-acts-have-been-announced-for-the-2026-cruilla-hivern#article","isPartOf":{"@id":"https:\/\/www.indieofilo.com\/en\/news\/live-shows\/new-acts-have-been-announced-for-the-2026-cruilla-hivern"},"author":{"name":"Victor","@id":"https:\/\/www.indieofilo.com\/#\/schema\/person\/595334d38590e4ce5a09f83cbf2fca90"},"headline":"New acts have been announced for Cru\u00eflla Hivern 2026","datePublished":"2025-10-16T19:39:00+00:00","dateModified":"2026-03-17T13:40:24+00:00","mainEntityOfPage":{"@id":"https:\/\/www.indieofilo.com\/en\/news\/live-shows\/new-acts-have-been-announced-for-the-2026-cruilla-hivern"},"wordCount":255,"commentCount":0,"publisher":{"@id":"https:\/\/www.indieofilo.com\/#organization"},"image":{"@id":"https:\/\/www.indieofilo.com\/en\/news\/live-shows\/new-acts-have-been-announced-for-the-2026-cruilla-hivern#primaryimage"},"thumbnailUrl":"https:\/\/www.indieofilo.com\/wp-content\/uploads\/2025\/10\/Cruilal_concerts_2026_sidonie.jpg","keywords":["Barcelona","Charlie Cunningham","Cru\u00eflla","Cru\u00eflla Hivern","Cru\u00eflla Hivern 2026","Jay-Jay Johanson","Maika Makovski","Quimi Portet","Sidonie"],"articleSection":["Live Shows","News"],"inLanguage":"en-US","potentialAction":[{"@type":"CommentAction","name":"Comment","target":["https:\/\/www.indieofilo.com\/en\/news\/live-shows\/new-acts-have-been-announced-for-the-2026-cruilla-hivern#respond"]}]},{"@type":"WebPage","@id":"https:\/\/www.indieofilo.com\/en\/news\/live-shows\/new-acts-have-been-announced-for-the-2026-cruilla-hivern","url":"https:\/\/www.indieofilo.com\/en\/news\/live-shows\/new-acts-have-been-announced-for-the-2026-cruilla-hivern","name":"New acts have been announced for Cru\u00eflla Hivern 2026 - Indie\u00f3filo","isPartOf":{"@id":"https:\/\/www.indieofilo.com\/#website"},"primaryImageOfPage":{"@id":"https:\/\/www.indieofilo.com\/en\/news\/live-shows\/new-acts-have-been-announced-for-the-2026-cruilla-hivern#primaryimage"},"image":{"@id":"https:\/\/www.indieofilo.com\/en\/news\/live-shows\/new-acts-have-been-announced-for-the-2026-cruilla-hivern#primaryimage"},"thumbnailUrl":"https:\/\/www.indieofilo.com\/wp-content\/uploads\/2025\/10\/Cruilal_concerts_2026_sidonie.jpg","datePublished":"2025-10-16T19:39:00+00:00","dateModified":"2026-03-17T13:40:24+00:00","description":"The latest additions to the line-up include Sidonie, Jay-Jay Johanson, Charlie Cunningham, Maika Makovski, Quimi Portet and Isaac Delgado.","breadcrumb":{"@id":"https:\/\/www.indieofilo.com\/en\/news\/live-shows\/new-acts-have-been-announced-for-the-2026-cruilla-hivern#breadcrumb"},"inLanguage":"en-US","potentialAction":[{"@type":"ReadAction","target":["https:\/\/www.indieofilo.com\/en\/news\/live-shows\/new-acts-have-been-announced-for-the-2026-cruilla-hivern"]}]},{"@type":"ImageObject","inLanguage":"en-US","@id":"https:\/\/www.indieofilo.com\/en\/news\/live-shows\/new-acts-have-been-announced-for-the-2026-cruilla-hivern#primaryimage","url":"https:\/\/www.indieofilo.com\/wp-content\/uploads\/2025\/10\/Cruilal_concerts_2026_sidonie.jpg","contentUrl":"https:\/\/www.indieofilo.com\/wp-content\/uploads\/2025\/10\/Cruilal_concerts_2026_sidonie.jpg","width":1200,"height":1200,"caption":"Cru\u00eflla Concerts 2026 Sidonie"},{"@type":"BreadcrumbList","@id":"https:\/\/www.indieofilo.com\/en\/news\/live-shows\/new-acts-have-been-announced-for-the-2026-cruilla-hivern#breadcrumb","itemListElement":[{"@type":"ListItem","position":1,"name":"Portada","item":"https:\/\/www.indieofilo.com\/en"},{"@type":"ListItem","position":2,"name":"New acts have been announced for Cru\u00eflla Hivern 2026"}]},{"@type":"WebSite","@id":"https:\/\/www.indieofilo.com\/#website","url":"https:\/\/www.indieofilo.com\/","name":"Indie\u00f3filo","description":"Magazine online de la cultura independiente","publisher":{"@id":"https:\/\/www.indieofilo.com\/#organization"},"potentialAction":[{"@type":"SearchAction","target":{"@type":"EntryPoint","urlTemplate":"https:\/\/www.indieofilo.com\/?s={search_term_string}"},"query-input":{"@type":"PropertyValueSpecification","valueRequired":true,"valueName":"search_term_string"}}],"inLanguage":"en-US"},{"@type":"Organization","@id":"https:\/\/www.indieofilo.com\/#organization","name":"Indie\u00f3filo Web","url":"https:\/\/www.indieofilo.com\/","logo":{"@type":"ImageObject","inLanguage":"en-US","@id":"https:\/\/www.indieofilo.com\/#\/schema\/logo\/image\/","url":"https:\/\/www.indieofilo.com\/wp-content\/uploads\/2015\/02\/logo-alta-resolucion.png","contentUrl":"https:\/\/www.indieofilo.com\/wp-content\/uploads\/2015\/02\/logo-alta-resolucion.png","width":544,"height":185,"caption":"Indie\u00f3filo Web"},"image":{"@id":"https:\/\/www.indieofilo.com\/#\/schema\/logo\/image\/"},"sameAs":["https:\/\/www.facebook.com\/Indieofilo\/","https:\/\/x.com\/indieofilo","https:\/\/www.instagram.com\/indieofilo\/"]},{"@type":"Person","@id":"https:\/\/www.indieofilo.com\/#\/schema\/person\/595334d38590e4ce5a09f83cbf2fca90","name":"Victor","image":{"@type":"ImageObject","inLanguage":"en-US","@id":"https:\/\/www.indieofilo.com\/#\/schema\/person\/image\/","url":"https:\/\/secure.gravatar.com\/avatar\/682b8c6ea3e94b6cffec683b25f1797d?s=96&d=mm&r=g","contentUrl":"https:\/\/secure.gravatar.com\/avatar\/682b8c6ea3e94b6cffec683b25f1797d?s=96&d=mm&r=g","caption":"Victor"},"description":"Fan\u00e1tico de la m\u00fasica desde que mis padres me pon\u00edan a Eydie Gorme y Los Panchos o el Discotuna por la A2. Intent\u00e9 tocar varios instrumentos, pero soy muy torpe con la mano izquierda, as\u00ed que ya sab\u00e9is el resultado final. Fan del britpop, Post-punk, el rugby y el baloncesto...","sameAs":["http:\/\/indieofilo.com"],"url":"https:\/\/www.indieofilo.com\/en\/author\/victor"}]}},"_links":{"self":[{"href":"https:\/\/www.indieofilo.com\/en\/wp-json\/wp\/v2\/posts\/50556","targetHints":{"allow":["GET"]}}],"collection":[{"href":"https:\/\/www.indieofilo.com\/en\/wp-json\/wp\/v2\/posts"}],"about":[{"href":"https:\/\/www.indieofilo.com\/en\/wp-json\/wp\/v2\/types\/post"}],"author":[{"embeddable":true,"href":"https:\/\/www.indieofilo.com\/en\/wp-json\/wp\/v2\/users\/1"}],"replies":[{"embeddable":true,"href":"https:\/\/www.indieofilo.com\/en\/wp-json\/wp\/v2\/comments?post=50556"}],"version-history":[{"count":0,"href":"https:\/\/www.indieofilo.com\/en\/wp-json\/wp\/v2\/posts\/50556\/revisions"}],"wp:featuredmedia":[{"embeddable":true,"href":"https:\/\/www.indieofilo.com\/en\/wp-json\/wp\/v2\/media\/50532"}],"wp:attachment":[{"href":"https:\/\/www.indieofilo.com\/en\/wp-json\/wp\/v2\/media?parent=50556"}],"wp:term":[{"taxonomy":"category","embeddable":true,"href":"https:\/\/www.indieofilo.com\/en\/wp-json\/wp\/v2\/categories?post=50556"},{"taxonomy":"post_tag","embeddable":true,"href":"https:\/\/www.indieofilo.com\/en\/wp-json\/wp\/v2\/tags?post=50556"}],"curies":[{"name":"wp","href":"https:\/\/api.w.org\/{rel}","templated":true}]}}