{"id":50549,"date":"2025-09-12T19:50:00","date_gmt":"2025-09-12T17:50:00","guid":{"rendered":"https:\/\/www.indieofilo.com\/news\/music\/suede-have-confirmed-a-european-tour-for-2026"},"modified":"2026-03-17T14:27:26","modified_gmt":"2026-03-17T13:27:26","slug":"suede-have-confirmed-a-european-tour-for-2026","status":"publish","type":"post","link":"https:\/\/www.indieofilo.com\/en\/news\/live-shows\/suede-have-confirmed-a-european-tour-for-2026","title":{"rendered":"Suede have confirmed a European Tour for 2026"},"content":{"rendered":"<p style=\"text-align: justify;\">One of our <a href=\"https:\/\/www.indieofilo.com\/en\/gig-reviews\/suede-29th-january-2016-paradiso-amsterdam\">favourite bands<\/a>, the British group <strong>Suede<\/strong>, have just confirmed their long-awaited European tour for 2026. Called the <em>Dancing with the Europeans Tour<\/em>, it will feature tracks from their latest album, <em>Antidepressants<\/em> (2025), which was released via BMG just over a week ago.<\/p>\n<p style=\"text-align: justify;\">The band, led by <strong>Brett Anderson<\/strong>, will kick off the tour in Helsinki (Finland) on 3 March, before travelling on to Sweden, Denmark, Germany, The Netherlands, Belgium and France, and then reaching the Iberian Peninsula. <strong>In Spain, on 16 March 2026, they will perform at Sala Santana 27 in Bilbao. They will then perform again the next day, 17 March. This will be at Sala Pel\u00edcano in A Coru\u00f1a. On 21 March, they will perform at the new Cartuja Center Cite in Seville, before travelling to Madrid&#8217;s Sala La Riviera on 23 March. Finally, on 24 March, they will perform at the Roig Arena in Valencia, and on 25 March they will conclude their tour at the Sala Razzmatazz in Barcelona as part of Cru\u00eflla Hivern 2026. The tour will conclude in Switzerland on 29 March, after also visiting Milan and Lausanne. <\/strong>.<\/p>\n<p style=\"text-align: justify;\">Tickets for the various concerts in Spain are now available on the websites of the listed venues, with prices varying depending on the city. Tickets for the Barcelona concert can also be found on the <a href=\"https:\/\/concerts.cruillabarcelona.com\">official Cru\u00eflla Concerts website<\/a>.<\/p>\n<p><img fetchpriority=\"high\" decoding=\"async\" class=\"aligncenter size-large wp-image-50551\" src=\"http:\/\/www.indieofilo.com\/wp-content\/uploads\/2025\/09\/suede-european-tour-2026-546x683.jpg\" alt=\"Suede European Tour 2026\" width=\"546\" height=\"683\" srcset=\"https:\/\/www.indieofilo.com\/wp-content\/uploads\/2025\/09\/suede-european-tour-2026-546x683.jpg 546w, https:\/\/www.indieofilo.com\/wp-content\/uploads\/2025\/09\/suede-european-tour-2026-426x533.jpg 426w, https:\/\/www.indieofilo.com\/wp-content\/uploads\/2025\/09\/suede-european-tour-2026-320x400.jpg 320w, https:\/\/www.indieofilo.com\/wp-content\/uploads\/2025\/09\/suede-european-tour-2026-768x960.jpg 768w, https:\/\/www.indieofilo.com\/wp-content\/uploads\/2025\/09\/suede-european-tour-2026-1228x1536.jpg 1228w, https:\/\/www.indieofilo.com\/wp-content\/uploads\/2025\/09\/suede-european-tour-2026.jpg 1350w\" sizes=\"(max-width: 546px) 100vw, 546px\" \/><\/p>\n\n\n<p><\/p>\n","protected":false},"excerpt":{"rendered":"<p>One of our favourite bands, the British group Suede, have just confirmed their long-awaited European tour for 2026. Called the Dancing with the Europeans Tour, it will feature tracks from their latest album, Antidepressants (2025), which was released via BMG just over a week ago. The band, led by Brett Anderson, will kick off the [&hellip;]<\/p>\n","protected":false},"author":1,"featured_media":50551,"comment_status":"open","ping_status":"closed","sticky":false,"template":"","format":"standard","meta":{"footnotes":""},"categories":[41,8],"tags":[4961,5103,7903,7904,5024],"class_list":["post-50549","post","type-post","status-publish","format-standard","has-post-thumbnail","hentry","category-live-shows","category-news","tag-barcelona-en","tag-cruilla-en","tag-cruilla-hivern-en","tag-cruilla-hivern-2026-en","tag-suede-en"],"yoast_head":"<!-- This site is optimized with the Yoast SEO Premium plugin v23.9 (Yoast SEO v26.6) - https:\/\/yoast.com\/wordpress\/plugins\/seo\/ -->\n<title>Suede have confirmed a European Tour for 2026 - Indie\u00f3filo<\/title>\n<meta name=\"description\" content=\"In March, Brett Anderson&#039;s band will be performing in Scandinavia, Germany, the Netherlands, Belgium, France, Spain, Portugal, Italy and Switzerland.\" \/>\n<meta name=\"robots\" content=\"index, follow, max-snippet:-1, max-image-preview:large, max-video-preview:-1\" \/>\n<link rel=\"canonical\" href=\"https:\/\/www.indieofilo.com\/en\/news\/live-shows\/suede-have-confirmed-a-european-tour-for-2026\" \/>\n<meta property=\"og:locale\" content=\"en_US\" \/>\n<meta property=\"og:type\" content=\"article\" \/>\n<meta property=\"og:title\" content=\"Suede have confirmed a European Tour for 2026\" \/>\n<meta property=\"og:description\" content=\"In March, Brett Anderson&#039;s band will be performing in Scandinavia, Germany, the Netherlands, Belgium, France, Spain, Portugal, Italy and Switzerland.\" \/>\n<meta property=\"og:url\" content=\"https:\/\/www.indieofilo.com\/en\/news\/live-shows\/suede-have-confirmed-a-european-tour-for-2026\" \/>\n<meta property=\"og:site_name\" content=\"Indie\u00f3filo\" \/>\n<meta property=\"article:publisher\" content=\"https:\/\/www.facebook.com\/Indieofilo\/\" \/>\n<meta property=\"article:published_time\" content=\"2025-09-12T17:50:00+00:00\" \/>\n<meta property=\"article:modified_time\" content=\"2026-03-17T13:27:26+00:00\" \/>\n<meta property=\"og:image\" content=\"http:\/\/www.indieofilo.com\/wp-content\/uploads\/2025\/09\/suede-european-tour-2026.jpg\" \/>\n\t<meta property=\"og:image:width\" content=\"1350\" \/>\n\t<meta property=\"og:image:height\" content=\"1688\" \/>\n\t<meta property=\"og:image:type\" content=\"image\/jpeg\" \/>\n<meta name=\"author\" content=\"Victor\" \/>\n<meta name=\"twitter:card\" content=\"summary_large_image\" \/>\n<meta name=\"twitter:creator\" content=\"@indieofilo\" \/>\n<meta name=\"twitter:site\" content=\"@indieofilo\" \/>\n<meta name=\"twitter:label1\" content=\"Written by\" \/>\n\t<meta name=\"twitter:data1\" content=\"Victor\" \/>\n\t<meta name=\"twitter:label2\" content=\"Est. reading time\" \/>\n\t<meta name=\"twitter:data2\" content=\"2 minutes\" \/>\n<script type=\"application\/ld+json\" class=\"yoast-schema-graph\">{\"@context\":\"https:\/\/schema.org\",\"@graph\":[{\"@type\":\"Article\",\"@id\":\"https:\/\/www.indieofilo.com\/en\/news\/live-shows\/suede-have-confirmed-a-european-tour-for-2026#article\",\"isPartOf\":{\"@id\":\"https:\/\/www.indieofilo.com\/en\/news\/live-shows\/suede-have-confirmed-a-european-tour-for-2026\"},\"author\":{\"name\":\"Victor\",\"@id\":\"https:\/\/www.indieofilo.com\/#\/schema\/person\/595334d38590e4ce5a09f83cbf2fca90\"},\"headline\":\"Suede have confirmed a European Tour for 2026\",\"datePublished\":\"2025-09-12T17:50:00+00:00\",\"dateModified\":\"2026-03-17T13:27:26+00:00\",\"mainEntityOfPage\":{\"@id\":\"https:\/\/www.indieofilo.com\/en\/news\/live-shows\/suede-have-confirmed-a-european-tour-for-2026\"},\"wordCount\":224,\"commentCount\":0,\"publisher\":{\"@id\":\"https:\/\/www.indieofilo.com\/#organization\"},\"image\":{\"@id\":\"https:\/\/www.indieofilo.com\/en\/news\/live-shows\/suede-have-confirmed-a-european-tour-for-2026#primaryimage\"},\"thumbnailUrl\":\"https:\/\/www.indieofilo.com\/wp-content\/uploads\/2025\/09\/suede-european-tour-2026.jpg\",\"keywords\":[\"Barcelona\",\"Cru\u00eflla\",\"Cru\u00eflla Hivern\",\"Cru\u00eflla Hivern 2026\",\"Suede\"],\"articleSection\":[\"Live Shows\",\"News\"],\"inLanguage\":\"en-US\",\"potentialAction\":[{\"@type\":\"CommentAction\",\"name\":\"Comment\",\"target\":[\"https:\/\/www.indieofilo.com\/en\/news\/live-shows\/suede-have-confirmed-a-european-tour-for-2026#respond\"]}]},{\"@type\":\"WebPage\",\"@id\":\"https:\/\/www.indieofilo.com\/en\/news\/live-shows\/suede-have-confirmed-a-european-tour-for-2026\",\"url\":\"https:\/\/www.indieofilo.com\/en\/news\/live-shows\/suede-have-confirmed-a-european-tour-for-2026\",\"name\":\"Suede have confirmed a European Tour for 2026 - Indie\u00f3filo\",\"isPartOf\":{\"@id\":\"https:\/\/www.indieofilo.com\/#website\"},\"primaryImageOfPage\":{\"@id\":\"https:\/\/www.indieofilo.com\/en\/news\/live-shows\/suede-have-confirmed-a-european-tour-for-2026#primaryimage\"},\"image\":{\"@id\":\"https:\/\/www.indieofilo.com\/en\/news\/live-shows\/suede-have-confirmed-a-european-tour-for-2026#primaryimage\"},\"thumbnailUrl\":\"https:\/\/www.indieofilo.com\/wp-content\/uploads\/2025\/09\/suede-european-tour-2026.jpg\",\"datePublished\":\"2025-09-12T17:50:00+00:00\",\"dateModified\":\"2026-03-17T13:27:26+00:00\",\"description\":\"In March, Brett Anderson's band will be performing in Scandinavia, Germany, the Netherlands, Belgium, France, Spain, Portugal, Italy and Switzerland.\",\"breadcrumb\":{\"@id\":\"https:\/\/www.indieofilo.com\/en\/news\/live-shows\/suede-have-confirmed-a-european-tour-for-2026#breadcrumb\"},\"inLanguage\":\"en-US\",\"potentialAction\":[{\"@type\":\"ReadAction\",\"target\":[\"https:\/\/www.indieofilo.com\/en\/news\/live-shows\/suede-have-confirmed-a-european-tour-for-2026\"]}]},{\"@type\":\"ImageObject\",\"inLanguage\":\"en-US\",\"@id\":\"https:\/\/www.indieofilo.com\/en\/news\/live-shows\/suede-have-confirmed-a-european-tour-for-2026#primaryimage\",\"url\":\"https:\/\/www.indieofilo.com\/wp-content\/uploads\/2025\/09\/suede-european-tour-2026.jpg\",\"contentUrl\":\"https:\/\/www.indieofilo.com\/wp-content\/uploads\/2025\/09\/suede-european-tour-2026.jpg\",\"width\":1350,\"height\":1688,\"caption\":\"Suede European Tour 2026\"},{\"@type\":\"BreadcrumbList\",\"@id\":\"https:\/\/www.indieofilo.com\/en\/news\/live-shows\/suede-have-confirmed-a-european-tour-for-2026#breadcrumb\",\"itemListElement\":[{\"@type\":\"ListItem\",\"position\":1,\"name\":\"Portada\",\"item\":\"https:\/\/www.indieofilo.com\/en\"},{\"@type\":\"ListItem\",\"position\":2,\"name\":\"Suede have confirmed a European Tour for 2026\"}]},{\"@type\":\"WebSite\",\"@id\":\"https:\/\/www.indieofilo.com\/#website\",\"url\":\"https:\/\/www.indieofilo.com\/\",\"name\":\"Indie\u00f3filo\",\"description\":\"Magazine online de la cultura independiente\",\"publisher\":{\"@id\":\"https:\/\/www.indieofilo.com\/#organization\"},\"potentialAction\":[{\"@type\":\"SearchAction\",\"target\":{\"@type\":\"EntryPoint\",\"urlTemplate\":\"https:\/\/www.indieofilo.com\/?s={search_term_string}\"},\"query-input\":{\"@type\":\"PropertyValueSpecification\",\"valueRequired\":true,\"valueName\":\"search_term_string\"}}],\"inLanguage\":\"en-US\"},{\"@type\":\"Organization\",\"@id\":\"https:\/\/www.indieofilo.com\/#organization\",\"name\":\"Indie\u00f3filo Web\",\"url\":\"https:\/\/www.indieofilo.com\/\",\"logo\":{\"@type\":\"ImageObject\",\"inLanguage\":\"en-US\",\"@id\":\"https:\/\/www.indieofilo.com\/#\/schema\/logo\/image\/\",\"url\":\"https:\/\/www.indieofilo.com\/wp-content\/uploads\/2015\/02\/logo-alta-resolucion.png\",\"contentUrl\":\"https:\/\/www.indieofilo.com\/wp-content\/uploads\/2015\/02\/logo-alta-resolucion.png\",\"width\":544,\"height\":185,\"caption\":\"Indie\u00f3filo Web\"},\"image\":{\"@id\":\"https:\/\/www.indieofilo.com\/#\/schema\/logo\/image\/\"},\"sameAs\":[\"https:\/\/www.facebook.com\/Indieofilo\/\",\"https:\/\/x.com\/indieofilo\",\"https:\/\/www.instagram.com\/indieofilo\/\"]},{\"@type\":\"Person\",\"@id\":\"https:\/\/www.indieofilo.com\/#\/schema\/person\/595334d38590e4ce5a09f83cbf2fca90\",\"name\":\"Victor\",\"image\":{\"@type\":\"ImageObject\",\"inLanguage\":\"en-US\",\"@id\":\"https:\/\/www.indieofilo.com\/#\/schema\/person\/image\/\",\"url\":\"https:\/\/secure.gravatar.com\/avatar\/682b8c6ea3e94b6cffec683b25f1797d?s=96&d=mm&r=g\",\"contentUrl\":\"https:\/\/secure.gravatar.com\/avatar\/682b8c6ea3e94b6cffec683b25f1797d?s=96&d=mm&r=g\",\"caption\":\"Victor\"},\"description\":\"Fan\u00e1tico de la m\u00fasica desde que mis padres me pon\u00edan a Eydie Gorme y Los Panchos o el Discotuna por la A2. Intent\u00e9 tocar varios instrumentos, pero soy muy torpe con la mano izquierda, as\u00ed que ya sab\u00e9is el resultado final. Fan del britpop, Post-punk, el rugby y el baloncesto...\",\"sameAs\":[\"http:\/\/indieofilo.com\"],\"url\":\"https:\/\/www.indieofilo.com\/en\/author\/victor\"}]}<\/script>\n<!-- \/ Yoast SEO Premium plugin. -->","yoast_head_json":{"title":"Suede have confirmed a European Tour for 2026 - Indie\u00f3filo","description":"In March, Brett Anderson's band will be performing in Scandinavia, Germany, the Netherlands, Belgium, France, Spain, Portugal, Italy and Switzerland.","robots":{"index":"index","follow":"follow","max-snippet":"max-snippet:-1","max-image-preview":"max-image-preview:large","max-video-preview":"max-video-preview:-1"},"canonical":"https:\/\/www.indieofilo.com\/en\/news\/live-shows\/suede-have-confirmed-a-european-tour-for-2026","og_locale":"en_US","og_type":"article","og_title":"Suede have confirmed a European Tour for 2026","og_description":"In March, Brett Anderson's band will be performing in Scandinavia, Germany, the Netherlands, Belgium, France, Spain, Portugal, Italy and Switzerland.","og_url":"https:\/\/www.indieofilo.com\/en\/news\/live-shows\/suede-have-confirmed-a-european-tour-for-2026","og_site_name":"Indie\u00f3filo","article_publisher":"https:\/\/www.facebook.com\/Indieofilo\/","article_published_time":"2025-09-12T17:50:00+00:00","article_modified_time":"2026-03-17T13:27:26+00:00","og_image":[{"width":1350,"height":1688,"url":"http:\/\/www.indieofilo.com\/wp-content\/uploads\/2025\/09\/suede-european-tour-2026.jpg","type":"image\/jpeg"}],"author":"Victor","twitter_card":"summary_large_image","twitter_creator":"@indieofilo","twitter_site":"@indieofilo","twitter_misc":{"Written by":"Victor","Est. reading time":"2 minutes"},"schema":{"@context":"https:\/\/schema.org","@graph":[{"@type":"Article","@id":"https:\/\/www.indieofilo.com\/en\/news\/live-shows\/suede-have-confirmed-a-european-tour-for-2026#article","isPartOf":{"@id":"https:\/\/www.indieofilo.com\/en\/news\/live-shows\/suede-have-confirmed-a-european-tour-for-2026"},"author":{"name":"Victor","@id":"https:\/\/www.indieofilo.com\/#\/schema\/person\/595334d38590e4ce5a09f83cbf2fca90"},"headline":"Suede have confirmed a European Tour for 2026","datePublished":"2025-09-12T17:50:00+00:00","dateModified":"2026-03-17T13:27:26+00:00","mainEntityOfPage":{"@id":"https:\/\/www.indieofilo.com\/en\/news\/live-shows\/suede-have-confirmed-a-european-tour-for-2026"},"wordCount":224,"commentCount":0,"publisher":{"@id":"https:\/\/www.indieofilo.com\/#organization"},"image":{"@id":"https:\/\/www.indieofilo.com\/en\/news\/live-shows\/suede-have-confirmed-a-european-tour-for-2026#primaryimage"},"thumbnailUrl":"https:\/\/www.indieofilo.com\/wp-content\/uploads\/2025\/09\/suede-european-tour-2026.jpg","keywords":["Barcelona","Cru\u00eflla","Cru\u00eflla Hivern","Cru\u00eflla Hivern 2026","Suede"],"articleSection":["Live Shows","News"],"inLanguage":"en-US","potentialAction":[{"@type":"CommentAction","name":"Comment","target":["https:\/\/www.indieofilo.com\/en\/news\/live-shows\/suede-have-confirmed-a-european-tour-for-2026#respond"]}]},{"@type":"WebPage","@id":"https:\/\/www.indieofilo.com\/en\/news\/live-shows\/suede-have-confirmed-a-european-tour-for-2026","url":"https:\/\/www.indieofilo.com\/en\/news\/live-shows\/suede-have-confirmed-a-european-tour-for-2026","name":"Suede have confirmed a European Tour for 2026 - Indie\u00f3filo","isPartOf":{"@id":"https:\/\/www.indieofilo.com\/#website"},"primaryImageOfPage":{"@id":"https:\/\/www.indieofilo.com\/en\/news\/live-shows\/suede-have-confirmed-a-european-tour-for-2026#primaryimage"},"image":{"@id":"https:\/\/www.indieofilo.com\/en\/news\/live-shows\/suede-have-confirmed-a-european-tour-for-2026#primaryimage"},"thumbnailUrl":"https:\/\/www.indieofilo.com\/wp-content\/uploads\/2025\/09\/suede-european-tour-2026.jpg","datePublished":"2025-09-12T17:50:00+00:00","dateModified":"2026-03-17T13:27:26+00:00","description":"In March, Brett Anderson's band will be performing in Scandinavia, Germany, the Netherlands, Belgium, France, Spain, Portugal, Italy and Switzerland.","breadcrumb":{"@id":"https:\/\/www.indieofilo.com\/en\/news\/live-shows\/suede-have-confirmed-a-european-tour-for-2026#breadcrumb"},"inLanguage":"en-US","potentialAction":[{"@type":"ReadAction","target":["https:\/\/www.indieofilo.com\/en\/news\/live-shows\/suede-have-confirmed-a-european-tour-for-2026"]}]},{"@type":"ImageObject","inLanguage":"en-US","@id":"https:\/\/www.indieofilo.com\/en\/news\/live-shows\/suede-have-confirmed-a-european-tour-for-2026#primaryimage","url":"https:\/\/www.indieofilo.com\/wp-content\/uploads\/2025\/09\/suede-european-tour-2026.jpg","contentUrl":"https:\/\/www.indieofilo.com\/wp-content\/uploads\/2025\/09\/suede-european-tour-2026.jpg","width":1350,"height":1688,"caption":"Suede European Tour 2026"},{"@type":"BreadcrumbList","@id":"https:\/\/www.indieofilo.com\/en\/news\/live-shows\/suede-have-confirmed-a-european-tour-for-2026#breadcrumb","itemListElement":[{"@type":"ListItem","position":1,"name":"Portada","item":"https:\/\/www.indieofilo.com\/en"},{"@type":"ListItem","position":2,"name":"Suede have confirmed a European Tour for 2026"}]},{"@type":"WebSite","@id":"https:\/\/www.indieofilo.com\/#website","url":"https:\/\/www.indieofilo.com\/","name":"Indie\u00f3filo","description":"Magazine online de la cultura independiente","publisher":{"@id":"https:\/\/www.indieofilo.com\/#organization"},"potentialAction":[{"@type":"SearchAction","target":{"@type":"EntryPoint","urlTemplate":"https:\/\/www.indieofilo.com\/?s={search_term_string}"},"query-input":{"@type":"PropertyValueSpecification","valueRequired":true,"valueName":"search_term_string"}}],"inLanguage":"en-US"},{"@type":"Organization","@id":"https:\/\/www.indieofilo.com\/#organization","name":"Indie\u00f3filo Web","url":"https:\/\/www.indieofilo.com\/","logo":{"@type":"ImageObject","inLanguage":"en-US","@id":"https:\/\/www.indieofilo.com\/#\/schema\/logo\/image\/","url":"https:\/\/www.indieofilo.com\/wp-content\/uploads\/2015\/02\/logo-alta-resolucion.png","contentUrl":"https:\/\/www.indieofilo.com\/wp-content\/uploads\/2015\/02\/logo-alta-resolucion.png","width":544,"height":185,"caption":"Indie\u00f3filo Web"},"image":{"@id":"https:\/\/www.indieofilo.com\/#\/schema\/logo\/image\/"},"sameAs":["https:\/\/www.facebook.com\/Indieofilo\/","https:\/\/x.com\/indieofilo","https:\/\/www.instagram.com\/indieofilo\/"]},{"@type":"Person","@id":"https:\/\/www.indieofilo.com\/#\/schema\/person\/595334d38590e4ce5a09f83cbf2fca90","name":"Victor","image":{"@type":"ImageObject","inLanguage":"en-US","@id":"https:\/\/www.indieofilo.com\/#\/schema\/person\/image\/","url":"https:\/\/secure.gravatar.com\/avatar\/682b8c6ea3e94b6cffec683b25f1797d?s=96&d=mm&r=g","contentUrl":"https:\/\/secure.gravatar.com\/avatar\/682b8c6ea3e94b6cffec683b25f1797d?s=96&d=mm&r=g","caption":"Victor"},"description":"Fan\u00e1tico de la m\u00fasica desde que mis padres me pon\u00edan a Eydie Gorme y Los Panchos o el Discotuna por la A2. Intent\u00e9 tocar varios instrumentos, pero soy muy torpe con la mano izquierda, as\u00ed que ya sab\u00e9is el resultado final. Fan del britpop, Post-punk, el rugby y el baloncesto...","sameAs":["http:\/\/indieofilo.com"],"url":"https:\/\/www.indieofilo.com\/en\/author\/victor"}]}},"_links":{"self":[{"href":"https:\/\/www.indieofilo.com\/en\/wp-json\/wp\/v2\/posts\/50549","targetHints":{"allow":["GET"]}}],"collection":[{"href":"https:\/\/www.indieofilo.com\/en\/wp-json\/wp\/v2\/posts"}],"about":[{"href":"https:\/\/www.indieofilo.com\/en\/wp-json\/wp\/v2\/types\/post"}],"author":[{"embeddable":true,"href":"https:\/\/www.indieofilo.com\/en\/wp-json\/wp\/v2\/users\/1"}],"replies":[{"embeddable":true,"href":"https:\/\/www.indieofilo.com\/en\/wp-json\/wp\/v2\/comments?post=50549"}],"version-history":[{"count":0,"href":"https:\/\/www.indieofilo.com\/en\/wp-json\/wp\/v2\/posts\/50549\/revisions"}],"wp:featuredmedia":[{"embeddable":true,"href":"https:\/\/www.indieofilo.com\/en\/wp-json\/wp\/v2\/media\/50551"}],"wp:attachment":[{"href":"https:\/\/www.indieofilo.com\/en\/wp-json\/wp\/v2\/media?parent=50549"}],"wp:term":[{"taxonomy":"category","embeddable":true,"href":"https:\/\/www.indieofilo.com\/en\/wp-json\/wp\/v2\/categories?post=50549"},{"taxonomy":"post_tag","embeddable":true,"href":"https:\/\/www.indieofilo.com\/en\/wp-json\/wp\/v2\/tags?post=50549"}],"curies":[{"name":"wp","href":"https:\/\/api.w.org\/{rel}","templated":true}]}}