{"id":50508,"date":"2025-07-24T18:58:00","date_gmt":"2025-07-24T16:58:00","guid":{"rendered":"https:\/\/www.indieofilo.com\/news\/music\/first-names-announced-for-cruilla-hivern-2026"},"modified":"2025-07-24T18:58:00","modified_gmt":"2025-07-24T16:58:00","slug":"first-names-announced-for-cruilla-hivern-2026","status":"publish","type":"post","link":"https:\/\/www.indieofilo.com\/en\/news\/first-names-announced-for-cruilla-hivern-2026","title":{"rendered":"First names announced for Cru\u00eflla Hivern 2026"},"content":{"rendered":"<p style=\"text-align: justify;\">With the &#8216;<em>main event<\/em>&#8216; edition recently wrapped up, the <strong>Cru\u00eflla<\/strong> team are continuing to liven up the Barcelona scene. Following the recent announcement of the majority of the Cru\u00eflla Tardor 2025 lineup, the first names for <strong>Cru\u00eflla Hivern 2026<\/strong> have now been confirmed.<\/p>\n<p style=\"text-align: justify;\"><strong>Julieta<\/strong>, one of the biggest names in the Catalan pop scene, will perform at the Sant Jordi Club on 13 February 2026 as part of her \u2018<em>Els 23 Tour<\/em>\u2019. Meanwhile, the multifaceted <strong>Goran Bregovi\u0107<\/strong> will present his latest album, <em>The Belly Button of the World<\/em> (2023), at the Hivernacle in Poble Espanyol on 26 February 2026.<\/p>\n<p style=\"text-align: justify;\">Tickets for both concerts are now available in the &#8216;Gigs&#8217; section of the <a href=\"http:\/\/concerts.cruillabarcelona.com.\" target=\"_blank\" rel=\"noopener\">official Cru\u00eflla website<\/a>.<\/p>\n<p><img fetchpriority=\"high\" decoding=\"async\" class=\"aligncenter size-full wp-image-50505\" src=\"http:\/\/www.indieofilo.com\/wp-content\/uploads\/2025\/07\/Cruilla_Hivern_2026.jpg\" alt=\"Cru\u00eflla Hivern 2026\" width=\"680\" height=\"370\" srcset=\"https:\/\/www.indieofilo.com\/wp-content\/uploads\/2025\/07\/Cruilla_Hivern_2026.jpg 680w, https:\/\/www.indieofilo.com\/wp-content\/uploads\/2025\/07\/Cruilla_Hivern_2026-600x326.jpg 600w\" sizes=\"(max-width: 680px) 100vw, 680px\" \/><\/p>\n","protected":false},"excerpt":{"rendered":"<p>With the &#8216;main event&#8216; edition recently wrapped up, the Cru\u00eflla team are continuing to liven up the Barcelona scene. Following the recent announcement of the majority of the Cru\u00eflla Tardor 2025 lineup, the first names for Cru\u00eflla Hivern 2026 have now been confirmed. Julieta, one of the biggest names in the Catalan pop scene, will [&hellip;]<\/p>\n","protected":false},"author":1,"featured_media":50506,"comment_status":"open","ping_status":"closed","sticky":false,"template":"","format":"standard","meta":{"footnotes":""},"categories":[41,8],"tags":[4961,5103,7903,7904,5124],"class_list":["post-50508","post","type-post","status-publish","format-standard","has-post-thumbnail","hentry","category-live-shows","category-news","tag-barcelona-en","tag-cruilla-en","tag-cruilla-hivern-en","tag-cruilla-hivern-2026-en","tag-goran-bregovic-en"],"yoast_head":"<!-- This site is optimized with the Yoast SEO Premium plugin v23.9 (Yoast SEO v26.6) - https:\/\/yoast.com\/wordpress\/plugins\/seo\/ -->\n<title>First names announced for Cru\u00eflla Hivern 2026 - Indie\u00f3filo<\/title>\n<meta name=\"description\" content=\"Local artists Julieta and Goran Bregovi\u0107 have been confirmed as the first acts for Cru\u00eflla Hivern 2026.\" \/>\n<meta name=\"robots\" content=\"index, follow, max-snippet:-1, max-image-preview:large, max-video-preview:-1\" \/>\n<link rel=\"canonical\" href=\"https:\/\/www.indieofilo.com\/en\/news\/first-names-announced-for-cruilla-hivern-2026\" \/>\n<meta property=\"og:locale\" content=\"en_US\" \/>\n<meta property=\"og:type\" content=\"article\" \/>\n<meta property=\"og:title\" content=\"First names announced for Cru\u00eflla Hivern 2026\" \/>\n<meta property=\"og:description\" content=\"Local artists Julieta and Goran Bregovi\u0107 have been confirmed as the first acts for Cru\u00eflla Hivern 2026.\" \/>\n<meta property=\"og:url\" content=\"https:\/\/www.indieofilo.com\/en\/news\/first-names-announced-for-cruilla-hivern-2026\" \/>\n<meta property=\"og:site_name\" content=\"Indie\u00f3filo\" \/>\n<meta property=\"article:publisher\" content=\"https:\/\/www.facebook.com\/Indieofilo\/\" \/>\n<meta property=\"article:published_time\" content=\"2025-07-24T16:58:00+00:00\" \/>\n<meta property=\"og:image\" content=\"https:\/\/www.indieofilo.com\/wp-content\/uploads\/2025\/07\/Cruilla_Hivern_2026.jpg\" \/>\n\t<meta property=\"og:image:width\" content=\"680\" \/>\n\t<meta property=\"og:image:height\" content=\"370\" \/>\n\t<meta property=\"og:image:type\" content=\"image\/jpeg\" \/>\n<meta name=\"author\" content=\"Victor\" \/>\n<meta name=\"twitter:card\" content=\"summary_large_image\" \/>\n<meta name=\"twitter:creator\" content=\"@indieofilo\" \/>\n<meta name=\"twitter:site\" content=\"@indieofilo\" \/>\n<meta name=\"twitter:label1\" content=\"Written by\" \/>\n\t<meta name=\"twitter:data1\" content=\"Victor\" \/>\n\t<meta name=\"twitter:label2\" content=\"Est. reading time\" \/>\n\t<meta name=\"twitter:data2\" content=\"1 minute\" \/>\n<script type=\"application\/ld+json\" class=\"yoast-schema-graph\">{\"@context\":\"https:\/\/schema.org\",\"@graph\":[{\"@type\":\"Article\",\"@id\":\"https:\/\/www.indieofilo.com\/en\/news\/first-names-announced-for-cruilla-hivern-2026#article\",\"isPartOf\":{\"@id\":\"https:\/\/www.indieofilo.com\/en\/news\/first-names-announced-for-cruilla-hivern-2026\"},\"author\":{\"name\":\"Victor\",\"@id\":\"https:\/\/www.indieofilo.com\/#\/schema\/person\/595334d38590e4ce5a09f83cbf2fca90\"},\"headline\":\"First names announced for Cru\u00eflla Hivern 2026\",\"datePublished\":\"2025-07-24T16:58:00+00:00\",\"mainEntityOfPage\":{\"@id\":\"https:\/\/www.indieofilo.com\/en\/news\/first-names-announced-for-cruilla-hivern-2026\"},\"wordCount\":118,\"commentCount\":0,\"publisher\":{\"@id\":\"https:\/\/www.indieofilo.com\/#organization\"},\"image\":{\"@id\":\"https:\/\/www.indieofilo.com\/en\/news\/first-names-announced-for-cruilla-hivern-2026#primaryimage\"},\"thumbnailUrl\":\"https:\/\/www.indieofilo.com\/wp-content\/uploads\/2025\/07\/Cruilla_Hivern_2026.jpg\",\"keywords\":[\"Barcelona\",\"Cru\u00eflla\",\"Cru\u00eflla Hivern\",\"Cru\u00eflla Hivern 2026\",\"Goran Bregovic\"],\"articleSection\":[\"Live Shows\",\"News\"],\"inLanguage\":\"en-US\",\"potentialAction\":[{\"@type\":\"CommentAction\",\"name\":\"Comment\",\"target\":[\"https:\/\/www.indieofilo.com\/en\/news\/first-names-announced-for-cruilla-hivern-2026#respond\"]}]},{\"@type\":\"WebPage\",\"@id\":\"https:\/\/www.indieofilo.com\/en\/news\/first-names-announced-for-cruilla-hivern-2026\",\"url\":\"https:\/\/www.indieofilo.com\/en\/news\/first-names-announced-for-cruilla-hivern-2026\",\"name\":\"First names announced for Cru\u00eflla Hivern 2026 - Indie\u00f3filo\",\"isPartOf\":{\"@id\":\"https:\/\/www.indieofilo.com\/#website\"},\"primaryImageOfPage\":{\"@id\":\"https:\/\/www.indieofilo.com\/en\/news\/first-names-announced-for-cruilla-hivern-2026#primaryimage\"},\"image\":{\"@id\":\"https:\/\/www.indieofilo.com\/en\/news\/first-names-announced-for-cruilla-hivern-2026#primaryimage\"},\"thumbnailUrl\":\"https:\/\/www.indieofilo.com\/wp-content\/uploads\/2025\/07\/Cruilla_Hivern_2026.jpg\",\"datePublished\":\"2025-07-24T16:58:00+00:00\",\"description\":\"Local artists Julieta and Goran Bregovi\u0107 have been confirmed as the first acts for Cru\u00eflla Hivern 2026.\",\"breadcrumb\":{\"@id\":\"https:\/\/www.indieofilo.com\/en\/news\/first-names-announced-for-cruilla-hivern-2026#breadcrumb\"},\"inLanguage\":\"en-US\",\"potentialAction\":[{\"@type\":\"ReadAction\",\"target\":[\"https:\/\/www.indieofilo.com\/en\/news\/first-names-announced-for-cruilla-hivern-2026\"]}]},{\"@type\":\"ImageObject\",\"inLanguage\":\"en-US\",\"@id\":\"https:\/\/www.indieofilo.com\/en\/news\/first-names-announced-for-cruilla-hivern-2026#primaryimage\",\"url\":\"https:\/\/www.indieofilo.com\/wp-content\/uploads\/2025\/07\/Cruilla_Hivern_2026.jpg\",\"contentUrl\":\"https:\/\/www.indieofilo.com\/wp-content\/uploads\/2025\/07\/Cruilla_Hivern_2026.jpg\",\"width\":680,\"height\":370,\"caption\":\"Cru\u00eflla Hivern 2026\"},{\"@type\":\"BreadcrumbList\",\"@id\":\"https:\/\/www.indieofilo.com\/en\/news\/first-names-announced-for-cruilla-hivern-2026#breadcrumb\",\"itemListElement\":[{\"@type\":\"ListItem\",\"position\":1,\"name\":\"Portada\",\"item\":\"https:\/\/www.indieofilo.com\/en\"},{\"@type\":\"ListItem\",\"position\":2,\"name\":\"First names announced for Cru\u00eflla Hivern 2026\"}]},{\"@type\":\"WebSite\",\"@id\":\"https:\/\/www.indieofilo.com\/#website\",\"url\":\"https:\/\/www.indieofilo.com\/\",\"name\":\"Indie\u00f3filo\",\"description\":\"Magazine online de la cultura independiente\",\"publisher\":{\"@id\":\"https:\/\/www.indieofilo.com\/#organization\"},\"potentialAction\":[{\"@type\":\"SearchAction\",\"target\":{\"@type\":\"EntryPoint\",\"urlTemplate\":\"https:\/\/www.indieofilo.com\/?s={search_term_string}\"},\"query-input\":{\"@type\":\"PropertyValueSpecification\",\"valueRequired\":true,\"valueName\":\"search_term_string\"}}],\"inLanguage\":\"en-US\"},{\"@type\":\"Organization\",\"@id\":\"https:\/\/www.indieofilo.com\/#organization\",\"name\":\"Indie\u00f3filo Web\",\"url\":\"https:\/\/www.indieofilo.com\/\",\"logo\":{\"@type\":\"ImageObject\",\"inLanguage\":\"en-US\",\"@id\":\"https:\/\/www.indieofilo.com\/#\/schema\/logo\/image\/\",\"url\":\"https:\/\/www.indieofilo.com\/wp-content\/uploads\/2015\/02\/logo-alta-resolucion.png\",\"contentUrl\":\"https:\/\/www.indieofilo.com\/wp-content\/uploads\/2015\/02\/logo-alta-resolucion.png\",\"width\":544,\"height\":185,\"caption\":\"Indie\u00f3filo Web\"},\"image\":{\"@id\":\"https:\/\/www.indieofilo.com\/#\/schema\/logo\/image\/\"},\"sameAs\":[\"https:\/\/www.facebook.com\/Indieofilo\/\",\"https:\/\/x.com\/indieofilo\",\"https:\/\/www.instagram.com\/indieofilo\/\"]},{\"@type\":\"Person\",\"@id\":\"https:\/\/www.indieofilo.com\/#\/schema\/person\/595334d38590e4ce5a09f83cbf2fca90\",\"name\":\"Victor\",\"image\":{\"@type\":\"ImageObject\",\"inLanguage\":\"en-US\",\"@id\":\"https:\/\/www.indieofilo.com\/#\/schema\/person\/image\/\",\"url\":\"https:\/\/secure.gravatar.com\/avatar\/682b8c6ea3e94b6cffec683b25f1797d?s=96&d=mm&r=g\",\"contentUrl\":\"https:\/\/secure.gravatar.com\/avatar\/682b8c6ea3e94b6cffec683b25f1797d?s=96&d=mm&r=g\",\"caption\":\"Victor\"},\"description\":\"Fan\u00e1tico de la m\u00fasica desde que mis padres me pon\u00edan a Eydie Gorme y Los Panchos o el Discotuna por la A2. Intent\u00e9 tocar varios instrumentos, pero soy muy torpe con la mano izquierda, as\u00ed que ya sab\u00e9is el resultado final. Fan del britpop, Post-punk, el rugby y el baloncesto...\",\"sameAs\":[\"http:\/\/indieofilo.com\"],\"url\":\"https:\/\/www.indieofilo.com\/en\/author\/victor\"}]}<\/script>\n<!-- \/ Yoast SEO Premium plugin. -->","yoast_head_json":{"title":"First names announced for Cru\u00eflla Hivern 2026 - Indie\u00f3filo","description":"Local artists Julieta and Goran Bregovi\u0107 have been confirmed as the first acts for Cru\u00eflla Hivern 2026.","robots":{"index":"index","follow":"follow","max-snippet":"max-snippet:-1","max-image-preview":"max-image-preview:large","max-video-preview":"max-video-preview:-1"},"canonical":"https:\/\/www.indieofilo.com\/en\/news\/first-names-announced-for-cruilla-hivern-2026","og_locale":"en_US","og_type":"article","og_title":"First names announced for Cru\u00eflla Hivern 2026","og_description":"Local artists Julieta and Goran Bregovi\u0107 have been confirmed as the first acts for Cru\u00eflla Hivern 2026.","og_url":"https:\/\/www.indieofilo.com\/en\/news\/first-names-announced-for-cruilla-hivern-2026","og_site_name":"Indie\u00f3filo","article_publisher":"https:\/\/www.facebook.com\/Indieofilo\/","article_published_time":"2025-07-24T16:58:00+00:00","og_image":[{"width":680,"height":370,"url":"https:\/\/www.indieofilo.com\/wp-content\/uploads\/2025\/07\/Cruilla_Hivern_2026.jpg","type":"image\/jpeg"}],"author":"Victor","twitter_card":"summary_large_image","twitter_creator":"@indieofilo","twitter_site":"@indieofilo","twitter_misc":{"Written by":"Victor","Est. reading time":"1 minute"},"schema":{"@context":"https:\/\/schema.org","@graph":[{"@type":"Article","@id":"https:\/\/www.indieofilo.com\/en\/news\/first-names-announced-for-cruilla-hivern-2026#article","isPartOf":{"@id":"https:\/\/www.indieofilo.com\/en\/news\/first-names-announced-for-cruilla-hivern-2026"},"author":{"name":"Victor","@id":"https:\/\/www.indieofilo.com\/#\/schema\/person\/595334d38590e4ce5a09f83cbf2fca90"},"headline":"First names announced for Cru\u00eflla Hivern 2026","datePublished":"2025-07-24T16:58:00+00:00","mainEntityOfPage":{"@id":"https:\/\/www.indieofilo.com\/en\/news\/first-names-announced-for-cruilla-hivern-2026"},"wordCount":118,"commentCount":0,"publisher":{"@id":"https:\/\/www.indieofilo.com\/#organization"},"image":{"@id":"https:\/\/www.indieofilo.com\/en\/news\/first-names-announced-for-cruilla-hivern-2026#primaryimage"},"thumbnailUrl":"https:\/\/www.indieofilo.com\/wp-content\/uploads\/2025\/07\/Cruilla_Hivern_2026.jpg","keywords":["Barcelona","Cru\u00eflla","Cru\u00eflla Hivern","Cru\u00eflla Hivern 2026","Goran Bregovic"],"articleSection":["Live Shows","News"],"inLanguage":"en-US","potentialAction":[{"@type":"CommentAction","name":"Comment","target":["https:\/\/www.indieofilo.com\/en\/news\/first-names-announced-for-cruilla-hivern-2026#respond"]}]},{"@type":"WebPage","@id":"https:\/\/www.indieofilo.com\/en\/news\/first-names-announced-for-cruilla-hivern-2026","url":"https:\/\/www.indieofilo.com\/en\/news\/first-names-announced-for-cruilla-hivern-2026","name":"First names announced for Cru\u00eflla Hivern 2026 - Indie\u00f3filo","isPartOf":{"@id":"https:\/\/www.indieofilo.com\/#website"},"primaryImageOfPage":{"@id":"https:\/\/www.indieofilo.com\/en\/news\/first-names-announced-for-cruilla-hivern-2026#primaryimage"},"image":{"@id":"https:\/\/www.indieofilo.com\/en\/news\/first-names-announced-for-cruilla-hivern-2026#primaryimage"},"thumbnailUrl":"https:\/\/www.indieofilo.com\/wp-content\/uploads\/2025\/07\/Cruilla_Hivern_2026.jpg","datePublished":"2025-07-24T16:58:00+00:00","description":"Local artists Julieta and Goran Bregovi\u0107 have been confirmed as the first acts for Cru\u00eflla Hivern 2026.","breadcrumb":{"@id":"https:\/\/www.indieofilo.com\/en\/news\/first-names-announced-for-cruilla-hivern-2026#breadcrumb"},"inLanguage":"en-US","potentialAction":[{"@type":"ReadAction","target":["https:\/\/www.indieofilo.com\/en\/news\/first-names-announced-for-cruilla-hivern-2026"]}]},{"@type":"ImageObject","inLanguage":"en-US","@id":"https:\/\/www.indieofilo.com\/en\/news\/first-names-announced-for-cruilla-hivern-2026#primaryimage","url":"https:\/\/www.indieofilo.com\/wp-content\/uploads\/2025\/07\/Cruilla_Hivern_2026.jpg","contentUrl":"https:\/\/www.indieofilo.com\/wp-content\/uploads\/2025\/07\/Cruilla_Hivern_2026.jpg","width":680,"height":370,"caption":"Cru\u00eflla Hivern 2026"},{"@type":"BreadcrumbList","@id":"https:\/\/www.indieofilo.com\/en\/news\/first-names-announced-for-cruilla-hivern-2026#breadcrumb","itemListElement":[{"@type":"ListItem","position":1,"name":"Portada","item":"https:\/\/www.indieofilo.com\/en"},{"@type":"ListItem","position":2,"name":"First names announced for Cru\u00eflla Hivern 2026"}]},{"@type":"WebSite","@id":"https:\/\/www.indieofilo.com\/#website","url":"https:\/\/www.indieofilo.com\/","name":"Indie\u00f3filo","description":"Magazine online de la cultura independiente","publisher":{"@id":"https:\/\/www.indieofilo.com\/#organization"},"potentialAction":[{"@type":"SearchAction","target":{"@type":"EntryPoint","urlTemplate":"https:\/\/www.indieofilo.com\/?s={search_term_string}"},"query-input":{"@type":"PropertyValueSpecification","valueRequired":true,"valueName":"search_term_string"}}],"inLanguage":"en-US"},{"@type":"Organization","@id":"https:\/\/www.indieofilo.com\/#organization","name":"Indie\u00f3filo Web","url":"https:\/\/www.indieofilo.com\/","logo":{"@type":"ImageObject","inLanguage":"en-US","@id":"https:\/\/www.indieofilo.com\/#\/schema\/logo\/image\/","url":"https:\/\/www.indieofilo.com\/wp-content\/uploads\/2015\/02\/logo-alta-resolucion.png","contentUrl":"https:\/\/www.indieofilo.com\/wp-content\/uploads\/2015\/02\/logo-alta-resolucion.png","width":544,"height":185,"caption":"Indie\u00f3filo Web"},"image":{"@id":"https:\/\/www.indieofilo.com\/#\/schema\/logo\/image\/"},"sameAs":["https:\/\/www.facebook.com\/Indieofilo\/","https:\/\/x.com\/indieofilo","https:\/\/www.instagram.com\/indieofilo\/"]},{"@type":"Person","@id":"https:\/\/www.indieofilo.com\/#\/schema\/person\/595334d38590e4ce5a09f83cbf2fca90","name":"Victor","image":{"@type":"ImageObject","inLanguage":"en-US","@id":"https:\/\/www.indieofilo.com\/#\/schema\/person\/image\/","url":"https:\/\/secure.gravatar.com\/avatar\/682b8c6ea3e94b6cffec683b25f1797d?s=96&d=mm&r=g","contentUrl":"https:\/\/secure.gravatar.com\/avatar\/682b8c6ea3e94b6cffec683b25f1797d?s=96&d=mm&r=g","caption":"Victor"},"description":"Fan\u00e1tico de la m\u00fasica desde que mis padres me pon\u00edan a Eydie Gorme y Los Panchos o el Discotuna por la A2. Intent\u00e9 tocar varios instrumentos, pero soy muy torpe con la mano izquierda, as\u00ed que ya sab\u00e9is el resultado final. Fan del britpop, Post-punk, el rugby y el baloncesto...","sameAs":["http:\/\/indieofilo.com"],"url":"https:\/\/www.indieofilo.com\/en\/author\/victor"}]}},"_links":{"self":[{"href":"https:\/\/www.indieofilo.com\/en\/wp-json\/wp\/v2\/posts\/50508","targetHints":{"allow":["GET"]}}],"collection":[{"href":"https:\/\/www.indieofilo.com\/en\/wp-json\/wp\/v2\/posts"}],"about":[{"href":"https:\/\/www.indieofilo.com\/en\/wp-json\/wp\/v2\/types\/post"}],"author":[{"embeddable":true,"href":"https:\/\/www.indieofilo.com\/en\/wp-json\/wp\/v2\/users\/1"}],"replies":[{"embeddable":true,"href":"https:\/\/www.indieofilo.com\/en\/wp-json\/wp\/v2\/comments?post=50508"}],"version-history":[{"count":0,"href":"https:\/\/www.indieofilo.com\/en\/wp-json\/wp\/v2\/posts\/50508\/revisions"}],"wp:featuredmedia":[{"embeddable":true,"href":"https:\/\/www.indieofilo.com\/en\/wp-json\/wp\/v2\/media\/50506"}],"wp:attachment":[{"href":"https:\/\/www.indieofilo.com\/en\/wp-json\/wp\/v2\/media?parent=50508"}],"wp:term":[{"taxonomy":"category","embeddable":true,"href":"https:\/\/www.indieofilo.com\/en\/wp-json\/wp\/v2\/categories?post=50508"},{"taxonomy":"post_tag","embeddable":true,"href":"https:\/\/www.indieofilo.com\/en\/wp-json\/wp\/v2\/tags?post=50508"}],"curies":[{"name":"wp","href":"https:\/\/api.w.org\/{rel}","templated":true}]}}