{"id":49701,"date":"2025-10-30T12:52:47","date_gmt":"2025-10-30T11:52:47","guid":{"rendered":"https:\/\/www.indieofilo.com\/news\/music\/pixies-and-david-byrne-are-among-the-first-artists-confirmed-for-festival-cruilla-2026"},"modified":"2025-10-30T13:12:40","modified_gmt":"2025-10-30T12:12:40","slug":"pixies-and-david-byrne-are-among-the-first-artists-confirmed-for-festival-cruilla-2026","status":"publish","type":"post","link":"https:\/\/www.indieofilo.com\/en\/news\/live-shows\/pixies-and-david-byrne-are-among-the-first-artists-confirmed-for-festival-cruilla-2026","title":{"rendered":"Pixies and David Byrne are among the first artists confirmed for Festival Cru\u00eflla 2026"},"content":{"rendered":"<p style=\"text-align: justify;\"><strong>Festival Cru\u00eflla 2026<\/strong> has just announced the first names on the line-up for its 16th edition, which will take place between 8 and 11 July at its usual venue, the Parc del F\u00f2rum in Barcelona.<\/p>\n<p style=\"text-align: justify;\">The standout acts in this initial wave of confirmations are undoubtedly the American bands <strong>Pixies<\/strong> and <strong>David Byrne<\/strong>. We last saw the band led by <strong>Black Francis<\/strong> at <a href=\"https:\/\/www.indieofilo.com\/en\/gig-reviews\/low-festival-2024-26-july-2024-benidorm\" target=\"_blank\" rel=\"noopener\">Low Festival 2024 a couple of years ago<\/a>, and they will be performing at Cru\u00eflla 2026 to celebrate their 40-year career. Meanwhile, the former <strong>Talking Heads<\/strong> frontman will be returning to the festival after his incredible 2018 concert to present his latest album.  <i>Who Is The Sky? (2025)<\/i>.<\/p>\n<p style=\"text-align: justify;\">In terms of international artists, the other confirmations include <strong>Two Door Cinema Club, Bomba Est\u00e9reo, Polo &amp; Pan<\/strong>, Argentina&#8217;s <strong>Yami Safdie<\/strong>, Italy&#8217;s <strong>Mind Enterprises<\/strong>, <strong>Sampa The Great<\/strong> from Africa, and Mexico&#8217;s <strong>Son Rompe Pera<\/strong> with their fusion of cumbia and punk. Meanwhile, <strong>Mishima<\/strong> and Dan Peralbo i El Comboi are the two Catalan music scene representatives confirmed today. <\/p>\n<p style=\"text-align: justify;\">Two- and four-day passes are now on sale on the <a href=\"https:\/\/www.cruillabarcelona.com\/en\/tickets\/\" target=\"_blank\" rel=\"noopener\">festival&#8217;s official website<\/a>. Prices are \u20ac120 (+ booking fee) for the weekend pass (including Friday 10th and Saturday 11th) and \u20ac145 (+ booking fee) for the full four-day pass.<\/p>\n<p><img fetchpriority=\"high\" decoding=\"async\" class=\"aligncenter size-large wp-image-49697\" src=\"http:\/\/www.indieofilo.com\/wp-content\/uploads\/2025\/10\/Cruilla_2026_Pixies-683x683.jpg\" alt=\"Cru\u00eflla 2026 - Pixies\" width=\"683\" height=\"683\" srcset=\"https:\/\/www.indieofilo.com\/wp-content\/uploads\/2025\/10\/Cruilla_2026_Pixies-683x683.jpg 683w, https:\/\/www.indieofilo.com\/wp-content\/uploads\/2025\/10\/Cruilla_2026_Pixies-533x533.jpg 533w, https:\/\/www.indieofilo.com\/wp-content\/uploads\/2025\/10\/Cruilla_2026_Pixies-400x400.jpg 400w, https:\/\/www.indieofilo.com\/wp-content\/uploads\/2025\/10\/Cruilla_2026_Pixies-768x768.jpg 768w, https:\/\/www.indieofilo.com\/wp-content\/uploads\/2025\/10\/Cruilla_2026_Pixies-300x300.jpg 300w, https:\/\/www.indieofilo.com\/wp-content\/uploads\/2025\/10\/Cruilla_2026_Pixies.jpg 1200w\" sizes=\"(max-width: 683px) 100vw, 683px\" \/><\/p>\n","protected":false},"excerpt":{"rendered":"<p>Festival Cru\u00eflla 2026 has just announced the first names on the line-up for its 16th edition, which will take place between 8 and 11 July at its usual venue, the Parc del F\u00f2rum in Barcelona. The standout acts in this initial wave of confirmations are undoubtedly the American bands Pixies and David Byrne. We last [&hellip;]<\/p>\n","protected":false},"author":1,"featured_media":49697,"comment_status":"open","ping_status":"closed","sticky":false,"template":"","format":"standard","meta":{"footnotes":""},"categories":[6908,41,8],"tags":[4961,5238,5103,7807,5241,5102,7808,5511,4985,7383,5061],"class_list":["post-49701","post","type-post","status-publish","format-standard","has-post-thumbnail","hentry","category-featured","category-live-shows","category-news","tag-barcelona-en","tag-bomba-estereo-en","tag-cruilla-en","tag-dan-peralbo-i-el-comboi-en","tag-david-byrne-en","tag-festival-cruilla-en","tag-festival-cruilla-2026-en","tag-mishima-en","tag-pixies-en","tag-polo-pan-en","tag-two-door-cinema-club-en"],"yoast_head":"<!-- This site is optimized with the Yoast SEO Premium plugin v23.9 (Yoast SEO v26.6) - https:\/\/yoast.com\/wordpress\/plugins\/seo\/ -->\n<title>Pixies and David Byrne are among the first artists confirmed for Festival Cru\u00eflla 2026 - Indie\u00f3filo<\/title>\n<meta name=\"description\" content=\"They will perform at the Catalan festival alongside Two Door Cinema Club, Bomba Est\u00e9reo, Polo &amp; Pan, Mishima and others.\" \/>\n<meta name=\"robots\" content=\"index, follow, max-snippet:-1, max-image-preview:large, max-video-preview:-1\" \/>\n<link rel=\"canonical\" href=\"https:\/\/www.indieofilo.com\/en\/news\/live-shows\/pixies-and-david-byrne-are-among-the-first-artists-confirmed-for-festival-cruilla-2026\" \/>\n<meta property=\"og:locale\" content=\"en_US\" \/>\n<meta property=\"og:type\" content=\"article\" \/>\n<meta property=\"og:title\" content=\"Pixies and David Byrne are among the first artists confirmed for Festival Cru\u00eflla 2026\" \/>\n<meta property=\"og:description\" content=\"They will perform at the Catalan festival alongside Two Door Cinema Club, Bomba Est\u00e9reo, Polo &amp; Pan, Mishima and others.\" \/>\n<meta property=\"og:url\" content=\"https:\/\/www.indieofilo.com\/en\/news\/live-shows\/pixies-and-david-byrne-are-among-the-first-artists-confirmed-for-festival-cruilla-2026\" \/>\n<meta property=\"og:site_name\" content=\"Indie\u00f3filo\" \/>\n<meta property=\"article:publisher\" content=\"https:\/\/www.facebook.com\/Indieofilo\/\" \/>\n<meta property=\"article:published_time\" content=\"2025-10-30T11:52:47+00:00\" \/>\n<meta property=\"article:modified_time\" content=\"2025-10-30T12:12:40+00:00\" \/>\n<meta property=\"og:image\" content=\"http:\/\/www.indieofilo.com\/wp-content\/uploads\/2025\/10\/Cruilla_2026_Pixies.jpg\" \/>\n\t<meta property=\"og:image:width\" content=\"1200\" \/>\n\t<meta property=\"og:image:height\" content=\"1200\" \/>\n\t<meta property=\"og:image:type\" content=\"image\/jpeg\" \/>\n<meta name=\"author\" content=\"Victor\" \/>\n<meta name=\"twitter:card\" content=\"summary_large_image\" \/>\n<meta name=\"twitter:creator\" content=\"@indieofilo\" \/>\n<meta name=\"twitter:site\" content=\"@indieofilo\" \/>\n<meta name=\"twitter:label1\" content=\"Written by\" \/>\n\t<meta name=\"twitter:data1\" content=\"Victor\" \/>\n\t<meta name=\"twitter:label2\" content=\"Est. reading time\" \/>\n\t<meta name=\"twitter:data2\" content=\"2 minutes\" \/>\n<script type=\"application\/ld+json\" class=\"yoast-schema-graph\">{\"@context\":\"https:\/\/schema.org\",\"@graph\":[{\"@type\":\"Article\",\"@id\":\"https:\/\/www.indieofilo.com\/en\/news\/live-shows\/pixies-and-david-byrne-are-among-the-first-artists-confirmed-for-festival-cruilla-2026#article\",\"isPartOf\":{\"@id\":\"https:\/\/www.indieofilo.com\/en\/news\/live-shows\/pixies-and-david-byrne-are-among-the-first-artists-confirmed-for-festival-cruilla-2026\"},\"author\":{\"name\":\"Victor\",\"@id\":\"https:\/\/www.indieofilo.com\/#\/schema\/person\/595334d38590e4ce5a09f83cbf2fca90\"},\"headline\":\"Pixies and David Byrne are among the first artists confirmed for Festival Cru\u00eflla 2026\",\"datePublished\":\"2025-10-30T11:52:47+00:00\",\"dateModified\":\"2025-10-30T12:12:40+00:00\",\"mainEntityOfPage\":{\"@id\":\"https:\/\/www.indieofilo.com\/en\/news\/live-shows\/pixies-and-david-byrne-are-among-the-first-artists-confirmed-for-festival-cruilla-2026\"},\"wordCount\":215,\"commentCount\":0,\"publisher\":{\"@id\":\"https:\/\/www.indieofilo.com\/#organization\"},\"image\":{\"@id\":\"https:\/\/www.indieofilo.com\/en\/news\/live-shows\/pixies-and-david-byrne-are-among-the-first-artists-confirmed-for-festival-cruilla-2026#primaryimage\"},\"thumbnailUrl\":\"https:\/\/www.indieofilo.com\/wp-content\/uploads\/2025\/10\/Cruilla_2026_Pixies.jpg\",\"keywords\":[\"Barcelona\",\"Bomba Est\u00e9reo\",\"Cru\u00eflla\",\"Dan Peralbo i el Comboi\",\"David Byrne\",\"Festival Cru\u00eflla\",\"Festival Cru\u00eflla 2026\",\"Mishima\",\"Pixies\",\"Polo &amp; Pan\",\"Two Door Cinema Club\"],\"articleSection\":[\"Featured\",\"Live Shows\",\"News\"],\"inLanguage\":\"en-US\",\"potentialAction\":[{\"@type\":\"CommentAction\",\"name\":\"Comment\",\"target\":[\"https:\/\/www.indieofilo.com\/en\/news\/live-shows\/pixies-and-david-byrne-are-among-the-first-artists-confirmed-for-festival-cruilla-2026#respond\"]}]},{\"@type\":\"WebPage\",\"@id\":\"https:\/\/www.indieofilo.com\/en\/news\/live-shows\/pixies-and-david-byrne-are-among-the-first-artists-confirmed-for-festival-cruilla-2026\",\"url\":\"https:\/\/www.indieofilo.com\/en\/news\/live-shows\/pixies-and-david-byrne-are-among-the-first-artists-confirmed-for-festival-cruilla-2026\",\"name\":\"Pixies and David Byrne are among the first artists confirmed for Festival Cru\u00eflla 2026 - Indie\u00f3filo\",\"isPartOf\":{\"@id\":\"https:\/\/www.indieofilo.com\/#website\"},\"primaryImageOfPage\":{\"@id\":\"https:\/\/www.indieofilo.com\/en\/news\/live-shows\/pixies-and-david-byrne-are-among-the-first-artists-confirmed-for-festival-cruilla-2026#primaryimage\"},\"image\":{\"@id\":\"https:\/\/www.indieofilo.com\/en\/news\/live-shows\/pixies-and-david-byrne-are-among-the-first-artists-confirmed-for-festival-cruilla-2026#primaryimage\"},\"thumbnailUrl\":\"https:\/\/www.indieofilo.com\/wp-content\/uploads\/2025\/10\/Cruilla_2026_Pixies.jpg\",\"datePublished\":\"2025-10-30T11:52:47+00:00\",\"dateModified\":\"2025-10-30T12:12:40+00:00\",\"description\":\"They will perform at the Catalan festival alongside Two Door Cinema Club, Bomba Est\u00e9reo, Polo & Pan, Mishima and others.\",\"breadcrumb\":{\"@id\":\"https:\/\/www.indieofilo.com\/en\/news\/live-shows\/pixies-and-david-byrne-are-among-the-first-artists-confirmed-for-festival-cruilla-2026#breadcrumb\"},\"inLanguage\":\"en-US\",\"potentialAction\":[{\"@type\":\"ReadAction\",\"target\":[\"https:\/\/www.indieofilo.com\/en\/news\/live-shows\/pixies-and-david-byrne-are-among-the-first-artists-confirmed-for-festival-cruilla-2026\"]}]},{\"@type\":\"ImageObject\",\"inLanguage\":\"en-US\",\"@id\":\"https:\/\/www.indieofilo.com\/en\/news\/live-shows\/pixies-and-david-byrne-are-among-the-first-artists-confirmed-for-festival-cruilla-2026#primaryimage\",\"url\":\"https:\/\/www.indieofilo.com\/wp-content\/uploads\/2025\/10\/Cruilla_2026_Pixies.jpg\",\"contentUrl\":\"https:\/\/www.indieofilo.com\/wp-content\/uploads\/2025\/10\/Cruilla_2026_Pixies.jpg\",\"width\":1200,\"height\":1200,\"caption\":\"Cru\u00eflla 2026 - Pixies\"},{\"@type\":\"BreadcrumbList\",\"@id\":\"https:\/\/www.indieofilo.com\/en\/news\/live-shows\/pixies-and-david-byrne-are-among-the-first-artists-confirmed-for-festival-cruilla-2026#breadcrumb\",\"itemListElement\":[{\"@type\":\"ListItem\",\"position\":1,\"name\":\"Portada\",\"item\":\"https:\/\/www.indieofilo.com\/en\"},{\"@type\":\"ListItem\",\"position\":2,\"name\":\"Pixies and David Byrne are among the first artists confirmed for Festival Cru\u00eflla 2026\"}]},{\"@type\":\"WebSite\",\"@id\":\"https:\/\/www.indieofilo.com\/#website\",\"url\":\"https:\/\/www.indieofilo.com\/\",\"name\":\"Indie\u00f3filo\",\"description\":\"Magazine online de la cultura independiente\",\"publisher\":{\"@id\":\"https:\/\/www.indieofilo.com\/#organization\"},\"potentialAction\":[{\"@type\":\"SearchAction\",\"target\":{\"@type\":\"EntryPoint\",\"urlTemplate\":\"https:\/\/www.indieofilo.com\/?s={search_term_string}\"},\"query-input\":{\"@type\":\"PropertyValueSpecification\",\"valueRequired\":true,\"valueName\":\"search_term_string\"}}],\"inLanguage\":\"en-US\"},{\"@type\":\"Organization\",\"@id\":\"https:\/\/www.indieofilo.com\/#organization\",\"name\":\"Indie\u00f3filo Web\",\"url\":\"https:\/\/www.indieofilo.com\/\",\"logo\":{\"@type\":\"ImageObject\",\"inLanguage\":\"en-US\",\"@id\":\"https:\/\/www.indieofilo.com\/#\/schema\/logo\/image\/\",\"url\":\"https:\/\/www.indieofilo.com\/wp-content\/uploads\/2015\/02\/logo-alta-resolucion.png\",\"contentUrl\":\"https:\/\/www.indieofilo.com\/wp-content\/uploads\/2015\/02\/logo-alta-resolucion.png\",\"width\":544,\"height\":185,\"caption\":\"Indie\u00f3filo Web\"},\"image\":{\"@id\":\"https:\/\/www.indieofilo.com\/#\/schema\/logo\/image\/\"},\"sameAs\":[\"https:\/\/www.facebook.com\/Indieofilo\/\",\"https:\/\/x.com\/indieofilo\",\"https:\/\/www.instagram.com\/indieofilo\/\"]},{\"@type\":\"Person\",\"@id\":\"https:\/\/www.indieofilo.com\/#\/schema\/person\/595334d38590e4ce5a09f83cbf2fca90\",\"name\":\"Victor\",\"image\":{\"@type\":\"ImageObject\",\"inLanguage\":\"en-US\",\"@id\":\"https:\/\/www.indieofilo.com\/#\/schema\/person\/image\/\",\"url\":\"https:\/\/secure.gravatar.com\/avatar\/682b8c6ea3e94b6cffec683b25f1797d?s=96&d=mm&r=g\",\"contentUrl\":\"https:\/\/secure.gravatar.com\/avatar\/682b8c6ea3e94b6cffec683b25f1797d?s=96&d=mm&r=g\",\"caption\":\"Victor\"},\"description\":\"Fan\u00e1tico de la m\u00fasica desde que mis padres me pon\u00edan a Eydie Gorme y Los Panchos o el Discotuna por la A2. Intent\u00e9 tocar varios instrumentos, pero soy muy torpe con la mano izquierda, as\u00ed que ya sab\u00e9is el resultado final. Fan del britpop, Post-punk, el rugby y el baloncesto...\",\"sameAs\":[\"http:\/\/indieofilo.com\"],\"url\":\"https:\/\/www.indieofilo.com\/en\/author\/victor\"}]}<\/script>\n<!-- \/ Yoast SEO Premium plugin. -->","yoast_head_json":{"title":"Pixies and David Byrne are among the first artists confirmed for Festival Cru\u00eflla 2026 - Indie\u00f3filo","description":"They will perform at the Catalan festival alongside Two Door Cinema Club, Bomba Est\u00e9reo, Polo & Pan, Mishima and others.","robots":{"index":"index","follow":"follow","max-snippet":"max-snippet:-1","max-image-preview":"max-image-preview:large","max-video-preview":"max-video-preview:-1"},"canonical":"https:\/\/www.indieofilo.com\/en\/news\/live-shows\/pixies-and-david-byrne-are-among-the-first-artists-confirmed-for-festival-cruilla-2026","og_locale":"en_US","og_type":"article","og_title":"Pixies and David Byrne are among the first artists confirmed for Festival Cru\u00eflla 2026","og_description":"They will perform at the Catalan festival alongside Two Door Cinema Club, Bomba Est\u00e9reo, Polo & Pan, Mishima and others.","og_url":"https:\/\/www.indieofilo.com\/en\/news\/live-shows\/pixies-and-david-byrne-are-among-the-first-artists-confirmed-for-festival-cruilla-2026","og_site_name":"Indie\u00f3filo","article_publisher":"https:\/\/www.facebook.com\/Indieofilo\/","article_published_time":"2025-10-30T11:52:47+00:00","article_modified_time":"2025-10-30T12:12:40+00:00","og_image":[{"width":1200,"height":1200,"url":"http:\/\/www.indieofilo.com\/wp-content\/uploads\/2025\/10\/Cruilla_2026_Pixies.jpg","type":"image\/jpeg"}],"author":"Victor","twitter_card":"summary_large_image","twitter_creator":"@indieofilo","twitter_site":"@indieofilo","twitter_misc":{"Written by":"Victor","Est. reading time":"2 minutes"},"schema":{"@context":"https:\/\/schema.org","@graph":[{"@type":"Article","@id":"https:\/\/www.indieofilo.com\/en\/news\/live-shows\/pixies-and-david-byrne-are-among-the-first-artists-confirmed-for-festival-cruilla-2026#article","isPartOf":{"@id":"https:\/\/www.indieofilo.com\/en\/news\/live-shows\/pixies-and-david-byrne-are-among-the-first-artists-confirmed-for-festival-cruilla-2026"},"author":{"name":"Victor","@id":"https:\/\/www.indieofilo.com\/#\/schema\/person\/595334d38590e4ce5a09f83cbf2fca90"},"headline":"Pixies and David Byrne are among the first artists confirmed for Festival Cru\u00eflla 2026","datePublished":"2025-10-30T11:52:47+00:00","dateModified":"2025-10-30T12:12:40+00:00","mainEntityOfPage":{"@id":"https:\/\/www.indieofilo.com\/en\/news\/live-shows\/pixies-and-david-byrne-are-among-the-first-artists-confirmed-for-festival-cruilla-2026"},"wordCount":215,"commentCount":0,"publisher":{"@id":"https:\/\/www.indieofilo.com\/#organization"},"image":{"@id":"https:\/\/www.indieofilo.com\/en\/news\/live-shows\/pixies-and-david-byrne-are-among-the-first-artists-confirmed-for-festival-cruilla-2026#primaryimage"},"thumbnailUrl":"https:\/\/www.indieofilo.com\/wp-content\/uploads\/2025\/10\/Cruilla_2026_Pixies.jpg","keywords":["Barcelona","Bomba Est\u00e9reo","Cru\u00eflla","Dan Peralbo i el Comboi","David Byrne","Festival Cru\u00eflla","Festival Cru\u00eflla 2026","Mishima","Pixies","Polo &amp; Pan","Two Door Cinema Club"],"articleSection":["Featured","Live Shows","News"],"inLanguage":"en-US","potentialAction":[{"@type":"CommentAction","name":"Comment","target":["https:\/\/www.indieofilo.com\/en\/news\/live-shows\/pixies-and-david-byrne-are-among-the-first-artists-confirmed-for-festival-cruilla-2026#respond"]}]},{"@type":"WebPage","@id":"https:\/\/www.indieofilo.com\/en\/news\/live-shows\/pixies-and-david-byrne-are-among-the-first-artists-confirmed-for-festival-cruilla-2026","url":"https:\/\/www.indieofilo.com\/en\/news\/live-shows\/pixies-and-david-byrne-are-among-the-first-artists-confirmed-for-festival-cruilla-2026","name":"Pixies and David Byrne are among the first artists confirmed for Festival Cru\u00eflla 2026 - Indie\u00f3filo","isPartOf":{"@id":"https:\/\/www.indieofilo.com\/#website"},"primaryImageOfPage":{"@id":"https:\/\/www.indieofilo.com\/en\/news\/live-shows\/pixies-and-david-byrne-are-among-the-first-artists-confirmed-for-festival-cruilla-2026#primaryimage"},"image":{"@id":"https:\/\/www.indieofilo.com\/en\/news\/live-shows\/pixies-and-david-byrne-are-among-the-first-artists-confirmed-for-festival-cruilla-2026#primaryimage"},"thumbnailUrl":"https:\/\/www.indieofilo.com\/wp-content\/uploads\/2025\/10\/Cruilla_2026_Pixies.jpg","datePublished":"2025-10-30T11:52:47+00:00","dateModified":"2025-10-30T12:12:40+00:00","description":"They will perform at the Catalan festival alongside Two Door Cinema Club, Bomba Est\u00e9reo, Polo & Pan, Mishima and others.","breadcrumb":{"@id":"https:\/\/www.indieofilo.com\/en\/news\/live-shows\/pixies-and-david-byrne-are-among-the-first-artists-confirmed-for-festival-cruilla-2026#breadcrumb"},"inLanguage":"en-US","potentialAction":[{"@type":"ReadAction","target":["https:\/\/www.indieofilo.com\/en\/news\/live-shows\/pixies-and-david-byrne-are-among-the-first-artists-confirmed-for-festival-cruilla-2026"]}]},{"@type":"ImageObject","inLanguage":"en-US","@id":"https:\/\/www.indieofilo.com\/en\/news\/live-shows\/pixies-and-david-byrne-are-among-the-first-artists-confirmed-for-festival-cruilla-2026#primaryimage","url":"https:\/\/www.indieofilo.com\/wp-content\/uploads\/2025\/10\/Cruilla_2026_Pixies.jpg","contentUrl":"https:\/\/www.indieofilo.com\/wp-content\/uploads\/2025\/10\/Cruilla_2026_Pixies.jpg","width":1200,"height":1200,"caption":"Cru\u00eflla 2026 - Pixies"},{"@type":"BreadcrumbList","@id":"https:\/\/www.indieofilo.com\/en\/news\/live-shows\/pixies-and-david-byrne-are-among-the-first-artists-confirmed-for-festival-cruilla-2026#breadcrumb","itemListElement":[{"@type":"ListItem","position":1,"name":"Portada","item":"https:\/\/www.indieofilo.com\/en"},{"@type":"ListItem","position":2,"name":"Pixies and David Byrne are among the first artists confirmed for Festival Cru\u00eflla 2026"}]},{"@type":"WebSite","@id":"https:\/\/www.indieofilo.com\/#website","url":"https:\/\/www.indieofilo.com\/","name":"Indie\u00f3filo","description":"Magazine online de la cultura independiente","publisher":{"@id":"https:\/\/www.indieofilo.com\/#organization"},"potentialAction":[{"@type":"SearchAction","target":{"@type":"EntryPoint","urlTemplate":"https:\/\/www.indieofilo.com\/?s={search_term_string}"},"query-input":{"@type":"PropertyValueSpecification","valueRequired":true,"valueName":"search_term_string"}}],"inLanguage":"en-US"},{"@type":"Organization","@id":"https:\/\/www.indieofilo.com\/#organization","name":"Indie\u00f3filo Web","url":"https:\/\/www.indieofilo.com\/","logo":{"@type":"ImageObject","inLanguage":"en-US","@id":"https:\/\/www.indieofilo.com\/#\/schema\/logo\/image\/","url":"https:\/\/www.indieofilo.com\/wp-content\/uploads\/2015\/02\/logo-alta-resolucion.png","contentUrl":"https:\/\/www.indieofilo.com\/wp-content\/uploads\/2015\/02\/logo-alta-resolucion.png","width":544,"height":185,"caption":"Indie\u00f3filo Web"},"image":{"@id":"https:\/\/www.indieofilo.com\/#\/schema\/logo\/image\/"},"sameAs":["https:\/\/www.facebook.com\/Indieofilo\/","https:\/\/x.com\/indieofilo","https:\/\/www.instagram.com\/indieofilo\/"]},{"@type":"Person","@id":"https:\/\/www.indieofilo.com\/#\/schema\/person\/595334d38590e4ce5a09f83cbf2fca90","name":"Victor","image":{"@type":"ImageObject","inLanguage":"en-US","@id":"https:\/\/www.indieofilo.com\/#\/schema\/person\/image\/","url":"https:\/\/secure.gravatar.com\/avatar\/682b8c6ea3e94b6cffec683b25f1797d?s=96&d=mm&r=g","contentUrl":"https:\/\/secure.gravatar.com\/avatar\/682b8c6ea3e94b6cffec683b25f1797d?s=96&d=mm&r=g","caption":"Victor"},"description":"Fan\u00e1tico de la m\u00fasica desde que mis padres me pon\u00edan a Eydie Gorme y Los Panchos o el Discotuna por la A2. Intent\u00e9 tocar varios instrumentos, pero soy muy torpe con la mano izquierda, as\u00ed que ya sab\u00e9is el resultado final. Fan del britpop, Post-punk, el rugby y el baloncesto...","sameAs":["http:\/\/indieofilo.com"],"url":"https:\/\/www.indieofilo.com\/en\/author\/victor"}]}},"_links":{"self":[{"href":"https:\/\/www.indieofilo.com\/en\/wp-json\/wp\/v2\/posts\/49701","targetHints":{"allow":["GET"]}}],"collection":[{"href":"https:\/\/www.indieofilo.com\/en\/wp-json\/wp\/v2\/posts"}],"about":[{"href":"https:\/\/www.indieofilo.com\/en\/wp-json\/wp\/v2\/types\/post"}],"author":[{"embeddable":true,"href":"https:\/\/www.indieofilo.com\/en\/wp-json\/wp\/v2\/users\/1"}],"replies":[{"embeddable":true,"href":"https:\/\/www.indieofilo.com\/en\/wp-json\/wp\/v2\/comments?post=49701"}],"version-history":[{"count":0,"href":"https:\/\/www.indieofilo.com\/en\/wp-json\/wp\/v2\/posts\/49701\/revisions"}],"wp:featuredmedia":[{"embeddable":true,"href":"https:\/\/www.indieofilo.com\/en\/wp-json\/wp\/v2\/media\/49697"}],"wp:attachment":[{"href":"https:\/\/www.indieofilo.com\/en\/wp-json\/wp\/v2\/media?parent=49701"}],"wp:term":[{"taxonomy":"category","embeddable":true,"href":"https:\/\/www.indieofilo.com\/en\/wp-json\/wp\/v2\/categories?post=49701"},{"taxonomy":"post_tag","embeddable":true,"href":"https:\/\/www.indieofilo.com\/en\/wp-json\/wp\/v2\/tags?post=49701"}],"curies":[{"name":"wp","href":"https:\/\/api.w.org\/{rel}","templated":true}]}}