{"id":4954,"date":"2016-03-16T14:11:21","date_gmt":"2016-03-16T13:11:21","guid":{"rendered":"http:\/\/indieofilo.com\/?p=4954"},"modified":"2023-09-19T11:38:27","modified_gmt":"2023-09-19T09:38:27","slug":"new-names-for-fib-2016","status":"publish","type":"post","link":"https:\/\/www.indieofilo.com\/en\/news\/new-names-for-fib-2016","title":{"rendered":"New names for FIB 2016"},"content":{"rendered":"<p style=\"text-align: justify;\">\n\t<img fetchpriority=\"high\" decoding=\"async\" alt=\"FIB 2016 - Biffy Clyro\" class=\"aligncenter size-large wp-image-4952\" height=\"533\" src=\"http:\/\/indieofilo.com\/wp-content\/uploads\/2016\/03\/FIB-2016-Biffy-Clyro-449x533.jpg\" width=\"449\" \/><\/p>\n<p style=\"text-align: justify;\">\n\tOnly one&nbsp;<a href=\"http:\/\/indieofilo.com\/news\/muse-or-the-chemical-brothers-for-fib-2016?lang=en\" target=\"_blank\" rel=\"noopener\">month after confirming Muse,&nbsp;The Chemical Brothers, Massive Attack, Disclosure or The Vaccines<\/a>, the&nbsp;organisers of&nbsp;FIB 2016 have just announced a new batch of names for its line-up. Among the big names you can find <strong>Biffy Clyro<\/strong>&nbsp;and&nbsp;<strong>DJ Shadow<\/strong>, but also <strong>La Habitacion Roja,&nbsp;El Guincho, Fidlar <\/strong>or&nbsp;<strong>Skepta<\/strong>. On the other hand, the schedule divided by days has also been announced, as you can see on the image on top of these lines.<\/p>\n<p style=\"text-align: justify;\">\n\tWe remind you that tickets for the festival, which is held in Benicassim from 14th to 17th July, can be bought at the&nbsp;<a href=\"http:\/\/fiberfib.com\/entradas.php\" target=\"_blank\" rel=\"noopener\">official Website of the&nbsp;festival<\/a>&nbsp;with a starting price of 147.50&euro; (+ fees) for the 4-days ticket with camping included.<\/p>\n","protected":false},"excerpt":{"rendered":"<p>Only one&nbsp;month after confirming Muse,&nbsp;The Chemical Brothers, Massive Attack, Disclosure or The Vaccines, the&nbsp;organisers of&nbsp;FIB 2016 have just announced a new batch of names for its line-up. Among the big names you can find Biffy Clyro&nbsp;and&nbsp;DJ Shadow, but also La Habitacion Roja,&nbsp;El Guincho, Fidlar or&nbsp;Skepta. On the other hand, the schedule divided by days has [&hellip;]<\/p>\n","protected":false},"author":1,"featured_media":19370,"comment_status":"open","ping_status":"closed","sticky":false,"template":"","format":"standard","meta":{"footnotes":""},"categories":[41,8],"tags":[5404,5671,6006,5912,6007,5573,5052],"class_list":["post-4954","post","type-post","status-publish","format-standard","has-post-thumbnail","hentry","category-live-shows","category-news","tag-biffy-clyro-en","tag-dj-shadow-en","tag-el-guincho-en","tag-fib-2016-en","tag-fidlar-en","tag-la-habitacion-roja-en","tag-skepta-en"],"yoast_head":"<!-- This site is optimized with the Yoast SEO Premium plugin v23.9 (Yoast SEO v26.6) - https:\/\/yoast.com\/wordpress\/plugins\/seo\/ -->\n<title>New names for FIB 2016 - Indie\u00f3filo<\/title>\n<meta name=\"description\" content=\"Biffy Clyro, DJ Shadow, La Habitaci\u00f3n Roja, El Guincho, Fidlar or\u00a0Skepta among the new names confirmed, that also announced the schedule by days.\" \/>\n<meta name=\"robots\" content=\"index, follow, max-snippet:-1, max-image-preview:large, max-video-preview:-1\" \/>\n<link rel=\"canonical\" href=\"https:\/\/www.indieofilo.com\/en\/news\/new-names-for-fib-2016\" \/>\n<meta property=\"og:locale\" content=\"en_US\" \/>\n<meta property=\"og:type\" content=\"article\" \/>\n<meta property=\"og:title\" content=\"New names for FIB 2016\" \/>\n<meta property=\"og:description\" content=\"Biffy Clyro, DJ Shadow, La Habitaci\u00f3n Roja, El Guincho, Fidlar or\u00a0Skepta among the new names confirmed, that also announced the schedule by days.\" \/>\n<meta property=\"og:url\" content=\"https:\/\/www.indieofilo.com\/en\/news\/new-names-for-fib-2016\" \/>\n<meta property=\"og:site_name\" content=\"Indie\u00f3filo\" \/>\n<meta property=\"article:publisher\" content=\"https:\/\/www.facebook.com\/Indieofilo\/\" \/>\n<meta property=\"article:published_time\" content=\"2016-03-16T13:11:21+00:00\" \/>\n<meta property=\"article:modified_time\" content=\"2023-09-19T09:38:27+00:00\" \/>\n<meta property=\"og:image\" content=\"https:\/\/www.indieofilo.com\/wp-content\/uploads\/2016\/03\/FIB-2016-Biffy-Clyro-e1458130129228.jpg\" \/>\n\t<meta property=\"og:image:width\" content=\"674\" \/>\n\t<meta property=\"og:image:height\" content=\"800\" \/>\n\t<meta property=\"og:image:type\" content=\"image\/jpeg\" \/>\n<meta name=\"author\" content=\"Victor\" \/>\n<meta name=\"twitter:card\" content=\"summary_large_image\" \/>\n<meta name=\"twitter:creator\" content=\"@indieofilo\" \/>\n<meta name=\"twitter:site\" content=\"@indieofilo\" \/>\n<meta name=\"twitter:label1\" content=\"Written by\" \/>\n\t<meta name=\"twitter:data1\" content=\"Victor\" \/>\n\t<meta name=\"twitter:label2\" content=\"Est. reading time\" \/>\n\t<meta name=\"twitter:data2\" content=\"1 minute\" \/>\n<script type=\"application\/ld+json\" class=\"yoast-schema-graph\">{\"@context\":\"https:\/\/schema.org\",\"@graph\":[{\"@type\":\"Article\",\"@id\":\"https:\/\/www.indieofilo.com\/en\/news\/new-names-for-fib-2016#article\",\"isPartOf\":{\"@id\":\"https:\/\/www.indieofilo.com\/en\/news\/new-names-for-fib-2016\"},\"author\":{\"name\":\"Victor\",\"@id\":\"https:\/\/www.indieofilo.com\/#\/schema\/person\/595334d38590e4ce5a09f83cbf2fca90\"},\"headline\":\"New names for FIB 2016\",\"datePublished\":\"2016-03-16T13:11:21+00:00\",\"dateModified\":\"2023-09-19T09:38:27+00:00\",\"mainEntityOfPage\":{\"@id\":\"https:\/\/www.indieofilo.com\/en\/news\/new-names-for-fib-2016\"},\"wordCount\":134,\"commentCount\":0,\"publisher\":{\"@id\":\"https:\/\/www.indieofilo.com\/#organization\"},\"image\":{\"@id\":\"https:\/\/www.indieofilo.com\/en\/news\/new-names-for-fib-2016#primaryimage\"},\"thumbnailUrl\":\"https:\/\/www.indieofilo.com\/wp-content\/uploads\/2016\/03\/FIB-2016-Biffy-Clyro-e1458130129228.jpg\",\"keywords\":[\"Biffy Clyro\",\"DJ Shadow\",\"El Guincho\",\"FIB 2016\",\"Fidlar\",\"La Habitaci\u00f3n Roja\",\"Skepta\"],\"articleSection\":[\"Live Shows\",\"News\"],\"inLanguage\":\"en-US\",\"potentialAction\":[{\"@type\":\"CommentAction\",\"name\":\"Comment\",\"target\":[\"https:\/\/www.indieofilo.com\/en\/news\/new-names-for-fib-2016#respond\"]}]},{\"@type\":\"WebPage\",\"@id\":\"https:\/\/www.indieofilo.com\/en\/news\/new-names-for-fib-2016\",\"url\":\"https:\/\/www.indieofilo.com\/en\/news\/new-names-for-fib-2016\",\"name\":\"New names for FIB 2016 - Indie\u00f3filo\",\"isPartOf\":{\"@id\":\"https:\/\/www.indieofilo.com\/#website\"},\"primaryImageOfPage\":{\"@id\":\"https:\/\/www.indieofilo.com\/en\/news\/new-names-for-fib-2016#primaryimage\"},\"image\":{\"@id\":\"https:\/\/www.indieofilo.com\/en\/news\/new-names-for-fib-2016#primaryimage\"},\"thumbnailUrl\":\"https:\/\/www.indieofilo.com\/wp-content\/uploads\/2016\/03\/FIB-2016-Biffy-Clyro-e1458130129228.jpg\",\"datePublished\":\"2016-03-16T13:11:21+00:00\",\"dateModified\":\"2023-09-19T09:38:27+00:00\",\"description\":\"Biffy Clyro, DJ Shadow, La Habitaci\u00f3n Roja, El Guincho, Fidlar or\u00a0Skepta among the new names confirmed, that also announced the schedule by days.\",\"breadcrumb\":{\"@id\":\"https:\/\/www.indieofilo.com\/en\/news\/new-names-for-fib-2016#breadcrumb\"},\"inLanguage\":\"en-US\",\"potentialAction\":[{\"@type\":\"ReadAction\",\"target\":[\"https:\/\/www.indieofilo.com\/en\/news\/new-names-for-fib-2016\"]}]},{\"@type\":\"ImageObject\",\"inLanguage\":\"en-US\",\"@id\":\"https:\/\/www.indieofilo.com\/en\/news\/new-names-for-fib-2016#primaryimage\",\"url\":\"https:\/\/www.indieofilo.com\/wp-content\/uploads\/2016\/03\/FIB-2016-Biffy-Clyro-e1458130129228.jpg\",\"contentUrl\":\"https:\/\/www.indieofilo.com\/wp-content\/uploads\/2016\/03\/FIB-2016-Biffy-Clyro-e1458130129228.jpg\",\"width\":674,\"height\":800},{\"@type\":\"BreadcrumbList\",\"@id\":\"https:\/\/www.indieofilo.com\/en\/news\/new-names-for-fib-2016#breadcrumb\",\"itemListElement\":[{\"@type\":\"ListItem\",\"position\":1,\"name\":\"Portada\",\"item\":\"https:\/\/www.indieofilo.com\/en\"},{\"@type\":\"ListItem\",\"position\":2,\"name\":\"New names for FIB 2016\"}]},{\"@type\":\"WebSite\",\"@id\":\"https:\/\/www.indieofilo.com\/#website\",\"url\":\"https:\/\/www.indieofilo.com\/\",\"name\":\"Indie\u00f3filo\",\"description\":\"Magazine online de la cultura independiente\",\"publisher\":{\"@id\":\"https:\/\/www.indieofilo.com\/#organization\"},\"potentialAction\":[{\"@type\":\"SearchAction\",\"target\":{\"@type\":\"EntryPoint\",\"urlTemplate\":\"https:\/\/www.indieofilo.com\/?s={search_term_string}\"},\"query-input\":{\"@type\":\"PropertyValueSpecification\",\"valueRequired\":true,\"valueName\":\"search_term_string\"}}],\"inLanguage\":\"en-US\"},{\"@type\":\"Organization\",\"@id\":\"https:\/\/www.indieofilo.com\/#organization\",\"name\":\"Indie\u00f3filo Web\",\"url\":\"https:\/\/www.indieofilo.com\/\",\"logo\":{\"@type\":\"ImageObject\",\"inLanguage\":\"en-US\",\"@id\":\"https:\/\/www.indieofilo.com\/#\/schema\/logo\/image\/\",\"url\":\"https:\/\/www.indieofilo.com\/wp-content\/uploads\/2015\/02\/logo-alta-resolucion.png\",\"contentUrl\":\"https:\/\/www.indieofilo.com\/wp-content\/uploads\/2015\/02\/logo-alta-resolucion.png\",\"width\":544,\"height\":185,\"caption\":\"Indie\u00f3filo Web\"},\"image\":{\"@id\":\"https:\/\/www.indieofilo.com\/#\/schema\/logo\/image\/\"},\"sameAs\":[\"https:\/\/www.facebook.com\/Indieofilo\/\",\"https:\/\/x.com\/indieofilo\",\"https:\/\/www.instagram.com\/indieofilo\/\"]},{\"@type\":\"Person\",\"@id\":\"https:\/\/www.indieofilo.com\/#\/schema\/person\/595334d38590e4ce5a09f83cbf2fca90\",\"name\":\"Victor\",\"image\":{\"@type\":\"ImageObject\",\"inLanguage\":\"en-US\",\"@id\":\"https:\/\/www.indieofilo.com\/#\/schema\/person\/image\/\",\"url\":\"https:\/\/secure.gravatar.com\/avatar\/682b8c6ea3e94b6cffec683b25f1797d?s=96&d=mm&r=g\",\"contentUrl\":\"https:\/\/secure.gravatar.com\/avatar\/682b8c6ea3e94b6cffec683b25f1797d?s=96&d=mm&r=g\",\"caption\":\"Victor\"},\"description\":\"Fan\u00e1tico de la m\u00fasica desde que mis padres me pon\u00edan a Eydie Gorme y Los Panchos o el Discotuna por la A2. Intent\u00e9 tocar varios instrumentos, pero soy muy torpe con la mano izquierda, as\u00ed que ya sab\u00e9is el resultado final. Fan del britpop, Post-punk, el rugby y el baloncesto...\",\"sameAs\":[\"http:\/\/indieofilo.com\"],\"url\":\"https:\/\/www.indieofilo.com\/en\/author\/victor\"}]}<\/script>\n<!-- \/ Yoast SEO Premium plugin. -->","yoast_head_json":{"title":"New names for FIB 2016 - Indie\u00f3filo","description":"Biffy Clyro, DJ Shadow, La Habitaci\u00f3n Roja, El Guincho, Fidlar or\u00a0Skepta among the new names confirmed, that also announced the schedule by days.","robots":{"index":"index","follow":"follow","max-snippet":"max-snippet:-1","max-image-preview":"max-image-preview:large","max-video-preview":"max-video-preview:-1"},"canonical":"https:\/\/www.indieofilo.com\/en\/news\/new-names-for-fib-2016","og_locale":"en_US","og_type":"article","og_title":"New names for FIB 2016","og_description":"Biffy Clyro, DJ Shadow, La Habitaci\u00f3n Roja, El Guincho, Fidlar or\u00a0Skepta among the new names confirmed, that also announced the schedule by days.","og_url":"https:\/\/www.indieofilo.com\/en\/news\/new-names-for-fib-2016","og_site_name":"Indie\u00f3filo","article_publisher":"https:\/\/www.facebook.com\/Indieofilo\/","article_published_time":"2016-03-16T13:11:21+00:00","article_modified_time":"2023-09-19T09:38:27+00:00","og_image":[{"width":674,"height":800,"url":"https:\/\/www.indieofilo.com\/wp-content\/uploads\/2016\/03\/FIB-2016-Biffy-Clyro-e1458130129228.jpg","type":"image\/jpeg"}],"author":"Victor","twitter_card":"summary_large_image","twitter_creator":"@indieofilo","twitter_site":"@indieofilo","twitter_misc":{"Written by":"Victor","Est. reading time":"1 minute"},"schema":{"@context":"https:\/\/schema.org","@graph":[{"@type":"Article","@id":"https:\/\/www.indieofilo.com\/en\/news\/new-names-for-fib-2016#article","isPartOf":{"@id":"https:\/\/www.indieofilo.com\/en\/news\/new-names-for-fib-2016"},"author":{"name":"Victor","@id":"https:\/\/www.indieofilo.com\/#\/schema\/person\/595334d38590e4ce5a09f83cbf2fca90"},"headline":"New names for FIB 2016","datePublished":"2016-03-16T13:11:21+00:00","dateModified":"2023-09-19T09:38:27+00:00","mainEntityOfPage":{"@id":"https:\/\/www.indieofilo.com\/en\/news\/new-names-for-fib-2016"},"wordCount":134,"commentCount":0,"publisher":{"@id":"https:\/\/www.indieofilo.com\/#organization"},"image":{"@id":"https:\/\/www.indieofilo.com\/en\/news\/new-names-for-fib-2016#primaryimage"},"thumbnailUrl":"https:\/\/www.indieofilo.com\/wp-content\/uploads\/2016\/03\/FIB-2016-Biffy-Clyro-e1458130129228.jpg","keywords":["Biffy Clyro","DJ Shadow","El Guincho","FIB 2016","Fidlar","La Habitaci\u00f3n Roja","Skepta"],"articleSection":["Live Shows","News"],"inLanguage":"en-US","potentialAction":[{"@type":"CommentAction","name":"Comment","target":["https:\/\/www.indieofilo.com\/en\/news\/new-names-for-fib-2016#respond"]}]},{"@type":"WebPage","@id":"https:\/\/www.indieofilo.com\/en\/news\/new-names-for-fib-2016","url":"https:\/\/www.indieofilo.com\/en\/news\/new-names-for-fib-2016","name":"New names for FIB 2016 - Indie\u00f3filo","isPartOf":{"@id":"https:\/\/www.indieofilo.com\/#website"},"primaryImageOfPage":{"@id":"https:\/\/www.indieofilo.com\/en\/news\/new-names-for-fib-2016#primaryimage"},"image":{"@id":"https:\/\/www.indieofilo.com\/en\/news\/new-names-for-fib-2016#primaryimage"},"thumbnailUrl":"https:\/\/www.indieofilo.com\/wp-content\/uploads\/2016\/03\/FIB-2016-Biffy-Clyro-e1458130129228.jpg","datePublished":"2016-03-16T13:11:21+00:00","dateModified":"2023-09-19T09:38:27+00:00","description":"Biffy Clyro, DJ Shadow, La Habitaci\u00f3n Roja, El Guincho, Fidlar or\u00a0Skepta among the new names confirmed, that also announced the schedule by days.","breadcrumb":{"@id":"https:\/\/www.indieofilo.com\/en\/news\/new-names-for-fib-2016#breadcrumb"},"inLanguage":"en-US","potentialAction":[{"@type":"ReadAction","target":["https:\/\/www.indieofilo.com\/en\/news\/new-names-for-fib-2016"]}]},{"@type":"ImageObject","inLanguage":"en-US","@id":"https:\/\/www.indieofilo.com\/en\/news\/new-names-for-fib-2016#primaryimage","url":"https:\/\/www.indieofilo.com\/wp-content\/uploads\/2016\/03\/FIB-2016-Biffy-Clyro-e1458130129228.jpg","contentUrl":"https:\/\/www.indieofilo.com\/wp-content\/uploads\/2016\/03\/FIB-2016-Biffy-Clyro-e1458130129228.jpg","width":674,"height":800},{"@type":"BreadcrumbList","@id":"https:\/\/www.indieofilo.com\/en\/news\/new-names-for-fib-2016#breadcrumb","itemListElement":[{"@type":"ListItem","position":1,"name":"Portada","item":"https:\/\/www.indieofilo.com\/en"},{"@type":"ListItem","position":2,"name":"New names for FIB 2016"}]},{"@type":"WebSite","@id":"https:\/\/www.indieofilo.com\/#website","url":"https:\/\/www.indieofilo.com\/","name":"Indie\u00f3filo","description":"Magazine online de la cultura independiente","publisher":{"@id":"https:\/\/www.indieofilo.com\/#organization"},"potentialAction":[{"@type":"SearchAction","target":{"@type":"EntryPoint","urlTemplate":"https:\/\/www.indieofilo.com\/?s={search_term_string}"},"query-input":{"@type":"PropertyValueSpecification","valueRequired":true,"valueName":"search_term_string"}}],"inLanguage":"en-US"},{"@type":"Organization","@id":"https:\/\/www.indieofilo.com\/#organization","name":"Indie\u00f3filo Web","url":"https:\/\/www.indieofilo.com\/","logo":{"@type":"ImageObject","inLanguage":"en-US","@id":"https:\/\/www.indieofilo.com\/#\/schema\/logo\/image\/","url":"https:\/\/www.indieofilo.com\/wp-content\/uploads\/2015\/02\/logo-alta-resolucion.png","contentUrl":"https:\/\/www.indieofilo.com\/wp-content\/uploads\/2015\/02\/logo-alta-resolucion.png","width":544,"height":185,"caption":"Indie\u00f3filo Web"},"image":{"@id":"https:\/\/www.indieofilo.com\/#\/schema\/logo\/image\/"},"sameAs":["https:\/\/www.facebook.com\/Indieofilo\/","https:\/\/x.com\/indieofilo","https:\/\/www.instagram.com\/indieofilo\/"]},{"@type":"Person","@id":"https:\/\/www.indieofilo.com\/#\/schema\/person\/595334d38590e4ce5a09f83cbf2fca90","name":"Victor","image":{"@type":"ImageObject","inLanguage":"en-US","@id":"https:\/\/www.indieofilo.com\/#\/schema\/person\/image\/","url":"https:\/\/secure.gravatar.com\/avatar\/682b8c6ea3e94b6cffec683b25f1797d?s=96&d=mm&r=g","contentUrl":"https:\/\/secure.gravatar.com\/avatar\/682b8c6ea3e94b6cffec683b25f1797d?s=96&d=mm&r=g","caption":"Victor"},"description":"Fan\u00e1tico de la m\u00fasica desde que mis padres me pon\u00edan a Eydie Gorme y Los Panchos o el Discotuna por la A2. Intent\u00e9 tocar varios instrumentos, pero soy muy torpe con la mano izquierda, as\u00ed que ya sab\u00e9is el resultado final. Fan del britpop, Post-punk, el rugby y el baloncesto...","sameAs":["http:\/\/indieofilo.com"],"url":"https:\/\/www.indieofilo.com\/en\/author\/victor"}]}},"_links":{"self":[{"href":"https:\/\/www.indieofilo.com\/en\/wp-json\/wp\/v2\/posts\/4954","targetHints":{"allow":["GET"]}}],"collection":[{"href":"https:\/\/www.indieofilo.com\/en\/wp-json\/wp\/v2\/posts"}],"about":[{"href":"https:\/\/www.indieofilo.com\/en\/wp-json\/wp\/v2\/types\/post"}],"author":[{"embeddable":true,"href":"https:\/\/www.indieofilo.com\/en\/wp-json\/wp\/v2\/users\/1"}],"replies":[{"embeddable":true,"href":"https:\/\/www.indieofilo.com\/en\/wp-json\/wp\/v2\/comments?post=4954"}],"version-history":[{"count":0,"href":"https:\/\/www.indieofilo.com\/en\/wp-json\/wp\/v2\/posts\/4954\/revisions"}],"wp:featuredmedia":[{"embeddable":true,"href":"https:\/\/www.indieofilo.com\/en\/wp-json\/wp\/v2\/media\/19370"}],"wp:attachment":[{"href":"https:\/\/www.indieofilo.com\/en\/wp-json\/wp\/v2\/media?parent=4954"}],"wp:term":[{"taxonomy":"category","embeddable":true,"href":"https:\/\/www.indieofilo.com\/en\/wp-json\/wp\/v2\/categories?post=4954"},{"taxonomy":"post_tag","embeddable":true,"href":"https:\/\/www.indieofilo.com\/en\/wp-json\/wp\/v2\/tags?post=4954"}],"curies":[{"name":"wp","href":"https:\/\/api.w.org\/{rel}","templated":true}]}}