{"id":495,"date":"2014-08-20T17:22:25","date_gmt":"2014-08-20T15:22:25","guid":{"rendered":"http:\/\/testing.indieofilo.com\/?p=495"},"modified":"2023-09-22T00:35:30","modified_gmt":"2023-09-21T22:35:30","slug":"le-guess-who-2014-annonces-a-3-day-program-curated-by-swans-michael-gira","status":"publish","type":"post","link":"https:\/\/www.indieofilo.com\/en\/news\/live-shows\/le-guess-who-2014-annonces-a-3-day-program-curated-by-swans-michael-gira","title":{"rendered":"Le Guess Who? 2014 announces a 3-day program curated by Swans Michael Gira"},"content":{"rendered":"<p style=\"text-align: center;\"><a title=\"\" href=\"\/wp-content\/uploads\/2015\/01\/leguesswhomichaelcera.jpg\" target=\"\" rel=\"noopener\"><img fetchpriority=\"high\" decoding=\"async\" class=\"aligncenter size-full wp-image-496\" title=\"\" src=\"http:\/\/indieofilo.com\/wp-content\/uploads\/2015\/01\/leguesswhomichaelcera.jpg\" alt=\"leguesswhomichaelcera\" width=\"448\" height=\"640\" srcset=\"https:\/\/www.indieofilo.com\/wp-content\/uploads\/2015\/01\/leguesswhomichaelcera.jpg 448w, https:\/\/www.indieofilo.com\/wp-content\/uploads\/2015\/01\/leguesswhomichaelcera-210x300.jpg 210w\" sizes=\"(max-width: 448px) 100vw, 448px\" \/><\/a><\/p>\n<p style=\"text-align: justify;\"><strong style=\"text-align: justify;\">Le Guess Who? Festival 2014<\/strong>, who will be hold from <span style=\"text-align: justify;\">20th and 23th of November at various locations in the city of Utrecht,<\/span>\u00a0has informed that\u00a0<em>Swans<\/em>\u2019 leader <strong>Michael Gira<\/strong> will curate a 3-day program which includes <strong>Swans, Wire, Ben Frost, Silver Apples<\/strong> and a special performance by <strong>Savages together with Bo Ningen<\/strong>. They also announcing the world premiere of 24-Hour <strong>Dronefest<\/strong>, including <strong>William Basinski, Sunn O)))\u2019s Stephen O\u2019Malley, Tim Hecker, Steve Hauschildt<\/strong> and <strong>Raime<\/strong>.<\/p>\n<p style=\"text-align: justify;\">Michael Gira, the main force behind Swans will curate a three-day program for the project <em>Mouth To Mouth<\/em>. This will be the second instalment of Mouth To Mouth, and the first spanning multiple days and venues. The main performance&lt;span&#8221;&gt;\u00a0will be the London based post-punk group Savages, together with Japanese avant-rock band Bo Ningen, entitled \u2018Words To The Blind&#8217;. Inspired by the surrealist, early DADA concept of simultaneous poetry, the group experiments with improvisation and noise.\u00a0&lt;\/span&#8221;&gt;<\/p>\n<p style=\"text-align: justify;\">Also, Le Guess Who? will host the world premiere of 24-Hour Drone Fest, a project\u00a0initiated together with New York\u2019s Basilica Hudson that\u00a0will cover the entire spectrum of drone during 24 non-stop hours of live performances and installations. First acts confirmed for this project are avant-gardistic producer\/composer William Basinski (amongst others known for his four-part The Disintegration Loops), guitarist\/producer\/composer Stephen O\u2019Malley (Sunn O)))), Tim Hecker, London-based duo Raime, and Steve Hauschildt (formerly of Emeralds).<\/p>\n<p style=\"text-align: justify;\">Four-day early bird passe-partouts for Le Guess Who? 2014 are available now until September 1st\u00a0for just \u20ac90, changing later the prize to \u20ac100. Buy it at <a href=\"http:\/\/leguesswho.nl\">leguesswho.nl<\/a>!<\/p>\n","protected":false},"excerpt":{"rendered":"<p>Le Guess Who? Festival 2014, who will be hold from 20th and 23th of November at various locations in the city of Utrecht,\u00a0has informed that\u00a0Swans\u2019 leader Michael Gira will curate a 3-day program which includes Swans, Wire, Ben Frost, Silver Apples and a special performance by Savages together with Bo Ningen. They also announcing the [&hellip;]<\/p>\n","protected":false},"author":1,"featured_media":496,"comment_status":"open","ping_status":"closed","sticky":false,"template":"","format":"standard","meta":{"footnotes":""},"categories":[41,8],"tags":[6317,6303,6603,5652,6581],"class_list":["post-495","post","type-post","status-publish","format-standard","has-post-thumbnail","hentry","category-live-shows","category-news","tag-bo-ningen-en","tag-le-guess-who-en","tag-le-guess-who-november-2014-en","tag-savages-en","tag-wire-en"],"yoast_head":"<!-- This site is optimized with the Yoast SEO Premium plugin v23.9 (Yoast SEO v26.6) - https:\/\/yoast.com\/wordpress\/plugins\/seo\/ -->\n<title>Michael Gira curates a 3-day program at Le Guess Who? 2014<\/title>\n<meta name=\"description\" content=\"Swans, Wire, Ben Frost, Silver Apples, Savages together with Bo Ningen or 24-Hour Dronefest, confirmed for Le Guess Who? 2014.\" \/>\n<meta name=\"robots\" content=\"index, follow, max-snippet:-1, max-image-preview:large, max-video-preview:-1\" \/>\n<link rel=\"canonical\" href=\"https:\/\/www.indieofilo.com\/en\/news\/le-guess-who-2014-annonces-a-3-day-program-curated-by-swans-michael-gira\" \/>\n<meta property=\"og:locale\" content=\"en_US\" \/>\n<meta property=\"og:type\" content=\"article\" \/>\n<meta property=\"og:title\" content=\"Le Guess Who? 2014 announces a 3-day program curated by Swans Michael Gira\" \/>\n<meta property=\"og:description\" content=\"Swans, Wire, Ben Frost, Silver Apples, Savages together with Bo Ningen or 24-Hour Dronefest, confirmed for Le Guess Who? 2014.\" \/>\n<meta property=\"og:url\" content=\"https:\/\/www.indieofilo.com\/en\/news\/le-guess-who-2014-annonces-a-3-day-program-curated-by-swans-michael-gira\" \/>\n<meta property=\"og:site_name\" content=\"Indie\u00f3filo\" \/>\n<meta property=\"article:publisher\" content=\"https:\/\/www.facebook.com\/Indieofilo\/\" \/>\n<meta property=\"article:published_time\" content=\"2014-08-20T15:22:25+00:00\" \/>\n<meta property=\"article:modified_time\" content=\"2023-09-21T22:35:30+00:00\" \/>\n<meta property=\"og:image\" content=\"https:\/\/www.indieofilo.com\/wp-content\/uploads\/2015\/01\/leguesswhomichaelcera.jpg\" \/>\n\t<meta property=\"og:image:width\" content=\"448\" \/>\n\t<meta property=\"og:image:height\" content=\"640\" \/>\n\t<meta property=\"og:image:type\" content=\"image\/jpeg\" \/>\n<meta name=\"author\" content=\"Victor\" \/>\n<meta name=\"twitter:card\" content=\"summary_large_image\" \/>\n<meta name=\"twitter:creator\" content=\"@indieofilo\" \/>\n<meta name=\"twitter:site\" content=\"@indieofilo\" \/>\n<meta name=\"twitter:label1\" content=\"Written by\" \/>\n\t<meta name=\"twitter:data1\" content=\"Victor\" \/>\n\t<meta name=\"twitter:label2\" content=\"Est. reading time\" \/>\n\t<meta name=\"twitter:data2\" content=\"2 minutes\" \/>\n<script type=\"application\/ld+json\" class=\"yoast-schema-graph\">{\"@context\":\"https:\/\/schema.org\",\"@graph\":[{\"@type\":\"Article\",\"@id\":\"https:\/\/www.indieofilo.com\/en\/news\/le-guess-who-2014-annonces-a-3-day-program-curated-by-swans-michael-gira#article\",\"isPartOf\":{\"@id\":\"https:\/\/www.indieofilo.com\/en\/news\/le-guess-who-2014-annonces-a-3-day-program-curated-by-swans-michael-gira\"},\"author\":{\"name\":\"Victor\",\"@id\":\"https:\/\/www.indieofilo.com\/#\/schema\/person\/595334d38590e4ce5a09f83cbf2fca90\"},\"headline\":\"Le Guess Who? 2014 announces a 3-day program curated by Swans Michael Gira\",\"datePublished\":\"2014-08-20T15:22:25+00:00\",\"dateModified\":\"2023-09-21T22:35:30+00:00\",\"mainEntityOfPage\":{\"@id\":\"https:\/\/www.indieofilo.com\/en\/news\/le-guess-who-2014-annonces-a-3-day-program-curated-by-swans-michael-gira\"},\"wordCount\":275,\"commentCount\":0,\"publisher\":{\"@id\":\"https:\/\/www.indieofilo.com\/#organization\"},\"image\":{\"@id\":\"https:\/\/www.indieofilo.com\/en\/news\/le-guess-who-2014-annonces-a-3-day-program-curated-by-swans-michael-gira#primaryimage\"},\"thumbnailUrl\":\"https:\/\/www.indieofilo.com\/wp-content\/uploads\/2015\/01\/leguesswhomichaelcera.jpg\",\"keywords\":[\"Bo Ningen\",\"Le Guess Who\",\"Le Guess Who November 2014\",\"Savages\",\"Wire\"],\"articleSection\":[\"Live Shows\",\"News\"],\"inLanguage\":\"en-US\",\"potentialAction\":[{\"@type\":\"CommentAction\",\"name\":\"Comment\",\"target\":[\"https:\/\/www.indieofilo.com\/en\/news\/le-guess-who-2014-annonces-a-3-day-program-curated-by-swans-michael-gira#respond\"]}]},{\"@type\":\"WebPage\",\"@id\":\"https:\/\/www.indieofilo.com\/en\/news\/le-guess-who-2014-annonces-a-3-day-program-curated-by-swans-michael-gira\",\"url\":\"https:\/\/www.indieofilo.com\/en\/news\/le-guess-who-2014-annonces-a-3-day-program-curated-by-swans-michael-gira\",\"name\":\"Michael Gira curates a 3-day program at Le Guess Who? 2014\",\"isPartOf\":{\"@id\":\"https:\/\/www.indieofilo.com\/#website\"},\"primaryImageOfPage\":{\"@id\":\"https:\/\/www.indieofilo.com\/en\/news\/le-guess-who-2014-annonces-a-3-day-program-curated-by-swans-michael-gira#primaryimage\"},\"image\":{\"@id\":\"https:\/\/www.indieofilo.com\/en\/news\/le-guess-who-2014-annonces-a-3-day-program-curated-by-swans-michael-gira#primaryimage\"},\"thumbnailUrl\":\"https:\/\/www.indieofilo.com\/wp-content\/uploads\/2015\/01\/leguesswhomichaelcera.jpg\",\"datePublished\":\"2014-08-20T15:22:25+00:00\",\"dateModified\":\"2023-09-21T22:35:30+00:00\",\"description\":\"Swans, Wire, Ben Frost, Silver Apples, Savages together with Bo Ningen or 24-Hour Dronefest, confirmed for Le Guess Who? 2014.\",\"breadcrumb\":{\"@id\":\"https:\/\/www.indieofilo.com\/en\/news\/le-guess-who-2014-annonces-a-3-day-program-curated-by-swans-michael-gira#breadcrumb\"},\"inLanguage\":\"en-US\",\"potentialAction\":[{\"@type\":\"ReadAction\",\"target\":[\"https:\/\/www.indieofilo.com\/en\/news\/le-guess-who-2014-annonces-a-3-day-program-curated-by-swans-michael-gira\"]}]},{\"@type\":\"ImageObject\",\"inLanguage\":\"en-US\",\"@id\":\"https:\/\/www.indieofilo.com\/en\/news\/le-guess-who-2014-annonces-a-3-day-program-curated-by-swans-michael-gira#primaryimage\",\"url\":\"https:\/\/www.indieofilo.com\/wp-content\/uploads\/2015\/01\/leguesswhomichaelcera.jpg\",\"contentUrl\":\"https:\/\/www.indieofilo.com\/wp-content\/uploads\/2015\/01\/leguesswhomichaelcera.jpg\",\"width\":448,\"height\":640},{\"@type\":\"BreadcrumbList\",\"@id\":\"https:\/\/www.indieofilo.com\/en\/news\/le-guess-who-2014-annonces-a-3-day-program-curated-by-swans-michael-gira#breadcrumb\",\"itemListElement\":[{\"@type\":\"ListItem\",\"position\":1,\"name\":\"Portada\",\"item\":\"https:\/\/www.indieofilo.com\/en\"},{\"@type\":\"ListItem\",\"position\":2,\"name\":\"Le Guess Who? 2014 announces a 3-day program curated by Swans Michael Gira\"}]},{\"@type\":\"WebSite\",\"@id\":\"https:\/\/www.indieofilo.com\/#website\",\"url\":\"https:\/\/www.indieofilo.com\/\",\"name\":\"Indie\u00f3filo\",\"description\":\"Magazine online de la cultura independiente\",\"publisher\":{\"@id\":\"https:\/\/www.indieofilo.com\/#organization\"},\"potentialAction\":[{\"@type\":\"SearchAction\",\"target\":{\"@type\":\"EntryPoint\",\"urlTemplate\":\"https:\/\/www.indieofilo.com\/?s={search_term_string}\"},\"query-input\":{\"@type\":\"PropertyValueSpecification\",\"valueRequired\":true,\"valueName\":\"search_term_string\"}}],\"inLanguage\":\"en-US\"},{\"@type\":\"Organization\",\"@id\":\"https:\/\/www.indieofilo.com\/#organization\",\"name\":\"Indie\u00f3filo Web\",\"url\":\"https:\/\/www.indieofilo.com\/\",\"logo\":{\"@type\":\"ImageObject\",\"inLanguage\":\"en-US\",\"@id\":\"https:\/\/www.indieofilo.com\/#\/schema\/logo\/image\/\",\"url\":\"https:\/\/www.indieofilo.com\/wp-content\/uploads\/2015\/02\/logo-alta-resolucion.png\",\"contentUrl\":\"https:\/\/www.indieofilo.com\/wp-content\/uploads\/2015\/02\/logo-alta-resolucion.png\",\"width\":544,\"height\":185,\"caption\":\"Indie\u00f3filo Web\"},\"image\":{\"@id\":\"https:\/\/www.indieofilo.com\/#\/schema\/logo\/image\/\"},\"sameAs\":[\"https:\/\/www.facebook.com\/Indieofilo\/\",\"https:\/\/x.com\/indieofilo\",\"https:\/\/www.instagram.com\/indieofilo\/\"]},{\"@type\":\"Person\",\"@id\":\"https:\/\/www.indieofilo.com\/#\/schema\/person\/595334d38590e4ce5a09f83cbf2fca90\",\"name\":\"Victor\",\"image\":{\"@type\":\"ImageObject\",\"inLanguage\":\"en-US\",\"@id\":\"https:\/\/www.indieofilo.com\/#\/schema\/person\/image\/\",\"url\":\"https:\/\/secure.gravatar.com\/avatar\/682b8c6ea3e94b6cffec683b25f1797d?s=96&d=mm&r=g\",\"contentUrl\":\"https:\/\/secure.gravatar.com\/avatar\/682b8c6ea3e94b6cffec683b25f1797d?s=96&d=mm&r=g\",\"caption\":\"Victor\"},\"description\":\"Fan\u00e1tico de la m\u00fasica desde que mis padres me pon\u00edan a Eydie Gorme y Los Panchos o el Discotuna por la A2. Intent\u00e9 tocar varios instrumentos, pero soy muy torpe con la mano izquierda, as\u00ed que ya sab\u00e9is el resultado final. Fan del britpop, Post-punk, el rugby y el baloncesto...\",\"sameAs\":[\"http:\/\/indieofilo.com\"],\"url\":\"https:\/\/www.indieofilo.com\/en\/author\/victor\"}]}<\/script>\n<!-- \/ Yoast SEO Premium plugin. -->","yoast_head_json":{"title":"Michael Gira curates a 3-day program at Le Guess Who? 2014","description":"Swans, Wire, Ben Frost, Silver Apples, Savages together with Bo Ningen or 24-Hour Dronefest, confirmed for Le Guess Who? 2014.","robots":{"index":"index","follow":"follow","max-snippet":"max-snippet:-1","max-image-preview":"max-image-preview:large","max-video-preview":"max-video-preview:-1"},"canonical":"https:\/\/www.indieofilo.com\/en\/news\/le-guess-who-2014-annonces-a-3-day-program-curated-by-swans-michael-gira","og_locale":"en_US","og_type":"article","og_title":"Le Guess Who? 2014 announces a 3-day program curated by Swans Michael Gira","og_description":"Swans, Wire, Ben Frost, Silver Apples, Savages together with Bo Ningen or 24-Hour Dronefest, confirmed for Le Guess Who? 2014.","og_url":"https:\/\/www.indieofilo.com\/en\/news\/le-guess-who-2014-annonces-a-3-day-program-curated-by-swans-michael-gira","og_site_name":"Indie\u00f3filo","article_publisher":"https:\/\/www.facebook.com\/Indieofilo\/","article_published_time":"2014-08-20T15:22:25+00:00","article_modified_time":"2023-09-21T22:35:30+00:00","og_image":[{"width":448,"height":640,"url":"https:\/\/www.indieofilo.com\/wp-content\/uploads\/2015\/01\/leguesswhomichaelcera.jpg","type":"image\/jpeg"}],"author":"Victor","twitter_card":"summary_large_image","twitter_creator":"@indieofilo","twitter_site":"@indieofilo","twitter_misc":{"Written by":"Victor","Est. reading time":"2 minutes"},"schema":{"@context":"https:\/\/schema.org","@graph":[{"@type":"Article","@id":"https:\/\/www.indieofilo.com\/en\/news\/le-guess-who-2014-annonces-a-3-day-program-curated-by-swans-michael-gira#article","isPartOf":{"@id":"https:\/\/www.indieofilo.com\/en\/news\/le-guess-who-2014-annonces-a-3-day-program-curated-by-swans-michael-gira"},"author":{"name":"Victor","@id":"https:\/\/www.indieofilo.com\/#\/schema\/person\/595334d38590e4ce5a09f83cbf2fca90"},"headline":"Le Guess Who? 2014 announces a 3-day program curated by Swans Michael Gira","datePublished":"2014-08-20T15:22:25+00:00","dateModified":"2023-09-21T22:35:30+00:00","mainEntityOfPage":{"@id":"https:\/\/www.indieofilo.com\/en\/news\/le-guess-who-2014-annonces-a-3-day-program-curated-by-swans-michael-gira"},"wordCount":275,"commentCount":0,"publisher":{"@id":"https:\/\/www.indieofilo.com\/#organization"},"image":{"@id":"https:\/\/www.indieofilo.com\/en\/news\/le-guess-who-2014-annonces-a-3-day-program-curated-by-swans-michael-gira#primaryimage"},"thumbnailUrl":"https:\/\/www.indieofilo.com\/wp-content\/uploads\/2015\/01\/leguesswhomichaelcera.jpg","keywords":["Bo Ningen","Le Guess Who","Le Guess Who November 2014","Savages","Wire"],"articleSection":["Live Shows","News"],"inLanguage":"en-US","potentialAction":[{"@type":"CommentAction","name":"Comment","target":["https:\/\/www.indieofilo.com\/en\/news\/le-guess-who-2014-annonces-a-3-day-program-curated-by-swans-michael-gira#respond"]}]},{"@type":"WebPage","@id":"https:\/\/www.indieofilo.com\/en\/news\/le-guess-who-2014-annonces-a-3-day-program-curated-by-swans-michael-gira","url":"https:\/\/www.indieofilo.com\/en\/news\/le-guess-who-2014-annonces-a-3-day-program-curated-by-swans-michael-gira","name":"Michael Gira curates a 3-day program at Le Guess Who? 2014","isPartOf":{"@id":"https:\/\/www.indieofilo.com\/#website"},"primaryImageOfPage":{"@id":"https:\/\/www.indieofilo.com\/en\/news\/le-guess-who-2014-annonces-a-3-day-program-curated-by-swans-michael-gira#primaryimage"},"image":{"@id":"https:\/\/www.indieofilo.com\/en\/news\/le-guess-who-2014-annonces-a-3-day-program-curated-by-swans-michael-gira#primaryimage"},"thumbnailUrl":"https:\/\/www.indieofilo.com\/wp-content\/uploads\/2015\/01\/leguesswhomichaelcera.jpg","datePublished":"2014-08-20T15:22:25+00:00","dateModified":"2023-09-21T22:35:30+00:00","description":"Swans, Wire, Ben Frost, Silver Apples, Savages together with Bo Ningen or 24-Hour Dronefest, confirmed for Le Guess Who? 2014.","breadcrumb":{"@id":"https:\/\/www.indieofilo.com\/en\/news\/le-guess-who-2014-annonces-a-3-day-program-curated-by-swans-michael-gira#breadcrumb"},"inLanguage":"en-US","potentialAction":[{"@type":"ReadAction","target":["https:\/\/www.indieofilo.com\/en\/news\/le-guess-who-2014-annonces-a-3-day-program-curated-by-swans-michael-gira"]}]},{"@type":"ImageObject","inLanguage":"en-US","@id":"https:\/\/www.indieofilo.com\/en\/news\/le-guess-who-2014-annonces-a-3-day-program-curated-by-swans-michael-gira#primaryimage","url":"https:\/\/www.indieofilo.com\/wp-content\/uploads\/2015\/01\/leguesswhomichaelcera.jpg","contentUrl":"https:\/\/www.indieofilo.com\/wp-content\/uploads\/2015\/01\/leguesswhomichaelcera.jpg","width":448,"height":640},{"@type":"BreadcrumbList","@id":"https:\/\/www.indieofilo.com\/en\/news\/le-guess-who-2014-annonces-a-3-day-program-curated-by-swans-michael-gira#breadcrumb","itemListElement":[{"@type":"ListItem","position":1,"name":"Portada","item":"https:\/\/www.indieofilo.com\/en"},{"@type":"ListItem","position":2,"name":"Le Guess Who? 2014 announces a 3-day program curated by Swans Michael Gira"}]},{"@type":"WebSite","@id":"https:\/\/www.indieofilo.com\/#website","url":"https:\/\/www.indieofilo.com\/","name":"Indie\u00f3filo","description":"Magazine online de la cultura independiente","publisher":{"@id":"https:\/\/www.indieofilo.com\/#organization"},"potentialAction":[{"@type":"SearchAction","target":{"@type":"EntryPoint","urlTemplate":"https:\/\/www.indieofilo.com\/?s={search_term_string}"},"query-input":{"@type":"PropertyValueSpecification","valueRequired":true,"valueName":"search_term_string"}}],"inLanguage":"en-US"},{"@type":"Organization","@id":"https:\/\/www.indieofilo.com\/#organization","name":"Indie\u00f3filo Web","url":"https:\/\/www.indieofilo.com\/","logo":{"@type":"ImageObject","inLanguage":"en-US","@id":"https:\/\/www.indieofilo.com\/#\/schema\/logo\/image\/","url":"https:\/\/www.indieofilo.com\/wp-content\/uploads\/2015\/02\/logo-alta-resolucion.png","contentUrl":"https:\/\/www.indieofilo.com\/wp-content\/uploads\/2015\/02\/logo-alta-resolucion.png","width":544,"height":185,"caption":"Indie\u00f3filo Web"},"image":{"@id":"https:\/\/www.indieofilo.com\/#\/schema\/logo\/image\/"},"sameAs":["https:\/\/www.facebook.com\/Indieofilo\/","https:\/\/x.com\/indieofilo","https:\/\/www.instagram.com\/indieofilo\/"]},{"@type":"Person","@id":"https:\/\/www.indieofilo.com\/#\/schema\/person\/595334d38590e4ce5a09f83cbf2fca90","name":"Victor","image":{"@type":"ImageObject","inLanguage":"en-US","@id":"https:\/\/www.indieofilo.com\/#\/schema\/person\/image\/","url":"https:\/\/secure.gravatar.com\/avatar\/682b8c6ea3e94b6cffec683b25f1797d?s=96&d=mm&r=g","contentUrl":"https:\/\/secure.gravatar.com\/avatar\/682b8c6ea3e94b6cffec683b25f1797d?s=96&d=mm&r=g","caption":"Victor"},"description":"Fan\u00e1tico de la m\u00fasica desde que mis padres me pon\u00edan a Eydie Gorme y Los Panchos o el Discotuna por la A2. Intent\u00e9 tocar varios instrumentos, pero soy muy torpe con la mano izquierda, as\u00ed que ya sab\u00e9is el resultado final. Fan del britpop, Post-punk, el rugby y el baloncesto...","sameAs":["http:\/\/indieofilo.com"],"url":"https:\/\/www.indieofilo.com\/en\/author\/victor"}]}},"_links":{"self":[{"href":"https:\/\/www.indieofilo.com\/en\/wp-json\/wp\/v2\/posts\/495","targetHints":{"allow":["GET"]}}],"collection":[{"href":"https:\/\/www.indieofilo.com\/en\/wp-json\/wp\/v2\/posts"}],"about":[{"href":"https:\/\/www.indieofilo.com\/en\/wp-json\/wp\/v2\/types\/post"}],"author":[{"embeddable":true,"href":"https:\/\/www.indieofilo.com\/en\/wp-json\/wp\/v2\/users\/1"}],"replies":[{"embeddable":true,"href":"https:\/\/www.indieofilo.com\/en\/wp-json\/wp\/v2\/comments?post=495"}],"version-history":[{"count":0,"href":"https:\/\/www.indieofilo.com\/en\/wp-json\/wp\/v2\/posts\/495\/revisions"}],"wp:featuredmedia":[{"embeddable":true,"href":"https:\/\/www.indieofilo.com\/en\/wp-json\/wp\/v2\/media\/496"}],"wp:attachment":[{"href":"https:\/\/www.indieofilo.com\/en\/wp-json\/wp\/v2\/media?parent=495"}],"wp:term":[{"taxonomy":"category","embeddable":true,"href":"https:\/\/www.indieofilo.com\/en\/wp-json\/wp\/v2\/categories?post=495"},{"taxonomy":"post_tag","embeddable":true,"href":"https:\/\/www.indieofilo.com\/en\/wp-json\/wp\/v2\/tags?post=495"}],"curies":[{"name":"wp","href":"https:\/\/api.w.org\/{rel}","templated":true}]}}