{"id":49107,"date":"2025-07-07T13:27:30","date_gmt":"2025-07-07T11:27:30","guid":{"rendered":"https:\/\/www.indieofilo.com\/news\/music\/imagine-dragons-1-july-2025-estadi-olimpic-barcelona"},"modified":"2025-07-07T22:36:49","modified_gmt":"2025-07-07T20:36:49","slug":"imagine-dragons-1-july-2025-estadi-olimpic-barcelona","status":"publish","type":"post","link":"https:\/\/www.indieofilo.com\/en\/gig-reviews\/rooms\/imagine-dragons-1-july-2025-estadi-olimpic-barcelona","title":{"rendered":"Imagine Dragons &#8211; 1 July 2025 (Estadi Ol\u00edmpic \u2013 Barcelona)"},"content":{"rendered":"<p style=\"text-align: justify;\">As a journalist, <strong>it can sometimes be difficult to understand how some bands quickly go from filling medium-sized venues to headlining huge festivals, or becoming what used to be called a &#8216;sell-out&#8217; band<\/strong>. This was the case with American band <strong>Imagine Dragons<\/strong>. Despite many of the songs in their setlist being considered hits, <a href=\"https:\/\/www.indieofilo.com\/en\/gig-reviews\/imagine-dragons-april-6-2018-palau-sant-jordi-barcelona\">they failed to fill the Palau Sant Jordi during their last visit to Barcelona in 2018<\/a>. <\/p>\n<p style=\"text-align: justify;\"><img fetchpriority=\"high\" decoding=\"async\" class=\"aligncenter wp-image-11431 size-full\" title=\"Imagine Dragons\" src=\"http:\/\/indieofilo.com\/wp-content\/uploads\/2018\/04\/Imagine_Dragons_Barcelona_20183.jpg\" alt=\"Imagine Dragons\" width=\"800\" height=\"533\" srcset=\"https:\/\/www.indieofilo.com\/wp-content\/uploads\/2018\/04\/Imagine_Dragons_Barcelona_20183.jpg 800w, https:\/\/www.indieofilo.com\/wp-content\/uploads\/2018\/04\/Imagine_Dragons_Barcelona_20183-300x200.jpg 300w, https:\/\/www.indieofilo.com\/wp-content\/uploads\/2018\/04\/Imagine_Dragons_Barcelona_20183-768x512.jpg 768w\" sizes=\"(max-width: 800px) 100vw, 800px\" \/><\/p>\n<p style=\"text-align: center;\"><span style=\"font-size: 10px;\"><b>Dan Reynolds<\/b> of <b>Imagine Dragons, <\/b>Palau Sant Jordi 06\/04\/2018 &#8211; Photo taken by <strong>Esther Vicente Garcia<\/strong> for <strong>Indieofilo<sup>\u00a9<\/sup><\/strong><\/span><\/p>\n<p style=\"text-align: justify;\">The hot afternoon at Barcelona&#8217;s Magic Mountain at the beginning of July kicked off with an exceptional opening act: the British <strong>Declan McKenna<\/strong>. We have seen the Londoner grow in his performances at the FIB (in 2017 and 2022), and <strong>he offered a pop concert that built in intensity<\/strong>, perhaps also influenced by the small audience at the start of his performance at the Estadi Ol\u00edmpic Llu\u00eds Companys. The first few songs, which were mainly from their latest album <em>What Happened to the Beach?<\/em> (2024), lacked strength in terms of both the guitar sound and the general volume. The only exception was the lively &#8216;<em>Nothing Works<\/em>&#8216;. However, after his rendition of <strong>David Bowie<\/strong>&#8216;s &#8216;<em>Heroes<\/em>&#8216;, <strong>the concert took a radical turn with a finale<\/strong> that saw him perform &#8216;<em>Champagne<\/em>&#8216;, his big hit &#8216;<em>Brazil<\/em>&#8216; and &#8216;<em>British Bombs<\/em>&#8216;, shirtless and doing somersaults on stage.. <strong>It was a good ending for an artist whose performance we are already looking forward to seeing again in a Barcelona venue<\/strong>.   <\/p>\n<p style=\"text-align: justify;\"><img decoding=\"async\" class=\"aligncenter size-full wp-image-10312\" src=\"http:\/\/www.indieofilo.com\/wp-content\/uploads\/2017\/07\/FIB_2017-Declan_McKenna2.jpg\" alt=\"FIB 2017 - Declan McKenna\" width=\"800\" height=\"533\" srcset=\"https:\/\/www.indieofilo.com\/wp-content\/uploads\/2017\/07\/FIB_2017-Declan_McKenna2.jpg 800w, https:\/\/www.indieofilo.com\/wp-content\/uploads\/2017\/07\/FIB_2017-Declan_McKenna2-300x200.jpg 300w, https:\/\/www.indieofilo.com\/wp-content\/uploads\/2017\/07\/FIB_2017-Declan_McKenna2-768x512.jpg 768w\" sizes=\"(max-width: 800px) 100vw, 800px\" \/><\/p>\n<p style=\"text-align: center;\"><span style=\"font-size: 10px;\"><b>Declan McKenna<\/b>, FIB 2017 &#8211; Photo taken by <strong>V\u00edctor Ramos<\/strong> for <strong>Indieofilo<sup>\u00a9<\/sup><\/strong><\/span><\/p>\n<p style=\"text-align: justify;\">As the sun set behind one of the grandstands and a spectacular set of lights and screens was revealed, Dan Reynolds and his band took to the stage to the sound of &#8216;<em>Fire in These Hills<\/em>&#8216;. It took less than 15 seconds for the audience to surrender to the singer&#8217;s feet after he said &#8216;Barcelona&#8217;, <strong>despite the thunderous volume and excessive reverb in his voice<\/strong>. Amidst fireworks, giant beach balls and various other pyrotechnics, the first few songs of the concert were a whirlwind of rhythm. The audience chanted along to some of their biggest hits, including \u201c<em>Thunder<\/em>\u201d, \u201c<em>Bones<\/em>\u201d and \u201c<em>Shots<\/em>\u201d. <\/p>\n<p style=\"text-align: justify;\"><img decoding=\"async\" class=\"aligncenter size-full wp-image-11437\" src=\"http:\/\/www.indieofilo.com\/wp-content\/uploads\/2018\/04\/Imagine_Dragons_Barcelona_20189.jpg\" alt=\"Imagine Dragons Dan Reynolds Barcelona 2018\" width=\"800\" height=\"533\" srcset=\"https:\/\/www.indieofilo.com\/wp-content\/uploads\/2018\/04\/Imagine_Dragons_Barcelona_20189.jpg 800w, https:\/\/www.indieofilo.com\/wp-content\/uploads\/2018\/04\/Imagine_Dragons_Barcelona_20189-300x200.jpg 300w, https:\/\/www.indieofilo.com\/wp-content\/uploads\/2018\/04\/Imagine_Dragons_Barcelona_20189-768x512.jpg 768w\" sizes=\"(max-width: 800px) 100vw, 800px\" \/><\/p>\n<p style=\"text-align: center;\"><span style=\"font-size: 10px;\"><b>Dan Reynolds<\/b> of <b>Imagine Dragons, <\/b>Palau Sant Jordi 06\/04\/2018 &#8211; Photo taken by <strong>Esther Vicente Garcia<\/strong> for <strong>Indieofilo<sup>\u00a9<\/sup><\/strong><\/span><\/p>\n<p style=\"text-align: justify;\">After &#8216;<em>I&#8217;m So Sorry<\/em>&#8216;, which started off weakly with an unnecessary guitar solo in the middle section \u2014 though it did include riffs from some of the best-known songs in rock history \u2014 and improved to a good ending with a duel between <strong>Ben McKee<\/strong>&#8216;s bass and <strong>Andrew Tolman<\/strong>&#8216;s drums,<strong> came what was probably the best song of the night: a perfect<\/strong> &#8216;<em>Whatever It Takes<\/em>&#8216; <strong>in terms of sound<\/strong>.. Incomprehensibly, given the atmosphere they had created, <strong>the whole band moved to the front of the b-stage to perform two acoustic songs, bringing the concert to a sudden halt after it had reached a remarkable cruising speed<\/strong>. &#8216;<em>Next to Me<\/em>&#8216; featured barely <em>perceptible percussion<\/em>, while the already distant <em>&#8216;I Bet My Life<\/em>&#8216; was reduced to<strong> an adaptation of a Mumford &amp; Sons song,<\/strong> which robbed the original American song of all its power.  <\/p>\n<p style=\"text-align: justify;\"><img loading=\"lazy\" decoding=\"async\" class=\"aligncenter size-full wp-image-11439\" src=\"http:\/\/www.indieofilo.com\/wp-content\/uploads\/2018\/04\/Imagine_Dragons_Barcelona_201811.jpg\" alt=\"Dan Reynolds Imagine Dragons Barcelona 2018\" width=\"800\" height=\"533\" srcset=\"https:\/\/www.indieofilo.com\/wp-content\/uploads\/2018\/04\/Imagine_Dragons_Barcelona_201811.jpg 800w, https:\/\/www.indieofilo.com\/wp-content\/uploads\/2018\/04\/Imagine_Dragons_Barcelona_201811-300x200.jpg 300w, https:\/\/www.indieofilo.com\/wp-content\/uploads\/2018\/04\/Imagine_Dragons_Barcelona_201811-768x512.jpg 768w\" sizes=\"(max-width: 800px) 100vw, 800px\" \/><\/p>\n<p style=\"text-align: center;\"><span style=\"font-size: 10px;\"><b>Dan Reynolds<\/b> of <b>Imagine Dragons, <\/b>Palau Sant Jordi 06\/04\/2018 &#8211; Photo taken by <strong>Esther Vicente Garcia<\/strong> for <strong>Indieofilo<sup>\u00a9<\/sup><\/strong><\/span><\/p>\n<p style=\"text-align: justify;\">As the rest of the band returned to their original positions,<strong> Dan Reynolds, amazing in his role as master of ceremonies<\/strong>, recalled his few Spanish lessons by reciting a few verses of &#8216;Guantanamera&#8217;. He wondered if it was a song or a poem and was surprised when the first few people to answer said it was both. <strong>From here, the concert entered its best phase<\/strong>. First came &#8216;<em>Bad Liar<\/em>&#8216;, which showcased Dan&#8217;s vocals. After the unnecessary &#8216;<em>Wake Up<\/em>&#8216;, which went on too long, came the spectacular &#8216;<em>Radioactive<\/em>&#8216;. <strong>The drum rhythms unleashed the madness of a dedicated audience, and even Dan Reynolds dared to play a solo on the second drum kit<\/strong>. With the tailwind &#8216;<em>Demons<\/em>&#8216; and &#8216;<em>Natural<\/em>&#8216; closed, <strong>a first-rate 20 minutes that showed us the best side of the Las Vegas band<\/strong>. <\/p>\n<p style=\"text-align: justify;\"><img loading=\"lazy\" decoding=\"async\" class=\"aligncenter size-full wp-image-11432\" src=\"http:\/\/www.indieofilo.com\/wp-content\/uploads\/2018\/04\/Imagine_Dragons_Barcelona_20184.jpg\" alt=\"Imagine Dragons 2018 Barcelona\" width=\"800\" height=\"533\" srcset=\"https:\/\/www.indieofilo.com\/wp-content\/uploads\/2018\/04\/Imagine_Dragons_Barcelona_20184.jpg 800w, https:\/\/www.indieofilo.com\/wp-content\/uploads\/2018\/04\/Imagine_Dragons_Barcelona_20184-300x200.jpg 300w, https:\/\/www.indieofilo.com\/wp-content\/uploads\/2018\/04\/Imagine_Dragons_Barcelona_20184-768x512.jpg 768w\" sizes=\"(max-width: 800px) 100vw, 800px\" \/><\/p>\n<p style=\"text-align: center;\"><span style=\"font-size: 10px;\"><b>Imagine Dragons, <\/b>Palau Sant Jordi 06\/04\/2018 &#8211; Foto realizada por <strong>Esther Vicente Garcia<\/strong> para <strong>Indieofilo<sup>\u00a9<\/sup><\/strong><\/span><\/p>\n<p style=\"text-align: justify;\">Unfortunately, <strong>the concert then went into a downward spiral, with the rhythm gradually fading away<\/strong>. Following Dan Reynolds&#8217; speech, in which he shared personal experiences and offered messages of self-improvement and freedom of expression, &#8216;<em>Walking the Wire<\/em>&#8216; and &#8216;<em>Sharks<\/em>&#8216; failed to engage the audience, seemingly lacking context at the time of the concert. <strong>Although the track that the band recorded for the Arcane soundtrack<\/strong>, &#8216;<em>Enemy<\/em>&#8216;, <strong>picked up the pace slightly<\/strong> and the band filled in J.I.D.&#8217;s rapped parts perfectly, &#8216;<em>In Your Corner<\/em>&#8216; and &#8216;<em>Birds<\/em>&#8216; fell flat again due to the lack of punch from the drums and guitar.  <\/p>\n<p style=\"text-align: justify;\"><img loading=\"lazy\" decoding=\"async\" class=\"aligncenter size-full wp-image-11434\" src=\"http:\/\/www.indieofilo.com\/wp-content\/uploads\/2018\/04\/Imagine_Dragons_Barcelona_20186.jpg\" alt=\"Dan Reynolds 2018 Barcelona\" width=\"800\" height=\"533\" srcset=\"https:\/\/www.indieofilo.com\/wp-content\/uploads\/2018\/04\/Imagine_Dragons_Barcelona_20186.jpg 800w, https:\/\/www.indieofilo.com\/wp-content\/uploads\/2018\/04\/Imagine_Dragons_Barcelona_20186-300x200.jpg 300w, https:\/\/www.indieofilo.com\/wp-content\/uploads\/2018\/04\/Imagine_Dragons_Barcelona_20186-768x512.jpg 768w\" sizes=\"(max-width: 800px) 100vw, 800px\" \/><\/p>\n<p style=\"text-align: center;\"><span style=\"font-size: 10px;\"><b>Dan Reynolds<\/b> of <b>Imagine Dragons, <\/b>Palau Sant Jordi 06\/04\/2018 &#8211; Photo taken by <strong>Esther Vicente Garcia<\/strong> for <strong>Indieofilo<sup>\u00a9<\/sup><\/strong><\/span><\/p>\n<p style=\"text-align: justify;\"><strong>There was still time for a grand finale, as every stadium concert deserves<\/strong>. This came in the form of a mass singalong to the band&#8217;s biggest hit, &#8216;<em>Believer<\/em>&#8216;, amidst fireworks and confetti. This seemed to slightly erase the sensation of the previous 25 minutes. Without playing any encores, and saying nothing more than &#8216;Thank you, Barcelona&#8217;, the band left the stage, leaving us with even more doubts about the answer to our initial question&#8230;  <strong>What makes them different? From what I&#8217;ve seen in Barcelona, nothing particularly special. Perhaps their secret is their adaptability without stridency. Led by the incredibly empathetic and approachable Dan Reynolds, they perform pop-rock that draws equally from electronic and hip-hop influences, appealing to all audiences  <\/strong>, 2ell, that&#8217;s basically what made them successful. In any case, how have they overtaken their countrymen and friends, The Killers, whose largest crowd at the Palau Ol\u00edmpic de Badalona was 8,000? It&#8217;s difficult to understand.  <\/p>\n","protected":false},"excerpt":{"rendered":"<p>As a journalist, it can sometimes be difficult to understand how some bands quickly go from filling medium-sized venues to headlining huge festivals, or becoming what used to be called a &#8216;sell-out&#8217; band. This was the case with American band Imagine Dragons. Despite many of the songs in their setlist being considered hits, they failed [&hellip;]<\/p>\n","protected":false},"author":1,"featured_media":11431,"comment_status":"open","ping_status":"closed","sticky":false,"template":"","format":"standard","meta":{"footnotes":""},"categories":[6908,7,15],"tags":[4961,5399,5155],"class_list":["post-49107","post","type-post","status-publish","format-standard","has-post-thumbnail","hentry","category-featured","category-gig-reviews","category-rooms","tag-barcelona-en","tag-declan-mckenna-en","tag-imagine-dragons-en"],"yoast_head":"<!-- This site is optimized with the Yoast SEO Premium plugin v23.9 (Yoast SEO v26.6) - https:\/\/yoast.com\/wordpress\/plugins\/seo\/ -->\n<title>Imagine Dragons - 1 July 2025 (Estadi Ol\u00edmpic \u2013 Barcelona) - Indie\u00f3filo<\/title>\n<meta name=\"description\" content=\"Chronicle of Imagine Dragons&#039; concert at the Estadi Olimpic Lluis Companys in Barcelona in 2025.\" \/>\n<meta name=\"robots\" content=\"index, follow, max-snippet:-1, max-image-preview:large, max-video-preview:-1\" \/>\n<link rel=\"canonical\" href=\"https:\/\/www.indieofilo.com\/en\/gig-reviews\/rooms\/imagine-dragons-1-july-2025-estadi-olimpic-barcelona\" \/>\n<meta property=\"og:locale\" content=\"en_US\" \/>\n<meta property=\"og:type\" content=\"article\" \/>\n<meta property=\"og:title\" content=\"Imagine Dragons - 1 July 2025 (Estadi Ol\u00edmpic \u2013 Barcelona)\" \/>\n<meta property=\"og:description\" content=\"Chronicle of Imagine Dragons&#039; concert at the Estadi Olimpic Lluis Companys in Barcelona in 2025.\" \/>\n<meta property=\"og:url\" content=\"https:\/\/www.indieofilo.com\/en\/gig-reviews\/rooms\/imagine-dragons-1-july-2025-estadi-olimpic-barcelona\" \/>\n<meta property=\"og:site_name\" content=\"Indie\u00f3filo\" \/>\n<meta property=\"article:publisher\" content=\"https:\/\/www.facebook.com\/Indieofilo\/\" \/>\n<meta property=\"article:published_time\" content=\"2025-07-07T11:27:30+00:00\" \/>\n<meta property=\"article:modified_time\" content=\"2025-07-07T20:36:49+00:00\" \/>\n<meta property=\"og:image\" content=\"http:\/\/www.indieofilo.com\/wp-content\/uploads\/2018\/04\/Imagine_Dragons_Barcelona_20183.jpg\" \/>\n\t<meta property=\"og:image:width\" content=\"800\" \/>\n\t<meta property=\"og:image:height\" content=\"533\" \/>\n\t<meta property=\"og:image:type\" content=\"image\/jpeg\" \/>\n<meta name=\"author\" content=\"Victor\" \/>\n<meta name=\"twitter:card\" content=\"summary_large_image\" \/>\n<meta name=\"twitter:creator\" content=\"@indieofilo\" \/>\n<meta name=\"twitter:site\" content=\"@indieofilo\" \/>\n<meta name=\"twitter:label1\" content=\"Written by\" \/>\n\t<meta name=\"twitter:data1\" content=\"Victor\" \/>\n\t<meta name=\"twitter:label2\" content=\"Est. reading time\" \/>\n\t<meta name=\"twitter:data2\" content=\"6 minutes\" \/>\n<script type=\"application\/ld+json\" class=\"yoast-schema-graph\">{\"@context\":\"https:\/\/schema.org\",\"@graph\":[{\"@type\":\"Article\",\"@id\":\"https:\/\/www.indieofilo.com\/en\/gig-reviews\/rooms\/imagine-dragons-1-july-2025-estadi-olimpic-barcelona#article\",\"isPartOf\":{\"@id\":\"https:\/\/www.indieofilo.com\/en\/gig-reviews\/rooms\/imagine-dragons-1-july-2025-estadi-olimpic-barcelona\"},\"author\":{\"name\":\"Victor\",\"@id\":\"https:\/\/www.indieofilo.com\/#\/schema\/person\/595334d38590e4ce5a09f83cbf2fca90\"},\"headline\":\"Imagine Dragons &#8211; 1 July 2025 (Estadi Ol\u00edmpic \u2013 Barcelona)\",\"datePublished\":\"2025-07-07T11:27:30+00:00\",\"dateModified\":\"2025-07-07T20:36:49+00:00\",\"mainEntityOfPage\":{\"@id\":\"https:\/\/www.indieofilo.com\/en\/gig-reviews\/rooms\/imagine-dragons-1-july-2025-estadi-olimpic-barcelona\"},\"wordCount\":958,\"commentCount\":0,\"publisher\":{\"@id\":\"https:\/\/www.indieofilo.com\/#organization\"},\"image\":{\"@id\":\"https:\/\/www.indieofilo.com\/en\/gig-reviews\/rooms\/imagine-dragons-1-july-2025-estadi-olimpic-barcelona#primaryimage\"},\"thumbnailUrl\":\"https:\/\/www.indieofilo.com\/wp-content\/uploads\/2018\/04\/Imagine_Dragons_Barcelona_20183.jpg\",\"keywords\":[\"Barcelona\",\"Declan McKenna\",\"Imagine Dragons\"],\"articleSection\":[\"Featured\",\"Gig Reviews\",\"Rooms\"],\"inLanguage\":\"en-US\",\"potentialAction\":[{\"@type\":\"CommentAction\",\"name\":\"Comment\",\"target\":[\"https:\/\/www.indieofilo.com\/en\/gig-reviews\/rooms\/imagine-dragons-1-july-2025-estadi-olimpic-barcelona#respond\"]}]},{\"@type\":\"WebPage\",\"@id\":\"https:\/\/www.indieofilo.com\/en\/gig-reviews\/rooms\/imagine-dragons-1-july-2025-estadi-olimpic-barcelona\",\"url\":\"https:\/\/www.indieofilo.com\/en\/gig-reviews\/rooms\/imagine-dragons-1-july-2025-estadi-olimpic-barcelona\",\"name\":\"Imagine Dragons - 1 July 2025 (Estadi Ol\u00edmpic \u2013 Barcelona) - Indie\u00f3filo\",\"isPartOf\":{\"@id\":\"https:\/\/www.indieofilo.com\/#website\"},\"primaryImageOfPage\":{\"@id\":\"https:\/\/www.indieofilo.com\/en\/gig-reviews\/rooms\/imagine-dragons-1-july-2025-estadi-olimpic-barcelona#primaryimage\"},\"image\":{\"@id\":\"https:\/\/www.indieofilo.com\/en\/gig-reviews\/rooms\/imagine-dragons-1-july-2025-estadi-olimpic-barcelona#primaryimage\"},\"thumbnailUrl\":\"https:\/\/www.indieofilo.com\/wp-content\/uploads\/2018\/04\/Imagine_Dragons_Barcelona_20183.jpg\",\"datePublished\":\"2025-07-07T11:27:30+00:00\",\"dateModified\":\"2025-07-07T20:36:49+00:00\",\"description\":\"Chronicle of Imagine Dragons' concert at the Estadi Olimpic Lluis Companys in Barcelona in 2025.\",\"breadcrumb\":{\"@id\":\"https:\/\/www.indieofilo.com\/en\/gig-reviews\/rooms\/imagine-dragons-1-july-2025-estadi-olimpic-barcelona#breadcrumb\"},\"inLanguage\":\"en-US\",\"potentialAction\":[{\"@type\":\"ReadAction\",\"target\":[\"https:\/\/www.indieofilo.com\/en\/gig-reviews\/rooms\/imagine-dragons-1-july-2025-estadi-olimpic-barcelona\"]}]},{\"@type\":\"ImageObject\",\"inLanguage\":\"en-US\",\"@id\":\"https:\/\/www.indieofilo.com\/en\/gig-reviews\/rooms\/imagine-dragons-1-july-2025-estadi-olimpic-barcelona#primaryimage\",\"url\":\"https:\/\/www.indieofilo.com\/wp-content\/uploads\/2018\/04\/Imagine_Dragons_Barcelona_20183.jpg\",\"contentUrl\":\"https:\/\/www.indieofilo.com\/wp-content\/uploads\/2018\/04\/Imagine_Dragons_Barcelona_20183.jpg\",\"width\":800,\"height\":533,\"caption\":\"Imagine Dragons Barcelona 2018\"},{\"@type\":\"BreadcrumbList\",\"@id\":\"https:\/\/www.indieofilo.com\/en\/gig-reviews\/rooms\/imagine-dragons-1-july-2025-estadi-olimpic-barcelona#breadcrumb\",\"itemListElement\":[{\"@type\":\"ListItem\",\"position\":1,\"name\":\"Portada\",\"item\":\"https:\/\/www.indieofilo.com\/en\"},{\"@type\":\"ListItem\",\"position\":2,\"name\":\"Imagine Dragons &#8211; 1 July 2025 (Estadi Ol\u00edmpic \u2013 Barcelona)\"}]},{\"@type\":\"WebSite\",\"@id\":\"https:\/\/www.indieofilo.com\/#website\",\"url\":\"https:\/\/www.indieofilo.com\/\",\"name\":\"Indie\u00f3filo\",\"description\":\"Magazine online de la cultura independiente\",\"publisher\":{\"@id\":\"https:\/\/www.indieofilo.com\/#organization\"},\"potentialAction\":[{\"@type\":\"SearchAction\",\"target\":{\"@type\":\"EntryPoint\",\"urlTemplate\":\"https:\/\/www.indieofilo.com\/?s={search_term_string}\"},\"query-input\":{\"@type\":\"PropertyValueSpecification\",\"valueRequired\":true,\"valueName\":\"search_term_string\"}}],\"inLanguage\":\"en-US\"},{\"@type\":\"Organization\",\"@id\":\"https:\/\/www.indieofilo.com\/#organization\",\"name\":\"Indie\u00f3filo Web\",\"url\":\"https:\/\/www.indieofilo.com\/\",\"logo\":{\"@type\":\"ImageObject\",\"inLanguage\":\"en-US\",\"@id\":\"https:\/\/www.indieofilo.com\/#\/schema\/logo\/image\/\",\"url\":\"https:\/\/www.indieofilo.com\/wp-content\/uploads\/2015\/02\/logo-alta-resolucion.png\",\"contentUrl\":\"https:\/\/www.indieofilo.com\/wp-content\/uploads\/2015\/02\/logo-alta-resolucion.png\",\"width\":544,\"height\":185,\"caption\":\"Indie\u00f3filo Web\"},\"image\":{\"@id\":\"https:\/\/www.indieofilo.com\/#\/schema\/logo\/image\/\"},\"sameAs\":[\"https:\/\/www.facebook.com\/Indieofilo\/\",\"https:\/\/x.com\/indieofilo\",\"https:\/\/www.instagram.com\/indieofilo\/\"]},{\"@type\":\"Person\",\"@id\":\"https:\/\/www.indieofilo.com\/#\/schema\/person\/595334d38590e4ce5a09f83cbf2fca90\",\"name\":\"Victor\",\"image\":{\"@type\":\"ImageObject\",\"inLanguage\":\"en-US\",\"@id\":\"https:\/\/www.indieofilo.com\/#\/schema\/person\/image\/\",\"url\":\"https:\/\/secure.gravatar.com\/avatar\/682b8c6ea3e94b6cffec683b25f1797d?s=96&d=mm&r=g\",\"contentUrl\":\"https:\/\/secure.gravatar.com\/avatar\/682b8c6ea3e94b6cffec683b25f1797d?s=96&d=mm&r=g\",\"caption\":\"Victor\"},\"description\":\"Fan\u00e1tico de la m\u00fasica desde que mis padres me pon\u00edan a Eydie Gorme y Los Panchos o el Discotuna por la A2. Intent\u00e9 tocar varios instrumentos, pero soy muy torpe con la mano izquierda, as\u00ed que ya sab\u00e9is el resultado final. Fan del britpop, Post-punk, el rugby y el baloncesto...\",\"sameAs\":[\"http:\/\/indieofilo.com\"],\"url\":\"https:\/\/www.indieofilo.com\/en\/author\/victor\"}]}<\/script>\n<!-- \/ Yoast SEO Premium plugin. -->","yoast_head_json":{"title":"Imagine Dragons - 1 July 2025 (Estadi Ol\u00edmpic \u2013 Barcelona) - Indie\u00f3filo","description":"Chronicle of Imagine Dragons' concert at the Estadi Olimpic Lluis Companys in Barcelona in 2025.","robots":{"index":"index","follow":"follow","max-snippet":"max-snippet:-1","max-image-preview":"max-image-preview:large","max-video-preview":"max-video-preview:-1"},"canonical":"https:\/\/www.indieofilo.com\/en\/gig-reviews\/rooms\/imagine-dragons-1-july-2025-estadi-olimpic-barcelona","og_locale":"en_US","og_type":"article","og_title":"Imagine Dragons - 1 July 2025 (Estadi Ol\u00edmpic \u2013 Barcelona)","og_description":"Chronicle of Imagine Dragons' concert at the Estadi Olimpic Lluis Companys in Barcelona in 2025.","og_url":"https:\/\/www.indieofilo.com\/en\/gig-reviews\/rooms\/imagine-dragons-1-july-2025-estadi-olimpic-barcelona","og_site_name":"Indie\u00f3filo","article_publisher":"https:\/\/www.facebook.com\/Indieofilo\/","article_published_time":"2025-07-07T11:27:30+00:00","article_modified_time":"2025-07-07T20:36:49+00:00","og_image":[{"width":800,"height":533,"url":"http:\/\/www.indieofilo.com\/wp-content\/uploads\/2018\/04\/Imagine_Dragons_Barcelona_20183.jpg","type":"image\/jpeg"}],"author":"Victor","twitter_card":"summary_large_image","twitter_creator":"@indieofilo","twitter_site":"@indieofilo","twitter_misc":{"Written by":"Victor","Est. reading time":"6 minutes"},"schema":{"@context":"https:\/\/schema.org","@graph":[{"@type":"Article","@id":"https:\/\/www.indieofilo.com\/en\/gig-reviews\/rooms\/imagine-dragons-1-july-2025-estadi-olimpic-barcelona#article","isPartOf":{"@id":"https:\/\/www.indieofilo.com\/en\/gig-reviews\/rooms\/imagine-dragons-1-july-2025-estadi-olimpic-barcelona"},"author":{"name":"Victor","@id":"https:\/\/www.indieofilo.com\/#\/schema\/person\/595334d38590e4ce5a09f83cbf2fca90"},"headline":"Imagine Dragons &#8211; 1 July 2025 (Estadi Ol\u00edmpic \u2013 Barcelona)","datePublished":"2025-07-07T11:27:30+00:00","dateModified":"2025-07-07T20:36:49+00:00","mainEntityOfPage":{"@id":"https:\/\/www.indieofilo.com\/en\/gig-reviews\/rooms\/imagine-dragons-1-july-2025-estadi-olimpic-barcelona"},"wordCount":958,"commentCount":0,"publisher":{"@id":"https:\/\/www.indieofilo.com\/#organization"},"image":{"@id":"https:\/\/www.indieofilo.com\/en\/gig-reviews\/rooms\/imagine-dragons-1-july-2025-estadi-olimpic-barcelona#primaryimage"},"thumbnailUrl":"https:\/\/www.indieofilo.com\/wp-content\/uploads\/2018\/04\/Imagine_Dragons_Barcelona_20183.jpg","keywords":["Barcelona","Declan McKenna","Imagine Dragons"],"articleSection":["Featured","Gig Reviews","Rooms"],"inLanguage":"en-US","potentialAction":[{"@type":"CommentAction","name":"Comment","target":["https:\/\/www.indieofilo.com\/en\/gig-reviews\/rooms\/imagine-dragons-1-july-2025-estadi-olimpic-barcelona#respond"]}]},{"@type":"WebPage","@id":"https:\/\/www.indieofilo.com\/en\/gig-reviews\/rooms\/imagine-dragons-1-july-2025-estadi-olimpic-barcelona","url":"https:\/\/www.indieofilo.com\/en\/gig-reviews\/rooms\/imagine-dragons-1-july-2025-estadi-olimpic-barcelona","name":"Imagine Dragons - 1 July 2025 (Estadi Ol\u00edmpic \u2013 Barcelona) - Indie\u00f3filo","isPartOf":{"@id":"https:\/\/www.indieofilo.com\/#website"},"primaryImageOfPage":{"@id":"https:\/\/www.indieofilo.com\/en\/gig-reviews\/rooms\/imagine-dragons-1-july-2025-estadi-olimpic-barcelona#primaryimage"},"image":{"@id":"https:\/\/www.indieofilo.com\/en\/gig-reviews\/rooms\/imagine-dragons-1-july-2025-estadi-olimpic-barcelona#primaryimage"},"thumbnailUrl":"https:\/\/www.indieofilo.com\/wp-content\/uploads\/2018\/04\/Imagine_Dragons_Barcelona_20183.jpg","datePublished":"2025-07-07T11:27:30+00:00","dateModified":"2025-07-07T20:36:49+00:00","description":"Chronicle of Imagine Dragons' concert at the Estadi Olimpic Lluis Companys in Barcelona in 2025.","breadcrumb":{"@id":"https:\/\/www.indieofilo.com\/en\/gig-reviews\/rooms\/imagine-dragons-1-july-2025-estadi-olimpic-barcelona#breadcrumb"},"inLanguage":"en-US","potentialAction":[{"@type":"ReadAction","target":["https:\/\/www.indieofilo.com\/en\/gig-reviews\/rooms\/imagine-dragons-1-july-2025-estadi-olimpic-barcelona"]}]},{"@type":"ImageObject","inLanguage":"en-US","@id":"https:\/\/www.indieofilo.com\/en\/gig-reviews\/rooms\/imagine-dragons-1-july-2025-estadi-olimpic-barcelona#primaryimage","url":"https:\/\/www.indieofilo.com\/wp-content\/uploads\/2018\/04\/Imagine_Dragons_Barcelona_20183.jpg","contentUrl":"https:\/\/www.indieofilo.com\/wp-content\/uploads\/2018\/04\/Imagine_Dragons_Barcelona_20183.jpg","width":800,"height":533,"caption":"Imagine Dragons Barcelona 2018"},{"@type":"BreadcrumbList","@id":"https:\/\/www.indieofilo.com\/en\/gig-reviews\/rooms\/imagine-dragons-1-july-2025-estadi-olimpic-barcelona#breadcrumb","itemListElement":[{"@type":"ListItem","position":1,"name":"Portada","item":"https:\/\/www.indieofilo.com\/en"},{"@type":"ListItem","position":2,"name":"Imagine Dragons &#8211; 1 July 2025 (Estadi Ol\u00edmpic \u2013 Barcelona)"}]},{"@type":"WebSite","@id":"https:\/\/www.indieofilo.com\/#website","url":"https:\/\/www.indieofilo.com\/","name":"Indie\u00f3filo","description":"Magazine online de la cultura independiente","publisher":{"@id":"https:\/\/www.indieofilo.com\/#organization"},"potentialAction":[{"@type":"SearchAction","target":{"@type":"EntryPoint","urlTemplate":"https:\/\/www.indieofilo.com\/?s={search_term_string}"},"query-input":{"@type":"PropertyValueSpecification","valueRequired":true,"valueName":"search_term_string"}}],"inLanguage":"en-US"},{"@type":"Organization","@id":"https:\/\/www.indieofilo.com\/#organization","name":"Indie\u00f3filo Web","url":"https:\/\/www.indieofilo.com\/","logo":{"@type":"ImageObject","inLanguage":"en-US","@id":"https:\/\/www.indieofilo.com\/#\/schema\/logo\/image\/","url":"https:\/\/www.indieofilo.com\/wp-content\/uploads\/2015\/02\/logo-alta-resolucion.png","contentUrl":"https:\/\/www.indieofilo.com\/wp-content\/uploads\/2015\/02\/logo-alta-resolucion.png","width":544,"height":185,"caption":"Indie\u00f3filo Web"},"image":{"@id":"https:\/\/www.indieofilo.com\/#\/schema\/logo\/image\/"},"sameAs":["https:\/\/www.facebook.com\/Indieofilo\/","https:\/\/x.com\/indieofilo","https:\/\/www.instagram.com\/indieofilo\/"]},{"@type":"Person","@id":"https:\/\/www.indieofilo.com\/#\/schema\/person\/595334d38590e4ce5a09f83cbf2fca90","name":"Victor","image":{"@type":"ImageObject","inLanguage":"en-US","@id":"https:\/\/www.indieofilo.com\/#\/schema\/person\/image\/","url":"https:\/\/secure.gravatar.com\/avatar\/682b8c6ea3e94b6cffec683b25f1797d?s=96&d=mm&r=g","contentUrl":"https:\/\/secure.gravatar.com\/avatar\/682b8c6ea3e94b6cffec683b25f1797d?s=96&d=mm&r=g","caption":"Victor"},"description":"Fan\u00e1tico de la m\u00fasica desde que mis padres me pon\u00edan a Eydie Gorme y Los Panchos o el Discotuna por la A2. Intent\u00e9 tocar varios instrumentos, pero soy muy torpe con la mano izquierda, as\u00ed que ya sab\u00e9is el resultado final. Fan del britpop, Post-punk, el rugby y el baloncesto...","sameAs":["http:\/\/indieofilo.com"],"url":"https:\/\/www.indieofilo.com\/en\/author\/victor"}]}},"_links":{"self":[{"href":"https:\/\/www.indieofilo.com\/en\/wp-json\/wp\/v2\/posts\/49107","targetHints":{"allow":["GET"]}}],"collection":[{"href":"https:\/\/www.indieofilo.com\/en\/wp-json\/wp\/v2\/posts"}],"about":[{"href":"https:\/\/www.indieofilo.com\/en\/wp-json\/wp\/v2\/types\/post"}],"author":[{"embeddable":true,"href":"https:\/\/www.indieofilo.com\/en\/wp-json\/wp\/v2\/users\/1"}],"replies":[{"embeddable":true,"href":"https:\/\/www.indieofilo.com\/en\/wp-json\/wp\/v2\/comments?post=49107"}],"version-history":[{"count":0,"href":"https:\/\/www.indieofilo.com\/en\/wp-json\/wp\/v2\/posts\/49107\/revisions"}],"wp:featuredmedia":[{"embeddable":true,"href":"https:\/\/www.indieofilo.com\/en\/wp-json\/wp\/v2\/media\/11431"}],"wp:attachment":[{"href":"https:\/\/www.indieofilo.com\/en\/wp-json\/wp\/v2\/media?parent=49107"}],"wp:term":[{"taxonomy":"category","embeddable":true,"href":"https:\/\/www.indieofilo.com\/en\/wp-json\/wp\/v2\/categories?post=49107"},{"taxonomy":"post_tag","embeddable":true,"href":"https:\/\/www.indieofilo.com\/en\/wp-json\/wp\/v2\/tags?post=49107"}],"curies":[{"name":"wp","href":"https:\/\/api.w.org\/{rel}","templated":true}]}}