{"id":48466,"date":"2025-06-02T18:39:39","date_gmt":"2025-06-02T16:39:39","guid":{"rendered":"https:\/\/www.indieofilo.com\/news\/music\/king-gizzard-the-lizard-wizard-25-may-2025-poble-espanyol-barcelona"},"modified":"2025-06-11T12:07:53","modified_gmt":"2025-06-11T10:07:53","slug":"king-gizzard-the-lizard-wizard-25-may-2025-poble-espanyol-barcelona","status":"publish","type":"post","link":"https:\/\/www.indieofilo.com\/en\/gig-reviews\/king-gizzard-the-lizard-wizard-25-may-2025-poble-espanyol-barcelona","title":{"rendered":"King Gizzard &amp; the Lizard Wizard \u2013 25 May 2025 (Poble Espanyol, Barcelona)"},"content":{"rendered":"<p style=\"text-align: justify;\">To give you an idea, as you climb the curves of Montju\u00efc Mountain from the Mies van der Rohe Pavilion, it&#8217;s difficult to know what to expect on the third night of <strong>King Gizzard &amp; the Lizard Wizard<\/strong>&#8216;s residency at Barcelona&#8217;s Poble Espanyol this weekend. If you take the time to watch the two previous concerts that the Australians have broadcast on YouTube, <strong>review the variety of songs in their setlists, and consider how they have picked and chosen from their extensive discography<\/strong>, you can only take a deep breath and trust that the Melbourne band will put on a unique show that night. <\/p>\n<p style=\"text-align: justify;\"><img fetchpriority=\"high\" decoding=\"async\" class=\"aligncenter size-large wp-image-48425\" src=\"http:\/\/www.indieofilo.com\/wp-content\/uploads\/2025\/06\/King_Lizzard_and_the_Lizzard_Wizard_BCN_3-1024x683.jpg\" alt=\"King Gizzard and the Lizard Wizard Barcelona 2025\" width=\"1024\" height=\"683\" srcset=\"https:\/\/www.indieofilo.com\/wp-content\/uploads\/2025\/06\/King_Lizzard_and_the_Lizzard_Wizard_BCN_3-1024x683.jpg 1024w, https:\/\/www.indieofilo.com\/wp-content\/uploads\/2025\/06\/King_Lizzard_and_the_Lizzard_Wizard_BCN_3-800x533.jpg 800w, https:\/\/www.indieofilo.com\/wp-content\/uploads\/2025\/06\/King_Lizzard_and_the_Lizzard_Wizard_BCN_3-600x400.jpg 600w, https:\/\/www.indieofilo.com\/wp-content\/uploads\/2025\/06\/King_Lizzard_and_the_Lizzard_Wizard_BCN_3-768x512.jpg 768w, https:\/\/www.indieofilo.com\/wp-content\/uploads\/2025\/06\/King_Lizzard_and_the_Lizzard_Wizard_BCN_3.jpg 1200w\" sizes=\"(max-width: 1024px) 100vw, 1024px\" \/><\/p>\n<p style=\"text-align: center;\"><span style=\"font-size: 10px;\"><b>Stu Mackenzie, King Gizzard and the Lizzard Wizard, Barcelona 2025<\/b> &#8211; Photo taken by <strong>V\u00edctor Ramos Santaf\u00e9<\/strong> for <strong>Indieofilo<sup>\u00a9<\/sup><\/strong><\/span><\/p>\n<p style=\"text-align: justify;\">And so it was! In sextet format and with a giant screen on which lysergic images were projected, the Australians started their concert with an accelerated rhythm, performing \u2018<em>O.N.E.<\/em>\u2019, \u2018<em>Doom City<\/em>\u2019 and \u2018<em>Supreme Ascendancy<\/em>\u2019. They surprised the audience by leaving <strong>Ambrose Kenny-Smith<\/strong> free on vocals for the latter, which elevated the theme of <em>L.W.<\/em> (2021) and made it the best song of the first half of the concert. <\/p>\n<p style=\"text-align: justify;\"><img decoding=\"async\" class=\"aligncenter size-large wp-image-48435\" src=\"http:\/\/www.indieofilo.com\/wp-content\/uploads\/2025\/06\/King_Lizzard_and_the_Lizzard_Wizard_BCN_9-1024x683.jpg\" alt=\"Ambrose Kenny-Smith King Gizzard and the Lizard Wizard Barcelona 2025\" width=\"1024\" height=\"683\" srcset=\"https:\/\/www.indieofilo.com\/wp-content\/uploads\/2025\/06\/King_Lizzard_and_the_Lizzard_Wizard_BCN_9-1024x683.jpg 1024w, https:\/\/www.indieofilo.com\/wp-content\/uploads\/2025\/06\/King_Lizzard_and_the_Lizzard_Wizard_BCN_9-800x533.jpg 800w, https:\/\/www.indieofilo.com\/wp-content\/uploads\/2025\/06\/King_Lizzard_and_the_Lizzard_Wizard_BCN_9-600x400.jpg 600w, https:\/\/www.indieofilo.com\/wp-content\/uploads\/2025\/06\/King_Lizzard_and_the_Lizzard_Wizard_BCN_9-768x512.jpg 768w, https:\/\/www.indieofilo.com\/wp-content\/uploads\/2025\/06\/King_Lizzard_and_the_Lizzard_Wizard_BCN_9.jpg 1200w\" sizes=\"(max-width: 1024px) 100vw, 1024px\" \/><\/p>\n<p style=\"text-align: center;\"><span style=\"font-size: 10px;\"><b>Ambrose Kenny-Smith, King Gizzard and the Lizzard Wizard, Barcelona 2025<\/b> &#8211; Photo taken by <strong>V\u00edctor Ramos Santaf\u00e9<\/strong> for <strong>Indieofilo<sup>\u00a9<\/sup><\/strong><\/span><\/p>\n<p style=\"text-align: justify;\">Unfortunately for us, from that point onwards, the show was interspersed with songs similar to <i>Flight b741<\/i> (2024), as well as others that were closer to their more psychedelic style. In this way, the calm &#8216;<em>You Can Be Your Silhouette<\/em>&#8216; or &#8216;<em>Antarctica<\/em>&#8216; coexisted with the intense &#8216;<em>The Lord of Lightning<\/em>&#8216; or &#8216;<em>The Balrog<\/em>&#8216;, which <strong>lowered the incredible atmosphere created in the first three tracks<\/strong>. Almost as if they were concatenated, <strong>blues-rock<\/strong> songs such as &#8216;<em>Cut Throat Boogie<\/em>&#8216; (an incredible exchange between <strong>Joey<\/strong> and his guitar, and <strong>Ambrose<\/strong> on harmonica), &#8216;<em>Daily Blues<\/em>&#8216;, and the more rocking &#8216;<em>Le Risque<\/em>&#8216; came next. Then, they surprised everyone by changing style with the fun &#8216;<em>The Garden Goblin<\/em>&#8216;, sung entirely by <strong>Craig Cook<\/strong>, who returned to a greater role on the keyboards.  <\/p>\n<p style=\"text-align: justify;\"><img decoding=\"async\" class=\"aligncenter size-large wp-image-48441\" src=\"http:\/\/www.indieofilo.com\/wp-content\/uploads\/2025\/06\/King_Lizzard_and_the_Lizzard_Wizard_BCN_13-1024x683.jpg\" alt=\"King Gizzard and the Lizard Wizard Cook Craig Barcelona 2025\" width=\"1024\" height=\"683\" srcset=\"https:\/\/www.indieofilo.com\/wp-content\/uploads\/2025\/06\/King_Lizzard_and_the_Lizzard_Wizard_BCN_13-1024x683.jpg 1024w, https:\/\/www.indieofilo.com\/wp-content\/uploads\/2025\/06\/King_Lizzard_and_the_Lizzard_Wizard_BCN_13-800x533.jpg 800w, https:\/\/www.indieofilo.com\/wp-content\/uploads\/2025\/06\/King_Lizzard_and_the_Lizzard_Wizard_BCN_13-600x400.jpg 600w, https:\/\/www.indieofilo.com\/wp-content\/uploads\/2025\/06\/King_Lizzard_and_the_Lizzard_Wizard_BCN_13-768x512.jpg 768w, https:\/\/www.indieofilo.com\/wp-content\/uploads\/2025\/06\/King_Lizzard_and_the_Lizzard_Wizard_BCN_13.jpg 1200w\" sizes=\"(max-width: 1024px) 100vw, 1024px\" \/><\/p>\n<p style=\"text-align: center;\"><span style=\"font-size: 10px;\"><b>Cook Craig, King Gizzard and the Lizzard Wizard, Barcelona 2025<\/b> &#8211; Photo taken by <strong>V\u00edctor Ramos Santaf\u00e9<\/strong> for <strong>Indieofilo<sup>\u00a9<\/sup><\/strong><\/span><\/p>\n<p style=\"text-align: justify;\"><strong>At this point, the concert picked up speed, treating us to a dreamy final 40 minutes<\/strong>. First came an extended version of &#8216;<em>Magenta Mountain<\/em>&#8216;, which at times bordered on <strong>Pet Shop Boys<\/strong>&#8216; synthpop, and then a <strong>15-minute bacchanal of noise and psychedelia<\/strong>. The highlight was undoubtedly &#8216;<em>The Grim Reaper<\/em>&#8216;, the song of the night. <strong>With a mix of synthesizers, guitars and Stu Mackenzie&#8217;s flute, not to mention Ambrose&#8217;s Beastie Boys-style rapping<\/strong> with a nod to <strong>Kneecap<\/strong>&#8216;s &#8216;<em>H.O.O.D.<\/em>&#8216; in the lyrics, <strong>the song descended into madness. The whole audience ended up jumping in unison, turning the Poble Espanyol square into a massive rave<\/strong>.  <\/p>\n<p style=\"text-align: justify;\"><img loading=\"lazy\" decoding=\"async\" class=\"aligncenter size-large wp-image-48443\" src=\"http:\/\/www.indieofilo.com\/wp-content\/uploads\/2025\/06\/King_Lizzard_and_the_Lizzard_Wizard_BCN_15-1024x683.jpg\" alt=\"Joey Walker King Gizzard and the Lizard Wizard Barcelona 2025\" width=\"1024\" height=\"683\" srcset=\"https:\/\/www.indieofilo.com\/wp-content\/uploads\/2025\/06\/King_Lizzard_and_the_Lizzard_Wizard_BCN_15-1024x683.jpg 1024w, https:\/\/www.indieofilo.com\/wp-content\/uploads\/2025\/06\/King_Lizzard_and_the_Lizzard_Wizard_BCN_15-800x533.jpg 800w, https:\/\/www.indieofilo.com\/wp-content\/uploads\/2025\/06\/King_Lizzard_and_the_Lizzard_Wizard_BCN_15-600x400.jpg 600w, https:\/\/www.indieofilo.com\/wp-content\/uploads\/2025\/06\/King_Lizzard_and_the_Lizzard_Wizard_BCN_15-768x512.jpg 768w, https:\/\/www.indieofilo.com\/wp-content\/uploads\/2025\/06\/King_Lizzard_and_the_Lizzard_Wizard_BCN_15.jpg 1200w\" sizes=\"(max-width: 1024px) 100vw, 1024px\" \/><\/p>\n<p style=\"text-align: center;\"><span style=\"font-size: 10px;\"><b>Joey Walker, King Gizzard and the Lizzard Wizard, Barcelona 2025<\/b> &#8211; Photo taken by <strong>V\u00edctor Ramos Santaf\u00e9<\/strong> for <strong>Indieofilo<sup>\u00a9<\/sup><\/strong><\/span><\/p>\n<p style=\"text-align: justify;\">With the audience already on their feet, the more metal sound of the <em>PetroDragonic Apocalypse<\/em> (2024) would take centre stage in the final moments. First came the accelerated &#8216;<em>Converge<\/em>&#8216;, followed by the &#8216;<em>Superbug<\/em>&#8216; which took advantage of the atmosphere created by the favourable wind. The end came with the incredible &#8216;<em>Flamethrower<\/em>&#8216;, <strong>where the band showed their instrumental virtuosity and the power they can display<\/strong> when they set their minds to it, giving <strong>Stu Mackenzie<\/strong> the opportunity to show off his vocal skills. <\/p>\n<p style=\"text-align: justify;\"><img loading=\"lazy\" decoding=\"async\" class=\"aligncenter size-large wp-image-48427\" src=\"http:\/\/www.indieofilo.com\/wp-content\/uploads\/2025\/06\/King_Lizzard_and_the_Lizzard_Wizard_BCN_5-1024x683.jpg\" alt=\"King Gizzard and the Lizard Wizard Barcelona 2025 Poble Espanyol\" width=\"1024\" height=\"683\" srcset=\"https:\/\/www.indieofilo.com\/wp-content\/uploads\/2025\/06\/King_Lizzard_and_the_Lizzard_Wizard_BCN_5-1024x683.jpg 1024w, https:\/\/www.indieofilo.com\/wp-content\/uploads\/2025\/06\/King_Lizzard_and_the_Lizzard_Wizard_BCN_5-800x533.jpg 800w, https:\/\/www.indieofilo.com\/wp-content\/uploads\/2025\/06\/King_Lizzard_and_the_Lizzard_Wizard_BCN_5-600x400.jpg 600w, https:\/\/www.indieofilo.com\/wp-content\/uploads\/2025\/06\/King_Lizzard_and_the_Lizzard_Wizard_BCN_5-768x512.jpg 768w, https:\/\/www.indieofilo.com\/wp-content\/uploads\/2025\/06\/King_Lizzard_and_the_Lizzard_Wizard_BCN_5.jpg 1200w\" sizes=\"(max-width: 1024px) 100vw, 1024px\" \/><\/p>\n<p style=\"text-align: center;\"><span style=\"font-size: 10px;\"><b>King Gizzard and the Lizzard Wizard, Barcelona 2025<\/b> &#8211; Photo taken by <strong>V\u00edctor Ramos Santaf\u00e9<\/strong> for <strong>Indieofilo<sup>\u00a9<\/sup><\/strong><\/span><\/p>\n<p style=\"text-align: justify;\">There were nearly two hours of concerts in total over three days, <strong>and the feeling that they could play for hours without tiring their audience, who would follow them on any adventure they wished to undertake<\/strong>. A week-long residency in a city? Done! A classic hip-hop album? Of course! Knowing them, they are capable of achieving anything they want.  <\/p>\n","protected":false},"excerpt":{"rendered":"<p>To give you an idea, as you climb the curves of Montju\u00efc Mountain from the Mies van der Rohe Pavilion, it&#8217;s difficult to know what to expect on the third night of King Gizzard &amp; the Lizard Wizard&#8216;s residency at Barcelona&#8217;s Poble Espanyol this weekend. If you take the time to watch the two previous [&hellip;]<\/p>\n","protected":false},"author":1,"featured_media":48425,"comment_status":"open","ping_status":"closed","sticky":false,"template":"","format":"gallery","meta":{"footnotes":""},"categories":[6908,7,15],"tags":[4961,4999],"class_list":["post-48466","post","type-post","status-publish","format-gallery","has-post-thumbnail","hentry","category-featured","category-gig-reviews","category-rooms","tag-barcelona-en","tag-king-gizzard-the-lizard-wizard-en","post_format-post-format-gallery"],"yoast_head":"<!-- This site is optimized with the Yoast SEO Premium plugin v23.9 (Yoast SEO v26.6) - https:\/\/yoast.com\/wordpress\/plugins\/seo\/ -->\n<title>King Gizzard &amp; the Lizard Wizard \u2013 25 May 2025 (Poble Espanyol, Barcelona) - Indie\u00f3filo<\/title>\n<meta name=\"description\" content=\"An exclusive chronicle and photo gallery of King Gizzard &amp; the Lizard Wizard&#039;s third concert in Barcelona, which took place in 2025.\" \/>\n<meta name=\"robots\" content=\"index, follow, max-snippet:-1, max-image-preview:large, max-video-preview:-1\" \/>\n<link rel=\"canonical\" href=\"https:\/\/www.indieofilo.com\/en\/gig-reviews\/king-gizzard-the-lizard-wizard-25-may-2025-poble-espanyol-barcelona\" \/>\n<meta property=\"og:locale\" content=\"en_US\" \/>\n<meta property=\"og:type\" content=\"article\" \/>\n<meta property=\"og:title\" content=\"King Gizzard &amp; the Lizard Wizard \u2013 25 May 2025 (Poble Espanyol, Barcelona)\" \/>\n<meta property=\"og:description\" content=\"An exclusive chronicle and photo gallery of King Gizzard &amp; the Lizard Wizard&#039;s third concert in Barcelona, which took place in 2025.\" \/>\n<meta property=\"og:url\" content=\"https:\/\/www.indieofilo.com\/en\/gig-reviews\/king-gizzard-the-lizard-wizard-25-may-2025-poble-espanyol-barcelona\" \/>\n<meta property=\"og:site_name\" content=\"Indie\u00f3filo\" \/>\n<meta property=\"article:publisher\" content=\"https:\/\/www.facebook.com\/Indieofilo\/\" \/>\n<meta property=\"article:published_time\" content=\"2025-06-02T16:39:39+00:00\" \/>\n<meta property=\"article:modified_time\" content=\"2025-06-11T10:07:53+00:00\" \/>\n<meta property=\"og:image\" content=\"http:\/\/www.indieofilo.com\/wp-content\/uploads\/2025\/06\/King_Lizzard_and_the_Lizzard_Wizard_BCN_3.jpg\" \/>\n\t<meta property=\"og:image:width\" content=\"1200\" \/>\n\t<meta property=\"og:image:height\" content=\"800\" \/>\n\t<meta property=\"og:image:type\" content=\"image\/jpeg\" \/>\n<meta name=\"author\" content=\"Victor\" \/>\n<meta name=\"twitter:card\" content=\"summary_large_image\" \/>\n<meta name=\"twitter:creator\" content=\"@indieofilo\" \/>\n<meta name=\"twitter:site\" content=\"@indieofilo\" \/>\n<meta name=\"twitter:label1\" content=\"Written by\" \/>\n\t<meta name=\"twitter:data1\" content=\"Victor\" \/>\n\t<meta name=\"twitter:label2\" content=\"Est. reading time\" \/>\n\t<meta name=\"twitter:data2\" content=\"5 minutes\" \/>\n<script type=\"application\/ld+json\" class=\"yoast-schema-graph\">{\"@context\":\"https:\/\/schema.org\",\"@graph\":[{\"@type\":\"Article\",\"@id\":\"https:\/\/www.indieofilo.com\/en\/gig-reviews\/king-gizzard-the-lizard-wizard-25-may-2025-poble-espanyol-barcelona#article\",\"isPartOf\":{\"@id\":\"https:\/\/www.indieofilo.com\/en\/gig-reviews\/king-gizzard-the-lizard-wizard-25-may-2025-poble-espanyol-barcelona\"},\"author\":{\"name\":\"Victor\",\"@id\":\"https:\/\/www.indieofilo.com\/#\/schema\/person\/595334d38590e4ce5a09f83cbf2fca90\"},\"headline\":\"King Gizzard &amp; the Lizard Wizard \u2013 25 May 2025 (Poble Espanyol, Barcelona)\",\"datePublished\":\"2025-06-02T16:39:39+00:00\",\"dateModified\":\"2025-06-11T10:07:53+00:00\",\"mainEntityOfPage\":{\"@id\":\"https:\/\/www.indieofilo.com\/en\/gig-reviews\/king-gizzard-the-lizard-wizard-25-may-2025-poble-espanyol-barcelona\"},\"wordCount\":648,\"commentCount\":0,\"publisher\":{\"@id\":\"https:\/\/www.indieofilo.com\/#organization\"},\"image\":{\"@id\":\"https:\/\/www.indieofilo.com\/en\/gig-reviews\/king-gizzard-the-lizard-wizard-25-may-2025-poble-espanyol-barcelona#primaryimage\"},\"thumbnailUrl\":\"https:\/\/www.indieofilo.com\/wp-content\/uploads\/2025\/06\/King_Lizzard_and_the_Lizzard_Wizard_BCN_3.jpg\",\"keywords\":[\"Barcelona\",\"King Gizzard &amp; The Lizard Wizard\"],\"articleSection\":[\"Featured\",\"Gig Reviews\",\"Rooms\"],\"inLanguage\":\"en-US\",\"potentialAction\":[{\"@type\":\"CommentAction\",\"name\":\"Comment\",\"target\":[\"https:\/\/www.indieofilo.com\/en\/gig-reviews\/king-gizzard-the-lizard-wizard-25-may-2025-poble-espanyol-barcelona#respond\"]}]},{\"@type\":\"WebPage\",\"@id\":\"https:\/\/www.indieofilo.com\/en\/gig-reviews\/king-gizzard-the-lizard-wizard-25-may-2025-poble-espanyol-barcelona\",\"url\":\"https:\/\/www.indieofilo.com\/en\/gig-reviews\/king-gizzard-the-lizard-wizard-25-may-2025-poble-espanyol-barcelona\",\"name\":\"King Gizzard &amp; the Lizard Wizard \u2013 25 May 2025 (Poble Espanyol, Barcelona) - Indie\u00f3filo\",\"isPartOf\":{\"@id\":\"https:\/\/www.indieofilo.com\/#website\"},\"primaryImageOfPage\":{\"@id\":\"https:\/\/www.indieofilo.com\/en\/gig-reviews\/king-gizzard-the-lizard-wizard-25-may-2025-poble-espanyol-barcelona#primaryimage\"},\"image\":{\"@id\":\"https:\/\/www.indieofilo.com\/en\/gig-reviews\/king-gizzard-the-lizard-wizard-25-may-2025-poble-espanyol-barcelona#primaryimage\"},\"thumbnailUrl\":\"https:\/\/www.indieofilo.com\/wp-content\/uploads\/2025\/06\/King_Lizzard_and_the_Lizzard_Wizard_BCN_3.jpg\",\"datePublished\":\"2025-06-02T16:39:39+00:00\",\"dateModified\":\"2025-06-11T10:07:53+00:00\",\"description\":\"An exclusive chronicle and photo gallery of King Gizzard & the Lizard Wizard's third concert in Barcelona, which took place in 2025.\",\"breadcrumb\":{\"@id\":\"https:\/\/www.indieofilo.com\/en\/gig-reviews\/king-gizzard-the-lizard-wizard-25-may-2025-poble-espanyol-barcelona#breadcrumb\"},\"inLanguage\":\"en-US\",\"potentialAction\":[{\"@type\":\"ReadAction\",\"target\":[\"https:\/\/www.indieofilo.com\/en\/gig-reviews\/king-gizzard-the-lizard-wizard-25-may-2025-poble-espanyol-barcelona\"]}]},{\"@type\":\"ImageObject\",\"inLanguage\":\"en-US\",\"@id\":\"https:\/\/www.indieofilo.com\/en\/gig-reviews\/king-gizzard-the-lizard-wizard-25-may-2025-poble-espanyol-barcelona#primaryimage\",\"url\":\"https:\/\/www.indieofilo.com\/wp-content\/uploads\/2025\/06\/King_Lizzard_and_the_Lizzard_Wizard_BCN_3.jpg\",\"contentUrl\":\"https:\/\/www.indieofilo.com\/wp-content\/uploads\/2025\/06\/King_Lizzard_and_the_Lizzard_Wizard_BCN_3.jpg\",\"width\":1200,\"height\":800,\"caption\":\"King Gizzard and the Lizard Wizard Barcelona 2025\"},{\"@type\":\"BreadcrumbList\",\"@id\":\"https:\/\/www.indieofilo.com\/en\/gig-reviews\/king-gizzard-the-lizard-wizard-25-may-2025-poble-espanyol-barcelona#breadcrumb\",\"itemListElement\":[{\"@type\":\"ListItem\",\"position\":1,\"name\":\"Portada\",\"item\":\"https:\/\/www.indieofilo.com\/en\"},{\"@type\":\"ListItem\",\"position\":2,\"name\":\"King Gizzard &amp; the Lizard Wizard \u2013 25 May 2025 (Poble Espanyol, Barcelona)\"}]},{\"@type\":\"WebSite\",\"@id\":\"https:\/\/www.indieofilo.com\/#website\",\"url\":\"https:\/\/www.indieofilo.com\/\",\"name\":\"Indie\u00f3filo\",\"description\":\"Magazine online de la cultura independiente\",\"publisher\":{\"@id\":\"https:\/\/www.indieofilo.com\/#organization\"},\"potentialAction\":[{\"@type\":\"SearchAction\",\"target\":{\"@type\":\"EntryPoint\",\"urlTemplate\":\"https:\/\/www.indieofilo.com\/?s={search_term_string}\"},\"query-input\":{\"@type\":\"PropertyValueSpecification\",\"valueRequired\":true,\"valueName\":\"search_term_string\"}}],\"inLanguage\":\"en-US\"},{\"@type\":\"Organization\",\"@id\":\"https:\/\/www.indieofilo.com\/#organization\",\"name\":\"Indie\u00f3filo Web\",\"url\":\"https:\/\/www.indieofilo.com\/\",\"logo\":{\"@type\":\"ImageObject\",\"inLanguage\":\"en-US\",\"@id\":\"https:\/\/www.indieofilo.com\/#\/schema\/logo\/image\/\",\"url\":\"https:\/\/www.indieofilo.com\/wp-content\/uploads\/2015\/02\/logo-alta-resolucion.png\",\"contentUrl\":\"https:\/\/www.indieofilo.com\/wp-content\/uploads\/2015\/02\/logo-alta-resolucion.png\",\"width\":544,\"height\":185,\"caption\":\"Indie\u00f3filo Web\"},\"image\":{\"@id\":\"https:\/\/www.indieofilo.com\/#\/schema\/logo\/image\/\"},\"sameAs\":[\"https:\/\/www.facebook.com\/Indieofilo\/\",\"https:\/\/x.com\/indieofilo\",\"https:\/\/www.instagram.com\/indieofilo\/\"]},{\"@type\":\"Person\",\"@id\":\"https:\/\/www.indieofilo.com\/#\/schema\/person\/595334d38590e4ce5a09f83cbf2fca90\",\"name\":\"Victor\",\"image\":{\"@type\":\"ImageObject\",\"inLanguage\":\"en-US\",\"@id\":\"https:\/\/www.indieofilo.com\/#\/schema\/person\/image\/\",\"url\":\"https:\/\/secure.gravatar.com\/avatar\/682b8c6ea3e94b6cffec683b25f1797d?s=96&d=mm&r=g\",\"contentUrl\":\"https:\/\/secure.gravatar.com\/avatar\/682b8c6ea3e94b6cffec683b25f1797d?s=96&d=mm&r=g\",\"caption\":\"Victor\"},\"description\":\"Fan\u00e1tico de la m\u00fasica desde que mis padres me pon\u00edan a Eydie Gorme y Los Panchos o el Discotuna por la A2. Intent\u00e9 tocar varios instrumentos, pero soy muy torpe con la mano izquierda, as\u00ed que ya sab\u00e9is el resultado final. Fan del britpop, Post-punk, el rugby y el baloncesto...\",\"sameAs\":[\"http:\/\/indieofilo.com\"],\"url\":\"https:\/\/www.indieofilo.com\/en\/author\/victor\"}]}<\/script>\n<!-- \/ Yoast SEO Premium plugin. -->","yoast_head_json":{"title":"King Gizzard &amp; the Lizard Wizard \u2013 25 May 2025 (Poble Espanyol, Barcelona) - Indie\u00f3filo","description":"An exclusive chronicle and photo gallery of King Gizzard & the Lizard Wizard's third concert in Barcelona, which took place in 2025.","robots":{"index":"index","follow":"follow","max-snippet":"max-snippet:-1","max-image-preview":"max-image-preview:large","max-video-preview":"max-video-preview:-1"},"canonical":"https:\/\/www.indieofilo.com\/en\/gig-reviews\/king-gizzard-the-lizard-wizard-25-may-2025-poble-espanyol-barcelona","og_locale":"en_US","og_type":"article","og_title":"King Gizzard &amp; the Lizard Wizard \u2013 25 May 2025 (Poble Espanyol, Barcelona)","og_description":"An exclusive chronicle and photo gallery of King Gizzard & the Lizard Wizard's third concert in Barcelona, which took place in 2025.","og_url":"https:\/\/www.indieofilo.com\/en\/gig-reviews\/king-gizzard-the-lizard-wizard-25-may-2025-poble-espanyol-barcelona","og_site_name":"Indie\u00f3filo","article_publisher":"https:\/\/www.facebook.com\/Indieofilo\/","article_published_time":"2025-06-02T16:39:39+00:00","article_modified_time":"2025-06-11T10:07:53+00:00","og_image":[{"width":1200,"height":800,"url":"http:\/\/www.indieofilo.com\/wp-content\/uploads\/2025\/06\/King_Lizzard_and_the_Lizzard_Wizard_BCN_3.jpg","type":"image\/jpeg"}],"author":"Victor","twitter_card":"summary_large_image","twitter_creator":"@indieofilo","twitter_site":"@indieofilo","twitter_misc":{"Written by":"Victor","Est. reading time":"5 minutes"},"schema":{"@context":"https:\/\/schema.org","@graph":[{"@type":"Article","@id":"https:\/\/www.indieofilo.com\/en\/gig-reviews\/king-gizzard-the-lizard-wizard-25-may-2025-poble-espanyol-barcelona#article","isPartOf":{"@id":"https:\/\/www.indieofilo.com\/en\/gig-reviews\/king-gizzard-the-lizard-wizard-25-may-2025-poble-espanyol-barcelona"},"author":{"name":"Victor","@id":"https:\/\/www.indieofilo.com\/#\/schema\/person\/595334d38590e4ce5a09f83cbf2fca90"},"headline":"King Gizzard &amp; the Lizard Wizard \u2013 25 May 2025 (Poble Espanyol, Barcelona)","datePublished":"2025-06-02T16:39:39+00:00","dateModified":"2025-06-11T10:07:53+00:00","mainEntityOfPage":{"@id":"https:\/\/www.indieofilo.com\/en\/gig-reviews\/king-gizzard-the-lizard-wizard-25-may-2025-poble-espanyol-barcelona"},"wordCount":648,"commentCount":0,"publisher":{"@id":"https:\/\/www.indieofilo.com\/#organization"},"image":{"@id":"https:\/\/www.indieofilo.com\/en\/gig-reviews\/king-gizzard-the-lizard-wizard-25-may-2025-poble-espanyol-barcelona#primaryimage"},"thumbnailUrl":"https:\/\/www.indieofilo.com\/wp-content\/uploads\/2025\/06\/King_Lizzard_and_the_Lizzard_Wizard_BCN_3.jpg","keywords":["Barcelona","King Gizzard &amp; The Lizard Wizard"],"articleSection":["Featured","Gig Reviews","Rooms"],"inLanguage":"en-US","potentialAction":[{"@type":"CommentAction","name":"Comment","target":["https:\/\/www.indieofilo.com\/en\/gig-reviews\/king-gizzard-the-lizard-wizard-25-may-2025-poble-espanyol-barcelona#respond"]}]},{"@type":"WebPage","@id":"https:\/\/www.indieofilo.com\/en\/gig-reviews\/king-gizzard-the-lizard-wizard-25-may-2025-poble-espanyol-barcelona","url":"https:\/\/www.indieofilo.com\/en\/gig-reviews\/king-gizzard-the-lizard-wizard-25-may-2025-poble-espanyol-barcelona","name":"King Gizzard &amp; the Lizard Wizard \u2013 25 May 2025 (Poble Espanyol, Barcelona) - Indie\u00f3filo","isPartOf":{"@id":"https:\/\/www.indieofilo.com\/#website"},"primaryImageOfPage":{"@id":"https:\/\/www.indieofilo.com\/en\/gig-reviews\/king-gizzard-the-lizard-wizard-25-may-2025-poble-espanyol-barcelona#primaryimage"},"image":{"@id":"https:\/\/www.indieofilo.com\/en\/gig-reviews\/king-gizzard-the-lizard-wizard-25-may-2025-poble-espanyol-barcelona#primaryimage"},"thumbnailUrl":"https:\/\/www.indieofilo.com\/wp-content\/uploads\/2025\/06\/King_Lizzard_and_the_Lizzard_Wizard_BCN_3.jpg","datePublished":"2025-06-02T16:39:39+00:00","dateModified":"2025-06-11T10:07:53+00:00","description":"An exclusive chronicle and photo gallery of King Gizzard & the Lizard Wizard's third concert in Barcelona, which took place in 2025.","breadcrumb":{"@id":"https:\/\/www.indieofilo.com\/en\/gig-reviews\/king-gizzard-the-lizard-wizard-25-may-2025-poble-espanyol-barcelona#breadcrumb"},"inLanguage":"en-US","potentialAction":[{"@type":"ReadAction","target":["https:\/\/www.indieofilo.com\/en\/gig-reviews\/king-gizzard-the-lizard-wizard-25-may-2025-poble-espanyol-barcelona"]}]},{"@type":"ImageObject","inLanguage":"en-US","@id":"https:\/\/www.indieofilo.com\/en\/gig-reviews\/king-gizzard-the-lizard-wizard-25-may-2025-poble-espanyol-barcelona#primaryimage","url":"https:\/\/www.indieofilo.com\/wp-content\/uploads\/2025\/06\/King_Lizzard_and_the_Lizzard_Wizard_BCN_3.jpg","contentUrl":"https:\/\/www.indieofilo.com\/wp-content\/uploads\/2025\/06\/King_Lizzard_and_the_Lizzard_Wizard_BCN_3.jpg","width":1200,"height":800,"caption":"King Gizzard and the Lizard Wizard Barcelona 2025"},{"@type":"BreadcrumbList","@id":"https:\/\/www.indieofilo.com\/en\/gig-reviews\/king-gizzard-the-lizard-wizard-25-may-2025-poble-espanyol-barcelona#breadcrumb","itemListElement":[{"@type":"ListItem","position":1,"name":"Portada","item":"https:\/\/www.indieofilo.com\/en"},{"@type":"ListItem","position":2,"name":"King Gizzard &amp; the Lizard Wizard \u2013 25 May 2025 (Poble Espanyol, Barcelona)"}]},{"@type":"WebSite","@id":"https:\/\/www.indieofilo.com\/#website","url":"https:\/\/www.indieofilo.com\/","name":"Indie\u00f3filo","description":"Magazine online de la cultura independiente","publisher":{"@id":"https:\/\/www.indieofilo.com\/#organization"},"potentialAction":[{"@type":"SearchAction","target":{"@type":"EntryPoint","urlTemplate":"https:\/\/www.indieofilo.com\/?s={search_term_string}"},"query-input":{"@type":"PropertyValueSpecification","valueRequired":true,"valueName":"search_term_string"}}],"inLanguage":"en-US"},{"@type":"Organization","@id":"https:\/\/www.indieofilo.com\/#organization","name":"Indie\u00f3filo Web","url":"https:\/\/www.indieofilo.com\/","logo":{"@type":"ImageObject","inLanguage":"en-US","@id":"https:\/\/www.indieofilo.com\/#\/schema\/logo\/image\/","url":"https:\/\/www.indieofilo.com\/wp-content\/uploads\/2015\/02\/logo-alta-resolucion.png","contentUrl":"https:\/\/www.indieofilo.com\/wp-content\/uploads\/2015\/02\/logo-alta-resolucion.png","width":544,"height":185,"caption":"Indie\u00f3filo Web"},"image":{"@id":"https:\/\/www.indieofilo.com\/#\/schema\/logo\/image\/"},"sameAs":["https:\/\/www.facebook.com\/Indieofilo\/","https:\/\/x.com\/indieofilo","https:\/\/www.instagram.com\/indieofilo\/"]},{"@type":"Person","@id":"https:\/\/www.indieofilo.com\/#\/schema\/person\/595334d38590e4ce5a09f83cbf2fca90","name":"Victor","image":{"@type":"ImageObject","inLanguage":"en-US","@id":"https:\/\/www.indieofilo.com\/#\/schema\/person\/image\/","url":"https:\/\/secure.gravatar.com\/avatar\/682b8c6ea3e94b6cffec683b25f1797d?s=96&d=mm&r=g","contentUrl":"https:\/\/secure.gravatar.com\/avatar\/682b8c6ea3e94b6cffec683b25f1797d?s=96&d=mm&r=g","caption":"Victor"},"description":"Fan\u00e1tico de la m\u00fasica desde que mis padres me pon\u00edan a Eydie Gorme y Los Panchos o el Discotuna por la A2. Intent\u00e9 tocar varios instrumentos, pero soy muy torpe con la mano izquierda, as\u00ed que ya sab\u00e9is el resultado final. Fan del britpop, Post-punk, el rugby y el baloncesto...","sameAs":["http:\/\/indieofilo.com"],"url":"https:\/\/www.indieofilo.com\/en\/author\/victor"}]}},"_links":{"self":[{"href":"https:\/\/www.indieofilo.com\/en\/wp-json\/wp\/v2\/posts\/48466","targetHints":{"allow":["GET"]}}],"collection":[{"href":"https:\/\/www.indieofilo.com\/en\/wp-json\/wp\/v2\/posts"}],"about":[{"href":"https:\/\/www.indieofilo.com\/en\/wp-json\/wp\/v2\/types\/post"}],"author":[{"embeddable":true,"href":"https:\/\/www.indieofilo.com\/en\/wp-json\/wp\/v2\/users\/1"}],"replies":[{"embeddable":true,"href":"https:\/\/www.indieofilo.com\/en\/wp-json\/wp\/v2\/comments?post=48466"}],"version-history":[{"count":0,"href":"https:\/\/www.indieofilo.com\/en\/wp-json\/wp\/v2\/posts\/48466\/revisions"}],"wp:featuredmedia":[{"embeddable":true,"href":"https:\/\/www.indieofilo.com\/en\/wp-json\/wp\/v2\/media\/48425"}],"wp:attachment":[{"href":"https:\/\/www.indieofilo.com\/en\/wp-json\/wp\/v2\/media?parent=48466"}],"wp:term":[{"taxonomy":"category","embeddable":true,"href":"https:\/\/www.indieofilo.com\/en\/wp-json\/wp\/v2\/categories?post=48466"},{"taxonomy":"post_tag","embeddable":true,"href":"https:\/\/www.indieofilo.com\/en\/wp-json\/wp\/v2\/tags?post=48466"}],"curies":[{"name":"wp","href":"https:\/\/api.w.org\/{rel}","templated":true}]}}