{"id":48365,"date":"2025-06-04T18:26:28","date_gmt":"2025-06-04T16:26:28","guid":{"rendered":"https:\/\/www.indieofilo.com\/news\/music\/the-timetable-for-cruilla-2025-has-now-been-confirmed"},"modified":"2025-06-10T11:24:52","modified_gmt":"2025-06-10T09:24:52","slug":"the-timetable-for-cruilla-2025-has-now-been-confirmed","status":"publish","type":"post","link":"https:\/\/www.indieofilo.com\/en\/news\/live-shows\/the-timetable-for-cruilla-2025-has-now-been-confirmed","title":{"rendered":"The timetable for Cru\u00eflla 2025 has now been confirmed"},"content":{"rendered":"<p style=\"text-align: justify;\">With just over a month to go until the <strong>Festival Cru\u00eflla 2025<\/strong>, the organisers have announced the schedule for the festival&#8217;s 15th edition.<\/p>\n<p style=\"text-align: justify;\">The festival will kick off on 9 July with <strong>Gracie Abrams<\/strong> and <strong>Girl in Red<\/strong> as the headline acts, although the Catalan artists are not far behind, with <strong>Lia Kali<\/strong> and <strong>Maria Hein<\/strong> also performing. On Thursday 10 July, <strong>The Sex Pistols<\/strong>, with the charismatic <strong>Frank Carter<\/strong> on vocals, will be the main attraction of a day that will also feature the chameleonic  <strong>St. Vincent<\/strong> or <strong>Ferm\u00edn Muguruza<\/strong>&#8216;s multicultural show.<\/p>\n<p style=\"text-align: justify;\">YOver the weekend, the headliner on Friday will be <strong>Jared Leto&#8217;<\/strong>s band, <strong>Thirty Seconds to Mars<\/strong>, although we will also be able to enjoy performances from <strong>Ben Harper<\/strong>, <strong>Africa Express<\/strong> (Damon Albarn&#8217;s project), <strong>Texas<\/strong>, <strong>Crystal Fighters<\/strong> and <strong>Leon Bridges<\/strong>. The big name of this year&#8217;s festival, the iconic <strong>Alanis Morissette<\/strong>, will be performing on Saturday, July 12. She will be joined by special guests <strong>Love of Lesbian<\/strong> and friends for a concert to celebrate the XV anniversary of the festival. Other acts set to perform include the British <strong>Kaiser Chiefs<\/strong>, <strong>Viva Suecia<\/strong> and <strong>Le\u00f3n Benavente<\/strong>. You can visit the <a href=\"https:\/\/www.cruillabarcelona.com\/ca\/horaris\/\" target=\"_blank\" rel=\"noopener\">following link<\/a> to check the schedules of all the stages.  <\/p>\n<p style=\"text-align: justify;\">We would like to remind you that day and season tickets for Cru\u00eflla 2025 are available on the <a href=\"https:\/\/www.cruillabarcelona.com\/es\/tickets\/\" target=\"_blank\" rel=\"noopener\">festival&#8217;s official website<\/a>. The festival will take place from 9 to 12 July at the Parc del Forum in Barcelona.<\/p>\n<p><img fetchpriority=\"high\" decoding=\"async\" class=\"aligncenter size-large wp-image-48362\" src=\"http:\/\/www.indieofilo.com\/wp-content\/uploads\/2025\/06\/Cruilla_2025-cartel-683x683.jpg\" alt=\"Cru\u00eflla 2025 Timetable\" width=\"683\" height=\"683\" srcset=\"https:\/\/www.indieofilo.com\/wp-content\/uploads\/2025\/06\/Cruilla_2025-cartel-683x683.jpg 683w, https:\/\/www.indieofilo.com\/wp-content\/uploads\/2025\/06\/Cruilla_2025-cartel-533x533.jpg 533w, https:\/\/www.indieofilo.com\/wp-content\/uploads\/2025\/06\/Cruilla_2025-cartel-400x400.jpg 400w, https:\/\/www.indieofilo.com\/wp-content\/uploads\/2025\/06\/Cruilla_2025-cartel-768x768.jpg 768w, https:\/\/www.indieofilo.com\/wp-content\/uploads\/2025\/06\/Cruilla_2025-cartel-300x300.jpg 300w, https:\/\/www.indieofilo.com\/wp-content\/uploads\/2025\/06\/Cruilla_2025-cartel.jpg 1024w\" sizes=\"(max-width: 683px) 100vw, 683px\" \/><\/p>\n\n<p><\/p>\n","protected":false},"excerpt":{"rendered":"<p>With just over a month to go until the Festival Cru\u00eflla 2025, the organisers have announced the schedule for the festival&#8217;s 15th edition. The festival will kick off on 9 July with Gracie Abrams and Girl in Red as the headline acts, although the Catalan artists are not far behind, with Lia Kali and Maria [&hellip;]<\/p>\n","protected":false},"author":1,"featured_media":48363,"comment_status":"open","ping_status":"closed","sticky":false,"template":"","format":"standard","meta":{"footnotes":""},"categories":[41,8],"tags":[5103,5102,7343],"class_list":["post-48365","post","type-post","status-publish","format-standard","has-post-thumbnail","hentry","category-live-shows","category-news","tag-cruilla-en","tag-festival-cruilla-en","tag-festival-cruilla-2025-en"],"yoast_head":"<!-- This site is optimized with the Yoast SEO Premium plugin v23.9 (Yoast SEO v26.6) - https:\/\/yoast.com\/wordpress\/plugins\/seo\/ -->\n<title>The timetable for Cru\u00eflla 2025 has now been confirmed - Indie\u00f3filo<\/title>\n<meta name=\"description\" content=\"You can now find out the schedules for all the different stages of Cru\u00eflla 2025. This festival is going to be held from July 9 to 12 in Barcelona.\" \/>\n<meta name=\"robots\" content=\"index, follow, max-snippet:-1, max-image-preview:large, max-video-preview:-1\" \/>\n<link rel=\"canonical\" href=\"https:\/\/www.indieofilo.com\/en\/news\/live-shows\/the-timetable-for-cruilla-2025-has-now-been-confirmed\" \/>\n<meta property=\"og:locale\" content=\"en_US\" \/>\n<meta property=\"og:type\" content=\"article\" \/>\n<meta property=\"og:title\" content=\"The timetable for Cru\u00eflla 2025 has now been confirmed\" \/>\n<meta property=\"og:description\" content=\"You can now find out the schedules for all the different stages of Cru\u00eflla 2025. This festival is going to be held from July 9 to 12 in Barcelona.\" \/>\n<meta property=\"og:url\" content=\"https:\/\/www.indieofilo.com\/en\/news\/live-shows\/the-timetable-for-cruilla-2025-has-now-been-confirmed\" \/>\n<meta property=\"og:site_name\" content=\"Indie\u00f3filo\" \/>\n<meta property=\"article:publisher\" content=\"https:\/\/www.facebook.com\/Indieofilo\/\" \/>\n<meta property=\"article:published_time\" content=\"2025-06-04T16:26:28+00:00\" \/>\n<meta property=\"article:modified_time\" content=\"2025-06-10T09:24:52+00:00\" \/>\n<meta property=\"og:image\" content=\"http:\/\/www.indieofilo.com\/wp-content\/uploads\/2025\/06\/Cruilla_2025-cartel.jpg\" \/>\n\t<meta property=\"og:image:width\" content=\"1024\" \/>\n\t<meta property=\"og:image:height\" content=\"1024\" \/>\n\t<meta property=\"og:image:type\" content=\"image\/jpeg\" \/>\n<meta name=\"author\" content=\"Victor\" \/>\n<meta name=\"twitter:card\" content=\"summary_large_image\" \/>\n<meta name=\"twitter:creator\" content=\"@indieofilo\" \/>\n<meta name=\"twitter:site\" content=\"@indieofilo\" \/>\n<meta name=\"twitter:label1\" content=\"Written by\" \/>\n\t<meta name=\"twitter:data1\" content=\"Victor\" \/>\n\t<meta name=\"twitter:label2\" content=\"Est. reading time\" \/>\n\t<meta name=\"twitter:data2\" content=\"2 minutes\" \/>\n<script type=\"application\/ld+json\" class=\"yoast-schema-graph\">{\"@context\":\"https:\/\/schema.org\",\"@graph\":[{\"@type\":\"Article\",\"@id\":\"https:\/\/www.indieofilo.com\/en\/news\/live-shows\/the-timetable-for-cruilla-2025-has-now-been-confirmed#article\",\"isPartOf\":{\"@id\":\"https:\/\/www.indieofilo.com\/en\/news\/live-shows\/the-timetable-for-cruilla-2025-has-now-been-confirmed\"},\"author\":{\"name\":\"Victor\",\"@id\":\"https:\/\/www.indieofilo.com\/#\/schema\/person\/595334d38590e4ce5a09f83cbf2fca90\"},\"headline\":\"The timetable for Cru\u00eflla 2025 has now been confirmed\",\"datePublished\":\"2025-06-04T16:26:28+00:00\",\"dateModified\":\"2025-06-10T09:24:52+00:00\",\"mainEntityOfPage\":{\"@id\":\"https:\/\/www.indieofilo.com\/en\/news\/live-shows\/the-timetable-for-cruilla-2025-has-now-been-confirmed\"},\"wordCount\":246,\"commentCount\":0,\"publisher\":{\"@id\":\"https:\/\/www.indieofilo.com\/#organization\"},\"image\":{\"@id\":\"https:\/\/www.indieofilo.com\/en\/news\/live-shows\/the-timetable-for-cruilla-2025-has-now-been-confirmed#primaryimage\"},\"thumbnailUrl\":\"https:\/\/www.indieofilo.com\/wp-content\/uploads\/2025\/06\/Cruilla_2025-cartel.jpg\",\"keywords\":[\"Cru\u00eflla\",\"Festival Cru\u00eflla\",\"Festival Cru\u00eflla 2025\"],\"articleSection\":[\"Live Shows\",\"News\"],\"inLanguage\":\"en-US\",\"potentialAction\":[{\"@type\":\"CommentAction\",\"name\":\"Comment\",\"target\":[\"https:\/\/www.indieofilo.com\/en\/news\/live-shows\/the-timetable-for-cruilla-2025-has-now-been-confirmed#respond\"]}]},{\"@type\":\"WebPage\",\"@id\":\"https:\/\/www.indieofilo.com\/en\/news\/live-shows\/the-timetable-for-cruilla-2025-has-now-been-confirmed\",\"url\":\"https:\/\/www.indieofilo.com\/en\/news\/live-shows\/the-timetable-for-cruilla-2025-has-now-been-confirmed\",\"name\":\"The timetable for Cru\u00eflla 2025 has now been confirmed - Indie\u00f3filo\",\"isPartOf\":{\"@id\":\"https:\/\/www.indieofilo.com\/#website\"},\"primaryImageOfPage\":{\"@id\":\"https:\/\/www.indieofilo.com\/en\/news\/live-shows\/the-timetable-for-cruilla-2025-has-now-been-confirmed#primaryimage\"},\"image\":{\"@id\":\"https:\/\/www.indieofilo.com\/en\/news\/live-shows\/the-timetable-for-cruilla-2025-has-now-been-confirmed#primaryimage\"},\"thumbnailUrl\":\"https:\/\/www.indieofilo.com\/wp-content\/uploads\/2025\/06\/Cruilla_2025-cartel.jpg\",\"datePublished\":\"2025-06-04T16:26:28+00:00\",\"dateModified\":\"2025-06-10T09:24:52+00:00\",\"description\":\"You can now find out the schedules for all the different stages of Cru\u00eflla 2025. This festival is going to be held from July 9 to 12 in Barcelona.\",\"breadcrumb\":{\"@id\":\"https:\/\/www.indieofilo.com\/en\/news\/live-shows\/the-timetable-for-cruilla-2025-has-now-been-confirmed#breadcrumb\"},\"inLanguage\":\"en-US\",\"potentialAction\":[{\"@type\":\"ReadAction\",\"target\":[\"https:\/\/www.indieofilo.com\/en\/news\/live-shows\/the-timetable-for-cruilla-2025-has-now-been-confirmed\"]}]},{\"@type\":\"ImageObject\",\"inLanguage\":\"en-US\",\"@id\":\"https:\/\/www.indieofilo.com\/en\/news\/live-shows\/the-timetable-for-cruilla-2025-has-now-been-confirmed#primaryimage\",\"url\":\"https:\/\/www.indieofilo.com\/wp-content\/uploads\/2025\/06\/Cruilla_2025-cartel.jpg\",\"contentUrl\":\"https:\/\/www.indieofilo.com\/wp-content\/uploads\/2025\/06\/Cruilla_2025-cartel.jpg\",\"width\":1024,\"height\":1024,\"caption\":\"Cru\u00eflla 2025 cartel\"},{\"@type\":\"BreadcrumbList\",\"@id\":\"https:\/\/www.indieofilo.com\/en\/news\/live-shows\/the-timetable-for-cruilla-2025-has-now-been-confirmed#breadcrumb\",\"itemListElement\":[{\"@type\":\"ListItem\",\"position\":1,\"name\":\"Portada\",\"item\":\"https:\/\/www.indieofilo.com\/en\"},{\"@type\":\"ListItem\",\"position\":2,\"name\":\"The timetable for Cru\u00eflla 2025 has now been confirmed\"}]},{\"@type\":\"WebSite\",\"@id\":\"https:\/\/www.indieofilo.com\/#website\",\"url\":\"https:\/\/www.indieofilo.com\/\",\"name\":\"Indie\u00f3filo\",\"description\":\"Magazine online de la cultura independiente\",\"publisher\":{\"@id\":\"https:\/\/www.indieofilo.com\/#organization\"},\"potentialAction\":[{\"@type\":\"SearchAction\",\"target\":{\"@type\":\"EntryPoint\",\"urlTemplate\":\"https:\/\/www.indieofilo.com\/?s={search_term_string}\"},\"query-input\":{\"@type\":\"PropertyValueSpecification\",\"valueRequired\":true,\"valueName\":\"search_term_string\"}}],\"inLanguage\":\"en-US\"},{\"@type\":\"Organization\",\"@id\":\"https:\/\/www.indieofilo.com\/#organization\",\"name\":\"Indie\u00f3filo Web\",\"url\":\"https:\/\/www.indieofilo.com\/\",\"logo\":{\"@type\":\"ImageObject\",\"inLanguage\":\"en-US\",\"@id\":\"https:\/\/www.indieofilo.com\/#\/schema\/logo\/image\/\",\"url\":\"https:\/\/www.indieofilo.com\/wp-content\/uploads\/2015\/02\/logo-alta-resolucion.png\",\"contentUrl\":\"https:\/\/www.indieofilo.com\/wp-content\/uploads\/2015\/02\/logo-alta-resolucion.png\",\"width\":544,\"height\":185,\"caption\":\"Indie\u00f3filo Web\"},\"image\":{\"@id\":\"https:\/\/www.indieofilo.com\/#\/schema\/logo\/image\/\"},\"sameAs\":[\"https:\/\/www.facebook.com\/Indieofilo\/\",\"https:\/\/x.com\/indieofilo\",\"https:\/\/www.instagram.com\/indieofilo\/\"]},{\"@type\":\"Person\",\"@id\":\"https:\/\/www.indieofilo.com\/#\/schema\/person\/595334d38590e4ce5a09f83cbf2fca90\",\"name\":\"Victor\",\"image\":{\"@type\":\"ImageObject\",\"inLanguage\":\"en-US\",\"@id\":\"https:\/\/www.indieofilo.com\/#\/schema\/person\/image\/\",\"url\":\"https:\/\/secure.gravatar.com\/avatar\/682b8c6ea3e94b6cffec683b25f1797d?s=96&d=mm&r=g\",\"contentUrl\":\"https:\/\/secure.gravatar.com\/avatar\/682b8c6ea3e94b6cffec683b25f1797d?s=96&d=mm&r=g\",\"caption\":\"Victor\"},\"description\":\"Fan\u00e1tico de la m\u00fasica desde que mis padres me pon\u00edan a Eydie Gorme y Los Panchos o el Discotuna por la A2. Intent\u00e9 tocar varios instrumentos, pero soy muy torpe con la mano izquierda, as\u00ed que ya sab\u00e9is el resultado final. Fan del britpop, Post-punk, el rugby y el baloncesto...\",\"sameAs\":[\"http:\/\/indieofilo.com\"],\"url\":\"https:\/\/www.indieofilo.com\/en\/author\/victor\"}]}<\/script>\n<!-- \/ Yoast SEO Premium plugin. -->","yoast_head_json":{"title":"The timetable for Cru\u00eflla 2025 has now been confirmed - Indie\u00f3filo","description":"You can now find out the schedules for all the different stages of Cru\u00eflla 2025. This festival is going to be held from July 9 to 12 in Barcelona.","robots":{"index":"index","follow":"follow","max-snippet":"max-snippet:-1","max-image-preview":"max-image-preview:large","max-video-preview":"max-video-preview:-1"},"canonical":"https:\/\/www.indieofilo.com\/en\/news\/live-shows\/the-timetable-for-cruilla-2025-has-now-been-confirmed","og_locale":"en_US","og_type":"article","og_title":"The timetable for Cru\u00eflla 2025 has now been confirmed","og_description":"You can now find out the schedules for all the different stages of Cru\u00eflla 2025. This festival is going to be held from July 9 to 12 in Barcelona.","og_url":"https:\/\/www.indieofilo.com\/en\/news\/live-shows\/the-timetable-for-cruilla-2025-has-now-been-confirmed","og_site_name":"Indie\u00f3filo","article_publisher":"https:\/\/www.facebook.com\/Indieofilo\/","article_published_time":"2025-06-04T16:26:28+00:00","article_modified_time":"2025-06-10T09:24:52+00:00","og_image":[{"width":1024,"height":1024,"url":"http:\/\/www.indieofilo.com\/wp-content\/uploads\/2025\/06\/Cruilla_2025-cartel.jpg","type":"image\/jpeg"}],"author":"Victor","twitter_card":"summary_large_image","twitter_creator":"@indieofilo","twitter_site":"@indieofilo","twitter_misc":{"Written by":"Victor","Est. reading time":"2 minutes"},"schema":{"@context":"https:\/\/schema.org","@graph":[{"@type":"Article","@id":"https:\/\/www.indieofilo.com\/en\/news\/live-shows\/the-timetable-for-cruilla-2025-has-now-been-confirmed#article","isPartOf":{"@id":"https:\/\/www.indieofilo.com\/en\/news\/live-shows\/the-timetable-for-cruilla-2025-has-now-been-confirmed"},"author":{"name":"Victor","@id":"https:\/\/www.indieofilo.com\/#\/schema\/person\/595334d38590e4ce5a09f83cbf2fca90"},"headline":"The timetable for Cru\u00eflla 2025 has now been confirmed","datePublished":"2025-06-04T16:26:28+00:00","dateModified":"2025-06-10T09:24:52+00:00","mainEntityOfPage":{"@id":"https:\/\/www.indieofilo.com\/en\/news\/live-shows\/the-timetable-for-cruilla-2025-has-now-been-confirmed"},"wordCount":246,"commentCount":0,"publisher":{"@id":"https:\/\/www.indieofilo.com\/#organization"},"image":{"@id":"https:\/\/www.indieofilo.com\/en\/news\/live-shows\/the-timetable-for-cruilla-2025-has-now-been-confirmed#primaryimage"},"thumbnailUrl":"https:\/\/www.indieofilo.com\/wp-content\/uploads\/2025\/06\/Cruilla_2025-cartel.jpg","keywords":["Cru\u00eflla","Festival Cru\u00eflla","Festival Cru\u00eflla 2025"],"articleSection":["Live Shows","News"],"inLanguage":"en-US","potentialAction":[{"@type":"CommentAction","name":"Comment","target":["https:\/\/www.indieofilo.com\/en\/news\/live-shows\/the-timetable-for-cruilla-2025-has-now-been-confirmed#respond"]}]},{"@type":"WebPage","@id":"https:\/\/www.indieofilo.com\/en\/news\/live-shows\/the-timetable-for-cruilla-2025-has-now-been-confirmed","url":"https:\/\/www.indieofilo.com\/en\/news\/live-shows\/the-timetable-for-cruilla-2025-has-now-been-confirmed","name":"The timetable for Cru\u00eflla 2025 has now been confirmed - Indie\u00f3filo","isPartOf":{"@id":"https:\/\/www.indieofilo.com\/#website"},"primaryImageOfPage":{"@id":"https:\/\/www.indieofilo.com\/en\/news\/live-shows\/the-timetable-for-cruilla-2025-has-now-been-confirmed#primaryimage"},"image":{"@id":"https:\/\/www.indieofilo.com\/en\/news\/live-shows\/the-timetable-for-cruilla-2025-has-now-been-confirmed#primaryimage"},"thumbnailUrl":"https:\/\/www.indieofilo.com\/wp-content\/uploads\/2025\/06\/Cruilla_2025-cartel.jpg","datePublished":"2025-06-04T16:26:28+00:00","dateModified":"2025-06-10T09:24:52+00:00","description":"You can now find out the schedules for all the different stages of Cru\u00eflla 2025. This festival is going to be held from July 9 to 12 in Barcelona.","breadcrumb":{"@id":"https:\/\/www.indieofilo.com\/en\/news\/live-shows\/the-timetable-for-cruilla-2025-has-now-been-confirmed#breadcrumb"},"inLanguage":"en-US","potentialAction":[{"@type":"ReadAction","target":["https:\/\/www.indieofilo.com\/en\/news\/live-shows\/the-timetable-for-cruilla-2025-has-now-been-confirmed"]}]},{"@type":"ImageObject","inLanguage":"en-US","@id":"https:\/\/www.indieofilo.com\/en\/news\/live-shows\/the-timetable-for-cruilla-2025-has-now-been-confirmed#primaryimage","url":"https:\/\/www.indieofilo.com\/wp-content\/uploads\/2025\/06\/Cruilla_2025-cartel.jpg","contentUrl":"https:\/\/www.indieofilo.com\/wp-content\/uploads\/2025\/06\/Cruilla_2025-cartel.jpg","width":1024,"height":1024,"caption":"Cru\u00eflla 2025 cartel"},{"@type":"BreadcrumbList","@id":"https:\/\/www.indieofilo.com\/en\/news\/live-shows\/the-timetable-for-cruilla-2025-has-now-been-confirmed#breadcrumb","itemListElement":[{"@type":"ListItem","position":1,"name":"Portada","item":"https:\/\/www.indieofilo.com\/en"},{"@type":"ListItem","position":2,"name":"The timetable for Cru\u00eflla 2025 has now been confirmed"}]},{"@type":"WebSite","@id":"https:\/\/www.indieofilo.com\/#website","url":"https:\/\/www.indieofilo.com\/","name":"Indie\u00f3filo","description":"Magazine online de la cultura independiente","publisher":{"@id":"https:\/\/www.indieofilo.com\/#organization"},"potentialAction":[{"@type":"SearchAction","target":{"@type":"EntryPoint","urlTemplate":"https:\/\/www.indieofilo.com\/?s={search_term_string}"},"query-input":{"@type":"PropertyValueSpecification","valueRequired":true,"valueName":"search_term_string"}}],"inLanguage":"en-US"},{"@type":"Organization","@id":"https:\/\/www.indieofilo.com\/#organization","name":"Indie\u00f3filo Web","url":"https:\/\/www.indieofilo.com\/","logo":{"@type":"ImageObject","inLanguage":"en-US","@id":"https:\/\/www.indieofilo.com\/#\/schema\/logo\/image\/","url":"https:\/\/www.indieofilo.com\/wp-content\/uploads\/2015\/02\/logo-alta-resolucion.png","contentUrl":"https:\/\/www.indieofilo.com\/wp-content\/uploads\/2015\/02\/logo-alta-resolucion.png","width":544,"height":185,"caption":"Indie\u00f3filo Web"},"image":{"@id":"https:\/\/www.indieofilo.com\/#\/schema\/logo\/image\/"},"sameAs":["https:\/\/www.facebook.com\/Indieofilo\/","https:\/\/x.com\/indieofilo","https:\/\/www.instagram.com\/indieofilo\/"]},{"@type":"Person","@id":"https:\/\/www.indieofilo.com\/#\/schema\/person\/595334d38590e4ce5a09f83cbf2fca90","name":"Victor","image":{"@type":"ImageObject","inLanguage":"en-US","@id":"https:\/\/www.indieofilo.com\/#\/schema\/person\/image\/","url":"https:\/\/secure.gravatar.com\/avatar\/682b8c6ea3e94b6cffec683b25f1797d?s=96&d=mm&r=g","contentUrl":"https:\/\/secure.gravatar.com\/avatar\/682b8c6ea3e94b6cffec683b25f1797d?s=96&d=mm&r=g","caption":"Victor"},"description":"Fan\u00e1tico de la m\u00fasica desde que mis padres me pon\u00edan a Eydie Gorme y Los Panchos o el Discotuna por la A2. Intent\u00e9 tocar varios instrumentos, pero soy muy torpe con la mano izquierda, as\u00ed que ya sab\u00e9is el resultado final. Fan del britpop, Post-punk, el rugby y el baloncesto...","sameAs":["http:\/\/indieofilo.com"],"url":"https:\/\/www.indieofilo.com\/en\/author\/victor"}]}},"_links":{"self":[{"href":"https:\/\/www.indieofilo.com\/en\/wp-json\/wp\/v2\/posts\/48365","targetHints":{"allow":["GET"]}}],"collection":[{"href":"https:\/\/www.indieofilo.com\/en\/wp-json\/wp\/v2\/posts"}],"about":[{"href":"https:\/\/www.indieofilo.com\/en\/wp-json\/wp\/v2\/types\/post"}],"author":[{"embeddable":true,"href":"https:\/\/www.indieofilo.com\/en\/wp-json\/wp\/v2\/users\/1"}],"replies":[{"embeddable":true,"href":"https:\/\/www.indieofilo.com\/en\/wp-json\/wp\/v2\/comments?post=48365"}],"version-history":[{"count":0,"href":"https:\/\/www.indieofilo.com\/en\/wp-json\/wp\/v2\/posts\/48365\/revisions"}],"wp:featuredmedia":[{"embeddable":true,"href":"https:\/\/www.indieofilo.com\/en\/wp-json\/wp\/v2\/media\/48363"}],"wp:attachment":[{"href":"https:\/\/www.indieofilo.com\/en\/wp-json\/wp\/v2\/media?parent=48365"}],"wp:term":[{"taxonomy":"category","embeddable":true,"href":"https:\/\/www.indieofilo.com\/en\/wp-json\/wp\/v2\/categories?post=48365"},{"taxonomy":"post_tag","embeddable":true,"href":"https:\/\/www.indieofilo.com\/en\/wp-json\/wp\/v2\/tags?post=48365"}],"curies":[{"name":"wp","href":"https:\/\/api.w.org\/{rel}","templated":true}]}}