{"id":48338,"date":"2025-03-19T18:48:00","date_gmt":"2025-03-19T17:48:00","guid":{"rendered":"https:\/\/www.indieofilo.com\/news\/music\/four-new-names-have-been-announced-for-les-nits-de-barcelona-2025"},"modified":"2025-06-05T17:54:07","modified_gmt":"2025-06-05T15:54:07","slug":"four-new-names-have-been-announced-for-les-nits-de-barcelona-2025","status":"publish","type":"post","link":"https:\/\/www.indieofilo.com\/en\/news\/live-shows\/four-new-names-have-been-announced-for-les-nits-de-barcelona-2025","title":{"rendered":"Four new names have been announced for Les Nits de Barcelona 2025."},"content":{"rendered":"<p style=\"text-align: justify;\">Almost <a href=\"https:\/\/www.indieofilo.com\/en\/news\/live-shows\/barcelonas-festival-known-as-les-nits-de-barcelona-has-announced-the-main-part-of-its-lineup\" target=\"_blank\" rel=\"noopener\">two months after announcing most of the line-up<\/a> for <strong>Les Nits de Barcelona 2025<\/strong>, which will take place from 2 to 23 July in the beautiful setting of the Jardins del Palau de Pedralbes in Barcelona, the organisers have confirmed four new acts in recent weeks, almost finalising this year&#8217;s programme.<\/p>\n<p style=\"text-align: justify;\">On 8 July, the legendary <strong>Al Bano and Romina Power<\/strong> will perform their classic hits, including &#8216;<em>Sharazan<\/em>&#8216; and &#8216;<em>Felicit\u00e0<\/em>&#8216;. Then, on <strong>11 July,<\/strong> it will be the turn of the legendary British band <strong>Level 42<\/strong>, who will perform their unique blend of <em>jazz-funk<\/em> and <em>pop-rock<\/em>. Two of the band&#8217;s original members, <strong>Mark King<\/strong> and <strong>Mike Lindup<\/strong>, will perform live. <strong>The Human League<\/strong>, their compatriots, will return to Barcelona on <strong>16 July<\/strong>, while <strong>Macaco<\/strong>, a local band, will bring their fusion of styles to the Palau de Pedralbes gardens on <strong>20 July<\/strong>. <\/p>\n<p style=\"text-align: justify;\">Tickets for these and the other concerts featuring <strong>Beth Gibbons<\/strong>, <strong>James <\/strong>and <strong>Morcheeba<\/strong> that are part of the festival are available on the <a href=\"http:\/\/www.nitsdebarcelonapedralbes.com.\" target=\"_blank\" rel=\"noopener\">festival&#8217;s official website<\/a>.<\/p>\n<p><img fetchpriority=\"high\" decoding=\"async\" class=\"aligncenter size-large wp-image-48335\" src=\"http:\/\/www.indieofilo.com\/wp-content\/uploads\/2025\/06\/Les_nits_de_Barcelona_2025-554x683.jpg\" alt=\"Les Nits de Barcelona 2025 - The Human League\" width=\"554\" height=\"683\" srcset=\"https:\/\/www.indieofilo.com\/wp-content\/uploads\/2025\/06\/Les_nits_de_Barcelona_2025-554x683.jpg 554w, https:\/\/www.indieofilo.com\/wp-content\/uploads\/2025\/06\/Les_nits_de_Barcelona_2025-432x533.jpg 432w, https:\/\/www.indieofilo.com\/wp-content\/uploads\/2025\/06\/Les_nits_de_Barcelona_2025-325x400.jpg 325w, https:\/\/www.indieofilo.com\/wp-content\/uploads\/2025\/06\/Les_nits_de_Barcelona_2025.jpg 649w\" sizes=\"(max-width: 554px) 100vw, 554px\" \/><\/p>\n","protected":false},"excerpt":{"rendered":"<p>Almost two months after announcing most of the line-up for Les Nits de Barcelona 2025, which will take place from 2 to 23 July in the beautiful setting of the Jardins del Palau de Pedralbes in Barcelona, the organisers have confirmed four new acts in recent weeks, almost finalising this year&#8217;s programme. On 8 July, [&hellip;]<\/p>\n","protected":false},"author":1,"featured_media":48335,"comment_status":"open","ping_status":"closed","sticky":false,"template":"","format":"standard","meta":{"footnotes":""},"categories":[41,8],"tags":[7723,7724,7726],"class_list":["post-48338","post","type-post","status-publish","format-standard","has-post-thumbnail","hentry","category-live-shows","category-news","tag-les-nits-de-barcelona-en","tag-les-nits-de-barcelona-2025-en","tag-the-human-league-en"],"yoast_head":"<!-- This site is optimized with the Yoast SEO Premium plugin v23.9 (Yoast SEO v26.6) - https:\/\/yoast.com\/wordpress\/plugins\/seo\/ -->\n<title>Four new names have been announced for Les Nits de Barcelona 2025. - Indie\u00f3filo<\/title>\n<meta name=\"description\" content=\"The last names announced for Les Nits de Barcelona 2025 are Al Bano and Romina Power, Level 42, The Human League and Macaco.\" \/>\n<meta name=\"robots\" content=\"index, follow, max-snippet:-1, max-image-preview:large, max-video-preview:-1\" \/>\n<link rel=\"canonical\" href=\"https:\/\/www.indieofilo.com\/en\/news\/live-shows\/four-new-names-have-been-announced-for-les-nits-de-barcelona-2025\" \/>\n<meta property=\"og:locale\" content=\"en_US\" \/>\n<meta property=\"og:type\" content=\"article\" \/>\n<meta property=\"og:title\" content=\"Four new names have been announced for Les Nits de Barcelona 2025.\" \/>\n<meta property=\"og:description\" content=\"The last names announced for Les Nits de Barcelona 2025 are Al Bano and Romina Power, Level 42, The Human League and Macaco.\" \/>\n<meta property=\"og:url\" content=\"https:\/\/www.indieofilo.com\/en\/news\/live-shows\/four-new-names-have-been-announced-for-les-nits-de-barcelona-2025\" \/>\n<meta property=\"og:site_name\" content=\"Indie\u00f3filo\" \/>\n<meta property=\"article:publisher\" content=\"https:\/\/www.facebook.com\/Indieofilo\/\" \/>\n<meta property=\"article:published_time\" content=\"2025-03-19T17:48:00+00:00\" \/>\n<meta property=\"article:modified_time\" content=\"2025-06-05T15:54:07+00:00\" \/>\n<meta property=\"og:image\" content=\"http:\/\/www.indieofilo.com\/wp-content\/uploads\/2025\/06\/Les_nits_de_Barcelona_2025.jpg\" \/>\n\t<meta property=\"og:image:width\" content=\"649\" \/>\n\t<meta property=\"og:image:height\" content=\"800\" \/>\n\t<meta property=\"og:image:type\" content=\"image\/jpeg\" \/>\n<meta name=\"author\" content=\"Victor\" \/>\n<meta name=\"twitter:card\" content=\"summary_large_image\" \/>\n<meta name=\"twitter:creator\" content=\"@indieofilo\" \/>\n<meta name=\"twitter:site\" content=\"@indieofilo\" \/>\n<meta name=\"twitter:label1\" content=\"Written by\" \/>\n\t<meta name=\"twitter:data1\" content=\"Victor\" \/>\n\t<meta name=\"twitter:label2\" content=\"Est. reading time\" \/>\n\t<meta name=\"twitter:data2\" content=\"2 minutes\" \/>\n<script type=\"application\/ld+json\" class=\"yoast-schema-graph\">{\"@context\":\"https:\/\/schema.org\",\"@graph\":[{\"@type\":\"Article\",\"@id\":\"https:\/\/www.indieofilo.com\/en\/news\/live-shows\/four-new-names-have-been-announced-for-les-nits-de-barcelona-2025#article\",\"isPartOf\":{\"@id\":\"https:\/\/www.indieofilo.com\/en\/news\/live-shows\/four-new-names-have-been-announced-for-les-nits-de-barcelona-2025\"},\"author\":{\"name\":\"Victor\",\"@id\":\"https:\/\/www.indieofilo.com\/#\/schema\/person\/595334d38590e4ce5a09f83cbf2fca90\"},\"headline\":\"Four new names have been announced for Les Nits de Barcelona 2025.\",\"datePublished\":\"2025-03-19T17:48:00+00:00\",\"dateModified\":\"2025-06-05T15:54:07+00:00\",\"mainEntityOfPage\":{\"@id\":\"https:\/\/www.indieofilo.com\/en\/news\/live-shows\/four-new-names-have-been-announced-for-les-nits-de-barcelona-2025\"},\"wordCount\":173,\"commentCount\":0,\"publisher\":{\"@id\":\"https:\/\/www.indieofilo.com\/#organization\"},\"image\":{\"@id\":\"https:\/\/www.indieofilo.com\/en\/news\/live-shows\/four-new-names-have-been-announced-for-les-nits-de-barcelona-2025#primaryimage\"},\"thumbnailUrl\":\"https:\/\/www.indieofilo.com\/wp-content\/uploads\/2025\/06\/Les_nits_de_Barcelona_2025.jpg\",\"keywords\":[\"Les Nits de Barcelona\",\"Les Nits de Barcelona 2025\",\"The Human League\"],\"articleSection\":[\"Live Shows\",\"News\"],\"inLanguage\":\"en-US\",\"potentialAction\":[{\"@type\":\"CommentAction\",\"name\":\"Comment\",\"target\":[\"https:\/\/www.indieofilo.com\/en\/news\/live-shows\/four-new-names-have-been-announced-for-les-nits-de-barcelona-2025#respond\"]}]},{\"@type\":\"WebPage\",\"@id\":\"https:\/\/www.indieofilo.com\/en\/news\/live-shows\/four-new-names-have-been-announced-for-les-nits-de-barcelona-2025\",\"url\":\"https:\/\/www.indieofilo.com\/en\/news\/live-shows\/four-new-names-have-been-announced-for-les-nits-de-barcelona-2025\",\"name\":\"Four new names have been announced for Les Nits de Barcelona 2025. - Indie\u00f3filo\",\"isPartOf\":{\"@id\":\"https:\/\/www.indieofilo.com\/#website\"},\"primaryImageOfPage\":{\"@id\":\"https:\/\/www.indieofilo.com\/en\/news\/live-shows\/four-new-names-have-been-announced-for-les-nits-de-barcelona-2025#primaryimage\"},\"image\":{\"@id\":\"https:\/\/www.indieofilo.com\/en\/news\/live-shows\/four-new-names-have-been-announced-for-les-nits-de-barcelona-2025#primaryimage\"},\"thumbnailUrl\":\"https:\/\/www.indieofilo.com\/wp-content\/uploads\/2025\/06\/Les_nits_de_Barcelona_2025.jpg\",\"datePublished\":\"2025-03-19T17:48:00+00:00\",\"dateModified\":\"2025-06-05T15:54:07+00:00\",\"description\":\"The last names announced for Les Nits de Barcelona 2025 are Al Bano and Romina Power, Level 42, The Human League and Macaco.\",\"breadcrumb\":{\"@id\":\"https:\/\/www.indieofilo.com\/en\/news\/live-shows\/four-new-names-have-been-announced-for-les-nits-de-barcelona-2025#breadcrumb\"},\"inLanguage\":\"en-US\",\"potentialAction\":[{\"@type\":\"ReadAction\",\"target\":[\"https:\/\/www.indieofilo.com\/en\/news\/live-shows\/four-new-names-have-been-announced-for-les-nits-de-barcelona-2025\"]}]},{\"@type\":\"ImageObject\",\"inLanguage\":\"en-US\",\"@id\":\"https:\/\/www.indieofilo.com\/en\/news\/live-shows\/four-new-names-have-been-announced-for-les-nits-de-barcelona-2025#primaryimage\",\"url\":\"https:\/\/www.indieofilo.com\/wp-content\/uploads\/2025\/06\/Les_nits_de_Barcelona_2025.jpg\",\"contentUrl\":\"https:\/\/www.indieofilo.com\/wp-content\/uploads\/2025\/06\/Les_nits_de_Barcelona_2025.jpg\",\"width\":649,\"height\":800,\"caption\":\"Les Nits de Barcelona 2025 - The Human League\"},{\"@type\":\"BreadcrumbList\",\"@id\":\"https:\/\/www.indieofilo.com\/en\/news\/live-shows\/four-new-names-have-been-announced-for-les-nits-de-barcelona-2025#breadcrumb\",\"itemListElement\":[{\"@type\":\"ListItem\",\"position\":1,\"name\":\"Portada\",\"item\":\"https:\/\/www.indieofilo.com\/en\"},{\"@type\":\"ListItem\",\"position\":2,\"name\":\"Four new names have been announced for Les Nits de Barcelona 2025.\"}]},{\"@type\":\"WebSite\",\"@id\":\"https:\/\/www.indieofilo.com\/#website\",\"url\":\"https:\/\/www.indieofilo.com\/\",\"name\":\"Indie\u00f3filo\",\"description\":\"Magazine online de la cultura independiente\",\"publisher\":{\"@id\":\"https:\/\/www.indieofilo.com\/#organization\"},\"potentialAction\":[{\"@type\":\"SearchAction\",\"target\":{\"@type\":\"EntryPoint\",\"urlTemplate\":\"https:\/\/www.indieofilo.com\/?s={search_term_string}\"},\"query-input\":{\"@type\":\"PropertyValueSpecification\",\"valueRequired\":true,\"valueName\":\"search_term_string\"}}],\"inLanguage\":\"en-US\"},{\"@type\":\"Organization\",\"@id\":\"https:\/\/www.indieofilo.com\/#organization\",\"name\":\"Indie\u00f3filo Web\",\"url\":\"https:\/\/www.indieofilo.com\/\",\"logo\":{\"@type\":\"ImageObject\",\"inLanguage\":\"en-US\",\"@id\":\"https:\/\/www.indieofilo.com\/#\/schema\/logo\/image\/\",\"url\":\"https:\/\/www.indieofilo.com\/wp-content\/uploads\/2015\/02\/logo-alta-resolucion.png\",\"contentUrl\":\"https:\/\/www.indieofilo.com\/wp-content\/uploads\/2015\/02\/logo-alta-resolucion.png\",\"width\":544,\"height\":185,\"caption\":\"Indie\u00f3filo Web\"},\"image\":{\"@id\":\"https:\/\/www.indieofilo.com\/#\/schema\/logo\/image\/\"},\"sameAs\":[\"https:\/\/www.facebook.com\/Indieofilo\/\",\"https:\/\/x.com\/indieofilo\",\"https:\/\/www.instagram.com\/indieofilo\/\"]},{\"@type\":\"Person\",\"@id\":\"https:\/\/www.indieofilo.com\/#\/schema\/person\/595334d38590e4ce5a09f83cbf2fca90\",\"name\":\"Victor\",\"image\":{\"@type\":\"ImageObject\",\"inLanguage\":\"en-US\",\"@id\":\"https:\/\/www.indieofilo.com\/#\/schema\/person\/image\/\",\"url\":\"https:\/\/secure.gravatar.com\/avatar\/682b8c6ea3e94b6cffec683b25f1797d?s=96&d=mm&r=g\",\"contentUrl\":\"https:\/\/secure.gravatar.com\/avatar\/682b8c6ea3e94b6cffec683b25f1797d?s=96&d=mm&r=g\",\"caption\":\"Victor\"},\"description\":\"Fan\u00e1tico de la m\u00fasica desde que mis padres me pon\u00edan a Eydie Gorme y Los Panchos o el Discotuna por la A2. Intent\u00e9 tocar varios instrumentos, pero soy muy torpe con la mano izquierda, as\u00ed que ya sab\u00e9is el resultado final. Fan del britpop, Post-punk, el rugby y el baloncesto...\",\"sameAs\":[\"http:\/\/indieofilo.com\"],\"url\":\"https:\/\/www.indieofilo.com\/en\/author\/victor\"}]}<\/script>\n<!-- \/ Yoast SEO Premium plugin. -->","yoast_head_json":{"title":"Four new names have been announced for Les Nits de Barcelona 2025. - Indie\u00f3filo","description":"The last names announced for Les Nits de Barcelona 2025 are Al Bano and Romina Power, Level 42, The Human League and Macaco.","robots":{"index":"index","follow":"follow","max-snippet":"max-snippet:-1","max-image-preview":"max-image-preview:large","max-video-preview":"max-video-preview:-1"},"canonical":"https:\/\/www.indieofilo.com\/en\/news\/live-shows\/four-new-names-have-been-announced-for-les-nits-de-barcelona-2025","og_locale":"en_US","og_type":"article","og_title":"Four new names have been announced for Les Nits de Barcelona 2025.","og_description":"The last names announced for Les Nits de Barcelona 2025 are Al Bano and Romina Power, Level 42, The Human League and Macaco.","og_url":"https:\/\/www.indieofilo.com\/en\/news\/live-shows\/four-new-names-have-been-announced-for-les-nits-de-barcelona-2025","og_site_name":"Indie\u00f3filo","article_publisher":"https:\/\/www.facebook.com\/Indieofilo\/","article_published_time":"2025-03-19T17:48:00+00:00","article_modified_time":"2025-06-05T15:54:07+00:00","og_image":[{"width":649,"height":800,"url":"http:\/\/www.indieofilo.com\/wp-content\/uploads\/2025\/06\/Les_nits_de_Barcelona_2025.jpg","type":"image\/jpeg"}],"author":"Victor","twitter_card":"summary_large_image","twitter_creator":"@indieofilo","twitter_site":"@indieofilo","twitter_misc":{"Written by":"Victor","Est. reading time":"2 minutes"},"schema":{"@context":"https:\/\/schema.org","@graph":[{"@type":"Article","@id":"https:\/\/www.indieofilo.com\/en\/news\/live-shows\/four-new-names-have-been-announced-for-les-nits-de-barcelona-2025#article","isPartOf":{"@id":"https:\/\/www.indieofilo.com\/en\/news\/live-shows\/four-new-names-have-been-announced-for-les-nits-de-barcelona-2025"},"author":{"name":"Victor","@id":"https:\/\/www.indieofilo.com\/#\/schema\/person\/595334d38590e4ce5a09f83cbf2fca90"},"headline":"Four new names have been announced for Les Nits de Barcelona 2025.","datePublished":"2025-03-19T17:48:00+00:00","dateModified":"2025-06-05T15:54:07+00:00","mainEntityOfPage":{"@id":"https:\/\/www.indieofilo.com\/en\/news\/live-shows\/four-new-names-have-been-announced-for-les-nits-de-barcelona-2025"},"wordCount":173,"commentCount":0,"publisher":{"@id":"https:\/\/www.indieofilo.com\/#organization"},"image":{"@id":"https:\/\/www.indieofilo.com\/en\/news\/live-shows\/four-new-names-have-been-announced-for-les-nits-de-barcelona-2025#primaryimage"},"thumbnailUrl":"https:\/\/www.indieofilo.com\/wp-content\/uploads\/2025\/06\/Les_nits_de_Barcelona_2025.jpg","keywords":["Les Nits de Barcelona","Les Nits de Barcelona 2025","The Human League"],"articleSection":["Live Shows","News"],"inLanguage":"en-US","potentialAction":[{"@type":"CommentAction","name":"Comment","target":["https:\/\/www.indieofilo.com\/en\/news\/live-shows\/four-new-names-have-been-announced-for-les-nits-de-barcelona-2025#respond"]}]},{"@type":"WebPage","@id":"https:\/\/www.indieofilo.com\/en\/news\/live-shows\/four-new-names-have-been-announced-for-les-nits-de-barcelona-2025","url":"https:\/\/www.indieofilo.com\/en\/news\/live-shows\/four-new-names-have-been-announced-for-les-nits-de-barcelona-2025","name":"Four new names have been announced for Les Nits de Barcelona 2025. - Indie\u00f3filo","isPartOf":{"@id":"https:\/\/www.indieofilo.com\/#website"},"primaryImageOfPage":{"@id":"https:\/\/www.indieofilo.com\/en\/news\/live-shows\/four-new-names-have-been-announced-for-les-nits-de-barcelona-2025#primaryimage"},"image":{"@id":"https:\/\/www.indieofilo.com\/en\/news\/live-shows\/four-new-names-have-been-announced-for-les-nits-de-barcelona-2025#primaryimage"},"thumbnailUrl":"https:\/\/www.indieofilo.com\/wp-content\/uploads\/2025\/06\/Les_nits_de_Barcelona_2025.jpg","datePublished":"2025-03-19T17:48:00+00:00","dateModified":"2025-06-05T15:54:07+00:00","description":"The last names announced for Les Nits de Barcelona 2025 are Al Bano and Romina Power, Level 42, The Human League and Macaco.","breadcrumb":{"@id":"https:\/\/www.indieofilo.com\/en\/news\/live-shows\/four-new-names-have-been-announced-for-les-nits-de-barcelona-2025#breadcrumb"},"inLanguage":"en-US","potentialAction":[{"@type":"ReadAction","target":["https:\/\/www.indieofilo.com\/en\/news\/live-shows\/four-new-names-have-been-announced-for-les-nits-de-barcelona-2025"]}]},{"@type":"ImageObject","inLanguage":"en-US","@id":"https:\/\/www.indieofilo.com\/en\/news\/live-shows\/four-new-names-have-been-announced-for-les-nits-de-barcelona-2025#primaryimage","url":"https:\/\/www.indieofilo.com\/wp-content\/uploads\/2025\/06\/Les_nits_de_Barcelona_2025.jpg","contentUrl":"https:\/\/www.indieofilo.com\/wp-content\/uploads\/2025\/06\/Les_nits_de_Barcelona_2025.jpg","width":649,"height":800,"caption":"Les Nits de Barcelona 2025 - The Human League"},{"@type":"BreadcrumbList","@id":"https:\/\/www.indieofilo.com\/en\/news\/live-shows\/four-new-names-have-been-announced-for-les-nits-de-barcelona-2025#breadcrumb","itemListElement":[{"@type":"ListItem","position":1,"name":"Portada","item":"https:\/\/www.indieofilo.com\/en"},{"@type":"ListItem","position":2,"name":"Four new names have been announced for Les Nits de Barcelona 2025."}]},{"@type":"WebSite","@id":"https:\/\/www.indieofilo.com\/#website","url":"https:\/\/www.indieofilo.com\/","name":"Indie\u00f3filo","description":"Magazine online de la cultura independiente","publisher":{"@id":"https:\/\/www.indieofilo.com\/#organization"},"potentialAction":[{"@type":"SearchAction","target":{"@type":"EntryPoint","urlTemplate":"https:\/\/www.indieofilo.com\/?s={search_term_string}"},"query-input":{"@type":"PropertyValueSpecification","valueRequired":true,"valueName":"search_term_string"}}],"inLanguage":"en-US"},{"@type":"Organization","@id":"https:\/\/www.indieofilo.com\/#organization","name":"Indie\u00f3filo Web","url":"https:\/\/www.indieofilo.com\/","logo":{"@type":"ImageObject","inLanguage":"en-US","@id":"https:\/\/www.indieofilo.com\/#\/schema\/logo\/image\/","url":"https:\/\/www.indieofilo.com\/wp-content\/uploads\/2015\/02\/logo-alta-resolucion.png","contentUrl":"https:\/\/www.indieofilo.com\/wp-content\/uploads\/2015\/02\/logo-alta-resolucion.png","width":544,"height":185,"caption":"Indie\u00f3filo Web"},"image":{"@id":"https:\/\/www.indieofilo.com\/#\/schema\/logo\/image\/"},"sameAs":["https:\/\/www.facebook.com\/Indieofilo\/","https:\/\/x.com\/indieofilo","https:\/\/www.instagram.com\/indieofilo\/"]},{"@type":"Person","@id":"https:\/\/www.indieofilo.com\/#\/schema\/person\/595334d38590e4ce5a09f83cbf2fca90","name":"Victor","image":{"@type":"ImageObject","inLanguage":"en-US","@id":"https:\/\/www.indieofilo.com\/#\/schema\/person\/image\/","url":"https:\/\/secure.gravatar.com\/avatar\/682b8c6ea3e94b6cffec683b25f1797d?s=96&d=mm&r=g","contentUrl":"https:\/\/secure.gravatar.com\/avatar\/682b8c6ea3e94b6cffec683b25f1797d?s=96&d=mm&r=g","caption":"Victor"},"description":"Fan\u00e1tico de la m\u00fasica desde que mis padres me pon\u00edan a Eydie Gorme y Los Panchos o el Discotuna por la A2. Intent\u00e9 tocar varios instrumentos, pero soy muy torpe con la mano izquierda, as\u00ed que ya sab\u00e9is el resultado final. Fan del britpop, Post-punk, el rugby y el baloncesto...","sameAs":["http:\/\/indieofilo.com"],"url":"https:\/\/www.indieofilo.com\/en\/author\/victor"}]}},"_links":{"self":[{"href":"https:\/\/www.indieofilo.com\/en\/wp-json\/wp\/v2\/posts\/48338","targetHints":{"allow":["GET"]}}],"collection":[{"href":"https:\/\/www.indieofilo.com\/en\/wp-json\/wp\/v2\/posts"}],"about":[{"href":"https:\/\/www.indieofilo.com\/en\/wp-json\/wp\/v2\/types\/post"}],"author":[{"embeddable":true,"href":"https:\/\/www.indieofilo.com\/en\/wp-json\/wp\/v2\/users\/1"}],"replies":[{"embeddable":true,"href":"https:\/\/www.indieofilo.com\/en\/wp-json\/wp\/v2\/comments?post=48338"}],"version-history":[{"count":0,"href":"https:\/\/www.indieofilo.com\/en\/wp-json\/wp\/v2\/posts\/48338\/revisions"}],"wp:featuredmedia":[{"embeddable":true,"href":"https:\/\/www.indieofilo.com\/en\/wp-json\/wp\/v2\/media\/48335"}],"wp:attachment":[{"href":"https:\/\/www.indieofilo.com\/en\/wp-json\/wp\/v2\/media?parent=48338"}],"wp:term":[{"taxonomy":"category","embeddable":true,"href":"https:\/\/www.indieofilo.com\/en\/wp-json\/wp\/v2\/categories?post=48338"},{"taxonomy":"post_tag","embeddable":true,"href":"https:\/\/www.indieofilo.com\/en\/wp-json\/wp\/v2\/tags?post=48338"}],"curies":[{"name":"wp","href":"https:\/\/api.w.org\/{rel}","templated":true}]}}