{"id":48319,"date":"2025-01-24T19:33:00","date_gmt":"2025-01-24T18:33:00","guid":{"rendered":"https:\/\/www.indieofilo.com\/news\/music\/barcelonas-festival-known-as-les-nits-de-barcelona-has-announced-the-main-part-of-its-lineup"},"modified":"2025-06-05T16:46:43","modified_gmt":"2025-06-05T14:46:43","slug":"barcelonas-festival-known-as-les-nits-de-barcelona-has-announced-the-main-part-of-its-lineup","status":"publish","type":"post","link":"https:\/\/www.indieofilo.com\/en\/news\/live-shows\/barcelonas-festival-known-as-les-nits-de-barcelona-has-announced-the-main-part-of-its-lineup","title":{"rendered":"Barcelona&#8217;s festival, known as Les Nits de Barcelona, has announced the main part of its lineup"},"content":{"rendered":"<p>True to their commitment to summer in Barcelona, the organisers of the <strong>Les Nits de Barcelona<\/strong> festival, the Clipper&#8217;s Group, have announced most of the line-up for the 2025 edition today. The festival will take place from 2 to 23 July in the idyllic setting of the Jardins del Palau de Pedralbes in the Catalan capital.<\/p>\n<p style=\"text-align: justify;\">Among the first names announced, <strong>Beth Gibbons<\/strong>, singer of Portishead, stands out as she will present her excellent debut solo album <em>Lives Outgrown<\/em> (2024) on 14 July. In addition, <strong>Morcheeba<\/strong> will perform on 7 July as part of their ongoing tour to promote <em>Blackest Blue<\/em> (2021), while on <strong>18 July<\/strong>, <strong>James<\/strong> will take to the stage to perform songs from their latest album <em>Yummy<\/em> (2024).<\/p>\n<p style=\"text-align: justify;\">The rest of the line-up includes <strong>Sara Baras<\/strong>; the country-pop duo <strong>Ha*Ash<\/strong>; <strong>Rosario<\/strong>; <strong>Chiara Oliver;<\/strong> <strong>Bj\u00f6rn Again<\/strong>, an Australian show based on the musical legacy of ABBA; the violinist <strong>Ara Malikian<\/strong>; the Catalan group <strong>Lax&#8217;n&#8217;Busto<\/strong>; the Queen tribute band <strong>God Save the Queen<\/strong>; <strong>Beret<\/strong>; <strong>Miki N\u00fa\u00f1ez<\/strong>; the Colombian artist <strong>Fonseca<\/strong>; <strong>Sopa de Cabra<\/strong>; and <strong>Il Divo<\/strong>, who will close the festival on <strong>23 July<\/strong>.<\/p>\n<p style=\"text-align: justify;\">In the words of <strong>Juli Guiu<\/strong>, the festival&#8217;s director: &#8220;<em>We strive to create a festival that brings together renowned musicians and offers a comprehensive cultural experience in the unique setting of los jardines del Palacio de Pedralbes. The 2025 edition strengthens our commitment to providing a diverse and high-quality programme that engages with audiences through music, gastronomy, and the performing arts. Each concert offers an opportunity to experience and celebrate culture in an unparalleled setting, further establishing Les Nits de Barcelona as a key cultural destination in the city.  <\/em>\u201d.<\/p>\n<p>Tickets for the concerts forming part of the festival will be available from 9:00 a.m. on Friday, January 31 on the <a href=\"http:\/\/www.nitsdebarcelonapedralbes.com.\" target=\"_blank\" rel=\"noopener\">festival&#8217;s official website<\/a>.<\/p>\n<p><img fetchpriority=\"high\" decoding=\"async\" class=\"aligncenter size-large wp-image-48316\" src=\"http:\/\/www.indieofilo.com\/wp-content\/uploads\/2025\/01\/Nits_Barcelona_2025-683x683.jpg\" alt=\"Les Nits de Barcelona 2025\" width=\"683\" height=\"683\" srcset=\"https:\/\/www.indieofilo.com\/wp-content\/uploads\/2025\/01\/Nits_Barcelona_2025-683x683.jpg 683w, https:\/\/www.indieofilo.com\/wp-content\/uploads\/2025\/01\/Nits_Barcelona_2025-533x533.jpg 533w, https:\/\/www.indieofilo.com\/wp-content\/uploads\/2025\/01\/Nits_Barcelona_2025-400x400.jpg 400w, https:\/\/www.indieofilo.com\/wp-content\/uploads\/2025\/01\/Nits_Barcelona_2025-768x768.jpg 768w, https:\/\/www.indieofilo.com\/wp-content\/uploads\/2025\/01\/Nits_Barcelona_2025-300x300.jpg 300w, https:\/\/www.indieofilo.com\/wp-content\/uploads\/2025\/01\/Nits_Barcelona_2025.jpg 800w\" sizes=\"(max-width: 683px) 100vw, 683px\" \/><\/p>\n","protected":false},"excerpt":{"rendered":"<p>True to their commitment to summer in Barcelona, the organisers of the Les Nits de Barcelona festival, the Clipper&#8217;s Group, have announced most of the line-up for the 2025 edition today. The festival will take place from 2 to 23 July in the idyllic setting of the Jardins del Palau de Pedralbes in the Catalan [&hellip;]<\/p>\n","protected":false},"author":1,"featured_media":48316,"comment_status":"open","ping_status":"closed","sticky":false,"template":"","format":"standard","meta":{"footnotes":""},"categories":[41,8],"tags":[7105,5793,7723,7724,7722],"class_list":["post-48319","post","type-post","status-publish","format-standard","has-post-thumbnail","hentry","category-live-shows","category-news","tag-beth-gibbons-en","tag-james-en","tag-les-nits-de-barcelona-en","tag-les-nits-de-barcelona-2025-en","tag-morcheeba-en"],"yoast_head":"<!-- This site is optimized with the Yoast SEO Premium plugin v23.9 (Yoast SEO v26.6) - https:\/\/yoast.com\/wordpress\/plugins\/seo\/ -->\n<title>Barcelona&#039;s festival, known as Les Nits de Barcelona, has announced the main part of its lineup - Indie\u00f3filo<\/title>\n<meta name=\"description\" content=\"Beth Gibbons, James and Morcheeba are among the artists performing at the Catalan festival, which will take place from 2 to 23 July at the Jardins del Palau de Pedralbes.\" \/>\n<meta name=\"robots\" content=\"index, follow, max-snippet:-1, max-image-preview:large, max-video-preview:-1\" \/>\n<link rel=\"canonical\" href=\"https:\/\/www.indieofilo.com\/en\/news\/live-shows\/barcelonas-festival-known-as-les-nits-de-barcelona-has-announced-the-main-part-of-its-lineup\" \/>\n<meta property=\"og:locale\" content=\"en_US\" \/>\n<meta property=\"og:type\" content=\"article\" \/>\n<meta property=\"og:title\" content=\"Barcelona&#039;s festival, known as Les Nits de Barcelona, has announced the main part of its lineup\" \/>\n<meta property=\"og:description\" content=\"Beth Gibbons, James and Morcheeba are among the artists performing at the Catalan festival, which will take place from 2 to 23 July at the Jardins del Palau de Pedralbes.\" \/>\n<meta property=\"og:url\" content=\"https:\/\/www.indieofilo.com\/en\/news\/live-shows\/barcelonas-festival-known-as-les-nits-de-barcelona-has-announced-the-main-part-of-its-lineup\" \/>\n<meta property=\"og:site_name\" content=\"Indie\u00f3filo\" \/>\n<meta property=\"article:publisher\" content=\"https:\/\/www.facebook.com\/Indieofilo\/\" \/>\n<meta property=\"article:published_time\" content=\"2025-01-24T18:33:00+00:00\" \/>\n<meta property=\"article:modified_time\" content=\"2025-06-05T14:46:43+00:00\" \/>\n<meta property=\"og:image\" content=\"http:\/\/www.indieofilo.com\/wp-content\/uploads\/2025\/01\/Nits_Barcelona_2025.jpg\" \/>\n\t<meta property=\"og:image:width\" content=\"800\" \/>\n\t<meta property=\"og:image:height\" content=\"800\" \/>\n\t<meta property=\"og:image:type\" content=\"image\/jpeg\" \/>\n<meta name=\"author\" content=\"Victor\" \/>\n<meta name=\"twitter:card\" content=\"summary_large_image\" \/>\n<meta name=\"twitter:creator\" content=\"@indieofilo\" \/>\n<meta name=\"twitter:site\" content=\"@indieofilo\" \/>\n<meta name=\"twitter:label1\" content=\"Written by\" \/>\n\t<meta name=\"twitter:data1\" content=\"Victor\" \/>\n\t<meta name=\"twitter:label2\" content=\"Est. reading time\" \/>\n\t<meta name=\"twitter:data2\" content=\"2 minutes\" \/>\n<script type=\"application\/ld+json\" class=\"yoast-schema-graph\">{\"@context\":\"https:\/\/schema.org\",\"@graph\":[{\"@type\":\"Article\",\"@id\":\"https:\/\/www.indieofilo.com\/en\/news\/live-shows\/barcelonas-festival-known-as-les-nits-de-barcelona-has-announced-the-main-part-of-its-lineup#article\",\"isPartOf\":{\"@id\":\"https:\/\/www.indieofilo.com\/en\/news\/live-shows\/barcelonas-festival-known-as-les-nits-de-barcelona-has-announced-the-main-part-of-its-lineup\"},\"author\":{\"name\":\"Victor\",\"@id\":\"https:\/\/www.indieofilo.com\/#\/schema\/person\/595334d38590e4ce5a09f83cbf2fca90\"},\"headline\":\"Barcelona&#8217;s festival, known as Les Nits de Barcelona, has announced the main part of its lineup\",\"datePublished\":\"2025-01-24T18:33:00+00:00\",\"dateModified\":\"2025-06-05T14:46:43+00:00\",\"mainEntityOfPage\":{\"@id\":\"https:\/\/www.indieofilo.com\/en\/news\/live-shows\/barcelonas-festival-known-as-les-nits-de-barcelona-has-announced-the-main-part-of-its-lineup\"},\"wordCount\":305,\"commentCount\":0,\"publisher\":{\"@id\":\"https:\/\/www.indieofilo.com\/#organization\"},\"image\":{\"@id\":\"https:\/\/www.indieofilo.com\/en\/news\/live-shows\/barcelonas-festival-known-as-les-nits-de-barcelona-has-announced-the-main-part-of-its-lineup#primaryimage\"},\"thumbnailUrl\":\"https:\/\/www.indieofilo.com\/wp-content\/uploads\/2025\/01\/Nits_Barcelona_2025.jpg\",\"keywords\":[\"Beth Gibbons\",\"James\",\"Les Nits de Barcelona\",\"Les Nits de Barcelona 2025\",\"Morcheeba\"],\"articleSection\":[\"Live Shows\",\"News\"],\"inLanguage\":\"en-US\",\"potentialAction\":[{\"@type\":\"CommentAction\",\"name\":\"Comment\",\"target\":[\"https:\/\/www.indieofilo.com\/en\/news\/live-shows\/barcelonas-festival-known-as-les-nits-de-barcelona-has-announced-the-main-part-of-its-lineup#respond\"]}]},{\"@type\":\"WebPage\",\"@id\":\"https:\/\/www.indieofilo.com\/en\/news\/live-shows\/barcelonas-festival-known-as-les-nits-de-barcelona-has-announced-the-main-part-of-its-lineup\",\"url\":\"https:\/\/www.indieofilo.com\/en\/news\/live-shows\/barcelonas-festival-known-as-les-nits-de-barcelona-has-announced-the-main-part-of-its-lineup\",\"name\":\"Barcelona's festival, known as Les Nits de Barcelona, has announced the main part of its lineup - Indie\u00f3filo\",\"isPartOf\":{\"@id\":\"https:\/\/www.indieofilo.com\/#website\"},\"primaryImageOfPage\":{\"@id\":\"https:\/\/www.indieofilo.com\/en\/news\/live-shows\/barcelonas-festival-known-as-les-nits-de-barcelona-has-announced-the-main-part-of-its-lineup#primaryimage\"},\"image\":{\"@id\":\"https:\/\/www.indieofilo.com\/en\/news\/live-shows\/barcelonas-festival-known-as-les-nits-de-barcelona-has-announced-the-main-part-of-its-lineup#primaryimage\"},\"thumbnailUrl\":\"https:\/\/www.indieofilo.com\/wp-content\/uploads\/2025\/01\/Nits_Barcelona_2025.jpg\",\"datePublished\":\"2025-01-24T18:33:00+00:00\",\"dateModified\":\"2025-06-05T14:46:43+00:00\",\"description\":\"Beth Gibbons, James and Morcheeba are among the artists performing at the Catalan festival, which will take place from 2 to 23 July at the Jardins del Palau de Pedralbes.\",\"breadcrumb\":{\"@id\":\"https:\/\/www.indieofilo.com\/en\/news\/live-shows\/barcelonas-festival-known-as-les-nits-de-barcelona-has-announced-the-main-part-of-its-lineup#breadcrumb\"},\"inLanguage\":\"en-US\",\"potentialAction\":[{\"@type\":\"ReadAction\",\"target\":[\"https:\/\/www.indieofilo.com\/en\/news\/live-shows\/barcelonas-festival-known-as-les-nits-de-barcelona-has-announced-the-main-part-of-its-lineup\"]}]},{\"@type\":\"ImageObject\",\"inLanguage\":\"en-US\",\"@id\":\"https:\/\/www.indieofilo.com\/en\/news\/live-shows\/barcelonas-festival-known-as-les-nits-de-barcelona-has-announced-the-main-part-of-its-lineup#primaryimage\",\"url\":\"https:\/\/www.indieofilo.com\/wp-content\/uploads\/2025\/01\/Nits_Barcelona_2025.jpg\",\"contentUrl\":\"https:\/\/www.indieofilo.com\/wp-content\/uploads\/2025\/01\/Nits_Barcelona_2025.jpg\",\"width\":800,\"height\":800,\"caption\":\"Les Nits de Barcelona 2025\"},{\"@type\":\"BreadcrumbList\",\"@id\":\"https:\/\/www.indieofilo.com\/en\/news\/live-shows\/barcelonas-festival-known-as-les-nits-de-barcelona-has-announced-the-main-part-of-its-lineup#breadcrumb\",\"itemListElement\":[{\"@type\":\"ListItem\",\"position\":1,\"name\":\"Portada\",\"item\":\"https:\/\/www.indieofilo.com\/en\"},{\"@type\":\"ListItem\",\"position\":2,\"name\":\"Barcelona&#8217;s festival, known as Les Nits de Barcelona, has announced the main part of its lineup\"}]},{\"@type\":\"WebSite\",\"@id\":\"https:\/\/www.indieofilo.com\/#website\",\"url\":\"https:\/\/www.indieofilo.com\/\",\"name\":\"Indie\u00f3filo\",\"description\":\"Magazine online de la cultura independiente\",\"publisher\":{\"@id\":\"https:\/\/www.indieofilo.com\/#organization\"},\"potentialAction\":[{\"@type\":\"SearchAction\",\"target\":{\"@type\":\"EntryPoint\",\"urlTemplate\":\"https:\/\/www.indieofilo.com\/?s={search_term_string}\"},\"query-input\":{\"@type\":\"PropertyValueSpecification\",\"valueRequired\":true,\"valueName\":\"search_term_string\"}}],\"inLanguage\":\"en-US\"},{\"@type\":\"Organization\",\"@id\":\"https:\/\/www.indieofilo.com\/#organization\",\"name\":\"Indie\u00f3filo Web\",\"url\":\"https:\/\/www.indieofilo.com\/\",\"logo\":{\"@type\":\"ImageObject\",\"inLanguage\":\"en-US\",\"@id\":\"https:\/\/www.indieofilo.com\/#\/schema\/logo\/image\/\",\"url\":\"https:\/\/www.indieofilo.com\/wp-content\/uploads\/2015\/02\/logo-alta-resolucion.png\",\"contentUrl\":\"https:\/\/www.indieofilo.com\/wp-content\/uploads\/2015\/02\/logo-alta-resolucion.png\",\"width\":544,\"height\":185,\"caption\":\"Indie\u00f3filo Web\"},\"image\":{\"@id\":\"https:\/\/www.indieofilo.com\/#\/schema\/logo\/image\/\"},\"sameAs\":[\"https:\/\/www.facebook.com\/Indieofilo\/\",\"https:\/\/x.com\/indieofilo\",\"https:\/\/www.instagram.com\/indieofilo\/\"]},{\"@type\":\"Person\",\"@id\":\"https:\/\/www.indieofilo.com\/#\/schema\/person\/595334d38590e4ce5a09f83cbf2fca90\",\"name\":\"Victor\",\"image\":{\"@type\":\"ImageObject\",\"inLanguage\":\"en-US\",\"@id\":\"https:\/\/www.indieofilo.com\/#\/schema\/person\/image\/\",\"url\":\"https:\/\/secure.gravatar.com\/avatar\/682b8c6ea3e94b6cffec683b25f1797d?s=96&d=mm&r=g\",\"contentUrl\":\"https:\/\/secure.gravatar.com\/avatar\/682b8c6ea3e94b6cffec683b25f1797d?s=96&d=mm&r=g\",\"caption\":\"Victor\"},\"description\":\"Fan\u00e1tico de la m\u00fasica desde que mis padres me pon\u00edan a Eydie Gorme y Los Panchos o el Discotuna por la A2. Intent\u00e9 tocar varios instrumentos, pero soy muy torpe con la mano izquierda, as\u00ed que ya sab\u00e9is el resultado final. Fan del britpop, Post-punk, el rugby y el baloncesto...\",\"sameAs\":[\"http:\/\/indieofilo.com\"],\"url\":\"https:\/\/www.indieofilo.com\/en\/author\/victor\"}]}<\/script>\n<!-- \/ Yoast SEO Premium plugin. -->","yoast_head_json":{"title":"Barcelona's festival, known as Les Nits de Barcelona, has announced the main part of its lineup - Indie\u00f3filo","description":"Beth Gibbons, James and Morcheeba are among the artists performing at the Catalan festival, which will take place from 2 to 23 July at the Jardins del Palau de Pedralbes.","robots":{"index":"index","follow":"follow","max-snippet":"max-snippet:-1","max-image-preview":"max-image-preview:large","max-video-preview":"max-video-preview:-1"},"canonical":"https:\/\/www.indieofilo.com\/en\/news\/live-shows\/barcelonas-festival-known-as-les-nits-de-barcelona-has-announced-the-main-part-of-its-lineup","og_locale":"en_US","og_type":"article","og_title":"Barcelona's festival, known as Les Nits de Barcelona, has announced the main part of its lineup","og_description":"Beth Gibbons, James and Morcheeba are among the artists performing at the Catalan festival, which will take place from 2 to 23 July at the Jardins del Palau de Pedralbes.","og_url":"https:\/\/www.indieofilo.com\/en\/news\/live-shows\/barcelonas-festival-known-as-les-nits-de-barcelona-has-announced-the-main-part-of-its-lineup","og_site_name":"Indie\u00f3filo","article_publisher":"https:\/\/www.facebook.com\/Indieofilo\/","article_published_time":"2025-01-24T18:33:00+00:00","article_modified_time":"2025-06-05T14:46:43+00:00","og_image":[{"width":800,"height":800,"url":"http:\/\/www.indieofilo.com\/wp-content\/uploads\/2025\/01\/Nits_Barcelona_2025.jpg","type":"image\/jpeg"}],"author":"Victor","twitter_card":"summary_large_image","twitter_creator":"@indieofilo","twitter_site":"@indieofilo","twitter_misc":{"Written by":"Victor","Est. reading time":"2 minutes"},"schema":{"@context":"https:\/\/schema.org","@graph":[{"@type":"Article","@id":"https:\/\/www.indieofilo.com\/en\/news\/live-shows\/barcelonas-festival-known-as-les-nits-de-barcelona-has-announced-the-main-part-of-its-lineup#article","isPartOf":{"@id":"https:\/\/www.indieofilo.com\/en\/news\/live-shows\/barcelonas-festival-known-as-les-nits-de-barcelona-has-announced-the-main-part-of-its-lineup"},"author":{"name":"Victor","@id":"https:\/\/www.indieofilo.com\/#\/schema\/person\/595334d38590e4ce5a09f83cbf2fca90"},"headline":"Barcelona&#8217;s festival, known as Les Nits de Barcelona, has announced the main part of its lineup","datePublished":"2025-01-24T18:33:00+00:00","dateModified":"2025-06-05T14:46:43+00:00","mainEntityOfPage":{"@id":"https:\/\/www.indieofilo.com\/en\/news\/live-shows\/barcelonas-festival-known-as-les-nits-de-barcelona-has-announced-the-main-part-of-its-lineup"},"wordCount":305,"commentCount":0,"publisher":{"@id":"https:\/\/www.indieofilo.com\/#organization"},"image":{"@id":"https:\/\/www.indieofilo.com\/en\/news\/live-shows\/barcelonas-festival-known-as-les-nits-de-barcelona-has-announced-the-main-part-of-its-lineup#primaryimage"},"thumbnailUrl":"https:\/\/www.indieofilo.com\/wp-content\/uploads\/2025\/01\/Nits_Barcelona_2025.jpg","keywords":["Beth Gibbons","James","Les Nits de Barcelona","Les Nits de Barcelona 2025","Morcheeba"],"articleSection":["Live Shows","News"],"inLanguage":"en-US","potentialAction":[{"@type":"CommentAction","name":"Comment","target":["https:\/\/www.indieofilo.com\/en\/news\/live-shows\/barcelonas-festival-known-as-les-nits-de-barcelona-has-announced-the-main-part-of-its-lineup#respond"]}]},{"@type":"WebPage","@id":"https:\/\/www.indieofilo.com\/en\/news\/live-shows\/barcelonas-festival-known-as-les-nits-de-barcelona-has-announced-the-main-part-of-its-lineup","url":"https:\/\/www.indieofilo.com\/en\/news\/live-shows\/barcelonas-festival-known-as-les-nits-de-barcelona-has-announced-the-main-part-of-its-lineup","name":"Barcelona's festival, known as Les Nits de Barcelona, has announced the main part of its lineup - Indie\u00f3filo","isPartOf":{"@id":"https:\/\/www.indieofilo.com\/#website"},"primaryImageOfPage":{"@id":"https:\/\/www.indieofilo.com\/en\/news\/live-shows\/barcelonas-festival-known-as-les-nits-de-barcelona-has-announced-the-main-part-of-its-lineup#primaryimage"},"image":{"@id":"https:\/\/www.indieofilo.com\/en\/news\/live-shows\/barcelonas-festival-known-as-les-nits-de-barcelona-has-announced-the-main-part-of-its-lineup#primaryimage"},"thumbnailUrl":"https:\/\/www.indieofilo.com\/wp-content\/uploads\/2025\/01\/Nits_Barcelona_2025.jpg","datePublished":"2025-01-24T18:33:00+00:00","dateModified":"2025-06-05T14:46:43+00:00","description":"Beth Gibbons, James and Morcheeba are among the artists performing at the Catalan festival, which will take place from 2 to 23 July at the Jardins del Palau de Pedralbes.","breadcrumb":{"@id":"https:\/\/www.indieofilo.com\/en\/news\/live-shows\/barcelonas-festival-known-as-les-nits-de-barcelona-has-announced-the-main-part-of-its-lineup#breadcrumb"},"inLanguage":"en-US","potentialAction":[{"@type":"ReadAction","target":["https:\/\/www.indieofilo.com\/en\/news\/live-shows\/barcelonas-festival-known-as-les-nits-de-barcelona-has-announced-the-main-part-of-its-lineup"]}]},{"@type":"ImageObject","inLanguage":"en-US","@id":"https:\/\/www.indieofilo.com\/en\/news\/live-shows\/barcelonas-festival-known-as-les-nits-de-barcelona-has-announced-the-main-part-of-its-lineup#primaryimage","url":"https:\/\/www.indieofilo.com\/wp-content\/uploads\/2025\/01\/Nits_Barcelona_2025.jpg","contentUrl":"https:\/\/www.indieofilo.com\/wp-content\/uploads\/2025\/01\/Nits_Barcelona_2025.jpg","width":800,"height":800,"caption":"Les Nits de Barcelona 2025"},{"@type":"BreadcrumbList","@id":"https:\/\/www.indieofilo.com\/en\/news\/live-shows\/barcelonas-festival-known-as-les-nits-de-barcelona-has-announced-the-main-part-of-its-lineup#breadcrumb","itemListElement":[{"@type":"ListItem","position":1,"name":"Portada","item":"https:\/\/www.indieofilo.com\/en"},{"@type":"ListItem","position":2,"name":"Barcelona&#8217;s festival, known as Les Nits de Barcelona, has announced the main part of its lineup"}]},{"@type":"WebSite","@id":"https:\/\/www.indieofilo.com\/#website","url":"https:\/\/www.indieofilo.com\/","name":"Indie\u00f3filo","description":"Magazine online de la cultura independiente","publisher":{"@id":"https:\/\/www.indieofilo.com\/#organization"},"potentialAction":[{"@type":"SearchAction","target":{"@type":"EntryPoint","urlTemplate":"https:\/\/www.indieofilo.com\/?s={search_term_string}"},"query-input":{"@type":"PropertyValueSpecification","valueRequired":true,"valueName":"search_term_string"}}],"inLanguage":"en-US"},{"@type":"Organization","@id":"https:\/\/www.indieofilo.com\/#organization","name":"Indie\u00f3filo Web","url":"https:\/\/www.indieofilo.com\/","logo":{"@type":"ImageObject","inLanguage":"en-US","@id":"https:\/\/www.indieofilo.com\/#\/schema\/logo\/image\/","url":"https:\/\/www.indieofilo.com\/wp-content\/uploads\/2015\/02\/logo-alta-resolucion.png","contentUrl":"https:\/\/www.indieofilo.com\/wp-content\/uploads\/2015\/02\/logo-alta-resolucion.png","width":544,"height":185,"caption":"Indie\u00f3filo Web"},"image":{"@id":"https:\/\/www.indieofilo.com\/#\/schema\/logo\/image\/"},"sameAs":["https:\/\/www.facebook.com\/Indieofilo\/","https:\/\/x.com\/indieofilo","https:\/\/www.instagram.com\/indieofilo\/"]},{"@type":"Person","@id":"https:\/\/www.indieofilo.com\/#\/schema\/person\/595334d38590e4ce5a09f83cbf2fca90","name":"Victor","image":{"@type":"ImageObject","inLanguage":"en-US","@id":"https:\/\/www.indieofilo.com\/#\/schema\/person\/image\/","url":"https:\/\/secure.gravatar.com\/avatar\/682b8c6ea3e94b6cffec683b25f1797d?s=96&d=mm&r=g","contentUrl":"https:\/\/secure.gravatar.com\/avatar\/682b8c6ea3e94b6cffec683b25f1797d?s=96&d=mm&r=g","caption":"Victor"},"description":"Fan\u00e1tico de la m\u00fasica desde que mis padres me pon\u00edan a Eydie Gorme y Los Panchos o el Discotuna por la A2. Intent\u00e9 tocar varios instrumentos, pero soy muy torpe con la mano izquierda, as\u00ed que ya sab\u00e9is el resultado final. Fan del britpop, Post-punk, el rugby y el baloncesto...","sameAs":["http:\/\/indieofilo.com"],"url":"https:\/\/www.indieofilo.com\/en\/author\/victor"}]}},"_links":{"self":[{"href":"https:\/\/www.indieofilo.com\/en\/wp-json\/wp\/v2\/posts\/48319","targetHints":{"allow":["GET"]}}],"collection":[{"href":"https:\/\/www.indieofilo.com\/en\/wp-json\/wp\/v2\/posts"}],"about":[{"href":"https:\/\/www.indieofilo.com\/en\/wp-json\/wp\/v2\/types\/post"}],"author":[{"embeddable":true,"href":"https:\/\/www.indieofilo.com\/en\/wp-json\/wp\/v2\/users\/1"}],"replies":[{"embeddable":true,"href":"https:\/\/www.indieofilo.com\/en\/wp-json\/wp\/v2\/comments?post=48319"}],"version-history":[{"count":0,"href":"https:\/\/www.indieofilo.com\/en\/wp-json\/wp\/v2\/posts\/48319\/revisions"}],"wp:featuredmedia":[{"embeddable":true,"href":"https:\/\/www.indieofilo.com\/en\/wp-json\/wp\/v2\/media\/48316"}],"wp:attachment":[{"href":"https:\/\/www.indieofilo.com\/en\/wp-json\/wp\/v2\/media?parent=48319"}],"wp:term":[{"taxonomy":"category","embeddable":true,"href":"https:\/\/www.indieofilo.com\/en\/wp-json\/wp\/v2\/categories?post=48319"},{"taxonomy":"post_tag","embeddable":true,"href":"https:\/\/www.indieofilo.com\/en\/wp-json\/wp\/v2\/tags?post=48319"}],"curies":[{"name":"wp","href":"https:\/\/api.w.org\/{rel}","templated":true}]}}