{"id":483,"date":"2014-09-06T17:05:02","date_gmt":"2014-09-06T15:05:02","guid":{"rendered":"http:\/\/testing.indieofilo.com\/?p=483"},"modified":"2023-09-22T00:32:13","modified_gmt":"2023-09-21T22:32:13","slug":"fever-the-ghost-the-mispers-and-saint-motel-confirmed-for-london-calling-november-2014","status":"publish","type":"post","link":"https:\/\/www.indieofilo.com\/en\/news\/fever-the-ghost-the-mispers-and-saint-motel-confirmed-for-london-calling-november-2014","title":{"rendered":"Fever The Ghost, The Mispers and Saint Motel confirmed for London Calling November 2014"},"content":{"rendered":"<p style=\"text-align: center; \">\n\t<img fetchpriority=\"high\" decoding=\"async\" alt=\"londoncallingnovember2014\" class=\"aligncenter size-full wp-image-465\" height=\"174\" src=\"http:\/\/indieofilo.com\/wp-content\/uploads\/2015\/01\/londoncallingnovember2014.png\" style=\"\" title=\"\" width=\"500\" srcset=\"https:\/\/www.indieofilo.com\/wp-content\/uploads\/2015\/01\/londoncallingnovember2014.png 500w, https:\/\/www.indieofilo.com\/wp-content\/uploads\/2015\/01\/londoncallingnovember2014-300x104.png 300w\" sizes=\"(max-width: 500px) 100vw, 500px\" \/><\/p>\n<p style=\"text-align: justify; \">\n\tThe<strong> November <\/strong>edition of the <strong>London Calling festival 2014<\/strong>, who will take place on Friday 31<sup>th<\/sup> October and Saturday 1<sup>st<\/sup> November has just announced three new bands for its line-up, that already includes great names like <em>Sebadoh<\/em> or <em>Spoon.<\/em>&nbsp;The&nbsp;<span style=\"line-height: 19.2000007629395px;\">band from Los Angeles&nbsp;<\/span><span style=\"line-height: 1.6;\"><strong>Fever The <\/strong><\/span><strong style=\"text-align: justify;\">Ghost<\/strong><span style=\"line-height: 1.6;\"><strong>&nbsp;<\/strong>with their psychedelic-crazy pop songs closer to MGMT are the main name, followed by the mix of folk and rock of British&nbsp;<strong>The Mispers<\/strong> and dance style of Americans<\/span><span style=\"line-height: 1.6;\">&nbsp;<strong>Saint Motel<\/strong>, that this summer became famous thank to their hit&nbsp;<\/span><span style=\"line-height: 19.2000007629395px;\">&#39;<em>My Type<\/em>&#39; .<\/span><\/p>\n<p style=\"text-align: justify; \">\n\tWe remember you that tickets are available <a href=\"http:\/\/www.londoncalling.nl\/?page_id=18\">at the festival official Website<\/a> since 27th June with a price of &euro;20 for a day ticket and &euro;35 for the two days (both without hall fee).<\/p>\n","protected":false},"excerpt":{"rendered":"<p>The November edition of the London Calling festival 2014, who will take place on Friday 31th October and Saturday 1st November has just announced three new bands for its line-up, that already includes great names like Sebadoh or Spoon.&nbsp;The&nbsp;band from Los Angeles&nbsp;Fever The Ghost&nbsp;with their psychedelic-crazy pop songs closer to MGMT are the main name, [&hellip;]<\/p>\n","protected":false},"author":1,"featured_media":17811,"comment_status":"open","ping_status":"closed","sticky":false,"template":"","format":"video","meta":{"footnotes":""},"categories":[41,8],"tags":[6583,5823,6585,5744,6588],"class_list":["post-483","post","type-post","status-publish","format-video","has-post-thumbnail","hentry","category-live-shows","category-news","tag-fever-the-ghost-en","tag-london-calling-en","tag-london-calling-november-2014-en","tag-saint-motel-en","tag-the-mispers-en","post_format-post-format-video"],"yoast_head":"<!-- This site is optimized with the Yoast SEO Premium plugin v23.9 (Yoast SEO v26.6) - https:\/\/yoast.com\/wordpress\/plugins\/seo\/ -->\n<title>Fever the Ghost confirmed for London Calling November 2014<\/title>\n<meta name=\"description\" content=\"Fever The Ghost,\u00a0The Mispers and Saint Motel, new bands confirmed for London Calling November 2014\" \/>\n<meta name=\"robots\" content=\"index, follow, max-snippet:-1, max-image-preview:large, max-video-preview:-1\" \/>\n<link rel=\"canonical\" href=\"https:\/\/www.indieofilo.com\/en\/news\/fever-the-ghost-the-mispers-and-saint-motel-confirmed-for-london-calling-november-2014\" \/>\n<meta property=\"og:locale\" content=\"en_US\" \/>\n<meta property=\"og:type\" content=\"article\" \/>\n<meta property=\"og:title\" content=\"Fever The Ghost, The Mispers and Saint Motel confirmed for London Calling November 2014\" \/>\n<meta property=\"og:description\" content=\"Fever The Ghost,\u00a0The Mispers and Saint Motel, new bands confirmed for London Calling November 2014\" \/>\n<meta property=\"og:url\" content=\"https:\/\/www.indieofilo.com\/en\/news\/fever-the-ghost-the-mispers-and-saint-motel-confirmed-for-london-calling-november-2014\" \/>\n<meta property=\"og:site_name\" content=\"Indie\u00f3filo\" \/>\n<meta property=\"article:publisher\" content=\"https:\/\/www.facebook.com\/Indieofilo\/\" \/>\n<meta property=\"article:published_time\" content=\"2014-09-06T15:05:02+00:00\" \/>\n<meta property=\"article:modified_time\" content=\"2023-09-21T22:32:13+00:00\" \/>\n<meta property=\"og:image\" content=\"https:\/\/www.indieofilo.com\/wp-content\/uploads\/2015\/01\/londoncallingnovember2014.png\" \/>\n\t<meta property=\"og:image:width\" content=\"500\" \/>\n\t<meta property=\"og:image:height\" content=\"174\" \/>\n\t<meta property=\"og:image:type\" content=\"image\/png\" \/>\n<meta name=\"author\" content=\"Victor\" \/>\n<meta name=\"twitter:card\" content=\"summary_large_image\" \/>\n<meta name=\"twitter:creator\" content=\"@indieofilo\" \/>\n<meta name=\"twitter:site\" content=\"@indieofilo\" \/>\n<meta name=\"twitter:label1\" content=\"Written by\" \/>\n\t<meta name=\"twitter:data1\" content=\"Victor\" \/>\n\t<meta name=\"twitter:label2\" content=\"Est. reading time\" \/>\n\t<meta name=\"twitter:data2\" content=\"1 minute\" \/>\n<script type=\"application\/ld+json\" class=\"yoast-schema-graph\">{\"@context\":\"https:\/\/schema.org\",\"@graph\":[{\"@type\":\"Article\",\"@id\":\"https:\/\/www.indieofilo.com\/en\/news\/fever-the-ghost-the-mispers-and-saint-motel-confirmed-for-london-calling-november-2014#article\",\"isPartOf\":{\"@id\":\"https:\/\/www.indieofilo.com\/en\/news\/fever-the-ghost-the-mispers-and-saint-motel-confirmed-for-london-calling-november-2014\"},\"author\":{\"name\":\"Victor\",\"@id\":\"https:\/\/www.indieofilo.com\/#\/schema\/person\/595334d38590e4ce5a09f83cbf2fca90\"},\"headline\":\"Fever The Ghost, The Mispers and Saint Motel confirmed for London Calling November 2014\",\"datePublished\":\"2014-09-06T15:05:02+00:00\",\"dateModified\":\"2023-09-21T22:32:13+00:00\",\"mainEntityOfPage\":{\"@id\":\"https:\/\/www.indieofilo.com\/en\/news\/fever-the-ghost-the-mispers-and-saint-motel-confirmed-for-london-calling-november-2014\"},\"wordCount\":142,\"commentCount\":0,\"publisher\":{\"@id\":\"https:\/\/www.indieofilo.com\/#organization\"},\"image\":{\"@id\":\"https:\/\/www.indieofilo.com\/en\/news\/fever-the-ghost-the-mispers-and-saint-motel-confirmed-for-london-calling-november-2014#primaryimage\"},\"thumbnailUrl\":\"https:\/\/www.indieofilo.com\/wp-content\/uploads\/2015\/01\/londoncallingnovember2014.png\",\"keywords\":[\"Fever The Ghost\",\"London Calling\",\"London Calling November 2014\",\"Saint Motel\",\"The Mispers\"],\"articleSection\":[\"Live Shows\",\"News\"],\"inLanguage\":\"en-US\",\"potentialAction\":[{\"@type\":\"CommentAction\",\"name\":\"Comment\",\"target\":[\"https:\/\/www.indieofilo.com\/en\/news\/fever-the-ghost-the-mispers-and-saint-motel-confirmed-for-london-calling-november-2014#respond\"]}]},{\"@type\":\"WebPage\",\"@id\":\"https:\/\/www.indieofilo.com\/en\/news\/fever-the-ghost-the-mispers-and-saint-motel-confirmed-for-london-calling-november-2014\",\"url\":\"https:\/\/www.indieofilo.com\/en\/news\/fever-the-ghost-the-mispers-and-saint-motel-confirmed-for-london-calling-november-2014\",\"name\":\"Fever the Ghost confirmed for London Calling November 2014\",\"isPartOf\":{\"@id\":\"https:\/\/www.indieofilo.com\/#website\"},\"primaryImageOfPage\":{\"@id\":\"https:\/\/www.indieofilo.com\/en\/news\/fever-the-ghost-the-mispers-and-saint-motel-confirmed-for-london-calling-november-2014#primaryimage\"},\"image\":{\"@id\":\"https:\/\/www.indieofilo.com\/en\/news\/fever-the-ghost-the-mispers-and-saint-motel-confirmed-for-london-calling-november-2014#primaryimage\"},\"thumbnailUrl\":\"https:\/\/www.indieofilo.com\/wp-content\/uploads\/2015\/01\/londoncallingnovember2014.png\",\"datePublished\":\"2014-09-06T15:05:02+00:00\",\"dateModified\":\"2023-09-21T22:32:13+00:00\",\"description\":\"Fever The Ghost,\u00a0The Mispers and Saint Motel, new bands confirmed for London Calling November 2014\",\"breadcrumb\":{\"@id\":\"https:\/\/www.indieofilo.com\/en\/news\/fever-the-ghost-the-mispers-and-saint-motel-confirmed-for-london-calling-november-2014#breadcrumb\"},\"inLanguage\":\"en-US\",\"potentialAction\":[{\"@type\":\"ReadAction\",\"target\":[\"https:\/\/www.indieofilo.com\/en\/news\/fever-the-ghost-the-mispers-and-saint-motel-confirmed-for-london-calling-november-2014\"]}]},{\"@type\":\"ImageObject\",\"inLanguage\":\"en-US\",\"@id\":\"https:\/\/www.indieofilo.com\/en\/news\/fever-the-ghost-the-mispers-and-saint-motel-confirmed-for-london-calling-november-2014#primaryimage\",\"url\":\"https:\/\/www.indieofilo.com\/wp-content\/uploads\/2015\/01\/londoncallingnovember2014.png\",\"contentUrl\":\"https:\/\/www.indieofilo.com\/wp-content\/uploads\/2015\/01\/londoncallingnovember2014.png\",\"width\":500,\"height\":174},{\"@type\":\"BreadcrumbList\",\"@id\":\"https:\/\/www.indieofilo.com\/en\/news\/fever-the-ghost-the-mispers-and-saint-motel-confirmed-for-london-calling-november-2014#breadcrumb\",\"itemListElement\":[{\"@type\":\"ListItem\",\"position\":1,\"name\":\"Portada\",\"item\":\"https:\/\/www.indieofilo.com\/en\"},{\"@type\":\"ListItem\",\"position\":2,\"name\":\"Fever The Ghost, The Mispers and Saint Motel confirmed for London Calling November 2014\"}]},{\"@type\":\"WebSite\",\"@id\":\"https:\/\/www.indieofilo.com\/#website\",\"url\":\"https:\/\/www.indieofilo.com\/\",\"name\":\"Indie\u00f3filo\",\"description\":\"Magazine online de la cultura independiente\",\"publisher\":{\"@id\":\"https:\/\/www.indieofilo.com\/#organization\"},\"potentialAction\":[{\"@type\":\"SearchAction\",\"target\":{\"@type\":\"EntryPoint\",\"urlTemplate\":\"https:\/\/www.indieofilo.com\/?s={search_term_string}\"},\"query-input\":{\"@type\":\"PropertyValueSpecification\",\"valueRequired\":true,\"valueName\":\"search_term_string\"}}],\"inLanguage\":\"en-US\"},{\"@type\":\"Organization\",\"@id\":\"https:\/\/www.indieofilo.com\/#organization\",\"name\":\"Indie\u00f3filo Web\",\"url\":\"https:\/\/www.indieofilo.com\/\",\"logo\":{\"@type\":\"ImageObject\",\"inLanguage\":\"en-US\",\"@id\":\"https:\/\/www.indieofilo.com\/#\/schema\/logo\/image\/\",\"url\":\"https:\/\/www.indieofilo.com\/wp-content\/uploads\/2015\/02\/logo-alta-resolucion.png\",\"contentUrl\":\"https:\/\/www.indieofilo.com\/wp-content\/uploads\/2015\/02\/logo-alta-resolucion.png\",\"width\":544,\"height\":185,\"caption\":\"Indie\u00f3filo Web\"},\"image\":{\"@id\":\"https:\/\/www.indieofilo.com\/#\/schema\/logo\/image\/\"},\"sameAs\":[\"https:\/\/www.facebook.com\/Indieofilo\/\",\"https:\/\/x.com\/indieofilo\",\"https:\/\/www.instagram.com\/indieofilo\/\"]},{\"@type\":\"Person\",\"@id\":\"https:\/\/www.indieofilo.com\/#\/schema\/person\/595334d38590e4ce5a09f83cbf2fca90\",\"name\":\"Victor\",\"image\":{\"@type\":\"ImageObject\",\"inLanguage\":\"en-US\",\"@id\":\"https:\/\/www.indieofilo.com\/#\/schema\/person\/image\/\",\"url\":\"https:\/\/secure.gravatar.com\/avatar\/682b8c6ea3e94b6cffec683b25f1797d?s=96&d=mm&r=g\",\"contentUrl\":\"https:\/\/secure.gravatar.com\/avatar\/682b8c6ea3e94b6cffec683b25f1797d?s=96&d=mm&r=g\",\"caption\":\"Victor\"},\"description\":\"Fan\u00e1tico de la m\u00fasica desde que mis padres me pon\u00edan a Eydie Gorme y Los Panchos o el Discotuna por la A2. Intent\u00e9 tocar varios instrumentos, pero soy muy torpe con la mano izquierda, as\u00ed que ya sab\u00e9is el resultado final. Fan del britpop, Post-punk, el rugby y el baloncesto...\",\"sameAs\":[\"http:\/\/indieofilo.com\"],\"url\":\"https:\/\/www.indieofilo.com\/en\/author\/victor\"}]}<\/script>\n<!-- \/ Yoast SEO Premium plugin. -->","yoast_head_json":{"title":"Fever the Ghost confirmed for London Calling November 2014","description":"Fever The Ghost,\u00a0The Mispers and Saint Motel, new bands confirmed for London Calling November 2014","robots":{"index":"index","follow":"follow","max-snippet":"max-snippet:-1","max-image-preview":"max-image-preview:large","max-video-preview":"max-video-preview:-1"},"canonical":"https:\/\/www.indieofilo.com\/en\/news\/fever-the-ghost-the-mispers-and-saint-motel-confirmed-for-london-calling-november-2014","og_locale":"en_US","og_type":"article","og_title":"Fever The Ghost, The Mispers and Saint Motel confirmed for London Calling November 2014","og_description":"Fever The Ghost,\u00a0The Mispers and Saint Motel, new bands confirmed for London Calling November 2014","og_url":"https:\/\/www.indieofilo.com\/en\/news\/fever-the-ghost-the-mispers-and-saint-motel-confirmed-for-london-calling-november-2014","og_site_name":"Indie\u00f3filo","article_publisher":"https:\/\/www.facebook.com\/Indieofilo\/","article_published_time":"2014-09-06T15:05:02+00:00","article_modified_time":"2023-09-21T22:32:13+00:00","og_image":[{"width":500,"height":174,"url":"https:\/\/www.indieofilo.com\/wp-content\/uploads\/2015\/01\/londoncallingnovember2014.png","type":"image\/png"}],"author":"Victor","twitter_card":"summary_large_image","twitter_creator":"@indieofilo","twitter_site":"@indieofilo","twitter_misc":{"Written by":"Victor","Est. reading time":"1 minute"},"schema":{"@context":"https:\/\/schema.org","@graph":[{"@type":"Article","@id":"https:\/\/www.indieofilo.com\/en\/news\/fever-the-ghost-the-mispers-and-saint-motel-confirmed-for-london-calling-november-2014#article","isPartOf":{"@id":"https:\/\/www.indieofilo.com\/en\/news\/fever-the-ghost-the-mispers-and-saint-motel-confirmed-for-london-calling-november-2014"},"author":{"name":"Victor","@id":"https:\/\/www.indieofilo.com\/#\/schema\/person\/595334d38590e4ce5a09f83cbf2fca90"},"headline":"Fever The Ghost, The Mispers and Saint Motel confirmed for London Calling November 2014","datePublished":"2014-09-06T15:05:02+00:00","dateModified":"2023-09-21T22:32:13+00:00","mainEntityOfPage":{"@id":"https:\/\/www.indieofilo.com\/en\/news\/fever-the-ghost-the-mispers-and-saint-motel-confirmed-for-london-calling-november-2014"},"wordCount":142,"commentCount":0,"publisher":{"@id":"https:\/\/www.indieofilo.com\/#organization"},"image":{"@id":"https:\/\/www.indieofilo.com\/en\/news\/fever-the-ghost-the-mispers-and-saint-motel-confirmed-for-london-calling-november-2014#primaryimage"},"thumbnailUrl":"https:\/\/www.indieofilo.com\/wp-content\/uploads\/2015\/01\/londoncallingnovember2014.png","keywords":["Fever The Ghost","London Calling","London Calling November 2014","Saint Motel","The Mispers"],"articleSection":["Live Shows","News"],"inLanguage":"en-US","potentialAction":[{"@type":"CommentAction","name":"Comment","target":["https:\/\/www.indieofilo.com\/en\/news\/fever-the-ghost-the-mispers-and-saint-motel-confirmed-for-london-calling-november-2014#respond"]}]},{"@type":"WebPage","@id":"https:\/\/www.indieofilo.com\/en\/news\/fever-the-ghost-the-mispers-and-saint-motel-confirmed-for-london-calling-november-2014","url":"https:\/\/www.indieofilo.com\/en\/news\/fever-the-ghost-the-mispers-and-saint-motel-confirmed-for-london-calling-november-2014","name":"Fever the Ghost confirmed for London Calling November 2014","isPartOf":{"@id":"https:\/\/www.indieofilo.com\/#website"},"primaryImageOfPage":{"@id":"https:\/\/www.indieofilo.com\/en\/news\/fever-the-ghost-the-mispers-and-saint-motel-confirmed-for-london-calling-november-2014#primaryimage"},"image":{"@id":"https:\/\/www.indieofilo.com\/en\/news\/fever-the-ghost-the-mispers-and-saint-motel-confirmed-for-london-calling-november-2014#primaryimage"},"thumbnailUrl":"https:\/\/www.indieofilo.com\/wp-content\/uploads\/2015\/01\/londoncallingnovember2014.png","datePublished":"2014-09-06T15:05:02+00:00","dateModified":"2023-09-21T22:32:13+00:00","description":"Fever The Ghost,\u00a0The Mispers and Saint Motel, new bands confirmed for London Calling November 2014","breadcrumb":{"@id":"https:\/\/www.indieofilo.com\/en\/news\/fever-the-ghost-the-mispers-and-saint-motel-confirmed-for-london-calling-november-2014#breadcrumb"},"inLanguage":"en-US","potentialAction":[{"@type":"ReadAction","target":["https:\/\/www.indieofilo.com\/en\/news\/fever-the-ghost-the-mispers-and-saint-motel-confirmed-for-london-calling-november-2014"]}]},{"@type":"ImageObject","inLanguage":"en-US","@id":"https:\/\/www.indieofilo.com\/en\/news\/fever-the-ghost-the-mispers-and-saint-motel-confirmed-for-london-calling-november-2014#primaryimage","url":"https:\/\/www.indieofilo.com\/wp-content\/uploads\/2015\/01\/londoncallingnovember2014.png","contentUrl":"https:\/\/www.indieofilo.com\/wp-content\/uploads\/2015\/01\/londoncallingnovember2014.png","width":500,"height":174},{"@type":"BreadcrumbList","@id":"https:\/\/www.indieofilo.com\/en\/news\/fever-the-ghost-the-mispers-and-saint-motel-confirmed-for-london-calling-november-2014#breadcrumb","itemListElement":[{"@type":"ListItem","position":1,"name":"Portada","item":"https:\/\/www.indieofilo.com\/en"},{"@type":"ListItem","position":2,"name":"Fever The Ghost, The Mispers and Saint Motel confirmed for London Calling November 2014"}]},{"@type":"WebSite","@id":"https:\/\/www.indieofilo.com\/#website","url":"https:\/\/www.indieofilo.com\/","name":"Indie\u00f3filo","description":"Magazine online de la cultura independiente","publisher":{"@id":"https:\/\/www.indieofilo.com\/#organization"},"potentialAction":[{"@type":"SearchAction","target":{"@type":"EntryPoint","urlTemplate":"https:\/\/www.indieofilo.com\/?s={search_term_string}"},"query-input":{"@type":"PropertyValueSpecification","valueRequired":true,"valueName":"search_term_string"}}],"inLanguage":"en-US"},{"@type":"Organization","@id":"https:\/\/www.indieofilo.com\/#organization","name":"Indie\u00f3filo Web","url":"https:\/\/www.indieofilo.com\/","logo":{"@type":"ImageObject","inLanguage":"en-US","@id":"https:\/\/www.indieofilo.com\/#\/schema\/logo\/image\/","url":"https:\/\/www.indieofilo.com\/wp-content\/uploads\/2015\/02\/logo-alta-resolucion.png","contentUrl":"https:\/\/www.indieofilo.com\/wp-content\/uploads\/2015\/02\/logo-alta-resolucion.png","width":544,"height":185,"caption":"Indie\u00f3filo Web"},"image":{"@id":"https:\/\/www.indieofilo.com\/#\/schema\/logo\/image\/"},"sameAs":["https:\/\/www.facebook.com\/Indieofilo\/","https:\/\/x.com\/indieofilo","https:\/\/www.instagram.com\/indieofilo\/"]},{"@type":"Person","@id":"https:\/\/www.indieofilo.com\/#\/schema\/person\/595334d38590e4ce5a09f83cbf2fca90","name":"Victor","image":{"@type":"ImageObject","inLanguage":"en-US","@id":"https:\/\/www.indieofilo.com\/#\/schema\/person\/image\/","url":"https:\/\/secure.gravatar.com\/avatar\/682b8c6ea3e94b6cffec683b25f1797d?s=96&d=mm&r=g","contentUrl":"https:\/\/secure.gravatar.com\/avatar\/682b8c6ea3e94b6cffec683b25f1797d?s=96&d=mm&r=g","caption":"Victor"},"description":"Fan\u00e1tico de la m\u00fasica desde que mis padres me pon\u00edan a Eydie Gorme y Los Panchos o el Discotuna por la A2. Intent\u00e9 tocar varios instrumentos, pero soy muy torpe con la mano izquierda, as\u00ed que ya sab\u00e9is el resultado final. Fan del britpop, Post-punk, el rugby y el baloncesto...","sameAs":["http:\/\/indieofilo.com"],"url":"https:\/\/www.indieofilo.com\/en\/author\/victor"}]}},"_links":{"self":[{"href":"https:\/\/www.indieofilo.com\/en\/wp-json\/wp\/v2\/posts\/483","targetHints":{"allow":["GET"]}}],"collection":[{"href":"https:\/\/www.indieofilo.com\/en\/wp-json\/wp\/v2\/posts"}],"about":[{"href":"https:\/\/www.indieofilo.com\/en\/wp-json\/wp\/v2\/types\/post"}],"author":[{"embeddable":true,"href":"https:\/\/www.indieofilo.com\/en\/wp-json\/wp\/v2\/users\/1"}],"replies":[{"embeddable":true,"href":"https:\/\/www.indieofilo.com\/en\/wp-json\/wp\/v2\/comments?post=483"}],"version-history":[{"count":0,"href":"https:\/\/www.indieofilo.com\/en\/wp-json\/wp\/v2\/posts\/483\/revisions"}],"wp:featuredmedia":[{"embeddable":true,"href":"https:\/\/www.indieofilo.com\/en\/wp-json\/wp\/v2\/media\/17811"}],"wp:attachment":[{"href":"https:\/\/www.indieofilo.com\/en\/wp-json\/wp\/v2\/media?parent=483"}],"wp:term":[{"taxonomy":"category","embeddable":true,"href":"https:\/\/www.indieofilo.com\/en\/wp-json\/wp\/v2\/categories?post=483"},{"taxonomy":"post_tag","embeddable":true,"href":"https:\/\/www.indieofilo.com\/en\/wp-json\/wp\/v2\/tags?post=483"}],"curies":[{"name":"wp","href":"https:\/\/api.w.org\/{rel}","templated":true}]}}