{"id":48161,"date":"2025-05-30T19:28:00","date_gmt":"2025-05-30T17:28:00","guid":{"rendered":"https:\/\/www.indieofilo.com\/news\/music\/linkin-park-has-announced-a-concert-in-madrid-for-june-2026"},"modified":"2025-06-02T10:52:01","modified_gmt":"2025-06-02T08:52:01","slug":"linkin-park-has-announced-a-concert-in-madrid-for-june-2026","status":"publish","type":"post","link":"https:\/\/www.indieofilo.com\/en\/news\/live-shows\/linkin-park-has-announced-a-concert-in-madrid-for-june-2026","title":{"rendered":"Linkin Park has announced a concert in Madrid for June 2026"},"content":{"rendered":"<p style=\"text-align: justify;\">Just a few hours before they perform in the UEFA Champions League final in Munich tomorrow, in which Paris Saint-Germain will face Inter Milan, <strong>Linkin Park<\/strong> have announced the date of their first concert in Spain with their new vocalist, <strong>Emily Armstrong<\/strong>.<\/p>\n<p style=\"text-align: justify;\"><strong>Mike Shinoda<\/strong>&#8216;s band have confirmed that they will perform <strong>at the Miguel R\u00edos Auditorium in Rivas Vaciamadrid on 23 June 2026<\/strong>. This will mark their return to the capital following their last performance at the Download Festival in 2017. This concert will serve not only to reinterpret their classics with Chester Bennington, but also to present live the songs from their new album, <em>FROM ZERO<\/em> (2024), released last November. <\/p>\n<p style=\"text-align: justify;\">Tickets for the concert, which is part of their European tour, will go on sale at <a href=\"https:\/\/www.ticketmaster.es\/search?keyword=LINKIN%20PARK\" target=\"_blank\" rel=\"noopener\" data-wplink-url-error=\"true\">Ticketmaster<\/a> on 6 June at 9:00 a.m., with prices starting at \u20ac84 (including handling fees). However, LP Underground fan club members will have access to an exclusive pre-sale, which will open on Tuesday, 3 June at 9:00 a.m. for LPU Legacy members and at 11:00 a.m. for LPU Passport Plus members.<\/p>\n<p><img fetchpriority=\"high\" decoding=\"async\" class=\"aligncenter size-large wp-image-48158\" src=\"http:\/\/www.indieofilo.com\/wp-content\/uploads\/2025\/05\/Linkin-Park_Madrid-2026-546x683.jpg\" alt=\"Linkin Park Madrid 2026\" width=\"546\" height=\"683\" srcset=\"https:\/\/www.indieofilo.com\/wp-content\/uploads\/2025\/05\/Linkin-Park_Madrid-2026-546x683.jpg 546w, https:\/\/www.indieofilo.com\/wp-content\/uploads\/2025\/05\/Linkin-Park_Madrid-2026-426x533.jpg 426w, https:\/\/www.indieofilo.com\/wp-content\/uploads\/2025\/05\/Linkin-Park_Madrid-2026-320x400.jpg 320w, https:\/\/www.indieofilo.com\/wp-content\/uploads\/2025\/05\/Linkin-Park_Madrid-2026.jpg 640w\" sizes=\"(max-width: 546px) 100vw, 546px\" \/><\/p>\n","protected":false},"excerpt":{"rendered":"<p>Just a few hours before they perform in the UEFA Champions League final in Munich tomorrow, in which Paris Saint-Germain will face Inter Milan, Linkin Park have announced the date of their first concert in Spain with their new vocalist, Emily Armstrong. Mike Shinoda&#8216;s band have confirmed that they will perform at the Miguel R\u00edos [&hellip;]<\/p>\n","protected":false},"author":1,"featured_media":48158,"comment_status":"open","ping_status":"closed","sticky":false,"template":"","format":"standard","meta":{"footnotes":""},"categories":[41,8],"tags":[5416],"class_list":["post-48161","post","type-post","status-publish","format-standard","has-post-thumbnail","hentry","category-live-shows","category-news","tag-linkin-park-en"],"yoast_head":"<!-- This site is optimized with the Yoast SEO Premium plugin v23.9 (Yoast SEO v26.6) - https:\/\/yoast.com\/wordpress\/plugins\/seo\/ -->\n<title>Linkin Park has announced a concert in Madrid for June 2026 - Indie\u00f3filo<\/title>\n<meta name=\"description\" content=\"Mike Shinoda&#039;s band have confirmed that they will perform at the Miguel R\u00edos Auditorium in Rivas Vaciamadrid on 23 June 2026.\" \/>\n<meta name=\"robots\" content=\"index, follow, max-snippet:-1, max-image-preview:large, max-video-preview:-1\" \/>\n<link rel=\"canonical\" href=\"https:\/\/www.indieofilo.com\/en\/news\/live-shows\/linkin-park-has-announced-a-concert-in-madrid-for-june-2026\" \/>\n<meta property=\"og:locale\" content=\"en_US\" \/>\n<meta property=\"og:type\" content=\"article\" \/>\n<meta property=\"og:title\" content=\"Linkin Park has announced a concert in Madrid for June 2026\" \/>\n<meta property=\"og:description\" content=\"Mike Shinoda&#039;s band have confirmed that they will perform at the Miguel R\u00edos Auditorium in Rivas Vaciamadrid on 23 June 2026.\" \/>\n<meta property=\"og:url\" content=\"https:\/\/www.indieofilo.com\/en\/news\/live-shows\/linkin-park-has-announced-a-concert-in-madrid-for-june-2026\" \/>\n<meta property=\"og:site_name\" content=\"Indie\u00f3filo\" \/>\n<meta property=\"article:publisher\" content=\"https:\/\/www.facebook.com\/Indieofilo\/\" \/>\n<meta property=\"article:published_time\" content=\"2025-05-30T17:28:00+00:00\" \/>\n<meta property=\"article:modified_time\" content=\"2025-06-02T08:52:01+00:00\" \/>\n<meta property=\"og:image\" content=\"http:\/\/www.indieofilo.com\/wp-content\/uploads\/2025\/05\/Linkin-Park_Madrid-2026.jpg\" \/>\n\t<meta property=\"og:image:width\" content=\"640\" \/>\n\t<meta property=\"og:image:height\" content=\"800\" \/>\n\t<meta property=\"og:image:type\" content=\"image\/jpeg\" \/>\n<meta name=\"author\" content=\"Victor\" \/>\n<meta name=\"twitter:card\" content=\"summary_large_image\" \/>\n<meta name=\"twitter:creator\" content=\"@indieofilo\" \/>\n<meta name=\"twitter:site\" content=\"@indieofilo\" \/>\n<meta name=\"twitter:label1\" content=\"Written by\" \/>\n\t<meta name=\"twitter:data1\" content=\"Victor\" \/>\n\t<meta name=\"twitter:label2\" content=\"Est. reading time\" \/>\n\t<meta name=\"twitter:data2\" content=\"2 minutes\" \/>\n<script type=\"application\/ld+json\" class=\"yoast-schema-graph\">{\"@context\":\"https:\/\/schema.org\",\"@graph\":[{\"@type\":\"Article\",\"@id\":\"https:\/\/www.indieofilo.com\/en\/news\/live-shows\/linkin-park-has-announced-a-concert-in-madrid-for-june-2026#article\",\"isPartOf\":{\"@id\":\"https:\/\/www.indieofilo.com\/en\/news\/live-shows\/linkin-park-has-announced-a-concert-in-madrid-for-june-2026\"},\"author\":{\"name\":\"Victor\",\"@id\":\"https:\/\/www.indieofilo.com\/#\/schema\/person\/595334d38590e4ce5a09f83cbf2fca90\"},\"headline\":\"Linkin Park has announced a concert in Madrid for June 2026\",\"datePublished\":\"2025-05-30T17:28:00+00:00\",\"dateModified\":\"2025-06-02T08:52:01+00:00\",\"mainEntityOfPage\":{\"@id\":\"https:\/\/www.indieofilo.com\/en\/news\/live-shows\/linkin-park-has-announced-a-concert-in-madrid-for-june-2026\"},\"wordCount\":182,\"commentCount\":0,\"publisher\":{\"@id\":\"https:\/\/www.indieofilo.com\/#organization\"},\"image\":{\"@id\":\"https:\/\/www.indieofilo.com\/en\/news\/live-shows\/linkin-park-has-announced-a-concert-in-madrid-for-june-2026#primaryimage\"},\"thumbnailUrl\":\"https:\/\/www.indieofilo.com\/wp-content\/uploads\/2025\/05\/Linkin-Park_Madrid-2026.jpg\",\"keywords\":[\"Linkin Park\"],\"articleSection\":[\"Live Shows\",\"News\"],\"inLanguage\":\"en-US\",\"potentialAction\":[{\"@type\":\"CommentAction\",\"name\":\"Comment\",\"target\":[\"https:\/\/www.indieofilo.com\/en\/news\/live-shows\/linkin-park-has-announced-a-concert-in-madrid-for-june-2026#respond\"]}]},{\"@type\":\"WebPage\",\"@id\":\"https:\/\/www.indieofilo.com\/en\/news\/live-shows\/linkin-park-has-announced-a-concert-in-madrid-for-june-2026\",\"url\":\"https:\/\/www.indieofilo.com\/en\/news\/live-shows\/linkin-park-has-announced-a-concert-in-madrid-for-june-2026\",\"name\":\"Linkin Park has announced a concert in Madrid for June 2026 - Indie\u00f3filo\",\"isPartOf\":{\"@id\":\"https:\/\/www.indieofilo.com\/#website\"},\"primaryImageOfPage\":{\"@id\":\"https:\/\/www.indieofilo.com\/en\/news\/live-shows\/linkin-park-has-announced-a-concert-in-madrid-for-june-2026#primaryimage\"},\"image\":{\"@id\":\"https:\/\/www.indieofilo.com\/en\/news\/live-shows\/linkin-park-has-announced-a-concert-in-madrid-for-june-2026#primaryimage\"},\"thumbnailUrl\":\"https:\/\/www.indieofilo.com\/wp-content\/uploads\/2025\/05\/Linkin-Park_Madrid-2026.jpg\",\"datePublished\":\"2025-05-30T17:28:00+00:00\",\"dateModified\":\"2025-06-02T08:52:01+00:00\",\"description\":\"Mike Shinoda's band have confirmed that they will perform at the Miguel R\u00edos Auditorium in Rivas Vaciamadrid on 23 June 2026.\",\"breadcrumb\":{\"@id\":\"https:\/\/www.indieofilo.com\/en\/news\/live-shows\/linkin-park-has-announced-a-concert-in-madrid-for-june-2026#breadcrumb\"},\"inLanguage\":\"en-US\",\"potentialAction\":[{\"@type\":\"ReadAction\",\"target\":[\"https:\/\/www.indieofilo.com\/en\/news\/live-shows\/linkin-park-has-announced-a-concert-in-madrid-for-june-2026\"]}]},{\"@type\":\"ImageObject\",\"inLanguage\":\"en-US\",\"@id\":\"https:\/\/www.indieofilo.com\/en\/news\/live-shows\/linkin-park-has-announced-a-concert-in-madrid-for-june-2026#primaryimage\",\"url\":\"https:\/\/www.indieofilo.com\/wp-content\/uploads\/2025\/05\/Linkin-Park_Madrid-2026.jpg\",\"contentUrl\":\"https:\/\/www.indieofilo.com\/wp-content\/uploads\/2025\/05\/Linkin-Park_Madrid-2026.jpg\",\"width\":640,\"height\":800,\"caption\":\"Linkin Park Madrid 2026\"},{\"@type\":\"BreadcrumbList\",\"@id\":\"https:\/\/www.indieofilo.com\/en\/news\/live-shows\/linkin-park-has-announced-a-concert-in-madrid-for-june-2026#breadcrumb\",\"itemListElement\":[{\"@type\":\"ListItem\",\"position\":1,\"name\":\"Portada\",\"item\":\"https:\/\/www.indieofilo.com\/en\"},{\"@type\":\"ListItem\",\"position\":2,\"name\":\"Linkin Park has announced a concert in Madrid for June 2026\"}]},{\"@type\":\"WebSite\",\"@id\":\"https:\/\/www.indieofilo.com\/#website\",\"url\":\"https:\/\/www.indieofilo.com\/\",\"name\":\"Indie\u00f3filo\",\"description\":\"Magazine online de la cultura independiente\",\"publisher\":{\"@id\":\"https:\/\/www.indieofilo.com\/#organization\"},\"potentialAction\":[{\"@type\":\"SearchAction\",\"target\":{\"@type\":\"EntryPoint\",\"urlTemplate\":\"https:\/\/www.indieofilo.com\/?s={search_term_string}\"},\"query-input\":{\"@type\":\"PropertyValueSpecification\",\"valueRequired\":true,\"valueName\":\"search_term_string\"}}],\"inLanguage\":\"en-US\"},{\"@type\":\"Organization\",\"@id\":\"https:\/\/www.indieofilo.com\/#organization\",\"name\":\"Indie\u00f3filo Web\",\"url\":\"https:\/\/www.indieofilo.com\/\",\"logo\":{\"@type\":\"ImageObject\",\"inLanguage\":\"en-US\",\"@id\":\"https:\/\/www.indieofilo.com\/#\/schema\/logo\/image\/\",\"url\":\"https:\/\/www.indieofilo.com\/wp-content\/uploads\/2015\/02\/logo-alta-resolucion.png\",\"contentUrl\":\"https:\/\/www.indieofilo.com\/wp-content\/uploads\/2015\/02\/logo-alta-resolucion.png\",\"width\":544,\"height\":185,\"caption\":\"Indie\u00f3filo Web\"},\"image\":{\"@id\":\"https:\/\/www.indieofilo.com\/#\/schema\/logo\/image\/\"},\"sameAs\":[\"https:\/\/www.facebook.com\/Indieofilo\/\",\"https:\/\/x.com\/indieofilo\",\"https:\/\/www.instagram.com\/indieofilo\/\"]},{\"@type\":\"Person\",\"@id\":\"https:\/\/www.indieofilo.com\/#\/schema\/person\/595334d38590e4ce5a09f83cbf2fca90\",\"name\":\"Victor\",\"image\":{\"@type\":\"ImageObject\",\"inLanguage\":\"en-US\",\"@id\":\"https:\/\/www.indieofilo.com\/#\/schema\/person\/image\/\",\"url\":\"https:\/\/secure.gravatar.com\/avatar\/682b8c6ea3e94b6cffec683b25f1797d?s=96&d=mm&r=g\",\"contentUrl\":\"https:\/\/secure.gravatar.com\/avatar\/682b8c6ea3e94b6cffec683b25f1797d?s=96&d=mm&r=g\",\"caption\":\"Victor\"},\"description\":\"Fan\u00e1tico de la m\u00fasica desde que mis padres me pon\u00edan a Eydie Gorme y Los Panchos o el Discotuna por la A2. Intent\u00e9 tocar varios instrumentos, pero soy muy torpe con la mano izquierda, as\u00ed que ya sab\u00e9is el resultado final. Fan del britpop, Post-punk, el rugby y el baloncesto...\",\"sameAs\":[\"http:\/\/indieofilo.com\"],\"url\":\"https:\/\/www.indieofilo.com\/en\/author\/victor\"}]}<\/script>\n<!-- \/ Yoast SEO Premium plugin. -->","yoast_head_json":{"title":"Linkin Park has announced a concert in Madrid for June 2026 - Indie\u00f3filo","description":"Mike Shinoda's band have confirmed that they will perform at the Miguel R\u00edos Auditorium in Rivas Vaciamadrid on 23 June 2026.","robots":{"index":"index","follow":"follow","max-snippet":"max-snippet:-1","max-image-preview":"max-image-preview:large","max-video-preview":"max-video-preview:-1"},"canonical":"https:\/\/www.indieofilo.com\/en\/news\/live-shows\/linkin-park-has-announced-a-concert-in-madrid-for-june-2026","og_locale":"en_US","og_type":"article","og_title":"Linkin Park has announced a concert in Madrid for June 2026","og_description":"Mike Shinoda's band have confirmed that they will perform at the Miguel R\u00edos Auditorium in Rivas Vaciamadrid on 23 June 2026.","og_url":"https:\/\/www.indieofilo.com\/en\/news\/live-shows\/linkin-park-has-announced-a-concert-in-madrid-for-june-2026","og_site_name":"Indie\u00f3filo","article_publisher":"https:\/\/www.facebook.com\/Indieofilo\/","article_published_time":"2025-05-30T17:28:00+00:00","article_modified_time":"2025-06-02T08:52:01+00:00","og_image":[{"width":640,"height":800,"url":"http:\/\/www.indieofilo.com\/wp-content\/uploads\/2025\/05\/Linkin-Park_Madrid-2026.jpg","type":"image\/jpeg"}],"author":"Victor","twitter_card":"summary_large_image","twitter_creator":"@indieofilo","twitter_site":"@indieofilo","twitter_misc":{"Written by":"Victor","Est. reading time":"2 minutes"},"schema":{"@context":"https:\/\/schema.org","@graph":[{"@type":"Article","@id":"https:\/\/www.indieofilo.com\/en\/news\/live-shows\/linkin-park-has-announced-a-concert-in-madrid-for-june-2026#article","isPartOf":{"@id":"https:\/\/www.indieofilo.com\/en\/news\/live-shows\/linkin-park-has-announced-a-concert-in-madrid-for-june-2026"},"author":{"name":"Victor","@id":"https:\/\/www.indieofilo.com\/#\/schema\/person\/595334d38590e4ce5a09f83cbf2fca90"},"headline":"Linkin Park has announced a concert in Madrid for June 2026","datePublished":"2025-05-30T17:28:00+00:00","dateModified":"2025-06-02T08:52:01+00:00","mainEntityOfPage":{"@id":"https:\/\/www.indieofilo.com\/en\/news\/live-shows\/linkin-park-has-announced-a-concert-in-madrid-for-june-2026"},"wordCount":182,"commentCount":0,"publisher":{"@id":"https:\/\/www.indieofilo.com\/#organization"},"image":{"@id":"https:\/\/www.indieofilo.com\/en\/news\/live-shows\/linkin-park-has-announced-a-concert-in-madrid-for-june-2026#primaryimage"},"thumbnailUrl":"https:\/\/www.indieofilo.com\/wp-content\/uploads\/2025\/05\/Linkin-Park_Madrid-2026.jpg","keywords":["Linkin Park"],"articleSection":["Live Shows","News"],"inLanguage":"en-US","potentialAction":[{"@type":"CommentAction","name":"Comment","target":["https:\/\/www.indieofilo.com\/en\/news\/live-shows\/linkin-park-has-announced-a-concert-in-madrid-for-june-2026#respond"]}]},{"@type":"WebPage","@id":"https:\/\/www.indieofilo.com\/en\/news\/live-shows\/linkin-park-has-announced-a-concert-in-madrid-for-june-2026","url":"https:\/\/www.indieofilo.com\/en\/news\/live-shows\/linkin-park-has-announced-a-concert-in-madrid-for-june-2026","name":"Linkin Park has announced a concert in Madrid for June 2026 - Indie\u00f3filo","isPartOf":{"@id":"https:\/\/www.indieofilo.com\/#website"},"primaryImageOfPage":{"@id":"https:\/\/www.indieofilo.com\/en\/news\/live-shows\/linkin-park-has-announced-a-concert-in-madrid-for-june-2026#primaryimage"},"image":{"@id":"https:\/\/www.indieofilo.com\/en\/news\/live-shows\/linkin-park-has-announced-a-concert-in-madrid-for-june-2026#primaryimage"},"thumbnailUrl":"https:\/\/www.indieofilo.com\/wp-content\/uploads\/2025\/05\/Linkin-Park_Madrid-2026.jpg","datePublished":"2025-05-30T17:28:00+00:00","dateModified":"2025-06-02T08:52:01+00:00","description":"Mike Shinoda's band have confirmed that they will perform at the Miguel R\u00edos Auditorium in Rivas Vaciamadrid on 23 June 2026.","breadcrumb":{"@id":"https:\/\/www.indieofilo.com\/en\/news\/live-shows\/linkin-park-has-announced-a-concert-in-madrid-for-june-2026#breadcrumb"},"inLanguage":"en-US","potentialAction":[{"@type":"ReadAction","target":["https:\/\/www.indieofilo.com\/en\/news\/live-shows\/linkin-park-has-announced-a-concert-in-madrid-for-june-2026"]}]},{"@type":"ImageObject","inLanguage":"en-US","@id":"https:\/\/www.indieofilo.com\/en\/news\/live-shows\/linkin-park-has-announced-a-concert-in-madrid-for-june-2026#primaryimage","url":"https:\/\/www.indieofilo.com\/wp-content\/uploads\/2025\/05\/Linkin-Park_Madrid-2026.jpg","contentUrl":"https:\/\/www.indieofilo.com\/wp-content\/uploads\/2025\/05\/Linkin-Park_Madrid-2026.jpg","width":640,"height":800,"caption":"Linkin Park Madrid 2026"},{"@type":"BreadcrumbList","@id":"https:\/\/www.indieofilo.com\/en\/news\/live-shows\/linkin-park-has-announced-a-concert-in-madrid-for-june-2026#breadcrumb","itemListElement":[{"@type":"ListItem","position":1,"name":"Portada","item":"https:\/\/www.indieofilo.com\/en"},{"@type":"ListItem","position":2,"name":"Linkin Park has announced a concert in Madrid for June 2026"}]},{"@type":"WebSite","@id":"https:\/\/www.indieofilo.com\/#website","url":"https:\/\/www.indieofilo.com\/","name":"Indie\u00f3filo","description":"Magazine online de la cultura independiente","publisher":{"@id":"https:\/\/www.indieofilo.com\/#organization"},"potentialAction":[{"@type":"SearchAction","target":{"@type":"EntryPoint","urlTemplate":"https:\/\/www.indieofilo.com\/?s={search_term_string}"},"query-input":{"@type":"PropertyValueSpecification","valueRequired":true,"valueName":"search_term_string"}}],"inLanguage":"en-US"},{"@type":"Organization","@id":"https:\/\/www.indieofilo.com\/#organization","name":"Indie\u00f3filo Web","url":"https:\/\/www.indieofilo.com\/","logo":{"@type":"ImageObject","inLanguage":"en-US","@id":"https:\/\/www.indieofilo.com\/#\/schema\/logo\/image\/","url":"https:\/\/www.indieofilo.com\/wp-content\/uploads\/2015\/02\/logo-alta-resolucion.png","contentUrl":"https:\/\/www.indieofilo.com\/wp-content\/uploads\/2015\/02\/logo-alta-resolucion.png","width":544,"height":185,"caption":"Indie\u00f3filo Web"},"image":{"@id":"https:\/\/www.indieofilo.com\/#\/schema\/logo\/image\/"},"sameAs":["https:\/\/www.facebook.com\/Indieofilo\/","https:\/\/x.com\/indieofilo","https:\/\/www.instagram.com\/indieofilo\/"]},{"@type":"Person","@id":"https:\/\/www.indieofilo.com\/#\/schema\/person\/595334d38590e4ce5a09f83cbf2fca90","name":"Victor","image":{"@type":"ImageObject","inLanguage":"en-US","@id":"https:\/\/www.indieofilo.com\/#\/schema\/person\/image\/","url":"https:\/\/secure.gravatar.com\/avatar\/682b8c6ea3e94b6cffec683b25f1797d?s=96&d=mm&r=g","contentUrl":"https:\/\/secure.gravatar.com\/avatar\/682b8c6ea3e94b6cffec683b25f1797d?s=96&d=mm&r=g","caption":"Victor"},"description":"Fan\u00e1tico de la m\u00fasica desde que mis padres me pon\u00edan a Eydie Gorme y Los Panchos o el Discotuna por la A2. Intent\u00e9 tocar varios instrumentos, pero soy muy torpe con la mano izquierda, as\u00ed que ya sab\u00e9is el resultado final. Fan del britpop, Post-punk, el rugby y el baloncesto...","sameAs":["http:\/\/indieofilo.com"],"url":"https:\/\/www.indieofilo.com\/en\/author\/victor"}]}},"_links":{"self":[{"href":"https:\/\/www.indieofilo.com\/en\/wp-json\/wp\/v2\/posts\/48161","targetHints":{"allow":["GET"]}}],"collection":[{"href":"https:\/\/www.indieofilo.com\/en\/wp-json\/wp\/v2\/posts"}],"about":[{"href":"https:\/\/www.indieofilo.com\/en\/wp-json\/wp\/v2\/types\/post"}],"author":[{"embeddable":true,"href":"https:\/\/www.indieofilo.com\/en\/wp-json\/wp\/v2\/users\/1"}],"replies":[{"embeddable":true,"href":"https:\/\/www.indieofilo.com\/en\/wp-json\/wp\/v2\/comments?post=48161"}],"version-history":[{"count":0,"href":"https:\/\/www.indieofilo.com\/en\/wp-json\/wp\/v2\/posts\/48161\/revisions"}],"wp:featuredmedia":[{"embeddable":true,"href":"https:\/\/www.indieofilo.com\/en\/wp-json\/wp\/v2\/media\/48158"}],"wp:attachment":[{"href":"https:\/\/www.indieofilo.com\/en\/wp-json\/wp\/v2\/media?parent=48161"}],"wp:term":[{"taxonomy":"category","embeddable":true,"href":"https:\/\/www.indieofilo.com\/en\/wp-json\/wp\/v2\/categories?post=48161"},{"taxonomy":"post_tag","embeddable":true,"href":"https:\/\/www.indieofilo.com\/en\/wp-json\/wp\/v2\/tags?post=48161"}],"curies":[{"name":"wp","href":"https:\/\/api.w.org\/{rel}","templated":true}]}}