{"id":48139,"date":"2025-05-17T17:31:00","date_gmt":"2025-05-17T15:31:00","guid":{"rendered":"https:\/\/www.indieofilo.com\/news\/music\/barcelona-rock-fest-2025-has-announced-three-new-bands-to-complete-its-line-up"},"modified":"2025-06-02T19:08:14","modified_gmt":"2025-06-02T17:08:14","slug":"barcelona-rock-fest-2025-has-announced-three-new-bands-to-complete-its-line-up","status":"publish","type":"post","link":"https:\/\/www.indieofilo.com\/en\/news\/barcelona-rock-fest-2025-has-announced-three-new-bands-to-complete-its-line-up","title":{"rendered":"Barcelona Rock Fest 2025 has announced three new bands to complete its line-up"},"content":{"rendered":"<p style=\"text-align: justify;\">After announcing <a href=\"https:\/\/www.indieofilo.com\/en\/news\/sixteen-new-bands-have-been-added-to-the-line-up-for-the-barcelona-rock-fest-2025\">King Diamond as the final headliner for this year&#8217;s Barcelona Rock Fest in mid-April<\/a>, the organisers have waited until today to reveal the final three bands to complete the line-up.<\/p>\n<p style=\"text-align: justify;\">The latest additions to the line-up include some of the most influential bands in high-energy rock, such as the Swedish <strong>The Hellacopters<\/strong>, the German <strong>Bonfire<\/strong> with their nearly fifty years of experience, and the Spanish band <strong>Megara<\/strong> with their fuchsia rock, which led them to represent San Marino in the 2024 Eurovision Song Contest. They join <strong>Slipknot, Scorpions, Judas Priest, King Diamond, Lynyrd Skynyrd, Savatage and Running Wild<\/strong>, among others.<\/p>\n<p style=\"text-align: justify;\"><strong>Day and season tickets<\/strong> for <strong>Barcelona Rock Fest 2025<\/strong>, which will take place from 26 to 29 June at the Parc de Can Zam in Santa Coloma de Gramenet, are available to purchase on the <a href=\"https:\/\/www.barcelonarockfest.com\/entradas-festival\/\">festival&#8217;s official website<\/a>.<\/p>\n<p><img fetchpriority=\"high\" decoding=\"async\" class=\"aligncenter size-large wp-image-48136\" src=\"http:\/\/www.indieofilo.com\/wp-content\/uploads\/2025\/05\/barcelona-rock-fest-2025-546x683.jpg\" alt=\"Barcelona Rock Fest 2025\" width=\"546\" height=\"683\" srcset=\"https:\/\/www.indieofilo.com\/wp-content\/uploads\/2025\/05\/barcelona-rock-fest-2025-546x683.jpg 546w, https:\/\/www.indieofilo.com\/wp-content\/uploads\/2025\/05\/barcelona-rock-fest-2025-426x533.jpg 426w, https:\/\/www.indieofilo.com\/wp-content\/uploads\/2025\/05\/barcelona-rock-fest-2025-320x400.jpg 320w, https:\/\/www.indieofilo.com\/wp-content\/uploads\/2025\/05\/barcelona-rock-fest-2025-768x960.jpg 768w, https:\/\/www.indieofilo.com\/wp-content\/uploads\/2025\/05\/barcelona-rock-fest-2025.jpg 1080w\" sizes=\"(max-width: 546px) 100vw, 546px\" \/><\/p>\n","protected":false},"excerpt":{"rendered":"<p>After announcing King Diamond as the final headliner for this year&#8217;s Barcelona Rock Fest in mid-April, the organisers have waited until today to reveal the final three bands to complete the line-up. The latest additions to the line-up include some of the most influential bands in high-energy rock, such as the Swedish The Hellacopters, the [&hellip;]<\/p>\n","protected":false},"author":1,"featured_media":48136,"comment_status":"open","ping_status":"closed","sticky":false,"template":"","format":"standard","meta":{"footnotes":""},"categories":[41,8],"tags":[4961,7152,7265],"class_list":["post-48139","post","type-post","status-publish","format-standard","has-post-thumbnail","hentry","category-live-shows","category-news","tag-barcelona-en","tag-barcelona-rock-fest-en","tag-barcelona-rock-fest-2025-en"],"yoast_head":"<!-- This site is optimized with the Yoast SEO Premium plugin v23.9 (Yoast SEO v26.6) - https:\/\/yoast.com\/wordpress\/plugins\/seo\/ -->\n<title>Barcelona Rock Fest 2025 has announced three new bands to complete its line-up - Indie\u00f3filo<\/title>\n<meta name=\"description\" content=\"The Hellacopters, Bonfire and Megara have been added to the line-up for Barcelona Rock Fest 2025, joining Slipknot, Scorpions and Judas Priest.\" \/>\n<meta name=\"robots\" content=\"index, follow, max-snippet:-1, max-image-preview:large, max-video-preview:-1\" \/>\n<link rel=\"canonical\" href=\"https:\/\/www.indieofilo.com\/en\/news\/barcelona-rock-fest-2025-has-announced-three-new-bands-to-complete-its-line-up\" \/>\n<meta property=\"og:locale\" content=\"en_US\" \/>\n<meta property=\"og:type\" content=\"article\" \/>\n<meta property=\"og:title\" content=\"Barcelona Rock Fest 2025 has announced three new bands to complete its line-up\" \/>\n<meta property=\"og:description\" content=\"The Hellacopters, Bonfire and Megara have been added to the line-up for Barcelona Rock Fest 2025, joining Slipknot, Scorpions and Judas Priest.\" \/>\n<meta property=\"og:url\" content=\"https:\/\/www.indieofilo.com\/en\/news\/barcelona-rock-fest-2025-has-announced-three-new-bands-to-complete-its-line-up\" \/>\n<meta property=\"og:site_name\" content=\"Indie\u00f3filo\" \/>\n<meta property=\"article:publisher\" content=\"https:\/\/www.facebook.com\/Indieofilo\/\" \/>\n<meta property=\"article:published_time\" content=\"2025-05-17T15:31:00+00:00\" \/>\n<meta property=\"article:modified_time\" content=\"2025-06-02T17:08:14+00:00\" \/>\n<meta property=\"og:image\" content=\"http:\/\/www.indieofilo.com\/wp-content\/uploads\/2025\/05\/barcelona-rock-fest-2025.jpg\" \/>\n\t<meta property=\"og:image:width\" content=\"1080\" \/>\n\t<meta property=\"og:image:height\" content=\"1350\" \/>\n\t<meta property=\"og:image:type\" content=\"image\/jpeg\" \/>\n<meta name=\"author\" content=\"Victor\" \/>\n<meta name=\"twitter:card\" content=\"summary_large_image\" \/>\n<meta name=\"twitter:creator\" content=\"@indieofilo\" \/>\n<meta name=\"twitter:site\" content=\"@indieofilo\" \/>\n<meta name=\"twitter:label1\" content=\"Written by\" \/>\n\t<meta name=\"twitter:data1\" content=\"Victor\" \/>\n\t<meta name=\"twitter:label2\" content=\"Est. reading time\" \/>\n\t<meta name=\"twitter:data2\" content=\"2 minutes\" \/>\n<script type=\"application\/ld+json\" class=\"yoast-schema-graph\">{\"@context\":\"https:\/\/schema.org\",\"@graph\":[{\"@type\":\"Article\",\"@id\":\"https:\/\/www.indieofilo.com\/en\/news\/barcelona-rock-fest-2025-has-announced-three-new-bands-to-complete-its-line-up#article\",\"isPartOf\":{\"@id\":\"https:\/\/www.indieofilo.com\/en\/news\/barcelona-rock-fest-2025-has-announced-three-new-bands-to-complete-its-line-up\"},\"author\":{\"name\":\"Victor\",\"@id\":\"https:\/\/www.indieofilo.com\/#\/schema\/person\/595334d38590e4ce5a09f83cbf2fca90\"},\"headline\":\"Barcelona Rock Fest 2025 has announced three new bands to complete its line-up\",\"datePublished\":\"2025-05-17T15:31:00+00:00\",\"dateModified\":\"2025-06-02T17:08:14+00:00\",\"mainEntityOfPage\":{\"@id\":\"https:\/\/www.indieofilo.com\/en\/news\/barcelona-rock-fest-2025-has-announced-three-new-bands-to-complete-its-line-up\"},\"wordCount\":148,\"commentCount\":0,\"publisher\":{\"@id\":\"https:\/\/www.indieofilo.com\/#organization\"},\"image\":{\"@id\":\"https:\/\/www.indieofilo.com\/en\/news\/barcelona-rock-fest-2025-has-announced-three-new-bands-to-complete-its-line-up#primaryimage\"},\"thumbnailUrl\":\"https:\/\/www.indieofilo.com\/wp-content\/uploads\/2025\/05\/barcelona-rock-fest-2025.jpg\",\"keywords\":[\"Barcelona\",\"Barcelona Rock Fest\",\"Barcelona Rock Fest 2025\"],\"articleSection\":[\"Live Shows\",\"News\"],\"inLanguage\":\"en-US\",\"potentialAction\":[{\"@type\":\"CommentAction\",\"name\":\"Comment\",\"target\":[\"https:\/\/www.indieofilo.com\/en\/news\/barcelona-rock-fest-2025-has-announced-three-new-bands-to-complete-its-line-up#respond\"]}]},{\"@type\":\"WebPage\",\"@id\":\"https:\/\/www.indieofilo.com\/en\/news\/barcelona-rock-fest-2025-has-announced-three-new-bands-to-complete-its-line-up\",\"url\":\"https:\/\/www.indieofilo.com\/en\/news\/barcelona-rock-fest-2025-has-announced-three-new-bands-to-complete-its-line-up\",\"name\":\"Barcelona Rock Fest 2025 has announced three new bands to complete its line-up - Indie\u00f3filo\",\"isPartOf\":{\"@id\":\"https:\/\/www.indieofilo.com\/#website\"},\"primaryImageOfPage\":{\"@id\":\"https:\/\/www.indieofilo.com\/en\/news\/barcelona-rock-fest-2025-has-announced-three-new-bands-to-complete-its-line-up#primaryimage\"},\"image\":{\"@id\":\"https:\/\/www.indieofilo.com\/en\/news\/barcelona-rock-fest-2025-has-announced-three-new-bands-to-complete-its-line-up#primaryimage\"},\"thumbnailUrl\":\"https:\/\/www.indieofilo.com\/wp-content\/uploads\/2025\/05\/barcelona-rock-fest-2025.jpg\",\"datePublished\":\"2025-05-17T15:31:00+00:00\",\"dateModified\":\"2025-06-02T17:08:14+00:00\",\"description\":\"The Hellacopters, Bonfire and Megara have been added to the line-up for Barcelona Rock Fest 2025, joining Slipknot, Scorpions and Judas Priest.\",\"breadcrumb\":{\"@id\":\"https:\/\/www.indieofilo.com\/en\/news\/barcelona-rock-fest-2025-has-announced-three-new-bands-to-complete-its-line-up#breadcrumb\"},\"inLanguage\":\"en-US\",\"potentialAction\":[{\"@type\":\"ReadAction\",\"target\":[\"https:\/\/www.indieofilo.com\/en\/news\/barcelona-rock-fest-2025-has-announced-three-new-bands-to-complete-its-line-up\"]}]},{\"@type\":\"ImageObject\",\"inLanguage\":\"en-US\",\"@id\":\"https:\/\/www.indieofilo.com\/en\/news\/barcelona-rock-fest-2025-has-announced-three-new-bands-to-complete-its-line-up#primaryimage\",\"url\":\"https:\/\/www.indieofilo.com\/wp-content\/uploads\/2025\/05\/barcelona-rock-fest-2025.jpg\",\"contentUrl\":\"https:\/\/www.indieofilo.com\/wp-content\/uploads\/2025\/05\/barcelona-rock-fest-2025.jpg\",\"width\":1080,\"height\":1350,\"caption\":\"Barcelona Rock Fest 2025\"},{\"@type\":\"BreadcrumbList\",\"@id\":\"https:\/\/www.indieofilo.com\/en\/news\/barcelona-rock-fest-2025-has-announced-three-new-bands-to-complete-its-line-up#breadcrumb\",\"itemListElement\":[{\"@type\":\"ListItem\",\"position\":1,\"name\":\"Portada\",\"item\":\"https:\/\/www.indieofilo.com\/en\"},{\"@type\":\"ListItem\",\"position\":2,\"name\":\"Barcelona Rock Fest 2025 has announced three new bands to complete its line-up\"}]},{\"@type\":\"WebSite\",\"@id\":\"https:\/\/www.indieofilo.com\/#website\",\"url\":\"https:\/\/www.indieofilo.com\/\",\"name\":\"Indie\u00f3filo\",\"description\":\"Magazine online de la cultura independiente\",\"publisher\":{\"@id\":\"https:\/\/www.indieofilo.com\/#organization\"},\"potentialAction\":[{\"@type\":\"SearchAction\",\"target\":{\"@type\":\"EntryPoint\",\"urlTemplate\":\"https:\/\/www.indieofilo.com\/?s={search_term_string}\"},\"query-input\":{\"@type\":\"PropertyValueSpecification\",\"valueRequired\":true,\"valueName\":\"search_term_string\"}}],\"inLanguage\":\"en-US\"},{\"@type\":\"Organization\",\"@id\":\"https:\/\/www.indieofilo.com\/#organization\",\"name\":\"Indie\u00f3filo Web\",\"url\":\"https:\/\/www.indieofilo.com\/\",\"logo\":{\"@type\":\"ImageObject\",\"inLanguage\":\"en-US\",\"@id\":\"https:\/\/www.indieofilo.com\/#\/schema\/logo\/image\/\",\"url\":\"https:\/\/www.indieofilo.com\/wp-content\/uploads\/2015\/02\/logo-alta-resolucion.png\",\"contentUrl\":\"https:\/\/www.indieofilo.com\/wp-content\/uploads\/2015\/02\/logo-alta-resolucion.png\",\"width\":544,\"height\":185,\"caption\":\"Indie\u00f3filo Web\"},\"image\":{\"@id\":\"https:\/\/www.indieofilo.com\/#\/schema\/logo\/image\/\"},\"sameAs\":[\"https:\/\/www.facebook.com\/Indieofilo\/\",\"https:\/\/x.com\/indieofilo\",\"https:\/\/www.instagram.com\/indieofilo\/\"]},{\"@type\":\"Person\",\"@id\":\"https:\/\/www.indieofilo.com\/#\/schema\/person\/595334d38590e4ce5a09f83cbf2fca90\",\"name\":\"Victor\",\"image\":{\"@type\":\"ImageObject\",\"inLanguage\":\"en-US\",\"@id\":\"https:\/\/www.indieofilo.com\/#\/schema\/person\/image\/\",\"url\":\"https:\/\/secure.gravatar.com\/avatar\/682b8c6ea3e94b6cffec683b25f1797d?s=96&d=mm&r=g\",\"contentUrl\":\"https:\/\/secure.gravatar.com\/avatar\/682b8c6ea3e94b6cffec683b25f1797d?s=96&d=mm&r=g\",\"caption\":\"Victor\"},\"description\":\"Fan\u00e1tico de la m\u00fasica desde que mis padres me pon\u00edan a Eydie Gorme y Los Panchos o el Discotuna por la A2. Intent\u00e9 tocar varios instrumentos, pero soy muy torpe con la mano izquierda, as\u00ed que ya sab\u00e9is el resultado final. Fan del britpop, Post-punk, el rugby y el baloncesto...\",\"sameAs\":[\"http:\/\/indieofilo.com\"],\"url\":\"https:\/\/www.indieofilo.com\/en\/author\/victor\"}]}<\/script>\n<!-- \/ Yoast SEO Premium plugin. -->","yoast_head_json":{"title":"Barcelona Rock Fest 2025 has announced three new bands to complete its line-up - Indie\u00f3filo","description":"The Hellacopters, Bonfire and Megara have been added to the line-up for Barcelona Rock Fest 2025, joining Slipknot, Scorpions and Judas Priest.","robots":{"index":"index","follow":"follow","max-snippet":"max-snippet:-1","max-image-preview":"max-image-preview:large","max-video-preview":"max-video-preview:-1"},"canonical":"https:\/\/www.indieofilo.com\/en\/news\/barcelona-rock-fest-2025-has-announced-three-new-bands-to-complete-its-line-up","og_locale":"en_US","og_type":"article","og_title":"Barcelona Rock Fest 2025 has announced three new bands to complete its line-up","og_description":"The Hellacopters, Bonfire and Megara have been added to the line-up for Barcelona Rock Fest 2025, joining Slipknot, Scorpions and Judas Priest.","og_url":"https:\/\/www.indieofilo.com\/en\/news\/barcelona-rock-fest-2025-has-announced-three-new-bands-to-complete-its-line-up","og_site_name":"Indie\u00f3filo","article_publisher":"https:\/\/www.facebook.com\/Indieofilo\/","article_published_time":"2025-05-17T15:31:00+00:00","article_modified_time":"2025-06-02T17:08:14+00:00","og_image":[{"width":1080,"height":1350,"url":"http:\/\/www.indieofilo.com\/wp-content\/uploads\/2025\/05\/barcelona-rock-fest-2025.jpg","type":"image\/jpeg"}],"author":"Victor","twitter_card":"summary_large_image","twitter_creator":"@indieofilo","twitter_site":"@indieofilo","twitter_misc":{"Written by":"Victor","Est. reading time":"2 minutes"},"schema":{"@context":"https:\/\/schema.org","@graph":[{"@type":"Article","@id":"https:\/\/www.indieofilo.com\/en\/news\/barcelona-rock-fest-2025-has-announced-three-new-bands-to-complete-its-line-up#article","isPartOf":{"@id":"https:\/\/www.indieofilo.com\/en\/news\/barcelona-rock-fest-2025-has-announced-three-new-bands-to-complete-its-line-up"},"author":{"name":"Victor","@id":"https:\/\/www.indieofilo.com\/#\/schema\/person\/595334d38590e4ce5a09f83cbf2fca90"},"headline":"Barcelona Rock Fest 2025 has announced three new bands to complete its line-up","datePublished":"2025-05-17T15:31:00+00:00","dateModified":"2025-06-02T17:08:14+00:00","mainEntityOfPage":{"@id":"https:\/\/www.indieofilo.com\/en\/news\/barcelona-rock-fest-2025-has-announced-three-new-bands-to-complete-its-line-up"},"wordCount":148,"commentCount":0,"publisher":{"@id":"https:\/\/www.indieofilo.com\/#organization"},"image":{"@id":"https:\/\/www.indieofilo.com\/en\/news\/barcelona-rock-fest-2025-has-announced-three-new-bands-to-complete-its-line-up#primaryimage"},"thumbnailUrl":"https:\/\/www.indieofilo.com\/wp-content\/uploads\/2025\/05\/barcelona-rock-fest-2025.jpg","keywords":["Barcelona","Barcelona Rock Fest","Barcelona Rock Fest 2025"],"articleSection":["Live Shows","News"],"inLanguage":"en-US","potentialAction":[{"@type":"CommentAction","name":"Comment","target":["https:\/\/www.indieofilo.com\/en\/news\/barcelona-rock-fest-2025-has-announced-three-new-bands-to-complete-its-line-up#respond"]}]},{"@type":"WebPage","@id":"https:\/\/www.indieofilo.com\/en\/news\/barcelona-rock-fest-2025-has-announced-three-new-bands-to-complete-its-line-up","url":"https:\/\/www.indieofilo.com\/en\/news\/barcelona-rock-fest-2025-has-announced-three-new-bands-to-complete-its-line-up","name":"Barcelona Rock Fest 2025 has announced three new bands to complete its line-up - Indie\u00f3filo","isPartOf":{"@id":"https:\/\/www.indieofilo.com\/#website"},"primaryImageOfPage":{"@id":"https:\/\/www.indieofilo.com\/en\/news\/barcelona-rock-fest-2025-has-announced-three-new-bands-to-complete-its-line-up#primaryimage"},"image":{"@id":"https:\/\/www.indieofilo.com\/en\/news\/barcelona-rock-fest-2025-has-announced-three-new-bands-to-complete-its-line-up#primaryimage"},"thumbnailUrl":"https:\/\/www.indieofilo.com\/wp-content\/uploads\/2025\/05\/barcelona-rock-fest-2025.jpg","datePublished":"2025-05-17T15:31:00+00:00","dateModified":"2025-06-02T17:08:14+00:00","description":"The Hellacopters, Bonfire and Megara have been added to the line-up for Barcelona Rock Fest 2025, joining Slipknot, Scorpions and Judas Priest.","breadcrumb":{"@id":"https:\/\/www.indieofilo.com\/en\/news\/barcelona-rock-fest-2025-has-announced-three-new-bands-to-complete-its-line-up#breadcrumb"},"inLanguage":"en-US","potentialAction":[{"@type":"ReadAction","target":["https:\/\/www.indieofilo.com\/en\/news\/barcelona-rock-fest-2025-has-announced-three-new-bands-to-complete-its-line-up"]}]},{"@type":"ImageObject","inLanguage":"en-US","@id":"https:\/\/www.indieofilo.com\/en\/news\/barcelona-rock-fest-2025-has-announced-three-new-bands-to-complete-its-line-up#primaryimage","url":"https:\/\/www.indieofilo.com\/wp-content\/uploads\/2025\/05\/barcelona-rock-fest-2025.jpg","contentUrl":"https:\/\/www.indieofilo.com\/wp-content\/uploads\/2025\/05\/barcelona-rock-fest-2025.jpg","width":1080,"height":1350,"caption":"Barcelona Rock Fest 2025"},{"@type":"BreadcrumbList","@id":"https:\/\/www.indieofilo.com\/en\/news\/barcelona-rock-fest-2025-has-announced-three-new-bands-to-complete-its-line-up#breadcrumb","itemListElement":[{"@type":"ListItem","position":1,"name":"Portada","item":"https:\/\/www.indieofilo.com\/en"},{"@type":"ListItem","position":2,"name":"Barcelona Rock Fest 2025 has announced three new bands to complete its line-up"}]},{"@type":"WebSite","@id":"https:\/\/www.indieofilo.com\/#website","url":"https:\/\/www.indieofilo.com\/","name":"Indie\u00f3filo","description":"Magazine online de la cultura independiente","publisher":{"@id":"https:\/\/www.indieofilo.com\/#organization"},"potentialAction":[{"@type":"SearchAction","target":{"@type":"EntryPoint","urlTemplate":"https:\/\/www.indieofilo.com\/?s={search_term_string}"},"query-input":{"@type":"PropertyValueSpecification","valueRequired":true,"valueName":"search_term_string"}}],"inLanguage":"en-US"},{"@type":"Organization","@id":"https:\/\/www.indieofilo.com\/#organization","name":"Indie\u00f3filo Web","url":"https:\/\/www.indieofilo.com\/","logo":{"@type":"ImageObject","inLanguage":"en-US","@id":"https:\/\/www.indieofilo.com\/#\/schema\/logo\/image\/","url":"https:\/\/www.indieofilo.com\/wp-content\/uploads\/2015\/02\/logo-alta-resolucion.png","contentUrl":"https:\/\/www.indieofilo.com\/wp-content\/uploads\/2015\/02\/logo-alta-resolucion.png","width":544,"height":185,"caption":"Indie\u00f3filo Web"},"image":{"@id":"https:\/\/www.indieofilo.com\/#\/schema\/logo\/image\/"},"sameAs":["https:\/\/www.facebook.com\/Indieofilo\/","https:\/\/x.com\/indieofilo","https:\/\/www.instagram.com\/indieofilo\/"]},{"@type":"Person","@id":"https:\/\/www.indieofilo.com\/#\/schema\/person\/595334d38590e4ce5a09f83cbf2fca90","name":"Victor","image":{"@type":"ImageObject","inLanguage":"en-US","@id":"https:\/\/www.indieofilo.com\/#\/schema\/person\/image\/","url":"https:\/\/secure.gravatar.com\/avatar\/682b8c6ea3e94b6cffec683b25f1797d?s=96&d=mm&r=g","contentUrl":"https:\/\/secure.gravatar.com\/avatar\/682b8c6ea3e94b6cffec683b25f1797d?s=96&d=mm&r=g","caption":"Victor"},"description":"Fan\u00e1tico de la m\u00fasica desde que mis padres me pon\u00edan a Eydie Gorme y Los Panchos o el Discotuna por la A2. Intent\u00e9 tocar varios instrumentos, pero soy muy torpe con la mano izquierda, as\u00ed que ya sab\u00e9is el resultado final. Fan del britpop, Post-punk, el rugby y el baloncesto...","sameAs":["http:\/\/indieofilo.com"],"url":"https:\/\/www.indieofilo.com\/en\/author\/victor"}]}},"_links":{"self":[{"href":"https:\/\/www.indieofilo.com\/en\/wp-json\/wp\/v2\/posts\/48139","targetHints":{"allow":["GET"]}}],"collection":[{"href":"https:\/\/www.indieofilo.com\/en\/wp-json\/wp\/v2\/posts"}],"about":[{"href":"https:\/\/www.indieofilo.com\/en\/wp-json\/wp\/v2\/types\/post"}],"author":[{"embeddable":true,"href":"https:\/\/www.indieofilo.com\/en\/wp-json\/wp\/v2\/users\/1"}],"replies":[{"embeddable":true,"href":"https:\/\/www.indieofilo.com\/en\/wp-json\/wp\/v2\/comments?post=48139"}],"version-history":[{"count":0,"href":"https:\/\/www.indieofilo.com\/en\/wp-json\/wp\/v2\/posts\/48139\/revisions"}],"wp:featuredmedia":[{"embeddable":true,"href":"https:\/\/www.indieofilo.com\/en\/wp-json\/wp\/v2\/media\/48136"}],"wp:attachment":[{"href":"https:\/\/www.indieofilo.com\/en\/wp-json\/wp\/v2\/media?parent=48139"}],"wp:term":[{"taxonomy":"category","embeddable":true,"href":"https:\/\/www.indieofilo.com\/en\/wp-json\/wp\/v2\/categories?post=48139"},{"taxonomy":"post_tag","embeddable":true,"href":"https:\/\/www.indieofilo.com\/en\/wp-json\/wp\/v2\/tags?post=48139"}],"curies":[{"name":"wp","href":"https:\/\/api.w.org\/{rel}","templated":true}]}}