{"id":4768,"date":"2014-02-27T22:57:48","date_gmt":"2014-02-27T21:57:48","guid":{"rendered":"http:\/\/indieofilo.com\/?p=4768"},"modified":"2023-09-22T14:23:12","modified_gmt":"2023-09-22T12:23:12","slug":"massive-attack-and-kaiser-chiefs-confirmed-for-low-festival-2014","status":"publish","type":"post","link":"https:\/\/www.indieofilo.com\/en\/news\/massive-attack-and-kaiser-chiefs-confirmed-for-low-festival-2014","title":{"rendered":"Massive Attack and Kaiser Chiefs confirmed for Low Festival 2014"},"content":{"rendered":"<p style=\"text-align: justify;\">\n\t<strong>Low Festival 2014<\/strong>&nbsp;has announced on radio show&nbsp;<em>Hoy empieza todo<\/em>&nbsp;from&nbsp;<em>Radio3<\/em>&nbsp;a new row of international bands that raise the level of a line-up where already were&nbsp;&nbsp;<em>Editors, The Hives, Vetusta Morla<\/em>&nbsp;or&nbsp;<em>Blood Red Shoes<\/em>, among others.<\/p>\n<p style=\"text-align: center;\">\n\t<img fetchpriority=\"high\" decoding=\"async\" alt=\"Cartel Low Festival 2014\" class=\"aligncenter size-large wp-image-4766\" height=\"533\" src=\"http:\/\/indieofilo.com\/wp-content\/uploads\/2014\/02\/cartel-low-Festival-2014-377x533.jpg\" width=\"377\" \/><\/p>\n<p>\tGreat big name for this edition is, without a doubt, British band&nbsp;<strong>Massive Attack<\/strong>, who will be on Budweiser stage to introduce their new show, just a month later on being in another Spanish festival, Sonar 2014. On the other hand, always festive band<strong>&nbsp;Kaiser Chiefs<\/strong>&nbsp;will defend live their new LP<em>&nbsp;Education, Education, Education and War<\/em>, while other bans as&nbsp;<strong>Holy Ghost!<\/strong>,&nbsp;<strong>Yuck<\/strong>,&nbsp;<strong>Palma Violets<\/strong>&nbsp;or&nbsp;<strong>We Have Band<\/strong>&nbsp;will present their lasts jobs.<\/p>\n<p>We remember you that the festival will be held on 25th,26th and 27th of July in&nbsp;<em>Ciudad deportiva Guillermo Amor<\/em>&nbsp;at Benidorm, and the current prize for 3 days ticket is 58&euro; +fee, that can be bought at the&nbsp;<a _cke_saved_href=\"http:\/\/lowfestival.es\/abonos\/\" href=\"http:\/\/lowfestival.es\/abonos\/\">official website of the festival<\/a>.<\/p>\n","protected":false},"excerpt":{"rendered":"<p>Low Festival 2014&nbsp;has announced on radio show&nbsp;Hoy empieza todo&nbsp;from&nbsp;Radio3&nbsp;a new row of international bands that raise the level of a line-up where already were&nbsp;&nbsp;Editors, The Hives, Vetusta Morla&nbsp;or&nbsp;Blood Red Shoes, among others. Great big name for this edition is, without a doubt, British band&nbsp;Massive Attack, who will be on Budweiser stage to introduce their new [&hellip;]<\/p>\n","protected":false},"author":1,"featured_media":19319,"comment_status":"open","ping_status":"closed","sticky":false,"template":"","format":"standard","meta":{"footnotes":""},"categories":[41,8],"tags":[5966,5748,5516,6642,5677,6769,6751,6770],"class_list":["post-4768","post","type-post","status-publish","format-standard","has-post-thumbnail","hentry","category-live-shows","category-news","tag-holy-ghost-en","tag-kaiser-chiefs-en","tag-low-festival-en","tag-low-festival-2014-en","tag-massive-attack-en","tag-palma-violets-en","tag-we-have-band-en","tag-yuck-en"],"yoast_head":"<!-- This site is optimized with the Yoast SEO Premium plugin v23.9 (Yoast SEO v26.6) - https:\/\/yoast.com\/wordpress\/plugins\/seo\/ -->\n<title>Massive Attack and Kaiser Chiefs to Low Festival 2014<\/title>\n<meta name=\"description\" content=\"Also with Holy Ghost!, Yuck, Palma Violets and We Have Band, new bands confirmed for the 2014 edition of the Spanish festival.\" \/>\n<meta name=\"robots\" content=\"index, follow, max-snippet:-1, max-image-preview:large, max-video-preview:-1\" \/>\n<link rel=\"canonical\" href=\"https:\/\/www.indieofilo.com\/en\/news\/massive-attack-and-kaiser-chiefs-confirmed-for-low-festival-2014\" \/>\n<meta property=\"og:locale\" content=\"en_US\" \/>\n<meta property=\"og:type\" content=\"article\" \/>\n<meta property=\"og:title\" content=\"Massive Attack and Kaiser Chiefs confirmed for Low Festival 2014\" \/>\n<meta property=\"og:description\" content=\"Also with Holy Ghost!, Yuck, Palma Violets and We Have Band, new bands confirmed for the 2014 edition of the Spanish festival.\" \/>\n<meta property=\"og:url\" content=\"https:\/\/www.indieofilo.com\/en\/news\/massive-attack-and-kaiser-chiefs-confirmed-for-low-festival-2014\" \/>\n<meta property=\"og:site_name\" content=\"Indie\u00f3filo\" \/>\n<meta property=\"article:publisher\" content=\"https:\/\/www.facebook.com\/Indieofilo\/\" \/>\n<meta property=\"article:published_time\" content=\"2014-02-27T21:57:48+00:00\" \/>\n<meta property=\"article:modified_time\" content=\"2023-09-22T12:23:12+00:00\" \/>\n<meta property=\"og:image\" content=\"https:\/\/www.indieofilo.com\/wp-content\/uploads\/2014\/02\/cartel-low-Festival-2014.jpg\" \/>\n\t<meta property=\"og:image:width\" content=\"566\" \/>\n\t<meta property=\"og:image:height\" content=\"800\" \/>\n\t<meta property=\"og:image:type\" content=\"image\/jpeg\" \/>\n<meta name=\"author\" content=\"Victor\" \/>\n<meta name=\"twitter:card\" content=\"summary_large_image\" \/>\n<meta name=\"twitter:creator\" content=\"@indieofilo\" \/>\n<meta name=\"twitter:site\" content=\"@indieofilo\" \/>\n<meta name=\"twitter:label1\" content=\"Written by\" \/>\n\t<meta name=\"twitter:data1\" content=\"Victor\" \/>\n\t<meta name=\"twitter:label2\" content=\"Est. reading time\" \/>\n\t<meta name=\"twitter:data2\" content=\"1 minute\" \/>\n<script type=\"application\/ld+json\" class=\"yoast-schema-graph\">{\"@context\":\"https:\/\/schema.org\",\"@graph\":[{\"@type\":\"Article\",\"@id\":\"https:\/\/www.indieofilo.com\/en\/news\/massive-attack-and-kaiser-chiefs-confirmed-for-low-festival-2014#article\",\"isPartOf\":{\"@id\":\"https:\/\/www.indieofilo.com\/en\/news\/massive-attack-and-kaiser-chiefs-confirmed-for-low-festival-2014\"},\"author\":{\"name\":\"Victor\",\"@id\":\"https:\/\/www.indieofilo.com\/#\/schema\/person\/595334d38590e4ce5a09f83cbf2fca90\"},\"headline\":\"Massive Attack and Kaiser Chiefs confirmed for Low Festival 2014\",\"datePublished\":\"2014-02-27T21:57:48+00:00\",\"dateModified\":\"2023-09-22T12:23:12+00:00\",\"mainEntityOfPage\":{\"@id\":\"https:\/\/www.indieofilo.com\/en\/news\/massive-attack-and-kaiser-chiefs-confirmed-for-low-festival-2014\"},\"wordCount\":188,\"commentCount\":0,\"publisher\":{\"@id\":\"https:\/\/www.indieofilo.com\/#organization\"},\"image\":{\"@id\":\"https:\/\/www.indieofilo.com\/en\/news\/massive-attack-and-kaiser-chiefs-confirmed-for-low-festival-2014#primaryimage\"},\"thumbnailUrl\":\"https:\/\/www.indieofilo.com\/wp-content\/uploads\/2014\/02\/cartel-low-Festival-2014.jpg\",\"keywords\":[\"Holy Ghost!\",\"Kaiser Chiefs\",\"Low Festival\",\"Low Festival 2014\",\"Massive Attack\",\"Palma Violets\",\"We Have Band\",\"Yuck\"],\"articleSection\":[\"Live Shows\",\"News\"],\"inLanguage\":\"en-US\",\"potentialAction\":[{\"@type\":\"CommentAction\",\"name\":\"Comment\",\"target\":[\"https:\/\/www.indieofilo.com\/en\/news\/massive-attack-and-kaiser-chiefs-confirmed-for-low-festival-2014#respond\"]}]},{\"@type\":\"WebPage\",\"@id\":\"https:\/\/www.indieofilo.com\/en\/news\/massive-attack-and-kaiser-chiefs-confirmed-for-low-festival-2014\",\"url\":\"https:\/\/www.indieofilo.com\/en\/news\/massive-attack-and-kaiser-chiefs-confirmed-for-low-festival-2014\",\"name\":\"Massive Attack and Kaiser Chiefs to Low Festival 2014\",\"isPartOf\":{\"@id\":\"https:\/\/www.indieofilo.com\/#website\"},\"primaryImageOfPage\":{\"@id\":\"https:\/\/www.indieofilo.com\/en\/news\/massive-attack-and-kaiser-chiefs-confirmed-for-low-festival-2014#primaryimage\"},\"image\":{\"@id\":\"https:\/\/www.indieofilo.com\/en\/news\/massive-attack-and-kaiser-chiefs-confirmed-for-low-festival-2014#primaryimage\"},\"thumbnailUrl\":\"https:\/\/www.indieofilo.com\/wp-content\/uploads\/2014\/02\/cartel-low-Festival-2014.jpg\",\"datePublished\":\"2014-02-27T21:57:48+00:00\",\"dateModified\":\"2023-09-22T12:23:12+00:00\",\"description\":\"Also with Holy Ghost!, Yuck, Palma Violets and We Have Band, new bands confirmed for the 2014 edition of the Spanish festival.\",\"breadcrumb\":{\"@id\":\"https:\/\/www.indieofilo.com\/en\/news\/massive-attack-and-kaiser-chiefs-confirmed-for-low-festival-2014#breadcrumb\"},\"inLanguage\":\"en-US\",\"potentialAction\":[{\"@type\":\"ReadAction\",\"target\":[\"https:\/\/www.indieofilo.com\/en\/news\/massive-attack-and-kaiser-chiefs-confirmed-for-low-festival-2014\"]}]},{\"@type\":\"ImageObject\",\"inLanguage\":\"en-US\",\"@id\":\"https:\/\/www.indieofilo.com\/en\/news\/massive-attack-and-kaiser-chiefs-confirmed-for-low-festival-2014#primaryimage\",\"url\":\"https:\/\/www.indieofilo.com\/wp-content\/uploads\/2014\/02\/cartel-low-Festival-2014.jpg\",\"contentUrl\":\"https:\/\/www.indieofilo.com\/wp-content\/uploads\/2014\/02\/cartel-low-Festival-2014.jpg\",\"width\":566,\"height\":800},{\"@type\":\"BreadcrumbList\",\"@id\":\"https:\/\/www.indieofilo.com\/en\/news\/massive-attack-and-kaiser-chiefs-confirmed-for-low-festival-2014#breadcrumb\",\"itemListElement\":[{\"@type\":\"ListItem\",\"position\":1,\"name\":\"Portada\",\"item\":\"https:\/\/www.indieofilo.com\/en\"},{\"@type\":\"ListItem\",\"position\":2,\"name\":\"Massive Attack and Kaiser Chiefs confirmed for Low Festival 2014\"}]},{\"@type\":\"WebSite\",\"@id\":\"https:\/\/www.indieofilo.com\/#website\",\"url\":\"https:\/\/www.indieofilo.com\/\",\"name\":\"Indie\u00f3filo\",\"description\":\"Magazine online de la cultura independiente\",\"publisher\":{\"@id\":\"https:\/\/www.indieofilo.com\/#organization\"},\"potentialAction\":[{\"@type\":\"SearchAction\",\"target\":{\"@type\":\"EntryPoint\",\"urlTemplate\":\"https:\/\/www.indieofilo.com\/?s={search_term_string}\"},\"query-input\":{\"@type\":\"PropertyValueSpecification\",\"valueRequired\":true,\"valueName\":\"search_term_string\"}}],\"inLanguage\":\"en-US\"},{\"@type\":\"Organization\",\"@id\":\"https:\/\/www.indieofilo.com\/#organization\",\"name\":\"Indie\u00f3filo Web\",\"url\":\"https:\/\/www.indieofilo.com\/\",\"logo\":{\"@type\":\"ImageObject\",\"inLanguage\":\"en-US\",\"@id\":\"https:\/\/www.indieofilo.com\/#\/schema\/logo\/image\/\",\"url\":\"https:\/\/www.indieofilo.com\/wp-content\/uploads\/2015\/02\/logo-alta-resolucion.png\",\"contentUrl\":\"https:\/\/www.indieofilo.com\/wp-content\/uploads\/2015\/02\/logo-alta-resolucion.png\",\"width\":544,\"height\":185,\"caption\":\"Indie\u00f3filo Web\"},\"image\":{\"@id\":\"https:\/\/www.indieofilo.com\/#\/schema\/logo\/image\/\"},\"sameAs\":[\"https:\/\/www.facebook.com\/Indieofilo\/\",\"https:\/\/x.com\/indieofilo\",\"https:\/\/www.instagram.com\/indieofilo\/\"]},{\"@type\":\"Person\",\"@id\":\"https:\/\/www.indieofilo.com\/#\/schema\/person\/595334d38590e4ce5a09f83cbf2fca90\",\"name\":\"Victor\",\"image\":{\"@type\":\"ImageObject\",\"inLanguage\":\"en-US\",\"@id\":\"https:\/\/www.indieofilo.com\/#\/schema\/person\/image\/\",\"url\":\"https:\/\/secure.gravatar.com\/avatar\/682b8c6ea3e94b6cffec683b25f1797d?s=96&d=mm&r=g\",\"contentUrl\":\"https:\/\/secure.gravatar.com\/avatar\/682b8c6ea3e94b6cffec683b25f1797d?s=96&d=mm&r=g\",\"caption\":\"Victor\"},\"description\":\"Fan\u00e1tico de la m\u00fasica desde que mis padres me pon\u00edan a Eydie Gorme y Los Panchos o el Discotuna por la A2. Intent\u00e9 tocar varios instrumentos, pero soy muy torpe con la mano izquierda, as\u00ed que ya sab\u00e9is el resultado final. Fan del britpop, Post-punk, el rugby y el baloncesto...\",\"sameAs\":[\"http:\/\/indieofilo.com\"],\"url\":\"https:\/\/www.indieofilo.com\/en\/author\/victor\"}]}<\/script>\n<!-- \/ Yoast SEO Premium plugin. -->","yoast_head_json":{"title":"Massive Attack and Kaiser Chiefs to Low Festival 2014","description":"Also with Holy Ghost!, Yuck, Palma Violets and We Have Band, new bands confirmed for the 2014 edition of the Spanish festival.","robots":{"index":"index","follow":"follow","max-snippet":"max-snippet:-1","max-image-preview":"max-image-preview:large","max-video-preview":"max-video-preview:-1"},"canonical":"https:\/\/www.indieofilo.com\/en\/news\/massive-attack-and-kaiser-chiefs-confirmed-for-low-festival-2014","og_locale":"en_US","og_type":"article","og_title":"Massive Attack and Kaiser Chiefs confirmed for Low Festival 2014","og_description":"Also with Holy Ghost!, Yuck, Palma Violets and We Have Band, new bands confirmed for the 2014 edition of the Spanish festival.","og_url":"https:\/\/www.indieofilo.com\/en\/news\/massive-attack-and-kaiser-chiefs-confirmed-for-low-festival-2014","og_site_name":"Indie\u00f3filo","article_publisher":"https:\/\/www.facebook.com\/Indieofilo\/","article_published_time":"2014-02-27T21:57:48+00:00","article_modified_time":"2023-09-22T12:23:12+00:00","og_image":[{"width":566,"height":800,"url":"https:\/\/www.indieofilo.com\/wp-content\/uploads\/2014\/02\/cartel-low-Festival-2014.jpg","type":"image\/jpeg"}],"author":"Victor","twitter_card":"summary_large_image","twitter_creator":"@indieofilo","twitter_site":"@indieofilo","twitter_misc":{"Written by":"Victor","Est. reading time":"1 minute"},"schema":{"@context":"https:\/\/schema.org","@graph":[{"@type":"Article","@id":"https:\/\/www.indieofilo.com\/en\/news\/massive-attack-and-kaiser-chiefs-confirmed-for-low-festival-2014#article","isPartOf":{"@id":"https:\/\/www.indieofilo.com\/en\/news\/massive-attack-and-kaiser-chiefs-confirmed-for-low-festival-2014"},"author":{"name":"Victor","@id":"https:\/\/www.indieofilo.com\/#\/schema\/person\/595334d38590e4ce5a09f83cbf2fca90"},"headline":"Massive Attack and Kaiser Chiefs confirmed for Low Festival 2014","datePublished":"2014-02-27T21:57:48+00:00","dateModified":"2023-09-22T12:23:12+00:00","mainEntityOfPage":{"@id":"https:\/\/www.indieofilo.com\/en\/news\/massive-attack-and-kaiser-chiefs-confirmed-for-low-festival-2014"},"wordCount":188,"commentCount":0,"publisher":{"@id":"https:\/\/www.indieofilo.com\/#organization"},"image":{"@id":"https:\/\/www.indieofilo.com\/en\/news\/massive-attack-and-kaiser-chiefs-confirmed-for-low-festival-2014#primaryimage"},"thumbnailUrl":"https:\/\/www.indieofilo.com\/wp-content\/uploads\/2014\/02\/cartel-low-Festival-2014.jpg","keywords":["Holy Ghost!","Kaiser Chiefs","Low Festival","Low Festival 2014","Massive Attack","Palma Violets","We Have Band","Yuck"],"articleSection":["Live Shows","News"],"inLanguage":"en-US","potentialAction":[{"@type":"CommentAction","name":"Comment","target":["https:\/\/www.indieofilo.com\/en\/news\/massive-attack-and-kaiser-chiefs-confirmed-for-low-festival-2014#respond"]}]},{"@type":"WebPage","@id":"https:\/\/www.indieofilo.com\/en\/news\/massive-attack-and-kaiser-chiefs-confirmed-for-low-festival-2014","url":"https:\/\/www.indieofilo.com\/en\/news\/massive-attack-and-kaiser-chiefs-confirmed-for-low-festival-2014","name":"Massive Attack and Kaiser Chiefs to Low Festival 2014","isPartOf":{"@id":"https:\/\/www.indieofilo.com\/#website"},"primaryImageOfPage":{"@id":"https:\/\/www.indieofilo.com\/en\/news\/massive-attack-and-kaiser-chiefs-confirmed-for-low-festival-2014#primaryimage"},"image":{"@id":"https:\/\/www.indieofilo.com\/en\/news\/massive-attack-and-kaiser-chiefs-confirmed-for-low-festival-2014#primaryimage"},"thumbnailUrl":"https:\/\/www.indieofilo.com\/wp-content\/uploads\/2014\/02\/cartel-low-Festival-2014.jpg","datePublished":"2014-02-27T21:57:48+00:00","dateModified":"2023-09-22T12:23:12+00:00","description":"Also with Holy Ghost!, Yuck, Palma Violets and We Have Band, new bands confirmed for the 2014 edition of the Spanish festival.","breadcrumb":{"@id":"https:\/\/www.indieofilo.com\/en\/news\/massive-attack-and-kaiser-chiefs-confirmed-for-low-festival-2014#breadcrumb"},"inLanguage":"en-US","potentialAction":[{"@type":"ReadAction","target":["https:\/\/www.indieofilo.com\/en\/news\/massive-attack-and-kaiser-chiefs-confirmed-for-low-festival-2014"]}]},{"@type":"ImageObject","inLanguage":"en-US","@id":"https:\/\/www.indieofilo.com\/en\/news\/massive-attack-and-kaiser-chiefs-confirmed-for-low-festival-2014#primaryimage","url":"https:\/\/www.indieofilo.com\/wp-content\/uploads\/2014\/02\/cartel-low-Festival-2014.jpg","contentUrl":"https:\/\/www.indieofilo.com\/wp-content\/uploads\/2014\/02\/cartel-low-Festival-2014.jpg","width":566,"height":800},{"@type":"BreadcrumbList","@id":"https:\/\/www.indieofilo.com\/en\/news\/massive-attack-and-kaiser-chiefs-confirmed-for-low-festival-2014#breadcrumb","itemListElement":[{"@type":"ListItem","position":1,"name":"Portada","item":"https:\/\/www.indieofilo.com\/en"},{"@type":"ListItem","position":2,"name":"Massive Attack and Kaiser Chiefs confirmed for Low Festival 2014"}]},{"@type":"WebSite","@id":"https:\/\/www.indieofilo.com\/#website","url":"https:\/\/www.indieofilo.com\/","name":"Indie\u00f3filo","description":"Magazine online de la cultura independiente","publisher":{"@id":"https:\/\/www.indieofilo.com\/#organization"},"potentialAction":[{"@type":"SearchAction","target":{"@type":"EntryPoint","urlTemplate":"https:\/\/www.indieofilo.com\/?s={search_term_string}"},"query-input":{"@type":"PropertyValueSpecification","valueRequired":true,"valueName":"search_term_string"}}],"inLanguage":"en-US"},{"@type":"Organization","@id":"https:\/\/www.indieofilo.com\/#organization","name":"Indie\u00f3filo Web","url":"https:\/\/www.indieofilo.com\/","logo":{"@type":"ImageObject","inLanguage":"en-US","@id":"https:\/\/www.indieofilo.com\/#\/schema\/logo\/image\/","url":"https:\/\/www.indieofilo.com\/wp-content\/uploads\/2015\/02\/logo-alta-resolucion.png","contentUrl":"https:\/\/www.indieofilo.com\/wp-content\/uploads\/2015\/02\/logo-alta-resolucion.png","width":544,"height":185,"caption":"Indie\u00f3filo Web"},"image":{"@id":"https:\/\/www.indieofilo.com\/#\/schema\/logo\/image\/"},"sameAs":["https:\/\/www.facebook.com\/Indieofilo\/","https:\/\/x.com\/indieofilo","https:\/\/www.instagram.com\/indieofilo\/"]},{"@type":"Person","@id":"https:\/\/www.indieofilo.com\/#\/schema\/person\/595334d38590e4ce5a09f83cbf2fca90","name":"Victor","image":{"@type":"ImageObject","inLanguage":"en-US","@id":"https:\/\/www.indieofilo.com\/#\/schema\/person\/image\/","url":"https:\/\/secure.gravatar.com\/avatar\/682b8c6ea3e94b6cffec683b25f1797d?s=96&d=mm&r=g","contentUrl":"https:\/\/secure.gravatar.com\/avatar\/682b8c6ea3e94b6cffec683b25f1797d?s=96&d=mm&r=g","caption":"Victor"},"description":"Fan\u00e1tico de la m\u00fasica desde que mis padres me pon\u00edan a Eydie Gorme y Los Panchos o el Discotuna por la A2. Intent\u00e9 tocar varios instrumentos, pero soy muy torpe con la mano izquierda, as\u00ed que ya sab\u00e9is el resultado final. Fan del britpop, Post-punk, el rugby y el baloncesto...","sameAs":["http:\/\/indieofilo.com"],"url":"https:\/\/www.indieofilo.com\/en\/author\/victor"}]}},"_links":{"self":[{"href":"https:\/\/www.indieofilo.com\/en\/wp-json\/wp\/v2\/posts\/4768","targetHints":{"allow":["GET"]}}],"collection":[{"href":"https:\/\/www.indieofilo.com\/en\/wp-json\/wp\/v2\/posts"}],"about":[{"href":"https:\/\/www.indieofilo.com\/en\/wp-json\/wp\/v2\/types\/post"}],"author":[{"embeddable":true,"href":"https:\/\/www.indieofilo.com\/en\/wp-json\/wp\/v2\/users\/1"}],"replies":[{"embeddable":true,"href":"https:\/\/www.indieofilo.com\/en\/wp-json\/wp\/v2\/comments?post=4768"}],"version-history":[{"count":0,"href":"https:\/\/www.indieofilo.com\/en\/wp-json\/wp\/v2\/posts\/4768\/revisions"}],"wp:featuredmedia":[{"embeddable":true,"href":"https:\/\/www.indieofilo.com\/en\/wp-json\/wp\/v2\/media\/19319"}],"wp:attachment":[{"href":"https:\/\/www.indieofilo.com\/en\/wp-json\/wp\/v2\/media?parent=4768"}],"wp:term":[{"taxonomy":"category","embeddable":true,"href":"https:\/\/www.indieofilo.com\/en\/wp-json\/wp\/v2\/categories?post=4768"},{"taxonomy":"post_tag","embeddable":true,"href":"https:\/\/www.indieofilo.com\/en\/wp-json\/wp\/v2\/tags?post=4768"}],"curies":[{"name":"wp","href":"https:\/\/api.w.org\/{rel}","templated":true}]}}