{"id":47652,"date":"2025-02-21T17:43:17","date_gmt":"2025-02-21T16:43:17","guid":{"rendered":"https:\/\/www.indieofilo.com\/news\/music\/last-names-for-guitarbcn-2025"},"modified":"2025-05-13T10:02:08","modified_gmt":"2025-05-13T08:02:08","slug":"last-names-for-guitarbcn-2025","status":"publish","type":"post","link":"https:\/\/www.indieofilo.com\/en\/news\/live-shows\/last-names-for-guitarbcn-2025","title":{"rendered":"Last names for GuitarBCN 2025"},"content":{"rendered":"<p style=\"text-align: justify;\">After <a href=\"https:\/\/www.indieofilo.com\/en\/news\/live-shows\/line-up-announced-for-bcn-2025-guitar\">confirming a large part of the line-up last December<\/a> and even holding some of the first concerts, the organisers of <strong>GuitarBCN 2025<\/strong> have just announced the final names to complete this year&#8217;s successful edition, for which they have already sold more than 74,000 tickets, with up to 12 confirmed sell-outs.<\/p>\n<p style=\"text-align: justify;\">In addition to Santana, Amaral, Rodrigo Cuevas, Xoel L\u00f3pez and Califato<sup>3\/4<\/sup>, <strong>Silvia P\u00e9rez Cruz<\/strong> and <strong>Salvador Sobral<\/strong> will be presenting a joint album at the Palau de la M\u00fasica Catalana, the same venue where it will be possible to enjoy <strong>Rumours of Fleetwood Mac<\/strong>, one of the best tribute bands to the band led by Stevie Nicks and Mick Fleetwood. Colombian <strong>Andres Cepeda<\/strong>, Peruvian <strong>Gian Marco<\/strong> and American <strong>Bacilos<\/strong> have also been confirmed. <\/p>\n<p style=\"text-align: justify;\">Tickets for all remaining GuitarBCN 2025 shows, organised by The Project, are available on the <a href=\"https:\/\/www.guitarbcn.com\/\" target=\"_blank\" rel=\"noopener\">festival&#8217;s official website<\/a>.<\/p>\n<p><img fetchpriority=\"high\" decoding=\"async\" class=\"aligncenter size-large wp-image-46076\" src=\"http:\/\/www.indieofilo.com\/wp-content\/uploads\/2024\/12\/Guitar_BCN_2025-1024x580.jpg\" alt=\"Guitar BCN 2025\" width=\"1024\" height=\"580\" srcset=\"https:\/\/www.indieofilo.com\/wp-content\/uploads\/2024\/12\/Guitar_BCN_2025-1024x580.jpg 1024w, https:\/\/www.indieofilo.com\/wp-content\/uploads\/2024\/12\/Guitar_BCN_2025-800x453.jpg 800w, https:\/\/www.indieofilo.com\/wp-content\/uploads\/2024\/12\/Guitar_BCN_2025-600x340.jpg 600w, https:\/\/www.indieofilo.com\/wp-content\/uploads\/2024\/12\/Guitar_BCN_2025-768x435.jpg 768w, https:\/\/www.indieofilo.com\/wp-content\/uploads\/2024\/12\/Guitar_BCN_2025.jpg 1500w\" sizes=\"(max-width: 1024px) 100vw, 1024px\" \/><\/p>\n","protected":false},"excerpt":{"rendered":"<p>After confirming a large part of the line-up last December and even holding some of the first concerts, the organisers of GuitarBCN 2025 have just announced the final names to complete this year&#8217;s successful edition, for which they have already sold more than 74,000 tickets, with up to 12 confirmed sell-outs. In addition to Santana, [&hellip;]<\/p>\n","protected":false},"author":1,"featured_media":46076,"comment_status":"open","ping_status":"closed","sticky":false,"template":"","format":"standard","meta":{"footnotes":""},"categories":[41,8],"tags":[4961,7612,7614,7713,7712],"class_list":["post-47652","post","type-post","status-publish","format-standard","has-post-thumbnail","hentry","category-live-shows","category-news","tag-barcelona-en","tag-guitar-bcn-en","tag-guitar-bcn-2025-en","tag-salvador-sobral-en","tag-silvia-perez-cruz-en-2"],"yoast_head":"<!-- This site is optimized with the Yoast SEO Premium plugin v23.9 (Yoast SEO v26.6) - https:\/\/yoast.com\/wordpress\/plugins\/seo\/ -->\n<title>Last names for GuitarBCN 2025 - Indie\u00f3filo<\/title>\n<meta name=\"description\" content=\"Silvia P\u00e9rez Cruz and Salvador Sobral or Rumours of Fleetwood Mac, one of the best tribute bands, among the new GuitarBCN 2025 confirmations.\" \/>\n<meta name=\"robots\" content=\"index, follow, max-snippet:-1, max-image-preview:large, max-video-preview:-1\" \/>\n<link rel=\"canonical\" href=\"https:\/\/www.indieofilo.com\/en\/news\/live-shows\/last-names-for-guitarbcn-2025\" \/>\n<meta property=\"og:locale\" content=\"en_US\" \/>\n<meta property=\"og:type\" content=\"article\" \/>\n<meta property=\"og:title\" content=\"Last names for GuitarBCN 2025\" \/>\n<meta property=\"og:description\" content=\"Silvia P\u00e9rez Cruz and Salvador Sobral or Rumours of Fleetwood Mac, one of the best tribute bands, among the new GuitarBCN 2025 confirmations.\" \/>\n<meta property=\"og:url\" content=\"https:\/\/www.indieofilo.com\/en\/news\/live-shows\/last-names-for-guitarbcn-2025\" \/>\n<meta property=\"og:site_name\" content=\"Indie\u00f3filo\" \/>\n<meta property=\"article:publisher\" content=\"https:\/\/www.facebook.com\/Indieofilo\/\" \/>\n<meta property=\"article:published_time\" content=\"2025-02-21T16:43:17+00:00\" \/>\n<meta property=\"article:modified_time\" content=\"2025-05-13T08:02:08+00:00\" \/>\n<meta property=\"og:image\" content=\"http:\/\/www.indieofilo.com\/wp-content\/uploads\/2024\/12\/Guitar_BCN_2025.jpg\" \/>\n\t<meta property=\"og:image:width\" content=\"1500\" \/>\n\t<meta property=\"og:image:height\" content=\"850\" \/>\n\t<meta property=\"og:image:type\" content=\"image\/jpeg\" \/>\n<meta name=\"author\" content=\"Victor\" \/>\n<meta name=\"twitter:card\" content=\"summary_large_image\" \/>\n<meta name=\"twitter:creator\" content=\"@indieofilo\" \/>\n<meta name=\"twitter:site\" content=\"@indieofilo\" \/>\n<meta name=\"twitter:label1\" content=\"Written by\" \/>\n\t<meta name=\"twitter:data1\" content=\"Victor\" \/>\n\t<meta name=\"twitter:label2\" content=\"Est. reading time\" \/>\n\t<meta name=\"twitter:data2\" content=\"2 minutes\" \/>\n<script type=\"application\/ld+json\" class=\"yoast-schema-graph\">{\"@context\":\"https:\/\/schema.org\",\"@graph\":[{\"@type\":\"Article\",\"@id\":\"https:\/\/www.indieofilo.com\/en\/news\/live-shows\/last-names-for-guitarbcn-2025#article\",\"isPartOf\":{\"@id\":\"https:\/\/www.indieofilo.com\/en\/news\/live-shows\/last-names-for-guitarbcn-2025\"},\"author\":{\"name\":\"Victor\",\"@id\":\"https:\/\/www.indieofilo.com\/#\/schema\/person\/595334d38590e4ce5a09f83cbf2fca90\"},\"headline\":\"Last names for GuitarBCN 2025\",\"datePublished\":\"2025-02-21T16:43:17+00:00\",\"dateModified\":\"2025-05-13T08:02:08+00:00\",\"mainEntityOfPage\":{\"@id\":\"https:\/\/www.indieofilo.com\/en\/news\/live-shows\/last-names-for-guitarbcn-2025\"},\"wordCount\":145,\"commentCount\":0,\"publisher\":{\"@id\":\"https:\/\/www.indieofilo.com\/#organization\"},\"image\":{\"@id\":\"https:\/\/www.indieofilo.com\/en\/news\/live-shows\/last-names-for-guitarbcn-2025#primaryimage\"},\"thumbnailUrl\":\"https:\/\/www.indieofilo.com\/wp-content\/uploads\/2024\/12\/Guitar_BCN_2025.jpg\",\"keywords\":[\"Barcelona\",\"Guitar BCN\",\"Guitar BCN 2025\",\"Salvador Sobral\",\"Silvia P\u00e9rez Cruz\"],\"articleSection\":[\"Live Shows\",\"News\"],\"inLanguage\":\"en-US\",\"potentialAction\":[{\"@type\":\"CommentAction\",\"name\":\"Comment\",\"target\":[\"https:\/\/www.indieofilo.com\/en\/news\/live-shows\/last-names-for-guitarbcn-2025#respond\"]}]},{\"@type\":\"WebPage\",\"@id\":\"https:\/\/www.indieofilo.com\/en\/news\/live-shows\/last-names-for-guitarbcn-2025\",\"url\":\"https:\/\/www.indieofilo.com\/en\/news\/live-shows\/last-names-for-guitarbcn-2025\",\"name\":\"Last names for GuitarBCN 2025 - Indie\u00f3filo\",\"isPartOf\":{\"@id\":\"https:\/\/www.indieofilo.com\/#website\"},\"primaryImageOfPage\":{\"@id\":\"https:\/\/www.indieofilo.com\/en\/news\/live-shows\/last-names-for-guitarbcn-2025#primaryimage\"},\"image\":{\"@id\":\"https:\/\/www.indieofilo.com\/en\/news\/live-shows\/last-names-for-guitarbcn-2025#primaryimage\"},\"thumbnailUrl\":\"https:\/\/www.indieofilo.com\/wp-content\/uploads\/2024\/12\/Guitar_BCN_2025.jpg\",\"datePublished\":\"2025-02-21T16:43:17+00:00\",\"dateModified\":\"2025-05-13T08:02:08+00:00\",\"description\":\"Silvia P\u00e9rez Cruz and Salvador Sobral or Rumours of Fleetwood Mac, one of the best tribute bands, among the new GuitarBCN 2025 confirmations.\",\"breadcrumb\":{\"@id\":\"https:\/\/www.indieofilo.com\/en\/news\/live-shows\/last-names-for-guitarbcn-2025#breadcrumb\"},\"inLanguage\":\"en-US\",\"potentialAction\":[{\"@type\":\"ReadAction\",\"target\":[\"https:\/\/www.indieofilo.com\/en\/news\/live-shows\/last-names-for-guitarbcn-2025\"]}]},{\"@type\":\"ImageObject\",\"inLanguage\":\"en-US\",\"@id\":\"https:\/\/www.indieofilo.com\/en\/news\/live-shows\/last-names-for-guitarbcn-2025#primaryimage\",\"url\":\"https:\/\/www.indieofilo.com\/wp-content\/uploads\/2024\/12\/Guitar_BCN_2025.jpg\",\"contentUrl\":\"https:\/\/www.indieofilo.com\/wp-content\/uploads\/2024\/12\/Guitar_BCN_2025.jpg\",\"width\":1500,\"height\":850,\"caption\":\"Guitar BCN 2025\"},{\"@type\":\"BreadcrumbList\",\"@id\":\"https:\/\/www.indieofilo.com\/en\/news\/live-shows\/last-names-for-guitarbcn-2025#breadcrumb\",\"itemListElement\":[{\"@type\":\"ListItem\",\"position\":1,\"name\":\"Portada\",\"item\":\"https:\/\/www.indieofilo.com\/en\"},{\"@type\":\"ListItem\",\"position\":2,\"name\":\"Last names for GuitarBCN 2025\"}]},{\"@type\":\"WebSite\",\"@id\":\"https:\/\/www.indieofilo.com\/#website\",\"url\":\"https:\/\/www.indieofilo.com\/\",\"name\":\"Indie\u00f3filo\",\"description\":\"Magazine online de la cultura independiente\",\"publisher\":{\"@id\":\"https:\/\/www.indieofilo.com\/#organization\"},\"potentialAction\":[{\"@type\":\"SearchAction\",\"target\":{\"@type\":\"EntryPoint\",\"urlTemplate\":\"https:\/\/www.indieofilo.com\/?s={search_term_string}\"},\"query-input\":{\"@type\":\"PropertyValueSpecification\",\"valueRequired\":true,\"valueName\":\"search_term_string\"}}],\"inLanguage\":\"en-US\"},{\"@type\":\"Organization\",\"@id\":\"https:\/\/www.indieofilo.com\/#organization\",\"name\":\"Indie\u00f3filo Web\",\"url\":\"https:\/\/www.indieofilo.com\/\",\"logo\":{\"@type\":\"ImageObject\",\"inLanguage\":\"en-US\",\"@id\":\"https:\/\/www.indieofilo.com\/#\/schema\/logo\/image\/\",\"url\":\"https:\/\/www.indieofilo.com\/wp-content\/uploads\/2015\/02\/logo-alta-resolucion.png\",\"contentUrl\":\"https:\/\/www.indieofilo.com\/wp-content\/uploads\/2015\/02\/logo-alta-resolucion.png\",\"width\":544,\"height\":185,\"caption\":\"Indie\u00f3filo Web\"},\"image\":{\"@id\":\"https:\/\/www.indieofilo.com\/#\/schema\/logo\/image\/\"},\"sameAs\":[\"https:\/\/www.facebook.com\/Indieofilo\/\",\"https:\/\/x.com\/indieofilo\",\"https:\/\/www.instagram.com\/indieofilo\/\"]},{\"@type\":\"Person\",\"@id\":\"https:\/\/www.indieofilo.com\/#\/schema\/person\/595334d38590e4ce5a09f83cbf2fca90\",\"name\":\"Victor\",\"image\":{\"@type\":\"ImageObject\",\"inLanguage\":\"en-US\",\"@id\":\"https:\/\/www.indieofilo.com\/#\/schema\/person\/image\/\",\"url\":\"https:\/\/secure.gravatar.com\/avatar\/682b8c6ea3e94b6cffec683b25f1797d?s=96&d=mm&r=g\",\"contentUrl\":\"https:\/\/secure.gravatar.com\/avatar\/682b8c6ea3e94b6cffec683b25f1797d?s=96&d=mm&r=g\",\"caption\":\"Victor\"},\"description\":\"Fan\u00e1tico de la m\u00fasica desde que mis padres me pon\u00edan a Eydie Gorme y Los Panchos o el Discotuna por la A2. Intent\u00e9 tocar varios instrumentos, pero soy muy torpe con la mano izquierda, as\u00ed que ya sab\u00e9is el resultado final. Fan del britpop, Post-punk, el rugby y el baloncesto...\",\"sameAs\":[\"http:\/\/indieofilo.com\"],\"url\":\"https:\/\/www.indieofilo.com\/en\/author\/victor\"}]}<\/script>\n<!-- \/ Yoast SEO Premium plugin. -->","yoast_head_json":{"title":"Last names for GuitarBCN 2025 - Indie\u00f3filo","description":"Silvia P\u00e9rez Cruz and Salvador Sobral or Rumours of Fleetwood Mac, one of the best tribute bands, among the new GuitarBCN 2025 confirmations.","robots":{"index":"index","follow":"follow","max-snippet":"max-snippet:-1","max-image-preview":"max-image-preview:large","max-video-preview":"max-video-preview:-1"},"canonical":"https:\/\/www.indieofilo.com\/en\/news\/live-shows\/last-names-for-guitarbcn-2025","og_locale":"en_US","og_type":"article","og_title":"Last names for GuitarBCN 2025","og_description":"Silvia P\u00e9rez Cruz and Salvador Sobral or Rumours of Fleetwood Mac, one of the best tribute bands, among the new GuitarBCN 2025 confirmations.","og_url":"https:\/\/www.indieofilo.com\/en\/news\/live-shows\/last-names-for-guitarbcn-2025","og_site_name":"Indie\u00f3filo","article_publisher":"https:\/\/www.facebook.com\/Indieofilo\/","article_published_time":"2025-02-21T16:43:17+00:00","article_modified_time":"2025-05-13T08:02:08+00:00","og_image":[{"width":1500,"height":850,"url":"http:\/\/www.indieofilo.com\/wp-content\/uploads\/2024\/12\/Guitar_BCN_2025.jpg","type":"image\/jpeg"}],"author":"Victor","twitter_card":"summary_large_image","twitter_creator":"@indieofilo","twitter_site":"@indieofilo","twitter_misc":{"Written by":"Victor","Est. reading time":"2 minutes"},"schema":{"@context":"https:\/\/schema.org","@graph":[{"@type":"Article","@id":"https:\/\/www.indieofilo.com\/en\/news\/live-shows\/last-names-for-guitarbcn-2025#article","isPartOf":{"@id":"https:\/\/www.indieofilo.com\/en\/news\/live-shows\/last-names-for-guitarbcn-2025"},"author":{"name":"Victor","@id":"https:\/\/www.indieofilo.com\/#\/schema\/person\/595334d38590e4ce5a09f83cbf2fca90"},"headline":"Last names for GuitarBCN 2025","datePublished":"2025-02-21T16:43:17+00:00","dateModified":"2025-05-13T08:02:08+00:00","mainEntityOfPage":{"@id":"https:\/\/www.indieofilo.com\/en\/news\/live-shows\/last-names-for-guitarbcn-2025"},"wordCount":145,"commentCount":0,"publisher":{"@id":"https:\/\/www.indieofilo.com\/#organization"},"image":{"@id":"https:\/\/www.indieofilo.com\/en\/news\/live-shows\/last-names-for-guitarbcn-2025#primaryimage"},"thumbnailUrl":"https:\/\/www.indieofilo.com\/wp-content\/uploads\/2024\/12\/Guitar_BCN_2025.jpg","keywords":["Barcelona","Guitar BCN","Guitar BCN 2025","Salvador Sobral","Silvia P\u00e9rez Cruz"],"articleSection":["Live Shows","News"],"inLanguage":"en-US","potentialAction":[{"@type":"CommentAction","name":"Comment","target":["https:\/\/www.indieofilo.com\/en\/news\/live-shows\/last-names-for-guitarbcn-2025#respond"]}]},{"@type":"WebPage","@id":"https:\/\/www.indieofilo.com\/en\/news\/live-shows\/last-names-for-guitarbcn-2025","url":"https:\/\/www.indieofilo.com\/en\/news\/live-shows\/last-names-for-guitarbcn-2025","name":"Last names for GuitarBCN 2025 - Indie\u00f3filo","isPartOf":{"@id":"https:\/\/www.indieofilo.com\/#website"},"primaryImageOfPage":{"@id":"https:\/\/www.indieofilo.com\/en\/news\/live-shows\/last-names-for-guitarbcn-2025#primaryimage"},"image":{"@id":"https:\/\/www.indieofilo.com\/en\/news\/live-shows\/last-names-for-guitarbcn-2025#primaryimage"},"thumbnailUrl":"https:\/\/www.indieofilo.com\/wp-content\/uploads\/2024\/12\/Guitar_BCN_2025.jpg","datePublished":"2025-02-21T16:43:17+00:00","dateModified":"2025-05-13T08:02:08+00:00","description":"Silvia P\u00e9rez Cruz and Salvador Sobral or Rumours of Fleetwood Mac, one of the best tribute bands, among the new GuitarBCN 2025 confirmations.","breadcrumb":{"@id":"https:\/\/www.indieofilo.com\/en\/news\/live-shows\/last-names-for-guitarbcn-2025#breadcrumb"},"inLanguage":"en-US","potentialAction":[{"@type":"ReadAction","target":["https:\/\/www.indieofilo.com\/en\/news\/live-shows\/last-names-for-guitarbcn-2025"]}]},{"@type":"ImageObject","inLanguage":"en-US","@id":"https:\/\/www.indieofilo.com\/en\/news\/live-shows\/last-names-for-guitarbcn-2025#primaryimage","url":"https:\/\/www.indieofilo.com\/wp-content\/uploads\/2024\/12\/Guitar_BCN_2025.jpg","contentUrl":"https:\/\/www.indieofilo.com\/wp-content\/uploads\/2024\/12\/Guitar_BCN_2025.jpg","width":1500,"height":850,"caption":"Guitar BCN 2025"},{"@type":"BreadcrumbList","@id":"https:\/\/www.indieofilo.com\/en\/news\/live-shows\/last-names-for-guitarbcn-2025#breadcrumb","itemListElement":[{"@type":"ListItem","position":1,"name":"Portada","item":"https:\/\/www.indieofilo.com\/en"},{"@type":"ListItem","position":2,"name":"Last names for GuitarBCN 2025"}]},{"@type":"WebSite","@id":"https:\/\/www.indieofilo.com\/#website","url":"https:\/\/www.indieofilo.com\/","name":"Indie\u00f3filo","description":"Magazine online de la cultura independiente","publisher":{"@id":"https:\/\/www.indieofilo.com\/#organization"},"potentialAction":[{"@type":"SearchAction","target":{"@type":"EntryPoint","urlTemplate":"https:\/\/www.indieofilo.com\/?s={search_term_string}"},"query-input":{"@type":"PropertyValueSpecification","valueRequired":true,"valueName":"search_term_string"}}],"inLanguage":"en-US"},{"@type":"Organization","@id":"https:\/\/www.indieofilo.com\/#organization","name":"Indie\u00f3filo Web","url":"https:\/\/www.indieofilo.com\/","logo":{"@type":"ImageObject","inLanguage":"en-US","@id":"https:\/\/www.indieofilo.com\/#\/schema\/logo\/image\/","url":"https:\/\/www.indieofilo.com\/wp-content\/uploads\/2015\/02\/logo-alta-resolucion.png","contentUrl":"https:\/\/www.indieofilo.com\/wp-content\/uploads\/2015\/02\/logo-alta-resolucion.png","width":544,"height":185,"caption":"Indie\u00f3filo Web"},"image":{"@id":"https:\/\/www.indieofilo.com\/#\/schema\/logo\/image\/"},"sameAs":["https:\/\/www.facebook.com\/Indieofilo\/","https:\/\/x.com\/indieofilo","https:\/\/www.instagram.com\/indieofilo\/"]},{"@type":"Person","@id":"https:\/\/www.indieofilo.com\/#\/schema\/person\/595334d38590e4ce5a09f83cbf2fca90","name":"Victor","image":{"@type":"ImageObject","inLanguage":"en-US","@id":"https:\/\/www.indieofilo.com\/#\/schema\/person\/image\/","url":"https:\/\/secure.gravatar.com\/avatar\/682b8c6ea3e94b6cffec683b25f1797d?s=96&d=mm&r=g","contentUrl":"https:\/\/secure.gravatar.com\/avatar\/682b8c6ea3e94b6cffec683b25f1797d?s=96&d=mm&r=g","caption":"Victor"},"description":"Fan\u00e1tico de la m\u00fasica desde que mis padres me pon\u00edan a Eydie Gorme y Los Panchos o el Discotuna por la A2. Intent\u00e9 tocar varios instrumentos, pero soy muy torpe con la mano izquierda, as\u00ed que ya sab\u00e9is el resultado final. Fan del britpop, Post-punk, el rugby y el baloncesto...","sameAs":["http:\/\/indieofilo.com"],"url":"https:\/\/www.indieofilo.com\/en\/author\/victor"}]}},"_links":{"self":[{"href":"https:\/\/www.indieofilo.com\/en\/wp-json\/wp\/v2\/posts\/47652","targetHints":{"allow":["GET"]}}],"collection":[{"href":"https:\/\/www.indieofilo.com\/en\/wp-json\/wp\/v2\/posts"}],"about":[{"href":"https:\/\/www.indieofilo.com\/en\/wp-json\/wp\/v2\/types\/post"}],"author":[{"embeddable":true,"href":"https:\/\/www.indieofilo.com\/en\/wp-json\/wp\/v2\/users\/1"}],"replies":[{"embeddable":true,"href":"https:\/\/www.indieofilo.com\/en\/wp-json\/wp\/v2\/comments?post=47652"}],"version-history":[{"count":0,"href":"https:\/\/www.indieofilo.com\/en\/wp-json\/wp\/v2\/posts\/47652\/revisions"}],"wp:featuredmedia":[{"embeddable":true,"href":"https:\/\/www.indieofilo.com\/en\/wp-json\/wp\/v2\/media\/46076"}],"wp:attachment":[{"href":"https:\/\/www.indieofilo.com\/en\/wp-json\/wp\/v2\/media?parent=47652"}],"wp:term":[{"taxonomy":"category","embeddable":true,"href":"https:\/\/www.indieofilo.com\/en\/wp-json\/wp\/v2\/categories?post=47652"},{"taxonomy":"post_tag","embeddable":true,"href":"https:\/\/www.indieofilo.com\/en\/wp-json\/wp\/v2\/tags?post=47652"}],"curies":[{"name":"wp","href":"https:\/\/api.w.org\/{rel}","templated":true}]}}