{"id":4756,"date":"2014-03-04T22:31:47","date_gmt":"2014-03-04T21:31:47","guid":{"rendered":"http:\/\/indieofilo.com\/?p=4756"},"modified":"2023-09-22T14:16:20","modified_gmt":"2023-09-22T12:16:20","slug":"black-lips-allow-us-to-listen-their-new-album-underneath-the-rainbow-and-announced-scented-shows","status":"publish","type":"post","link":"https:\/\/www.indieofilo.com\/en\/news\/black-lips-allow-us-to-listen-their-new-album-underneath-the-rainbow-and-announced-scented-shows","title":{"rendered":"Black Lips allow us to listen their new album Underneath the Rainbow and announced scented shows"},"content":{"rendered":"<p style=\"text-align: justify;\">American band\u00a0<strong>Black Lips<\/strong>, who will publish their expected new album\u00a0<em>Underneath the Rainbow<\/em>\u00a0next March 18 through Vice Records, had came earlier to this date and they have publish on other of the magazines of the label, the well known Noisey, the full stream of the album. It&#8217;s their first record since 2011&#8217;s\u00a0<em>Arabia Mountain<\/em>, it was co-produced by the<em>\u00a0Black Keys&#8217;<\/em>\u00a0<strong>Patrick Carney<\/strong>\u00a0and<em>\u00a0Dap Kings<\/em>&#8216;\u00a0<strong>Tommy Brenneck<\/strong>, and was recorded at a number of places from New York to Nashville.<\/p>\n<p style=\"text-align: center;\"><img fetchpriority=\"high\" decoding=\"async\" class=\"aligncenter size-medium wp-image-4754\" src=\"http:\/\/indieofilo.com\/wp-content\/uploads\/2016\/03\/Blacklips-Underneath-the-Rainbow-400x400.jpg\" alt=\"Blacklips - Underneath the Rainbow\" width=\"400\" height=\"400\" \/><\/p>\n<p style=\"text-align: justify;\">Along with the stream, Black Lips announced today that their upcoming tour will feature &#8220;scented&#8221; shows. On their press release they stated &#8220;<em>Recognizing the powerful effect of scent on emotion and memory, the band worked with a team of olfactory scientists to craft a band-specific scent that will be disseminated throughout the duration of their shows, evoking ocean, cedar, moon, denim, squid ink, fire, and semen among other aromas.<\/em>&#8221; And that&#8217;s not all: A scented version of Underneath the Rainbow will be out on cassette through Burger Records, available at Black Lips shows.<\/p>\n<p style=\"text-align: center;\"><iframe src=\"https:\/\/w.soundcloud.com\/player\/?url=https%3A\/\/api.soundcloud.com\/playlists\/25225923%3Fsecret_token%3Ds-ao1Vw&amp;color=a22125&amp;auto_play=false&amp;hide_related=false&amp;show_artwork=true\" width=\"620\" height=\"450\" frameborder=\"no\" scrolling=\"no\"><\/iframe><\/p>\n","protected":false},"excerpt":{"rendered":"<p>American band\u00a0Black Lips, who will publish their expected new album\u00a0Underneath the Rainbow\u00a0next March 18 through Vice Records, had came earlier to this date and they have publish on other of the magazines of the label, the well known Noisey, the full stream of the album. It&#8217;s their first record since 2011&#8217;s\u00a0Arabia Mountain, it was co-produced [&hellip;]<\/p>\n","protected":false},"author":1,"featured_media":19318,"comment_status":"open","ping_status":"closed","sticky":false,"template":"","format":"standard","meta":{"footnotes":""},"categories":[8,20],"tags":[6753],"class_list":["post-4756","post","type-post","status-publish","format-standard","has-post-thumbnail","hentry","category-news","category-streaming-en","tag-black-lips-en"],"yoast_head":"<!-- This site is optimized with the Yoast SEO Premium plugin v23.9 (Yoast SEO v26.6) - https:\/\/yoast.com\/wordpress\/plugins\/seo\/ -->\n<title>Black Lips upload to Noise their new album Underneath the Rainbow<\/title>\n<meta name=\"description\" content=\"American band\u00a0Black Lips, who will publish their new album\u00a0Underneath the Rainbow\u00a0next March 18, have uploaded the full album to Noisey magazine.\" \/>\n<meta name=\"robots\" content=\"index, follow, max-snippet:-1, max-image-preview:large, max-video-preview:-1\" \/>\n<link rel=\"canonical\" href=\"https:\/\/www.indieofilo.com\/en\/news\/black-lips-allow-us-to-listen-their-new-album-underneath-the-rainbow-and-announced-scented-shows\" \/>\n<meta property=\"og:locale\" content=\"en_US\" \/>\n<meta property=\"og:type\" content=\"article\" \/>\n<meta property=\"og:title\" content=\"Black Lips allow us to listen their new album Underneath the Rainbow and announced scented shows\" \/>\n<meta property=\"og:description\" content=\"American band\u00a0Black Lips, who will publish their new album\u00a0Underneath the Rainbow\u00a0next March 18, have uploaded the full album to Noisey magazine.\" \/>\n<meta property=\"og:url\" content=\"https:\/\/www.indieofilo.com\/en\/news\/black-lips-allow-us-to-listen-their-new-album-underneath-the-rainbow-and-announced-scented-shows\" \/>\n<meta property=\"og:site_name\" content=\"Indie\u00f3filo\" \/>\n<meta property=\"article:publisher\" content=\"https:\/\/www.facebook.com\/Indieofilo\/\" \/>\n<meta property=\"article:published_time\" content=\"2014-03-04T21:31:47+00:00\" \/>\n<meta property=\"article:modified_time\" content=\"2023-09-22T12:16:20+00:00\" \/>\n<meta property=\"og:image\" content=\"https:\/\/www.indieofilo.com\/wp-content\/uploads\/2016\/03\/Blacklips-Underneath-the-Rainbow.jpg\" \/>\n\t<meta property=\"og:image:width\" content=\"600\" \/>\n\t<meta property=\"og:image:height\" content=\"600\" \/>\n\t<meta property=\"og:image:type\" content=\"image\/jpeg\" \/>\n<meta name=\"author\" content=\"Victor\" \/>\n<meta name=\"twitter:card\" content=\"summary_large_image\" \/>\n<meta name=\"twitter:creator\" content=\"@indieofilo\" \/>\n<meta name=\"twitter:site\" content=\"@indieofilo\" \/>\n<meta name=\"twitter:label1\" content=\"Written by\" \/>\n\t<meta name=\"twitter:data1\" content=\"Victor\" \/>\n\t<meta name=\"twitter:label2\" content=\"Est. reading time\" \/>\n\t<meta name=\"twitter:data2\" content=\"2 minutes\" \/>\n<script type=\"application\/ld+json\" class=\"yoast-schema-graph\">{\"@context\":\"https:\/\/schema.org\",\"@graph\":[{\"@type\":\"Article\",\"@id\":\"https:\/\/www.indieofilo.com\/en\/news\/black-lips-allow-us-to-listen-their-new-album-underneath-the-rainbow-and-announced-scented-shows#article\",\"isPartOf\":{\"@id\":\"https:\/\/www.indieofilo.com\/en\/news\/black-lips-allow-us-to-listen-their-new-album-underneath-the-rainbow-and-announced-scented-shows\"},\"author\":{\"name\":\"Victor\",\"@id\":\"https:\/\/www.indieofilo.com\/#\/schema\/person\/595334d38590e4ce5a09f83cbf2fca90\"},\"headline\":\"Black Lips allow us to listen their new album Underneath the Rainbow and announced scented shows\",\"datePublished\":\"2014-03-04T21:31:47+00:00\",\"dateModified\":\"2023-09-22T12:16:20+00:00\",\"mainEntityOfPage\":{\"@id\":\"https:\/\/www.indieofilo.com\/en\/news\/black-lips-allow-us-to-listen-their-new-album-underneath-the-rainbow-and-announced-scented-shows\"},\"wordCount\":191,\"commentCount\":0,\"publisher\":{\"@id\":\"https:\/\/www.indieofilo.com\/#organization\"},\"image\":{\"@id\":\"https:\/\/www.indieofilo.com\/en\/news\/black-lips-allow-us-to-listen-their-new-album-underneath-the-rainbow-and-announced-scented-shows#primaryimage\"},\"thumbnailUrl\":\"https:\/\/www.indieofilo.com\/wp-content\/uploads\/2016\/03\/Blacklips-Underneath-the-Rainbow.jpg\",\"keywords\":[\"Black Lips\"],\"articleSection\":[\"News\",\"Streaming\"],\"inLanguage\":\"en-US\",\"potentialAction\":[{\"@type\":\"CommentAction\",\"name\":\"Comment\",\"target\":[\"https:\/\/www.indieofilo.com\/en\/news\/black-lips-allow-us-to-listen-their-new-album-underneath-the-rainbow-and-announced-scented-shows#respond\"]}]},{\"@type\":\"WebPage\",\"@id\":\"https:\/\/www.indieofilo.com\/en\/news\/black-lips-allow-us-to-listen-their-new-album-underneath-the-rainbow-and-announced-scented-shows\",\"url\":\"https:\/\/www.indieofilo.com\/en\/news\/black-lips-allow-us-to-listen-their-new-album-underneath-the-rainbow-and-announced-scented-shows\",\"name\":\"Black Lips upload to Noise their new album Underneath the Rainbow\",\"isPartOf\":{\"@id\":\"https:\/\/www.indieofilo.com\/#website\"},\"primaryImageOfPage\":{\"@id\":\"https:\/\/www.indieofilo.com\/en\/news\/black-lips-allow-us-to-listen-their-new-album-underneath-the-rainbow-and-announced-scented-shows#primaryimage\"},\"image\":{\"@id\":\"https:\/\/www.indieofilo.com\/en\/news\/black-lips-allow-us-to-listen-their-new-album-underneath-the-rainbow-and-announced-scented-shows#primaryimage\"},\"thumbnailUrl\":\"https:\/\/www.indieofilo.com\/wp-content\/uploads\/2016\/03\/Blacklips-Underneath-the-Rainbow.jpg\",\"datePublished\":\"2014-03-04T21:31:47+00:00\",\"dateModified\":\"2023-09-22T12:16:20+00:00\",\"description\":\"American band\u00a0Black Lips, who will publish their new album\u00a0Underneath the Rainbow\u00a0next March 18, have uploaded the full album to Noisey magazine.\",\"breadcrumb\":{\"@id\":\"https:\/\/www.indieofilo.com\/en\/news\/black-lips-allow-us-to-listen-their-new-album-underneath-the-rainbow-and-announced-scented-shows#breadcrumb\"},\"inLanguage\":\"en-US\",\"potentialAction\":[{\"@type\":\"ReadAction\",\"target\":[\"https:\/\/www.indieofilo.com\/en\/news\/black-lips-allow-us-to-listen-their-new-album-underneath-the-rainbow-and-announced-scented-shows\"]}]},{\"@type\":\"ImageObject\",\"inLanguage\":\"en-US\",\"@id\":\"https:\/\/www.indieofilo.com\/en\/news\/black-lips-allow-us-to-listen-their-new-album-underneath-the-rainbow-and-announced-scented-shows#primaryimage\",\"url\":\"https:\/\/www.indieofilo.com\/wp-content\/uploads\/2016\/03\/Blacklips-Underneath-the-Rainbow.jpg\",\"contentUrl\":\"https:\/\/www.indieofilo.com\/wp-content\/uploads\/2016\/03\/Blacklips-Underneath-the-Rainbow.jpg\",\"width\":600,\"height\":600},{\"@type\":\"BreadcrumbList\",\"@id\":\"https:\/\/www.indieofilo.com\/en\/news\/black-lips-allow-us-to-listen-their-new-album-underneath-the-rainbow-and-announced-scented-shows#breadcrumb\",\"itemListElement\":[{\"@type\":\"ListItem\",\"position\":1,\"name\":\"Portada\",\"item\":\"https:\/\/www.indieofilo.com\/en\"},{\"@type\":\"ListItem\",\"position\":2,\"name\":\"Black Lips allow us to listen their new album Underneath the Rainbow and announced scented shows\"}]},{\"@type\":\"WebSite\",\"@id\":\"https:\/\/www.indieofilo.com\/#website\",\"url\":\"https:\/\/www.indieofilo.com\/\",\"name\":\"Indie\u00f3filo\",\"description\":\"Magazine online de la cultura independiente\",\"publisher\":{\"@id\":\"https:\/\/www.indieofilo.com\/#organization\"},\"potentialAction\":[{\"@type\":\"SearchAction\",\"target\":{\"@type\":\"EntryPoint\",\"urlTemplate\":\"https:\/\/www.indieofilo.com\/?s={search_term_string}\"},\"query-input\":{\"@type\":\"PropertyValueSpecification\",\"valueRequired\":true,\"valueName\":\"search_term_string\"}}],\"inLanguage\":\"en-US\"},{\"@type\":\"Organization\",\"@id\":\"https:\/\/www.indieofilo.com\/#organization\",\"name\":\"Indie\u00f3filo Web\",\"url\":\"https:\/\/www.indieofilo.com\/\",\"logo\":{\"@type\":\"ImageObject\",\"inLanguage\":\"en-US\",\"@id\":\"https:\/\/www.indieofilo.com\/#\/schema\/logo\/image\/\",\"url\":\"https:\/\/www.indieofilo.com\/wp-content\/uploads\/2015\/02\/logo-alta-resolucion.png\",\"contentUrl\":\"https:\/\/www.indieofilo.com\/wp-content\/uploads\/2015\/02\/logo-alta-resolucion.png\",\"width\":544,\"height\":185,\"caption\":\"Indie\u00f3filo Web\"},\"image\":{\"@id\":\"https:\/\/www.indieofilo.com\/#\/schema\/logo\/image\/\"},\"sameAs\":[\"https:\/\/www.facebook.com\/Indieofilo\/\",\"https:\/\/x.com\/indieofilo\",\"https:\/\/www.instagram.com\/indieofilo\/\"]},{\"@type\":\"Person\",\"@id\":\"https:\/\/www.indieofilo.com\/#\/schema\/person\/595334d38590e4ce5a09f83cbf2fca90\",\"name\":\"Victor\",\"image\":{\"@type\":\"ImageObject\",\"inLanguage\":\"en-US\",\"@id\":\"https:\/\/www.indieofilo.com\/#\/schema\/person\/image\/\",\"url\":\"https:\/\/secure.gravatar.com\/avatar\/682b8c6ea3e94b6cffec683b25f1797d?s=96&d=mm&r=g\",\"contentUrl\":\"https:\/\/secure.gravatar.com\/avatar\/682b8c6ea3e94b6cffec683b25f1797d?s=96&d=mm&r=g\",\"caption\":\"Victor\"},\"description\":\"Fan\u00e1tico de la m\u00fasica desde que mis padres me pon\u00edan a Eydie Gorme y Los Panchos o el Discotuna por la A2. Intent\u00e9 tocar varios instrumentos, pero soy muy torpe con la mano izquierda, as\u00ed que ya sab\u00e9is el resultado final. Fan del britpop, Post-punk, el rugby y el baloncesto...\",\"sameAs\":[\"http:\/\/indieofilo.com\"],\"url\":\"https:\/\/www.indieofilo.com\/en\/author\/victor\"}]}<\/script>\n<!-- \/ Yoast SEO Premium plugin. -->","yoast_head_json":{"title":"Black Lips upload to Noise their new album Underneath the Rainbow","description":"American band\u00a0Black Lips, who will publish their new album\u00a0Underneath the Rainbow\u00a0next March 18, have uploaded the full album to Noisey magazine.","robots":{"index":"index","follow":"follow","max-snippet":"max-snippet:-1","max-image-preview":"max-image-preview:large","max-video-preview":"max-video-preview:-1"},"canonical":"https:\/\/www.indieofilo.com\/en\/news\/black-lips-allow-us-to-listen-their-new-album-underneath-the-rainbow-and-announced-scented-shows","og_locale":"en_US","og_type":"article","og_title":"Black Lips allow us to listen their new album Underneath the Rainbow and announced scented shows","og_description":"American band\u00a0Black Lips, who will publish their new album\u00a0Underneath the Rainbow\u00a0next March 18, have uploaded the full album to Noisey magazine.","og_url":"https:\/\/www.indieofilo.com\/en\/news\/black-lips-allow-us-to-listen-their-new-album-underneath-the-rainbow-and-announced-scented-shows","og_site_name":"Indie\u00f3filo","article_publisher":"https:\/\/www.facebook.com\/Indieofilo\/","article_published_time":"2014-03-04T21:31:47+00:00","article_modified_time":"2023-09-22T12:16:20+00:00","og_image":[{"width":600,"height":600,"url":"https:\/\/www.indieofilo.com\/wp-content\/uploads\/2016\/03\/Blacklips-Underneath-the-Rainbow.jpg","type":"image\/jpeg"}],"author":"Victor","twitter_card":"summary_large_image","twitter_creator":"@indieofilo","twitter_site":"@indieofilo","twitter_misc":{"Written by":"Victor","Est. reading time":"2 minutes"},"schema":{"@context":"https:\/\/schema.org","@graph":[{"@type":"Article","@id":"https:\/\/www.indieofilo.com\/en\/news\/black-lips-allow-us-to-listen-their-new-album-underneath-the-rainbow-and-announced-scented-shows#article","isPartOf":{"@id":"https:\/\/www.indieofilo.com\/en\/news\/black-lips-allow-us-to-listen-their-new-album-underneath-the-rainbow-and-announced-scented-shows"},"author":{"name":"Victor","@id":"https:\/\/www.indieofilo.com\/#\/schema\/person\/595334d38590e4ce5a09f83cbf2fca90"},"headline":"Black Lips allow us to listen their new album Underneath the Rainbow and announced scented shows","datePublished":"2014-03-04T21:31:47+00:00","dateModified":"2023-09-22T12:16:20+00:00","mainEntityOfPage":{"@id":"https:\/\/www.indieofilo.com\/en\/news\/black-lips-allow-us-to-listen-their-new-album-underneath-the-rainbow-and-announced-scented-shows"},"wordCount":191,"commentCount":0,"publisher":{"@id":"https:\/\/www.indieofilo.com\/#organization"},"image":{"@id":"https:\/\/www.indieofilo.com\/en\/news\/black-lips-allow-us-to-listen-their-new-album-underneath-the-rainbow-and-announced-scented-shows#primaryimage"},"thumbnailUrl":"https:\/\/www.indieofilo.com\/wp-content\/uploads\/2016\/03\/Blacklips-Underneath-the-Rainbow.jpg","keywords":["Black Lips"],"articleSection":["News","Streaming"],"inLanguage":"en-US","potentialAction":[{"@type":"CommentAction","name":"Comment","target":["https:\/\/www.indieofilo.com\/en\/news\/black-lips-allow-us-to-listen-their-new-album-underneath-the-rainbow-and-announced-scented-shows#respond"]}]},{"@type":"WebPage","@id":"https:\/\/www.indieofilo.com\/en\/news\/black-lips-allow-us-to-listen-their-new-album-underneath-the-rainbow-and-announced-scented-shows","url":"https:\/\/www.indieofilo.com\/en\/news\/black-lips-allow-us-to-listen-their-new-album-underneath-the-rainbow-and-announced-scented-shows","name":"Black Lips upload to Noise their new album Underneath the Rainbow","isPartOf":{"@id":"https:\/\/www.indieofilo.com\/#website"},"primaryImageOfPage":{"@id":"https:\/\/www.indieofilo.com\/en\/news\/black-lips-allow-us-to-listen-their-new-album-underneath-the-rainbow-and-announced-scented-shows#primaryimage"},"image":{"@id":"https:\/\/www.indieofilo.com\/en\/news\/black-lips-allow-us-to-listen-their-new-album-underneath-the-rainbow-and-announced-scented-shows#primaryimage"},"thumbnailUrl":"https:\/\/www.indieofilo.com\/wp-content\/uploads\/2016\/03\/Blacklips-Underneath-the-Rainbow.jpg","datePublished":"2014-03-04T21:31:47+00:00","dateModified":"2023-09-22T12:16:20+00:00","description":"American band\u00a0Black Lips, who will publish their new album\u00a0Underneath the Rainbow\u00a0next March 18, have uploaded the full album to Noisey magazine.","breadcrumb":{"@id":"https:\/\/www.indieofilo.com\/en\/news\/black-lips-allow-us-to-listen-their-new-album-underneath-the-rainbow-and-announced-scented-shows#breadcrumb"},"inLanguage":"en-US","potentialAction":[{"@type":"ReadAction","target":["https:\/\/www.indieofilo.com\/en\/news\/black-lips-allow-us-to-listen-their-new-album-underneath-the-rainbow-and-announced-scented-shows"]}]},{"@type":"ImageObject","inLanguage":"en-US","@id":"https:\/\/www.indieofilo.com\/en\/news\/black-lips-allow-us-to-listen-their-new-album-underneath-the-rainbow-and-announced-scented-shows#primaryimage","url":"https:\/\/www.indieofilo.com\/wp-content\/uploads\/2016\/03\/Blacklips-Underneath-the-Rainbow.jpg","contentUrl":"https:\/\/www.indieofilo.com\/wp-content\/uploads\/2016\/03\/Blacklips-Underneath-the-Rainbow.jpg","width":600,"height":600},{"@type":"BreadcrumbList","@id":"https:\/\/www.indieofilo.com\/en\/news\/black-lips-allow-us-to-listen-their-new-album-underneath-the-rainbow-and-announced-scented-shows#breadcrumb","itemListElement":[{"@type":"ListItem","position":1,"name":"Portada","item":"https:\/\/www.indieofilo.com\/en"},{"@type":"ListItem","position":2,"name":"Black Lips allow us to listen their new album Underneath the Rainbow and announced scented shows"}]},{"@type":"WebSite","@id":"https:\/\/www.indieofilo.com\/#website","url":"https:\/\/www.indieofilo.com\/","name":"Indie\u00f3filo","description":"Magazine online de la cultura independiente","publisher":{"@id":"https:\/\/www.indieofilo.com\/#organization"},"potentialAction":[{"@type":"SearchAction","target":{"@type":"EntryPoint","urlTemplate":"https:\/\/www.indieofilo.com\/?s={search_term_string}"},"query-input":{"@type":"PropertyValueSpecification","valueRequired":true,"valueName":"search_term_string"}}],"inLanguage":"en-US"},{"@type":"Organization","@id":"https:\/\/www.indieofilo.com\/#organization","name":"Indie\u00f3filo Web","url":"https:\/\/www.indieofilo.com\/","logo":{"@type":"ImageObject","inLanguage":"en-US","@id":"https:\/\/www.indieofilo.com\/#\/schema\/logo\/image\/","url":"https:\/\/www.indieofilo.com\/wp-content\/uploads\/2015\/02\/logo-alta-resolucion.png","contentUrl":"https:\/\/www.indieofilo.com\/wp-content\/uploads\/2015\/02\/logo-alta-resolucion.png","width":544,"height":185,"caption":"Indie\u00f3filo Web"},"image":{"@id":"https:\/\/www.indieofilo.com\/#\/schema\/logo\/image\/"},"sameAs":["https:\/\/www.facebook.com\/Indieofilo\/","https:\/\/x.com\/indieofilo","https:\/\/www.instagram.com\/indieofilo\/"]},{"@type":"Person","@id":"https:\/\/www.indieofilo.com\/#\/schema\/person\/595334d38590e4ce5a09f83cbf2fca90","name":"Victor","image":{"@type":"ImageObject","inLanguage":"en-US","@id":"https:\/\/www.indieofilo.com\/#\/schema\/person\/image\/","url":"https:\/\/secure.gravatar.com\/avatar\/682b8c6ea3e94b6cffec683b25f1797d?s=96&d=mm&r=g","contentUrl":"https:\/\/secure.gravatar.com\/avatar\/682b8c6ea3e94b6cffec683b25f1797d?s=96&d=mm&r=g","caption":"Victor"},"description":"Fan\u00e1tico de la m\u00fasica desde que mis padres me pon\u00edan a Eydie Gorme y Los Panchos o el Discotuna por la A2. Intent\u00e9 tocar varios instrumentos, pero soy muy torpe con la mano izquierda, as\u00ed que ya sab\u00e9is el resultado final. Fan del britpop, Post-punk, el rugby y el baloncesto...","sameAs":["http:\/\/indieofilo.com"],"url":"https:\/\/www.indieofilo.com\/en\/author\/victor"}]}},"_links":{"self":[{"href":"https:\/\/www.indieofilo.com\/en\/wp-json\/wp\/v2\/posts\/4756","targetHints":{"allow":["GET"]}}],"collection":[{"href":"https:\/\/www.indieofilo.com\/en\/wp-json\/wp\/v2\/posts"}],"about":[{"href":"https:\/\/www.indieofilo.com\/en\/wp-json\/wp\/v2\/types\/post"}],"author":[{"embeddable":true,"href":"https:\/\/www.indieofilo.com\/en\/wp-json\/wp\/v2\/users\/1"}],"replies":[{"embeddable":true,"href":"https:\/\/www.indieofilo.com\/en\/wp-json\/wp\/v2\/comments?post=4756"}],"version-history":[{"count":0,"href":"https:\/\/www.indieofilo.com\/en\/wp-json\/wp\/v2\/posts\/4756\/revisions"}],"wp:featuredmedia":[{"embeddable":true,"href":"https:\/\/www.indieofilo.com\/en\/wp-json\/wp\/v2\/media\/19318"}],"wp:attachment":[{"href":"https:\/\/www.indieofilo.com\/en\/wp-json\/wp\/v2\/media?parent=4756"}],"wp:term":[{"taxonomy":"category","embeddable":true,"href":"https:\/\/www.indieofilo.com\/en\/wp-json\/wp\/v2\/categories?post=4756"},{"taxonomy":"post_tag","embeddable":true,"href":"https:\/\/www.indieofilo.com\/en\/wp-json\/wp\/v2\/tags?post=4756"}],"curies":[{"name":"wp","href":"https:\/\/api.w.org\/{rel}","templated":true}]}}