{"id":47513,"date":"2025-02-11T19:16:00","date_gmt":"2025-02-11T18:16:00","guid":{"rendered":"https:\/\/www.indieofilo.com\/news\/music\/empire-of-the-sun-confirmed-for-spanish-low-festival-2025"},"modified":"2025-04-09T21:43:08","modified_gmt":"2025-04-09T19:43:08","slug":"empire-of-the-sun-confirmed-for-spanish-low-festival-2025","status":"publish","type":"post","link":"https:\/\/www.indieofilo.com\/en\/news\/live-shows\/empire-of-the-sun-confirmed-for-spanish-low-festival-2025","title":{"rendered":"Empire of the Sun confirmed for Spanish Low Festival 2025"},"content":{"rendered":"<p style=\"text-align: justify;\">After <a href=\"https:\/\/www.indieofilo.com\/en\/news\/second-batch-of-names-for-low-festival-2025\">announcing Bomba Estereo, Zahara and Viva Suecia at the end of December<\/a>, the organisers of <strong>Low Festival 2025<\/strong> have just confirmed a new batch of names for the Alicante festival, which will take place on the 25th, 26th and 27th of July at Ciudad Deportiva Guillermo Amor in Benidorm.<\/p>\n<p style=\"text-align: justify;\">This round of confirmations highlights the presence of Australians <strong>Empire of the Sun<\/strong>, who will be performing their latest album <em>Ask that God<\/em> (2024) live, as well as <strong>Amaia Romero<\/strong> from Navarre, who a few days ago released her latest LP <em>Si abro los ojos no es real<\/em> (2024), which has been called one of the national albums of the year. Other confirmations include <strong>Dorian, Melifluo, Rusowsky, Ezezez<\/strong> (<a href=\"https:\/\/www.indieofilo.com\/en\/others\/best-spanish-songs-2024\" target=\"_blank\" rel=\"noopener\">in our list of the best national songs of 2024<\/a>), <strong>Levitants, Jornada B., Flash Show<\/strong> and <strong>S-Candalo<\/strong>. <\/p>\n<p style=\"text-align: justify;\">The different types of tickets (General, VIP and VIP POOL) are already on sale at a special price of \u20ac64.99 until this Sunday at <a href=\"http:\/\/entradas.com\/\" target=\"_blank\" rel=\"noreferrer noopener\">entradas.com<\/a> and the <a href=\"http:\/\/www.lowfestival.es\/abonos\/\" target=\"_blank\" rel=\"noreferrer noopener\">official festival website<\/a>.<\/p>\n<p><img fetchpriority=\"high\" decoding=\"async\" class=\"aligncenter size-large wp-image-47509\" src=\"http:\/\/www.indieofilo.com\/wp-content\/uploads\/2025\/02\/Low-Festival-2024-Empire-of-the-sun-546x683.jpg\" alt=\"Low Festival 2025 - Empire of the Sun\" width=\"546\" height=\"683\" srcset=\"https:\/\/www.indieofilo.com\/wp-content\/uploads\/2025\/02\/Low-Festival-2024-Empire-of-the-sun-546x683.jpg 546w, https:\/\/www.indieofilo.com\/wp-content\/uploads\/2025\/02\/Low-Festival-2024-Empire-of-the-sun-426x533.jpg 426w, https:\/\/www.indieofilo.com\/wp-content\/uploads\/2025\/02\/Low-Festival-2024-Empire-of-the-sun-320x400.jpg 320w, https:\/\/www.indieofilo.com\/wp-content\/uploads\/2025\/02\/Low-Festival-2024-Empire-of-the-sun-768x960.jpg 768w, https:\/\/www.indieofilo.com\/wp-content\/uploads\/2025\/02\/Low-Festival-2024-Empire-of-the-sun.jpg 1079w\" sizes=\"(max-width: 546px) 100vw, 546px\" \/><\/p>\n\n<p><\/p>\n","protected":false},"excerpt":{"rendered":"<p>After announcing Bomba Estereo, Zahara and Viva Suecia at the end of December, the organisers of Low Festival 2025 have just confirmed a new batch of names for the Alicante festival, which will take place on the 25th, 26th and 27th of July at Ciudad Deportiva Guillermo Amor in Benidorm. This round of confirmations highlights [&hellip;]<\/p>\n","protected":false},"author":1,"featured_media":47510,"comment_status":"open","ping_status":"closed","sticky":false,"template":"","format":"standard","meta":{"footnotes":""},"categories":[41,8],"tags":[6857,5093,6745,5516,7481],"class_list":["post-47513","post","type-post","status-publish","format-standard","has-post-thumbnail","hentry","category-live-shows","category-news","tag-amaia-en","tag-dorian-en","tag-empire-of-the-sun-en","tag-low-festival-en","tag-low-festival-2025-en"],"yoast_head":"<!-- This site is optimized with the Yoast SEO Premium plugin v23.9 (Yoast SEO v26.6) - https:\/\/yoast.com\/wordpress\/plugins\/seo\/ -->\n<title>Empire of the Sun confirmed for Spanish Low Festival 2025 - Indie\u00f3filo<\/title>\n<meta name=\"description\" content=\"Along with Amaia, Dorian, Melifluo, Rusowsky, Ezezez, Levitants, Jornada B., Flash Show and S-Candalo, new names for Low Festival 2025.\" \/>\n<meta name=\"robots\" content=\"index, follow, max-snippet:-1, max-image-preview:large, max-video-preview:-1\" \/>\n<link rel=\"canonical\" href=\"https:\/\/www.indieofilo.com\/en\/news\/live-shows\/empire-of-the-sun-confirmed-for-spanish-low-festival-2025\" \/>\n<meta property=\"og:locale\" content=\"en_US\" \/>\n<meta property=\"og:type\" content=\"article\" \/>\n<meta property=\"og:title\" content=\"Empire of the Sun confirmed for Spanish Low Festival 2025\" \/>\n<meta property=\"og:description\" content=\"Along with Amaia, Dorian, Melifluo, Rusowsky, Ezezez, Levitants, Jornada B., Flash Show and S-Candalo, new names for Low Festival 2025.\" \/>\n<meta property=\"og:url\" content=\"https:\/\/www.indieofilo.com\/en\/news\/live-shows\/empire-of-the-sun-confirmed-for-spanish-low-festival-2025\" \/>\n<meta property=\"og:site_name\" content=\"Indie\u00f3filo\" \/>\n<meta property=\"article:publisher\" content=\"https:\/\/www.facebook.com\/Indieofilo\/\" \/>\n<meta property=\"article:published_time\" content=\"2025-02-11T18:16:00+00:00\" \/>\n<meta property=\"article:modified_time\" content=\"2025-04-09T19:43:08+00:00\" \/>\n<meta property=\"og:image\" content=\"http:\/\/www.indieofilo.com\/wp-content\/uploads\/2025\/02\/Low-Festival-2024-Empire-of-the-sun.jpg\" \/>\n\t<meta property=\"og:image:width\" content=\"1079\" \/>\n\t<meta property=\"og:image:height\" content=\"1349\" \/>\n\t<meta property=\"og:image:type\" content=\"image\/jpeg\" \/>\n<meta name=\"author\" content=\"Victor\" \/>\n<meta name=\"twitter:card\" content=\"summary_large_image\" \/>\n<meta name=\"twitter:creator\" content=\"@indieofilo\" \/>\n<meta name=\"twitter:site\" content=\"@indieofilo\" \/>\n<meta name=\"twitter:label1\" content=\"Written by\" \/>\n\t<meta name=\"twitter:data1\" content=\"Victor\" \/>\n\t<meta name=\"twitter:label2\" content=\"Est. reading time\" \/>\n\t<meta name=\"twitter:data2\" content=\"2 minutes\" \/>\n<script type=\"application\/ld+json\" class=\"yoast-schema-graph\">{\"@context\":\"https:\/\/schema.org\",\"@graph\":[{\"@type\":\"Article\",\"@id\":\"https:\/\/www.indieofilo.com\/en\/news\/live-shows\/empire-of-the-sun-confirmed-for-spanish-low-festival-2025#article\",\"isPartOf\":{\"@id\":\"https:\/\/www.indieofilo.com\/en\/news\/live-shows\/empire-of-the-sun-confirmed-for-spanish-low-festival-2025\"},\"author\":{\"name\":\"Victor\",\"@id\":\"https:\/\/www.indieofilo.com\/#\/schema\/person\/595334d38590e4ce5a09f83cbf2fca90\"},\"headline\":\"Empire of the Sun confirmed for Spanish Low Festival 2025\",\"datePublished\":\"2025-02-11T18:16:00+00:00\",\"dateModified\":\"2025-04-09T19:43:08+00:00\",\"mainEntityOfPage\":{\"@id\":\"https:\/\/www.indieofilo.com\/en\/news\/live-shows\/empire-of-the-sun-confirmed-for-spanish-low-festival-2025\"},\"wordCount\":170,\"commentCount\":0,\"publisher\":{\"@id\":\"https:\/\/www.indieofilo.com\/#organization\"},\"image\":{\"@id\":\"https:\/\/www.indieofilo.com\/en\/news\/live-shows\/empire-of-the-sun-confirmed-for-spanish-low-festival-2025#primaryimage\"},\"thumbnailUrl\":\"https:\/\/www.indieofilo.com\/wp-content\/uploads\/2025\/02\/Low-Festival-2024-Empire-of-the-sun.jpg\",\"keywords\":[\"Amaia\",\"Dorian\",\"Empire of the Sun\",\"Low Festival\",\"Low Festival 2025\"],\"articleSection\":[\"Live Shows\",\"News\"],\"inLanguage\":\"en-US\",\"potentialAction\":[{\"@type\":\"CommentAction\",\"name\":\"Comment\",\"target\":[\"https:\/\/www.indieofilo.com\/en\/news\/live-shows\/empire-of-the-sun-confirmed-for-spanish-low-festival-2025#respond\"]}]},{\"@type\":\"WebPage\",\"@id\":\"https:\/\/www.indieofilo.com\/en\/news\/live-shows\/empire-of-the-sun-confirmed-for-spanish-low-festival-2025\",\"url\":\"https:\/\/www.indieofilo.com\/en\/news\/live-shows\/empire-of-the-sun-confirmed-for-spanish-low-festival-2025\",\"name\":\"Empire of the Sun confirmed for Spanish Low Festival 2025 - Indie\u00f3filo\",\"isPartOf\":{\"@id\":\"https:\/\/www.indieofilo.com\/#website\"},\"primaryImageOfPage\":{\"@id\":\"https:\/\/www.indieofilo.com\/en\/news\/live-shows\/empire-of-the-sun-confirmed-for-spanish-low-festival-2025#primaryimage\"},\"image\":{\"@id\":\"https:\/\/www.indieofilo.com\/en\/news\/live-shows\/empire-of-the-sun-confirmed-for-spanish-low-festival-2025#primaryimage\"},\"thumbnailUrl\":\"https:\/\/www.indieofilo.com\/wp-content\/uploads\/2025\/02\/Low-Festival-2024-Empire-of-the-sun.jpg\",\"datePublished\":\"2025-02-11T18:16:00+00:00\",\"dateModified\":\"2025-04-09T19:43:08+00:00\",\"description\":\"Along with Amaia, Dorian, Melifluo, Rusowsky, Ezezez, Levitants, Jornada B., Flash Show and S-Candalo, new names for Low Festival 2025.\",\"breadcrumb\":{\"@id\":\"https:\/\/www.indieofilo.com\/en\/news\/live-shows\/empire-of-the-sun-confirmed-for-spanish-low-festival-2025#breadcrumb\"},\"inLanguage\":\"en-US\",\"potentialAction\":[{\"@type\":\"ReadAction\",\"target\":[\"https:\/\/www.indieofilo.com\/en\/news\/live-shows\/empire-of-the-sun-confirmed-for-spanish-low-festival-2025\"]}]},{\"@type\":\"ImageObject\",\"inLanguage\":\"en-US\",\"@id\":\"https:\/\/www.indieofilo.com\/en\/news\/live-shows\/empire-of-the-sun-confirmed-for-spanish-low-festival-2025#primaryimage\",\"url\":\"https:\/\/www.indieofilo.com\/wp-content\/uploads\/2025\/02\/Low-Festival-2024-Empire-of-the-sun.jpg\",\"contentUrl\":\"https:\/\/www.indieofilo.com\/wp-content\/uploads\/2025\/02\/Low-Festival-2024-Empire-of-the-sun.jpg\",\"width\":1079,\"height\":1349,\"caption\":\"Low Festival 2025 - Empire of the Sun\"},{\"@type\":\"BreadcrumbList\",\"@id\":\"https:\/\/www.indieofilo.com\/en\/news\/live-shows\/empire-of-the-sun-confirmed-for-spanish-low-festival-2025#breadcrumb\",\"itemListElement\":[{\"@type\":\"ListItem\",\"position\":1,\"name\":\"Portada\",\"item\":\"https:\/\/www.indieofilo.com\/en\"},{\"@type\":\"ListItem\",\"position\":2,\"name\":\"Empire of the Sun confirmed for Spanish Low Festival 2025\"}]},{\"@type\":\"WebSite\",\"@id\":\"https:\/\/www.indieofilo.com\/#website\",\"url\":\"https:\/\/www.indieofilo.com\/\",\"name\":\"Indie\u00f3filo\",\"description\":\"Magazine online de la cultura independiente\",\"publisher\":{\"@id\":\"https:\/\/www.indieofilo.com\/#organization\"},\"potentialAction\":[{\"@type\":\"SearchAction\",\"target\":{\"@type\":\"EntryPoint\",\"urlTemplate\":\"https:\/\/www.indieofilo.com\/?s={search_term_string}\"},\"query-input\":{\"@type\":\"PropertyValueSpecification\",\"valueRequired\":true,\"valueName\":\"search_term_string\"}}],\"inLanguage\":\"en-US\"},{\"@type\":\"Organization\",\"@id\":\"https:\/\/www.indieofilo.com\/#organization\",\"name\":\"Indie\u00f3filo Web\",\"url\":\"https:\/\/www.indieofilo.com\/\",\"logo\":{\"@type\":\"ImageObject\",\"inLanguage\":\"en-US\",\"@id\":\"https:\/\/www.indieofilo.com\/#\/schema\/logo\/image\/\",\"url\":\"https:\/\/www.indieofilo.com\/wp-content\/uploads\/2015\/02\/logo-alta-resolucion.png\",\"contentUrl\":\"https:\/\/www.indieofilo.com\/wp-content\/uploads\/2015\/02\/logo-alta-resolucion.png\",\"width\":544,\"height\":185,\"caption\":\"Indie\u00f3filo Web\"},\"image\":{\"@id\":\"https:\/\/www.indieofilo.com\/#\/schema\/logo\/image\/\"},\"sameAs\":[\"https:\/\/www.facebook.com\/Indieofilo\/\",\"https:\/\/x.com\/indieofilo\",\"https:\/\/www.instagram.com\/indieofilo\/\"]},{\"@type\":\"Person\",\"@id\":\"https:\/\/www.indieofilo.com\/#\/schema\/person\/595334d38590e4ce5a09f83cbf2fca90\",\"name\":\"Victor\",\"image\":{\"@type\":\"ImageObject\",\"inLanguage\":\"en-US\",\"@id\":\"https:\/\/www.indieofilo.com\/#\/schema\/person\/image\/\",\"url\":\"https:\/\/secure.gravatar.com\/avatar\/682b8c6ea3e94b6cffec683b25f1797d?s=96&d=mm&r=g\",\"contentUrl\":\"https:\/\/secure.gravatar.com\/avatar\/682b8c6ea3e94b6cffec683b25f1797d?s=96&d=mm&r=g\",\"caption\":\"Victor\"},\"description\":\"Fan\u00e1tico de la m\u00fasica desde que mis padres me pon\u00edan a Eydie Gorme y Los Panchos o el Discotuna por la A2. Intent\u00e9 tocar varios instrumentos, pero soy muy torpe con la mano izquierda, as\u00ed que ya sab\u00e9is el resultado final. Fan del britpop, Post-punk, el rugby y el baloncesto...\",\"sameAs\":[\"http:\/\/indieofilo.com\"],\"url\":\"https:\/\/www.indieofilo.com\/en\/author\/victor\"}]}<\/script>\n<!-- \/ Yoast SEO Premium plugin. -->","yoast_head_json":{"title":"Empire of the Sun confirmed for Spanish Low Festival 2025 - Indie\u00f3filo","description":"Along with Amaia, Dorian, Melifluo, Rusowsky, Ezezez, Levitants, Jornada B., Flash Show and S-Candalo, new names for Low Festival 2025.","robots":{"index":"index","follow":"follow","max-snippet":"max-snippet:-1","max-image-preview":"max-image-preview:large","max-video-preview":"max-video-preview:-1"},"canonical":"https:\/\/www.indieofilo.com\/en\/news\/live-shows\/empire-of-the-sun-confirmed-for-spanish-low-festival-2025","og_locale":"en_US","og_type":"article","og_title":"Empire of the Sun confirmed for Spanish Low Festival 2025","og_description":"Along with Amaia, Dorian, Melifluo, Rusowsky, Ezezez, Levitants, Jornada B., Flash Show and S-Candalo, new names for Low Festival 2025.","og_url":"https:\/\/www.indieofilo.com\/en\/news\/live-shows\/empire-of-the-sun-confirmed-for-spanish-low-festival-2025","og_site_name":"Indie\u00f3filo","article_publisher":"https:\/\/www.facebook.com\/Indieofilo\/","article_published_time":"2025-02-11T18:16:00+00:00","article_modified_time":"2025-04-09T19:43:08+00:00","og_image":[{"width":1079,"height":1349,"url":"http:\/\/www.indieofilo.com\/wp-content\/uploads\/2025\/02\/Low-Festival-2024-Empire-of-the-sun.jpg","type":"image\/jpeg"}],"author":"Victor","twitter_card":"summary_large_image","twitter_creator":"@indieofilo","twitter_site":"@indieofilo","twitter_misc":{"Written by":"Victor","Est. reading time":"2 minutes"},"schema":{"@context":"https:\/\/schema.org","@graph":[{"@type":"Article","@id":"https:\/\/www.indieofilo.com\/en\/news\/live-shows\/empire-of-the-sun-confirmed-for-spanish-low-festival-2025#article","isPartOf":{"@id":"https:\/\/www.indieofilo.com\/en\/news\/live-shows\/empire-of-the-sun-confirmed-for-spanish-low-festival-2025"},"author":{"name":"Victor","@id":"https:\/\/www.indieofilo.com\/#\/schema\/person\/595334d38590e4ce5a09f83cbf2fca90"},"headline":"Empire of the Sun confirmed for Spanish Low Festival 2025","datePublished":"2025-02-11T18:16:00+00:00","dateModified":"2025-04-09T19:43:08+00:00","mainEntityOfPage":{"@id":"https:\/\/www.indieofilo.com\/en\/news\/live-shows\/empire-of-the-sun-confirmed-for-spanish-low-festival-2025"},"wordCount":170,"commentCount":0,"publisher":{"@id":"https:\/\/www.indieofilo.com\/#organization"},"image":{"@id":"https:\/\/www.indieofilo.com\/en\/news\/live-shows\/empire-of-the-sun-confirmed-for-spanish-low-festival-2025#primaryimage"},"thumbnailUrl":"https:\/\/www.indieofilo.com\/wp-content\/uploads\/2025\/02\/Low-Festival-2024-Empire-of-the-sun.jpg","keywords":["Amaia","Dorian","Empire of the Sun","Low Festival","Low Festival 2025"],"articleSection":["Live Shows","News"],"inLanguage":"en-US","potentialAction":[{"@type":"CommentAction","name":"Comment","target":["https:\/\/www.indieofilo.com\/en\/news\/live-shows\/empire-of-the-sun-confirmed-for-spanish-low-festival-2025#respond"]}]},{"@type":"WebPage","@id":"https:\/\/www.indieofilo.com\/en\/news\/live-shows\/empire-of-the-sun-confirmed-for-spanish-low-festival-2025","url":"https:\/\/www.indieofilo.com\/en\/news\/live-shows\/empire-of-the-sun-confirmed-for-spanish-low-festival-2025","name":"Empire of the Sun confirmed for Spanish Low Festival 2025 - Indie\u00f3filo","isPartOf":{"@id":"https:\/\/www.indieofilo.com\/#website"},"primaryImageOfPage":{"@id":"https:\/\/www.indieofilo.com\/en\/news\/live-shows\/empire-of-the-sun-confirmed-for-spanish-low-festival-2025#primaryimage"},"image":{"@id":"https:\/\/www.indieofilo.com\/en\/news\/live-shows\/empire-of-the-sun-confirmed-for-spanish-low-festival-2025#primaryimage"},"thumbnailUrl":"https:\/\/www.indieofilo.com\/wp-content\/uploads\/2025\/02\/Low-Festival-2024-Empire-of-the-sun.jpg","datePublished":"2025-02-11T18:16:00+00:00","dateModified":"2025-04-09T19:43:08+00:00","description":"Along with Amaia, Dorian, Melifluo, Rusowsky, Ezezez, Levitants, Jornada B., Flash Show and S-Candalo, new names for Low Festival 2025.","breadcrumb":{"@id":"https:\/\/www.indieofilo.com\/en\/news\/live-shows\/empire-of-the-sun-confirmed-for-spanish-low-festival-2025#breadcrumb"},"inLanguage":"en-US","potentialAction":[{"@type":"ReadAction","target":["https:\/\/www.indieofilo.com\/en\/news\/live-shows\/empire-of-the-sun-confirmed-for-spanish-low-festival-2025"]}]},{"@type":"ImageObject","inLanguage":"en-US","@id":"https:\/\/www.indieofilo.com\/en\/news\/live-shows\/empire-of-the-sun-confirmed-for-spanish-low-festival-2025#primaryimage","url":"https:\/\/www.indieofilo.com\/wp-content\/uploads\/2025\/02\/Low-Festival-2024-Empire-of-the-sun.jpg","contentUrl":"https:\/\/www.indieofilo.com\/wp-content\/uploads\/2025\/02\/Low-Festival-2024-Empire-of-the-sun.jpg","width":1079,"height":1349,"caption":"Low Festival 2025 - Empire of the Sun"},{"@type":"BreadcrumbList","@id":"https:\/\/www.indieofilo.com\/en\/news\/live-shows\/empire-of-the-sun-confirmed-for-spanish-low-festival-2025#breadcrumb","itemListElement":[{"@type":"ListItem","position":1,"name":"Portada","item":"https:\/\/www.indieofilo.com\/en"},{"@type":"ListItem","position":2,"name":"Empire of the Sun confirmed for Spanish Low Festival 2025"}]},{"@type":"WebSite","@id":"https:\/\/www.indieofilo.com\/#website","url":"https:\/\/www.indieofilo.com\/","name":"Indie\u00f3filo","description":"Magazine online de la cultura independiente","publisher":{"@id":"https:\/\/www.indieofilo.com\/#organization"},"potentialAction":[{"@type":"SearchAction","target":{"@type":"EntryPoint","urlTemplate":"https:\/\/www.indieofilo.com\/?s={search_term_string}"},"query-input":{"@type":"PropertyValueSpecification","valueRequired":true,"valueName":"search_term_string"}}],"inLanguage":"en-US"},{"@type":"Organization","@id":"https:\/\/www.indieofilo.com\/#organization","name":"Indie\u00f3filo Web","url":"https:\/\/www.indieofilo.com\/","logo":{"@type":"ImageObject","inLanguage":"en-US","@id":"https:\/\/www.indieofilo.com\/#\/schema\/logo\/image\/","url":"https:\/\/www.indieofilo.com\/wp-content\/uploads\/2015\/02\/logo-alta-resolucion.png","contentUrl":"https:\/\/www.indieofilo.com\/wp-content\/uploads\/2015\/02\/logo-alta-resolucion.png","width":544,"height":185,"caption":"Indie\u00f3filo Web"},"image":{"@id":"https:\/\/www.indieofilo.com\/#\/schema\/logo\/image\/"},"sameAs":["https:\/\/www.facebook.com\/Indieofilo\/","https:\/\/x.com\/indieofilo","https:\/\/www.instagram.com\/indieofilo\/"]},{"@type":"Person","@id":"https:\/\/www.indieofilo.com\/#\/schema\/person\/595334d38590e4ce5a09f83cbf2fca90","name":"Victor","image":{"@type":"ImageObject","inLanguage":"en-US","@id":"https:\/\/www.indieofilo.com\/#\/schema\/person\/image\/","url":"https:\/\/secure.gravatar.com\/avatar\/682b8c6ea3e94b6cffec683b25f1797d?s=96&d=mm&r=g","contentUrl":"https:\/\/secure.gravatar.com\/avatar\/682b8c6ea3e94b6cffec683b25f1797d?s=96&d=mm&r=g","caption":"Victor"},"description":"Fan\u00e1tico de la m\u00fasica desde que mis padres me pon\u00edan a Eydie Gorme y Los Panchos o el Discotuna por la A2. Intent\u00e9 tocar varios instrumentos, pero soy muy torpe con la mano izquierda, as\u00ed que ya sab\u00e9is el resultado final. Fan del britpop, Post-punk, el rugby y el baloncesto...","sameAs":["http:\/\/indieofilo.com"],"url":"https:\/\/www.indieofilo.com\/en\/author\/victor"}]}},"_links":{"self":[{"href":"https:\/\/www.indieofilo.com\/en\/wp-json\/wp\/v2\/posts\/47513","targetHints":{"allow":["GET"]}}],"collection":[{"href":"https:\/\/www.indieofilo.com\/en\/wp-json\/wp\/v2\/posts"}],"about":[{"href":"https:\/\/www.indieofilo.com\/en\/wp-json\/wp\/v2\/types\/post"}],"author":[{"embeddable":true,"href":"https:\/\/www.indieofilo.com\/en\/wp-json\/wp\/v2\/users\/1"}],"replies":[{"embeddable":true,"href":"https:\/\/www.indieofilo.com\/en\/wp-json\/wp\/v2\/comments?post=47513"}],"version-history":[{"count":0,"href":"https:\/\/www.indieofilo.com\/en\/wp-json\/wp\/v2\/posts\/47513\/revisions"}],"wp:featuredmedia":[{"embeddable":true,"href":"https:\/\/www.indieofilo.com\/en\/wp-json\/wp\/v2\/media\/47510"}],"wp:attachment":[{"href":"https:\/\/www.indieofilo.com\/en\/wp-json\/wp\/v2\/media?parent=47513"}],"wp:term":[{"taxonomy":"category","embeddable":true,"href":"https:\/\/www.indieofilo.com\/en\/wp-json\/wp\/v2\/categories?post=47513"},{"taxonomy":"post_tag","embeddable":true,"href":"https:\/\/www.indieofilo.com\/en\/wp-json\/wp\/v2\/tags?post=47513"}],"curies":[{"name":"wp","href":"https:\/\/api.w.org\/{rel}","templated":true}]}}