{"id":47493,"date":"2025-03-31T20:35:29","date_gmt":"2025-03-31T18:35:29","guid":{"rendered":"https:\/\/www.indieofilo.com\/news\/music\/jose-gonzalez-completes-the-alma-occident-barcelona-2025-line-up"},"modified":"2025-04-09T21:11:06","modified_gmt":"2025-04-09T19:11:06","slug":"jose-gonzalez-completes-the-alma-occident-barcelona-2025-line-up","status":"publish","type":"post","link":"https:\/\/www.indieofilo.com\/en\/news\/jose-gonzalez-completes-the-alma-occident-barcelona-2025-line-up","title":{"rendered":"Jose Gonzalez completes the Alma Occident Barcelona 2025 line-up"},"content":{"rendered":"<p style=\"text-align: justify;\">The final line-up of <strong>Alma Occident Barcelona 2025<\/strong> has been announced today, with the confirmation of two new artists to join the more than 20 names that will perform at the Poble Espanyol in Barcelona next summer.<\/p>\n<p style=\"text-align: justify;\">One of our <a href=\"https:\/\/www.indieofilo.com\/en\/gig-reviews\/jose-gonzalez-1st-may-2017-teatro-tivoli-barcelona\">personal favourites<\/a>, the Swede <strong>Jos\u00e9 Gonz\u00e1lez<\/strong>, will headline on the night of 11 July, with Britain&#8217;s <strong>Charlie Cunningham<\/strong> as an exceptional support act. The man from Gothenburg, who hasn&#8217;t released new music for almost four years since the exceptional <em>Local Valley<\/em> (2021), joins <strong>Camila Cabello<\/strong>, <strong>Wilco<\/strong>, <strong>Alan Parsons, The Cult, Guitarricadelafuente, Madness, Residente<\/strong> and <strong>Zahara<\/strong>, among others, as the main names on the bill for this year&#8217;s edition of the Catalan festival. <\/p>\n<p style=\"text-align: justify;\">Tickets for this concert go on sale tomorrow, Tuesday 1 April at 12:00 on the <a href=\"https:\/\/almafestival.info\/barcelona\/\" target=\"_blank\" rel=\"noopener\">festival&#8217;s official website<\/a>.<\/p>\n<p><img fetchpriority=\"high\" decoding=\"async\" class=\"aligncenter size-large wp-image-47489\" src=\"http:\/\/www.indieofilo.com\/wp-content\/uploads\/2025\/03\/jose_gonzalez_alma-barcelona-2025-547x683.jpg\" alt=\"Jos\u00e9 Gonz\u00e1lez Alma Barcelona 2025\" width=\"547\" height=\"683\" srcset=\"https:\/\/www.indieofilo.com\/wp-content\/uploads\/2025\/03\/jose_gonzalez_alma-barcelona-2025-547x683.jpg 547w, https:\/\/www.indieofilo.com\/wp-content\/uploads\/2025\/03\/jose_gonzalez_alma-barcelona-2025-427x533.jpg 427w, https:\/\/www.indieofilo.com\/wp-content\/uploads\/2025\/03\/jose_gonzalez_alma-barcelona-2025-320x400.jpg 320w, https:\/\/www.indieofilo.com\/wp-content\/uploads\/2025\/03\/jose_gonzalez_alma-barcelona-2025-768x960.jpg 768w, https:\/\/www.indieofilo.com\/wp-content\/uploads\/2025\/03\/jose_gonzalez_alma-barcelona-2025-1229x1536.jpg 1229w, https:\/\/www.indieofilo.com\/wp-content\/uploads\/2025\/03\/jose_gonzalez_alma-barcelona-2025.jpg 1350w\" sizes=\"(max-width: 547px) 100vw, 547px\" \/><\/p>\n","protected":false},"excerpt":{"rendered":"<p>The final line-up of Alma Occident Barcelona 2025 has been announced today, with the confirmation of two new artists to join the more than 20 names that will perform at the Poble Espanyol in Barcelona next summer. One of our personal favourites, the Swede Jos\u00e9 Gonz\u00e1lez, will headline on the night of 11 July, with [&hellip;]<\/p>\n","protected":false},"author":1,"featured_media":47489,"comment_status":"open","ping_status":"closed","sticky":false,"template":"","format":"standard","meta":{"footnotes":""},"categories":[41,8],"tags":[7333,7204,7334,4961,4971],"class_list":["post-47493","post","type-post","status-publish","format-standard","has-post-thumbnail","hentry","category-live-shows","category-news","tag-alma-festival-2025-en","tag-alma-festival-barcelona-en","tag-alma-festival-barcelona-2025-en","tag-barcelona-en","tag-jose-gonzalez-en"],"yoast_head":"<!-- This site is optimized with the Yoast SEO Premium plugin v23.9 (Yoast SEO v26.6) - https:\/\/yoast.com\/wordpress\/plugins\/seo\/ -->\n<title>Jose Gonzalez completes the Alma Occident Barcelona 2025 line-up - Indie\u00f3filo<\/title>\n<meta name=\"description\" content=\"Sweden&#039;s Jos\u00e9 Gonz\u00e1lez will headline on 11 July, with support from Britain&#039;s Charlie Cunningham.\" \/>\n<meta name=\"robots\" content=\"index, follow, max-snippet:-1, max-image-preview:large, max-video-preview:-1\" \/>\n<link rel=\"canonical\" href=\"https:\/\/www.indieofilo.com\/en\/news\/jose-gonzalez-completes-the-alma-occident-barcelona-2025-line-up\" \/>\n<meta property=\"og:locale\" content=\"en_US\" \/>\n<meta property=\"og:type\" content=\"article\" \/>\n<meta property=\"og:title\" content=\"Jose Gonzalez completes the Alma Occident Barcelona 2025 line-up\" \/>\n<meta property=\"og:description\" content=\"Sweden&#039;s Jos\u00e9 Gonz\u00e1lez will headline on 11 July, with support from Britain&#039;s Charlie Cunningham.\" \/>\n<meta property=\"og:url\" content=\"https:\/\/www.indieofilo.com\/en\/news\/jose-gonzalez-completes-the-alma-occident-barcelona-2025-line-up\" \/>\n<meta property=\"og:site_name\" content=\"Indie\u00f3filo\" \/>\n<meta property=\"article:publisher\" content=\"https:\/\/www.facebook.com\/Indieofilo\/\" \/>\n<meta property=\"article:published_time\" content=\"2025-03-31T18:35:29+00:00\" \/>\n<meta property=\"article:modified_time\" content=\"2025-04-09T19:11:06+00:00\" \/>\n<meta property=\"og:image\" content=\"http:\/\/www.indieofilo.com\/wp-content\/uploads\/2025\/03\/jose_gonzalez_alma-barcelona-2025.jpg\" \/>\n\t<meta property=\"og:image:width\" content=\"1350\" \/>\n\t<meta property=\"og:image:height\" content=\"1687\" \/>\n\t<meta property=\"og:image:type\" content=\"image\/jpeg\" \/>\n<meta name=\"author\" content=\"Victor\" \/>\n<meta name=\"twitter:card\" content=\"summary_large_image\" \/>\n<meta name=\"twitter:creator\" content=\"@indieofilo\" \/>\n<meta name=\"twitter:site\" content=\"@indieofilo\" \/>\n<meta name=\"twitter:label1\" content=\"Written by\" \/>\n\t<meta name=\"twitter:data1\" content=\"Victor\" \/>\n\t<meta name=\"twitter:label2\" content=\"Est. reading time\" \/>\n\t<meta name=\"twitter:data2\" content=\"1 minute\" \/>\n<script type=\"application\/ld+json\" class=\"yoast-schema-graph\">{\"@context\":\"https:\/\/schema.org\",\"@graph\":[{\"@type\":\"Article\",\"@id\":\"https:\/\/www.indieofilo.com\/en\/news\/jose-gonzalez-completes-the-alma-occident-barcelona-2025-line-up#article\",\"isPartOf\":{\"@id\":\"https:\/\/www.indieofilo.com\/en\/news\/jose-gonzalez-completes-the-alma-occident-barcelona-2025-line-up\"},\"author\":{\"name\":\"Victor\",\"@id\":\"https:\/\/www.indieofilo.com\/#\/schema\/person\/595334d38590e4ce5a09f83cbf2fca90\"},\"headline\":\"Jose Gonzalez completes the Alma Occident Barcelona 2025 line-up\",\"datePublished\":\"2025-03-31T18:35:29+00:00\",\"dateModified\":\"2025-04-09T19:11:06+00:00\",\"mainEntityOfPage\":{\"@id\":\"https:\/\/www.indieofilo.com\/en\/news\/jose-gonzalez-completes-the-alma-occident-barcelona-2025-line-up\"},\"wordCount\":133,\"commentCount\":0,\"publisher\":{\"@id\":\"https:\/\/www.indieofilo.com\/#organization\"},\"image\":{\"@id\":\"https:\/\/www.indieofilo.com\/en\/news\/jose-gonzalez-completes-the-alma-occident-barcelona-2025-line-up#primaryimage\"},\"thumbnailUrl\":\"https:\/\/www.indieofilo.com\/wp-content\/uploads\/2025\/03\/jose_gonzalez_alma-barcelona-2025.jpg\",\"keywords\":[\"Alma Festival 2025\",\"Alma Festival Barcelona\",\"Alma Festival Barcelona 2025\",\"Barcelona\",\"Jose Gonzalez\"],\"articleSection\":[\"Live Shows\",\"News\"],\"inLanguage\":\"en-US\",\"potentialAction\":[{\"@type\":\"CommentAction\",\"name\":\"Comment\",\"target\":[\"https:\/\/www.indieofilo.com\/en\/news\/jose-gonzalez-completes-the-alma-occident-barcelona-2025-line-up#respond\"]}]},{\"@type\":\"WebPage\",\"@id\":\"https:\/\/www.indieofilo.com\/en\/news\/jose-gonzalez-completes-the-alma-occident-barcelona-2025-line-up\",\"url\":\"https:\/\/www.indieofilo.com\/en\/news\/jose-gonzalez-completes-the-alma-occident-barcelona-2025-line-up\",\"name\":\"Jose Gonzalez completes the Alma Occident Barcelona 2025 line-up - Indie\u00f3filo\",\"isPartOf\":{\"@id\":\"https:\/\/www.indieofilo.com\/#website\"},\"primaryImageOfPage\":{\"@id\":\"https:\/\/www.indieofilo.com\/en\/news\/jose-gonzalez-completes-the-alma-occident-barcelona-2025-line-up#primaryimage\"},\"image\":{\"@id\":\"https:\/\/www.indieofilo.com\/en\/news\/jose-gonzalez-completes-the-alma-occident-barcelona-2025-line-up#primaryimage\"},\"thumbnailUrl\":\"https:\/\/www.indieofilo.com\/wp-content\/uploads\/2025\/03\/jose_gonzalez_alma-barcelona-2025.jpg\",\"datePublished\":\"2025-03-31T18:35:29+00:00\",\"dateModified\":\"2025-04-09T19:11:06+00:00\",\"description\":\"Sweden's Jos\u00e9 Gonz\u00e1lez will headline on 11 July, with support from Britain's Charlie Cunningham.\",\"breadcrumb\":{\"@id\":\"https:\/\/www.indieofilo.com\/en\/news\/jose-gonzalez-completes-the-alma-occident-barcelona-2025-line-up#breadcrumb\"},\"inLanguage\":\"en-US\",\"potentialAction\":[{\"@type\":\"ReadAction\",\"target\":[\"https:\/\/www.indieofilo.com\/en\/news\/jose-gonzalez-completes-the-alma-occident-barcelona-2025-line-up\"]}]},{\"@type\":\"ImageObject\",\"inLanguage\":\"en-US\",\"@id\":\"https:\/\/www.indieofilo.com\/en\/news\/jose-gonzalez-completes-the-alma-occident-barcelona-2025-line-up#primaryimage\",\"url\":\"https:\/\/www.indieofilo.com\/wp-content\/uploads\/2025\/03\/jose_gonzalez_alma-barcelona-2025.jpg\",\"contentUrl\":\"https:\/\/www.indieofilo.com\/wp-content\/uploads\/2025\/03\/jose_gonzalez_alma-barcelona-2025.jpg\",\"width\":1350,\"height\":1687,\"caption\":\"Jos\u00e9 Gonz\u00e1lez Alma Barcelona 2025\"},{\"@type\":\"BreadcrumbList\",\"@id\":\"https:\/\/www.indieofilo.com\/en\/news\/jose-gonzalez-completes-the-alma-occident-barcelona-2025-line-up#breadcrumb\",\"itemListElement\":[{\"@type\":\"ListItem\",\"position\":1,\"name\":\"Portada\",\"item\":\"https:\/\/www.indieofilo.com\/en\"},{\"@type\":\"ListItem\",\"position\":2,\"name\":\"Jose Gonzalez completes the Alma Occident Barcelona 2025 line-up\"}]},{\"@type\":\"WebSite\",\"@id\":\"https:\/\/www.indieofilo.com\/#website\",\"url\":\"https:\/\/www.indieofilo.com\/\",\"name\":\"Indie\u00f3filo\",\"description\":\"Magazine online de la cultura independiente\",\"publisher\":{\"@id\":\"https:\/\/www.indieofilo.com\/#organization\"},\"potentialAction\":[{\"@type\":\"SearchAction\",\"target\":{\"@type\":\"EntryPoint\",\"urlTemplate\":\"https:\/\/www.indieofilo.com\/?s={search_term_string}\"},\"query-input\":{\"@type\":\"PropertyValueSpecification\",\"valueRequired\":true,\"valueName\":\"search_term_string\"}}],\"inLanguage\":\"en-US\"},{\"@type\":\"Organization\",\"@id\":\"https:\/\/www.indieofilo.com\/#organization\",\"name\":\"Indie\u00f3filo Web\",\"url\":\"https:\/\/www.indieofilo.com\/\",\"logo\":{\"@type\":\"ImageObject\",\"inLanguage\":\"en-US\",\"@id\":\"https:\/\/www.indieofilo.com\/#\/schema\/logo\/image\/\",\"url\":\"https:\/\/www.indieofilo.com\/wp-content\/uploads\/2015\/02\/logo-alta-resolucion.png\",\"contentUrl\":\"https:\/\/www.indieofilo.com\/wp-content\/uploads\/2015\/02\/logo-alta-resolucion.png\",\"width\":544,\"height\":185,\"caption\":\"Indie\u00f3filo Web\"},\"image\":{\"@id\":\"https:\/\/www.indieofilo.com\/#\/schema\/logo\/image\/\"},\"sameAs\":[\"https:\/\/www.facebook.com\/Indieofilo\/\",\"https:\/\/x.com\/indieofilo\",\"https:\/\/www.instagram.com\/indieofilo\/\"]},{\"@type\":\"Person\",\"@id\":\"https:\/\/www.indieofilo.com\/#\/schema\/person\/595334d38590e4ce5a09f83cbf2fca90\",\"name\":\"Victor\",\"image\":{\"@type\":\"ImageObject\",\"inLanguage\":\"en-US\",\"@id\":\"https:\/\/www.indieofilo.com\/#\/schema\/person\/image\/\",\"url\":\"https:\/\/secure.gravatar.com\/avatar\/682b8c6ea3e94b6cffec683b25f1797d?s=96&d=mm&r=g\",\"contentUrl\":\"https:\/\/secure.gravatar.com\/avatar\/682b8c6ea3e94b6cffec683b25f1797d?s=96&d=mm&r=g\",\"caption\":\"Victor\"},\"description\":\"Fan\u00e1tico de la m\u00fasica desde que mis padres me pon\u00edan a Eydie Gorme y Los Panchos o el Discotuna por la A2. Intent\u00e9 tocar varios instrumentos, pero soy muy torpe con la mano izquierda, as\u00ed que ya sab\u00e9is el resultado final. Fan del britpop, Post-punk, el rugby y el baloncesto...\",\"sameAs\":[\"http:\/\/indieofilo.com\"],\"url\":\"https:\/\/www.indieofilo.com\/en\/author\/victor\"}]}<\/script>\n<!-- \/ Yoast SEO Premium plugin. -->","yoast_head_json":{"title":"Jose Gonzalez completes the Alma Occident Barcelona 2025 line-up - Indie\u00f3filo","description":"Sweden's Jos\u00e9 Gonz\u00e1lez will headline on 11 July, with support from Britain's Charlie Cunningham.","robots":{"index":"index","follow":"follow","max-snippet":"max-snippet:-1","max-image-preview":"max-image-preview:large","max-video-preview":"max-video-preview:-1"},"canonical":"https:\/\/www.indieofilo.com\/en\/news\/jose-gonzalez-completes-the-alma-occident-barcelona-2025-line-up","og_locale":"en_US","og_type":"article","og_title":"Jose Gonzalez completes the Alma Occident Barcelona 2025 line-up","og_description":"Sweden's Jos\u00e9 Gonz\u00e1lez will headline on 11 July, with support from Britain's Charlie Cunningham.","og_url":"https:\/\/www.indieofilo.com\/en\/news\/jose-gonzalez-completes-the-alma-occident-barcelona-2025-line-up","og_site_name":"Indie\u00f3filo","article_publisher":"https:\/\/www.facebook.com\/Indieofilo\/","article_published_time":"2025-03-31T18:35:29+00:00","article_modified_time":"2025-04-09T19:11:06+00:00","og_image":[{"width":1350,"height":1687,"url":"http:\/\/www.indieofilo.com\/wp-content\/uploads\/2025\/03\/jose_gonzalez_alma-barcelona-2025.jpg","type":"image\/jpeg"}],"author":"Victor","twitter_card":"summary_large_image","twitter_creator":"@indieofilo","twitter_site":"@indieofilo","twitter_misc":{"Written by":"Victor","Est. reading time":"1 minute"},"schema":{"@context":"https:\/\/schema.org","@graph":[{"@type":"Article","@id":"https:\/\/www.indieofilo.com\/en\/news\/jose-gonzalez-completes-the-alma-occident-barcelona-2025-line-up#article","isPartOf":{"@id":"https:\/\/www.indieofilo.com\/en\/news\/jose-gonzalez-completes-the-alma-occident-barcelona-2025-line-up"},"author":{"name":"Victor","@id":"https:\/\/www.indieofilo.com\/#\/schema\/person\/595334d38590e4ce5a09f83cbf2fca90"},"headline":"Jose Gonzalez completes the Alma Occident Barcelona 2025 line-up","datePublished":"2025-03-31T18:35:29+00:00","dateModified":"2025-04-09T19:11:06+00:00","mainEntityOfPage":{"@id":"https:\/\/www.indieofilo.com\/en\/news\/jose-gonzalez-completes-the-alma-occident-barcelona-2025-line-up"},"wordCount":133,"commentCount":0,"publisher":{"@id":"https:\/\/www.indieofilo.com\/#organization"},"image":{"@id":"https:\/\/www.indieofilo.com\/en\/news\/jose-gonzalez-completes-the-alma-occident-barcelona-2025-line-up#primaryimage"},"thumbnailUrl":"https:\/\/www.indieofilo.com\/wp-content\/uploads\/2025\/03\/jose_gonzalez_alma-barcelona-2025.jpg","keywords":["Alma Festival 2025","Alma Festival Barcelona","Alma Festival Barcelona 2025","Barcelona","Jose Gonzalez"],"articleSection":["Live Shows","News"],"inLanguage":"en-US","potentialAction":[{"@type":"CommentAction","name":"Comment","target":["https:\/\/www.indieofilo.com\/en\/news\/jose-gonzalez-completes-the-alma-occident-barcelona-2025-line-up#respond"]}]},{"@type":"WebPage","@id":"https:\/\/www.indieofilo.com\/en\/news\/jose-gonzalez-completes-the-alma-occident-barcelona-2025-line-up","url":"https:\/\/www.indieofilo.com\/en\/news\/jose-gonzalez-completes-the-alma-occident-barcelona-2025-line-up","name":"Jose Gonzalez completes the Alma Occident Barcelona 2025 line-up - Indie\u00f3filo","isPartOf":{"@id":"https:\/\/www.indieofilo.com\/#website"},"primaryImageOfPage":{"@id":"https:\/\/www.indieofilo.com\/en\/news\/jose-gonzalez-completes-the-alma-occident-barcelona-2025-line-up#primaryimage"},"image":{"@id":"https:\/\/www.indieofilo.com\/en\/news\/jose-gonzalez-completes-the-alma-occident-barcelona-2025-line-up#primaryimage"},"thumbnailUrl":"https:\/\/www.indieofilo.com\/wp-content\/uploads\/2025\/03\/jose_gonzalez_alma-barcelona-2025.jpg","datePublished":"2025-03-31T18:35:29+00:00","dateModified":"2025-04-09T19:11:06+00:00","description":"Sweden's Jos\u00e9 Gonz\u00e1lez will headline on 11 July, with support from Britain's Charlie Cunningham.","breadcrumb":{"@id":"https:\/\/www.indieofilo.com\/en\/news\/jose-gonzalez-completes-the-alma-occident-barcelona-2025-line-up#breadcrumb"},"inLanguage":"en-US","potentialAction":[{"@type":"ReadAction","target":["https:\/\/www.indieofilo.com\/en\/news\/jose-gonzalez-completes-the-alma-occident-barcelona-2025-line-up"]}]},{"@type":"ImageObject","inLanguage":"en-US","@id":"https:\/\/www.indieofilo.com\/en\/news\/jose-gonzalez-completes-the-alma-occident-barcelona-2025-line-up#primaryimage","url":"https:\/\/www.indieofilo.com\/wp-content\/uploads\/2025\/03\/jose_gonzalez_alma-barcelona-2025.jpg","contentUrl":"https:\/\/www.indieofilo.com\/wp-content\/uploads\/2025\/03\/jose_gonzalez_alma-barcelona-2025.jpg","width":1350,"height":1687,"caption":"Jos\u00e9 Gonz\u00e1lez Alma Barcelona 2025"},{"@type":"BreadcrumbList","@id":"https:\/\/www.indieofilo.com\/en\/news\/jose-gonzalez-completes-the-alma-occident-barcelona-2025-line-up#breadcrumb","itemListElement":[{"@type":"ListItem","position":1,"name":"Portada","item":"https:\/\/www.indieofilo.com\/en"},{"@type":"ListItem","position":2,"name":"Jose Gonzalez completes the Alma Occident Barcelona 2025 line-up"}]},{"@type":"WebSite","@id":"https:\/\/www.indieofilo.com\/#website","url":"https:\/\/www.indieofilo.com\/","name":"Indie\u00f3filo","description":"Magazine online de la cultura independiente","publisher":{"@id":"https:\/\/www.indieofilo.com\/#organization"},"potentialAction":[{"@type":"SearchAction","target":{"@type":"EntryPoint","urlTemplate":"https:\/\/www.indieofilo.com\/?s={search_term_string}"},"query-input":{"@type":"PropertyValueSpecification","valueRequired":true,"valueName":"search_term_string"}}],"inLanguage":"en-US"},{"@type":"Organization","@id":"https:\/\/www.indieofilo.com\/#organization","name":"Indie\u00f3filo Web","url":"https:\/\/www.indieofilo.com\/","logo":{"@type":"ImageObject","inLanguage":"en-US","@id":"https:\/\/www.indieofilo.com\/#\/schema\/logo\/image\/","url":"https:\/\/www.indieofilo.com\/wp-content\/uploads\/2015\/02\/logo-alta-resolucion.png","contentUrl":"https:\/\/www.indieofilo.com\/wp-content\/uploads\/2015\/02\/logo-alta-resolucion.png","width":544,"height":185,"caption":"Indie\u00f3filo Web"},"image":{"@id":"https:\/\/www.indieofilo.com\/#\/schema\/logo\/image\/"},"sameAs":["https:\/\/www.facebook.com\/Indieofilo\/","https:\/\/x.com\/indieofilo","https:\/\/www.instagram.com\/indieofilo\/"]},{"@type":"Person","@id":"https:\/\/www.indieofilo.com\/#\/schema\/person\/595334d38590e4ce5a09f83cbf2fca90","name":"Victor","image":{"@type":"ImageObject","inLanguage":"en-US","@id":"https:\/\/www.indieofilo.com\/#\/schema\/person\/image\/","url":"https:\/\/secure.gravatar.com\/avatar\/682b8c6ea3e94b6cffec683b25f1797d?s=96&d=mm&r=g","contentUrl":"https:\/\/secure.gravatar.com\/avatar\/682b8c6ea3e94b6cffec683b25f1797d?s=96&d=mm&r=g","caption":"Victor"},"description":"Fan\u00e1tico de la m\u00fasica desde que mis padres me pon\u00edan a Eydie Gorme y Los Panchos o el Discotuna por la A2. Intent\u00e9 tocar varios instrumentos, pero soy muy torpe con la mano izquierda, as\u00ed que ya sab\u00e9is el resultado final. Fan del britpop, Post-punk, el rugby y el baloncesto...","sameAs":["http:\/\/indieofilo.com"],"url":"https:\/\/www.indieofilo.com\/en\/author\/victor"}]}},"_links":{"self":[{"href":"https:\/\/www.indieofilo.com\/en\/wp-json\/wp\/v2\/posts\/47493","targetHints":{"allow":["GET"]}}],"collection":[{"href":"https:\/\/www.indieofilo.com\/en\/wp-json\/wp\/v2\/posts"}],"about":[{"href":"https:\/\/www.indieofilo.com\/en\/wp-json\/wp\/v2\/types\/post"}],"author":[{"embeddable":true,"href":"https:\/\/www.indieofilo.com\/en\/wp-json\/wp\/v2\/users\/1"}],"replies":[{"embeddable":true,"href":"https:\/\/www.indieofilo.com\/en\/wp-json\/wp\/v2\/comments?post=47493"}],"version-history":[{"count":0,"href":"https:\/\/www.indieofilo.com\/en\/wp-json\/wp\/v2\/posts\/47493\/revisions"}],"wp:featuredmedia":[{"embeddable":true,"href":"https:\/\/www.indieofilo.com\/en\/wp-json\/wp\/v2\/media\/47489"}],"wp:attachment":[{"href":"https:\/\/www.indieofilo.com\/en\/wp-json\/wp\/v2\/media?parent=47493"}],"wp:term":[{"taxonomy":"category","embeddable":true,"href":"https:\/\/www.indieofilo.com\/en\/wp-json\/wp\/v2\/categories?post=47493"},{"taxonomy":"post_tag","embeddable":true,"href":"https:\/\/www.indieofilo.com\/en\/wp-json\/wp\/v2\/tags?post=47493"}],"curies":[{"name":"wp","href":"https:\/\/api.w.org\/{rel}","templated":true}]}}