{"id":4745,"date":"2014-03-07T17:40:21","date_gmt":"2014-03-07T16:40:21","guid":{"rendered":"http:\/\/indieofilo.com\/?p=4745"},"modified":"2023-09-22T14:13:13","modified_gmt":"2023-09-22T12:13:13","slug":"first-trailer-from-sin-city-sequel-a-dame-to-kill-for","status":"publish","type":"post","link":"https:\/\/www.indieofilo.com\/en\/others\/first-trailer-from-sin-city-sequel-a-dame-to-kill-for","title":{"rendered":"First trailer from Sin City sequel, A dame to kill for"},"content":{"rendered":"<p>After long time waiting, yesterday at night Dimension Films producer finally delighted us with the first trailer for the&nbsp;<strong>Sin City<\/strong>&nbsp;sequel,&nbsp;<strong>Sin City, A dame to kill for<\/strong>, which comes nine years after the cult film directed by the magnificent trio of&nbsp;<em>Robert Rodriguez, Quentin Tarantino<\/em>&nbsp;and writter of the comic&nbsp;<em>Frank Miller<\/em>. Release date of the film in the U.S. is scheduled for August 22, but in Spain there are no confirmed date or distributor. The film focuses on one of the fragments of the first part<em>&nbsp;The Big Fat Kill<\/em>, and on it Dwight (played by&nbsp;<em>Josh Brolin<\/em>)&nbsp;seek&nbsp;for&nbsp;revenge on&nbsp;the woman who&nbsp;betrayed him, mysterious Ava Lord (role played by&nbsp;<em>Eva Green<\/em>). Joining them we can find old friends form Sin City like&nbsp;<em>Bruce Willis, Jessica Alba, Rosario Dawson<\/em>&nbsp;o&nbsp;<em>Mickey Rourke<\/em>&nbsp;and new additions like&nbsp;<em>Ray Liotta, Joseph Gordon-Levitt<\/em>&nbsp;o<em>&nbsp;Juno Temple<\/em>.<\/p>\n","protected":false},"excerpt":{"rendered":"<p>After long time waiting, yesterday at night Dimension Films producer finally delighted us with the first trailer for the&nbsp;Sin City&nbsp;sequel,&nbsp;Sin City, A dame to kill for, which comes nine years after the cult film directed by the magnificent trio of&nbsp;Robert Rodriguez, Quentin Tarantino&nbsp;and writter of the comic&nbsp;Frank Miller. Release date of the film in the [&hellip;]<\/p>\n","protected":false},"author":1,"featured_media":4748,"comment_status":"open","ping_status":"closed","sticky":false,"template":"","format":"video","meta":{"footnotes":""},"categories":[29,12],"tags":[6764],"class_list":["post-4745","post","type-post","status-publish","format-video","has-post-thumbnail","hentry","category-cinema","category-others","tag-sin-city-en","post_format-post-format-video"],"yoast_head":"<!-- This site is optimized with the Yoast SEO Premium plugin v23.9 (Yoast SEO v26.6) - https:\/\/yoast.com\/wordpress\/plugins\/seo\/ -->\n<title>First trailer for Sin City sequel, A dame to kill for<\/title>\n<meta name=\"description\" content=\"After long time waiting, yesterday was broadcasted the first trailer for the\u00a0Sin City\u00a0sequel,\u00a0Sin City, A dame to kill for.\" \/>\n<meta name=\"robots\" content=\"index, follow, max-snippet:-1, max-image-preview:large, max-video-preview:-1\" \/>\n<link rel=\"canonical\" href=\"https:\/\/www.indieofilo.com\/en\/others\/first-trailer-from-sin-city-sequel-a-dame-to-kill-for\" \/>\n<meta property=\"og:locale\" content=\"en_US\" \/>\n<meta property=\"og:type\" content=\"article\" \/>\n<meta property=\"og:title\" content=\"First trailer from Sin City sequel, A dame to kill for\" \/>\n<meta property=\"og:description\" content=\"After long time waiting, yesterday was broadcasted the first trailer for the\u00a0Sin City\u00a0sequel,\u00a0Sin City, A dame to kill for.\" \/>\n<meta property=\"og:url\" content=\"https:\/\/www.indieofilo.com\/en\/others\/first-trailer-from-sin-city-sequel-a-dame-to-kill-for\" \/>\n<meta property=\"og:site_name\" content=\"Indie\u00f3filo\" \/>\n<meta property=\"article:publisher\" content=\"https:\/\/www.facebook.com\/Indieofilo\/\" \/>\n<meta property=\"article:published_time\" content=\"2014-03-07T16:40:21+00:00\" \/>\n<meta property=\"article:modified_time\" content=\"2023-09-22T12:13:13+00:00\" \/>\n<meta property=\"og:image\" content=\"https:\/\/www.indieofilo.com\/wp-content\/uploads\/2016\/03\/first-trailer-from-sin-city-sequ.jpg\" \/>\n\t<meta property=\"og:image:width\" content=\"1920\" \/>\n\t<meta property=\"og:image:height\" content=\"1080\" \/>\n\t<meta property=\"og:image:type\" content=\"image\/jpeg\" \/>\n<meta name=\"author\" content=\"Victor\" \/>\n<meta name=\"twitter:card\" content=\"summary_large_image\" \/>\n<meta name=\"twitter:creator\" content=\"@indieofilo\" \/>\n<meta name=\"twitter:site\" content=\"@indieofilo\" \/>\n<meta name=\"twitter:label1\" content=\"Written by\" \/>\n\t<meta name=\"twitter:data1\" content=\"Victor\" \/>\n\t<meta name=\"twitter:label2\" content=\"Est. reading time\" \/>\n\t<meta name=\"twitter:data2\" content=\"1 minute\" \/>\n<script type=\"application\/ld+json\" class=\"yoast-schema-graph\">{\"@context\":\"https:\/\/schema.org\",\"@graph\":[{\"@type\":\"Article\",\"@id\":\"https:\/\/www.indieofilo.com\/en\/others\/first-trailer-from-sin-city-sequel-a-dame-to-kill-for#article\",\"isPartOf\":{\"@id\":\"https:\/\/www.indieofilo.com\/en\/others\/first-trailer-from-sin-city-sequel-a-dame-to-kill-for\"},\"author\":{\"name\":\"Victor\",\"@id\":\"https:\/\/www.indieofilo.com\/#\/schema\/person\/595334d38590e4ce5a09f83cbf2fca90\"},\"headline\":\"First trailer from Sin City sequel, A dame to kill for\",\"datePublished\":\"2014-03-07T16:40:21+00:00\",\"dateModified\":\"2023-09-22T12:13:13+00:00\",\"mainEntityOfPage\":{\"@id\":\"https:\/\/www.indieofilo.com\/en\/others\/first-trailer-from-sin-city-sequel-a-dame-to-kill-for\"},\"wordCount\":181,\"commentCount\":0,\"publisher\":{\"@id\":\"https:\/\/www.indieofilo.com\/#organization\"},\"image\":{\"@id\":\"https:\/\/www.indieofilo.com\/en\/others\/first-trailer-from-sin-city-sequel-a-dame-to-kill-for#primaryimage\"},\"thumbnailUrl\":\"https:\/\/www.indieofilo.com\/wp-content\/uploads\/2016\/03\/first-trailer-from-sin-city-sequ.jpg\",\"keywords\":[\"Sin City\"],\"articleSection\":[\"Cinema\",\"Others\"],\"inLanguage\":\"en-US\",\"potentialAction\":[{\"@type\":\"CommentAction\",\"name\":\"Comment\",\"target\":[\"https:\/\/www.indieofilo.com\/en\/others\/first-trailer-from-sin-city-sequel-a-dame-to-kill-for#respond\"]}]},{\"@type\":\"WebPage\",\"@id\":\"https:\/\/www.indieofilo.com\/en\/others\/first-trailer-from-sin-city-sequel-a-dame-to-kill-for\",\"url\":\"https:\/\/www.indieofilo.com\/en\/others\/first-trailer-from-sin-city-sequel-a-dame-to-kill-for\",\"name\":\"First trailer for Sin City sequel, A dame to kill for\",\"isPartOf\":{\"@id\":\"https:\/\/www.indieofilo.com\/#website\"},\"primaryImageOfPage\":{\"@id\":\"https:\/\/www.indieofilo.com\/en\/others\/first-trailer-from-sin-city-sequel-a-dame-to-kill-for#primaryimage\"},\"image\":{\"@id\":\"https:\/\/www.indieofilo.com\/en\/others\/first-trailer-from-sin-city-sequel-a-dame-to-kill-for#primaryimage\"},\"thumbnailUrl\":\"https:\/\/www.indieofilo.com\/wp-content\/uploads\/2016\/03\/first-trailer-from-sin-city-sequ.jpg\",\"datePublished\":\"2014-03-07T16:40:21+00:00\",\"dateModified\":\"2023-09-22T12:13:13+00:00\",\"description\":\"After long time waiting, yesterday was broadcasted the first trailer for the\u00a0Sin City\u00a0sequel,\u00a0Sin City, A dame to kill for.\",\"breadcrumb\":{\"@id\":\"https:\/\/www.indieofilo.com\/en\/others\/first-trailer-from-sin-city-sequel-a-dame-to-kill-for#breadcrumb\"},\"inLanguage\":\"en-US\",\"potentialAction\":[{\"@type\":\"ReadAction\",\"target\":[\"https:\/\/www.indieofilo.com\/en\/others\/first-trailer-from-sin-city-sequel-a-dame-to-kill-for\"]}]},{\"@type\":\"ImageObject\",\"inLanguage\":\"en-US\",\"@id\":\"https:\/\/www.indieofilo.com\/en\/others\/first-trailer-from-sin-city-sequel-a-dame-to-kill-for#primaryimage\",\"url\":\"https:\/\/www.indieofilo.com\/wp-content\/uploads\/2016\/03\/first-trailer-from-sin-city-sequ.jpg\",\"contentUrl\":\"https:\/\/www.indieofilo.com\/wp-content\/uploads\/2016\/03\/first-trailer-from-sin-city-sequ.jpg\",\"width\":1920,\"height\":1080},{\"@type\":\"BreadcrumbList\",\"@id\":\"https:\/\/www.indieofilo.com\/en\/others\/first-trailer-from-sin-city-sequel-a-dame-to-kill-for#breadcrumb\",\"itemListElement\":[{\"@type\":\"ListItem\",\"position\":1,\"name\":\"Portada\",\"item\":\"https:\/\/www.indieofilo.com\/en\"},{\"@type\":\"ListItem\",\"position\":2,\"name\":\"First trailer from Sin City sequel, A dame to kill for\"}]},{\"@type\":\"WebSite\",\"@id\":\"https:\/\/www.indieofilo.com\/#website\",\"url\":\"https:\/\/www.indieofilo.com\/\",\"name\":\"Indie\u00f3filo\",\"description\":\"Magazine online de la cultura independiente\",\"publisher\":{\"@id\":\"https:\/\/www.indieofilo.com\/#organization\"},\"potentialAction\":[{\"@type\":\"SearchAction\",\"target\":{\"@type\":\"EntryPoint\",\"urlTemplate\":\"https:\/\/www.indieofilo.com\/?s={search_term_string}\"},\"query-input\":{\"@type\":\"PropertyValueSpecification\",\"valueRequired\":true,\"valueName\":\"search_term_string\"}}],\"inLanguage\":\"en-US\"},{\"@type\":\"Organization\",\"@id\":\"https:\/\/www.indieofilo.com\/#organization\",\"name\":\"Indie\u00f3filo Web\",\"url\":\"https:\/\/www.indieofilo.com\/\",\"logo\":{\"@type\":\"ImageObject\",\"inLanguage\":\"en-US\",\"@id\":\"https:\/\/www.indieofilo.com\/#\/schema\/logo\/image\/\",\"url\":\"https:\/\/www.indieofilo.com\/wp-content\/uploads\/2015\/02\/logo-alta-resolucion.png\",\"contentUrl\":\"https:\/\/www.indieofilo.com\/wp-content\/uploads\/2015\/02\/logo-alta-resolucion.png\",\"width\":544,\"height\":185,\"caption\":\"Indie\u00f3filo Web\"},\"image\":{\"@id\":\"https:\/\/www.indieofilo.com\/#\/schema\/logo\/image\/\"},\"sameAs\":[\"https:\/\/www.facebook.com\/Indieofilo\/\",\"https:\/\/x.com\/indieofilo\",\"https:\/\/www.instagram.com\/indieofilo\/\"]},{\"@type\":\"Person\",\"@id\":\"https:\/\/www.indieofilo.com\/#\/schema\/person\/595334d38590e4ce5a09f83cbf2fca90\",\"name\":\"Victor\",\"image\":{\"@type\":\"ImageObject\",\"inLanguage\":\"en-US\",\"@id\":\"https:\/\/www.indieofilo.com\/#\/schema\/person\/image\/\",\"url\":\"https:\/\/secure.gravatar.com\/avatar\/682b8c6ea3e94b6cffec683b25f1797d?s=96&d=mm&r=g\",\"contentUrl\":\"https:\/\/secure.gravatar.com\/avatar\/682b8c6ea3e94b6cffec683b25f1797d?s=96&d=mm&r=g\",\"caption\":\"Victor\"},\"description\":\"Fan\u00e1tico de la m\u00fasica desde que mis padres me pon\u00edan a Eydie Gorme y Los Panchos o el Discotuna por la A2. Intent\u00e9 tocar varios instrumentos, pero soy muy torpe con la mano izquierda, as\u00ed que ya sab\u00e9is el resultado final. Fan del britpop, Post-punk, el rugby y el baloncesto...\",\"sameAs\":[\"http:\/\/indieofilo.com\"],\"url\":\"https:\/\/www.indieofilo.com\/en\/author\/victor\"}]}<\/script>\n<!-- \/ Yoast SEO Premium plugin. -->","yoast_head_json":{"title":"First trailer for Sin City sequel, A dame to kill for","description":"After long time waiting, yesterday was broadcasted the first trailer for the\u00a0Sin City\u00a0sequel,\u00a0Sin City, A dame to kill for.","robots":{"index":"index","follow":"follow","max-snippet":"max-snippet:-1","max-image-preview":"max-image-preview:large","max-video-preview":"max-video-preview:-1"},"canonical":"https:\/\/www.indieofilo.com\/en\/others\/first-trailer-from-sin-city-sequel-a-dame-to-kill-for","og_locale":"en_US","og_type":"article","og_title":"First trailer from Sin City sequel, A dame to kill for","og_description":"After long time waiting, yesterday was broadcasted the first trailer for the\u00a0Sin City\u00a0sequel,\u00a0Sin City, A dame to kill for.","og_url":"https:\/\/www.indieofilo.com\/en\/others\/first-trailer-from-sin-city-sequel-a-dame-to-kill-for","og_site_name":"Indie\u00f3filo","article_publisher":"https:\/\/www.facebook.com\/Indieofilo\/","article_published_time":"2014-03-07T16:40:21+00:00","article_modified_time":"2023-09-22T12:13:13+00:00","og_image":[{"width":1920,"height":1080,"url":"https:\/\/www.indieofilo.com\/wp-content\/uploads\/2016\/03\/first-trailer-from-sin-city-sequ.jpg","type":"image\/jpeg"}],"author":"Victor","twitter_card":"summary_large_image","twitter_creator":"@indieofilo","twitter_site":"@indieofilo","twitter_misc":{"Written by":"Victor","Est. reading time":"1 minute"},"schema":{"@context":"https:\/\/schema.org","@graph":[{"@type":"Article","@id":"https:\/\/www.indieofilo.com\/en\/others\/first-trailer-from-sin-city-sequel-a-dame-to-kill-for#article","isPartOf":{"@id":"https:\/\/www.indieofilo.com\/en\/others\/first-trailer-from-sin-city-sequel-a-dame-to-kill-for"},"author":{"name":"Victor","@id":"https:\/\/www.indieofilo.com\/#\/schema\/person\/595334d38590e4ce5a09f83cbf2fca90"},"headline":"First trailer from Sin City sequel, A dame to kill for","datePublished":"2014-03-07T16:40:21+00:00","dateModified":"2023-09-22T12:13:13+00:00","mainEntityOfPage":{"@id":"https:\/\/www.indieofilo.com\/en\/others\/first-trailer-from-sin-city-sequel-a-dame-to-kill-for"},"wordCount":181,"commentCount":0,"publisher":{"@id":"https:\/\/www.indieofilo.com\/#organization"},"image":{"@id":"https:\/\/www.indieofilo.com\/en\/others\/first-trailer-from-sin-city-sequel-a-dame-to-kill-for#primaryimage"},"thumbnailUrl":"https:\/\/www.indieofilo.com\/wp-content\/uploads\/2016\/03\/first-trailer-from-sin-city-sequ.jpg","keywords":["Sin City"],"articleSection":["Cinema","Others"],"inLanguage":"en-US","potentialAction":[{"@type":"CommentAction","name":"Comment","target":["https:\/\/www.indieofilo.com\/en\/others\/first-trailer-from-sin-city-sequel-a-dame-to-kill-for#respond"]}]},{"@type":"WebPage","@id":"https:\/\/www.indieofilo.com\/en\/others\/first-trailer-from-sin-city-sequel-a-dame-to-kill-for","url":"https:\/\/www.indieofilo.com\/en\/others\/first-trailer-from-sin-city-sequel-a-dame-to-kill-for","name":"First trailer for Sin City sequel, A dame to kill for","isPartOf":{"@id":"https:\/\/www.indieofilo.com\/#website"},"primaryImageOfPage":{"@id":"https:\/\/www.indieofilo.com\/en\/others\/first-trailer-from-sin-city-sequel-a-dame-to-kill-for#primaryimage"},"image":{"@id":"https:\/\/www.indieofilo.com\/en\/others\/first-trailer-from-sin-city-sequel-a-dame-to-kill-for#primaryimage"},"thumbnailUrl":"https:\/\/www.indieofilo.com\/wp-content\/uploads\/2016\/03\/first-trailer-from-sin-city-sequ.jpg","datePublished":"2014-03-07T16:40:21+00:00","dateModified":"2023-09-22T12:13:13+00:00","description":"After long time waiting, yesterday was broadcasted the first trailer for the\u00a0Sin City\u00a0sequel,\u00a0Sin City, A dame to kill for.","breadcrumb":{"@id":"https:\/\/www.indieofilo.com\/en\/others\/first-trailer-from-sin-city-sequel-a-dame-to-kill-for#breadcrumb"},"inLanguage":"en-US","potentialAction":[{"@type":"ReadAction","target":["https:\/\/www.indieofilo.com\/en\/others\/first-trailer-from-sin-city-sequel-a-dame-to-kill-for"]}]},{"@type":"ImageObject","inLanguage":"en-US","@id":"https:\/\/www.indieofilo.com\/en\/others\/first-trailer-from-sin-city-sequel-a-dame-to-kill-for#primaryimage","url":"https:\/\/www.indieofilo.com\/wp-content\/uploads\/2016\/03\/first-trailer-from-sin-city-sequ.jpg","contentUrl":"https:\/\/www.indieofilo.com\/wp-content\/uploads\/2016\/03\/first-trailer-from-sin-city-sequ.jpg","width":1920,"height":1080},{"@type":"BreadcrumbList","@id":"https:\/\/www.indieofilo.com\/en\/others\/first-trailer-from-sin-city-sequel-a-dame-to-kill-for#breadcrumb","itemListElement":[{"@type":"ListItem","position":1,"name":"Portada","item":"https:\/\/www.indieofilo.com\/en"},{"@type":"ListItem","position":2,"name":"First trailer from Sin City sequel, A dame to kill for"}]},{"@type":"WebSite","@id":"https:\/\/www.indieofilo.com\/#website","url":"https:\/\/www.indieofilo.com\/","name":"Indie\u00f3filo","description":"Magazine online de la cultura independiente","publisher":{"@id":"https:\/\/www.indieofilo.com\/#organization"},"potentialAction":[{"@type":"SearchAction","target":{"@type":"EntryPoint","urlTemplate":"https:\/\/www.indieofilo.com\/?s={search_term_string}"},"query-input":{"@type":"PropertyValueSpecification","valueRequired":true,"valueName":"search_term_string"}}],"inLanguage":"en-US"},{"@type":"Organization","@id":"https:\/\/www.indieofilo.com\/#organization","name":"Indie\u00f3filo Web","url":"https:\/\/www.indieofilo.com\/","logo":{"@type":"ImageObject","inLanguage":"en-US","@id":"https:\/\/www.indieofilo.com\/#\/schema\/logo\/image\/","url":"https:\/\/www.indieofilo.com\/wp-content\/uploads\/2015\/02\/logo-alta-resolucion.png","contentUrl":"https:\/\/www.indieofilo.com\/wp-content\/uploads\/2015\/02\/logo-alta-resolucion.png","width":544,"height":185,"caption":"Indie\u00f3filo Web"},"image":{"@id":"https:\/\/www.indieofilo.com\/#\/schema\/logo\/image\/"},"sameAs":["https:\/\/www.facebook.com\/Indieofilo\/","https:\/\/x.com\/indieofilo","https:\/\/www.instagram.com\/indieofilo\/"]},{"@type":"Person","@id":"https:\/\/www.indieofilo.com\/#\/schema\/person\/595334d38590e4ce5a09f83cbf2fca90","name":"Victor","image":{"@type":"ImageObject","inLanguage":"en-US","@id":"https:\/\/www.indieofilo.com\/#\/schema\/person\/image\/","url":"https:\/\/secure.gravatar.com\/avatar\/682b8c6ea3e94b6cffec683b25f1797d?s=96&d=mm&r=g","contentUrl":"https:\/\/secure.gravatar.com\/avatar\/682b8c6ea3e94b6cffec683b25f1797d?s=96&d=mm&r=g","caption":"Victor"},"description":"Fan\u00e1tico de la m\u00fasica desde que mis padres me pon\u00edan a Eydie Gorme y Los Panchos o el Discotuna por la A2. Intent\u00e9 tocar varios instrumentos, pero soy muy torpe con la mano izquierda, as\u00ed que ya sab\u00e9is el resultado final. Fan del britpop, Post-punk, el rugby y el baloncesto...","sameAs":["http:\/\/indieofilo.com"],"url":"https:\/\/www.indieofilo.com\/en\/author\/victor"}]}},"_links":{"self":[{"href":"https:\/\/www.indieofilo.com\/en\/wp-json\/wp\/v2\/posts\/4745","targetHints":{"allow":["GET"]}}],"collection":[{"href":"https:\/\/www.indieofilo.com\/en\/wp-json\/wp\/v2\/posts"}],"about":[{"href":"https:\/\/www.indieofilo.com\/en\/wp-json\/wp\/v2\/types\/post"}],"author":[{"embeddable":true,"href":"https:\/\/www.indieofilo.com\/en\/wp-json\/wp\/v2\/users\/1"}],"replies":[{"embeddable":true,"href":"https:\/\/www.indieofilo.com\/en\/wp-json\/wp\/v2\/comments?post=4745"}],"version-history":[{"count":0,"href":"https:\/\/www.indieofilo.com\/en\/wp-json\/wp\/v2\/posts\/4745\/revisions"}],"wp:featuredmedia":[{"embeddable":true,"href":"https:\/\/www.indieofilo.com\/en\/wp-json\/wp\/v2\/media\/4748"}],"wp:attachment":[{"href":"https:\/\/www.indieofilo.com\/en\/wp-json\/wp\/v2\/media?parent=4745"}],"wp:term":[{"taxonomy":"category","embeddable":true,"href":"https:\/\/www.indieofilo.com\/en\/wp-json\/wp\/v2\/categories?post=4745"},{"taxonomy":"post_tag","embeddable":true,"href":"https:\/\/www.indieofilo.com\/en\/wp-json\/wp\/v2\/tags?post=4745"}],"curies":[{"name":"wp","href":"https:\/\/api.w.org\/{rel}","templated":true}]}}