{"id":47427,"date":"2025-04-08T12:13:00","date_gmt":"2025-04-08T10:13:00","guid":{"rendered":"https:\/\/www.indieofilo.com\/news\/music\/all-them-witches-confirm-european-tour-for-autumn-2025"},"modified":"2025-04-10T11:25:46","modified_gmt":"2025-04-10T09:25:46","slug":"all-them-witches-confirm-european-tour-for-autumn-2025","status":"publish","type":"post","link":"https:\/\/www.indieofilo.com\/en\/news\/all-them-witches-confirm-european-tour-for-autumn-2025","title":{"rendered":"All Them Witches confirm European tour for autumn 2025"},"content":{"rendered":"<p style=\"text-align: justify;\">One of the mainstays of new psychedelic rock, Americans <strong>All Them Witches<\/strong>, have just announced a European tour for autumn 2025.<\/p>\n<p style=\"text-align: justify;\">Despite not having released a new album since <em>Nothing As The Ideal<\/em> (2020), the Nashville band&#8217;s popularity has grown by leaps and bounds in recent years, as evidenced by the new European tour they have announced for autumn 2025, in which they seem to be daring to play in bigger venues.<\/p>\n<p style=\"text-align: justify;\">The tour, with their fellow countrymen <strong>Elder<\/strong> as opening act, will kick off in Glasgow (Scotland) on 6th October and, after visiting various cities in the UK, France, Belgium, the Netherlands, Denmark, Germany, Poland, the Czech Republic, Austria, Italy and Switzerland, will arrive at <strong>Barcelona&#8217;s Sala Razzmatazz on 26th October and at Madrid&#8217;s La Riviera the day before, on 27th October<\/strong>, just before the tour ends in Athens on 29th October.<\/p>\n<p style=\"text-align: justify;\">Tickets for the Barcelona and Madrid concerts will go on sale on Friday 11th April at 10am on the <a href=\"https:\/\/houstonpartymusic.com\/\" target=\"_blank\" rel=\"noopener\">Houston Party website<\/a>, although a pre-sale will start at the same time on Thursday 10th April until midnight on the same day. To access the pre-sale you will need to register at the following <a href=\"https:\/\/houstonpartymusic.activehosted.com\/f\/3\" target=\"_blank\" rel=\"noreferrer noopener nofollow\">link<\/a>.<\/p>\n<p><img fetchpriority=\"high\" decoding=\"async\" class=\"aligncenter size-large wp-image-47424\" src=\"http:\/\/www.indieofilo.com\/wp-content\/uploads\/2025\/04\/All_Them_Witches_Espana_2025-546x683.jpeg\" alt=\"All Them Witches Tour 2025\" width=\"546\" height=\"683\" srcset=\"https:\/\/www.indieofilo.com\/wp-content\/uploads\/2025\/04\/All_Them_Witches_Espana_2025-546x683.jpeg 546w, https:\/\/www.indieofilo.com\/wp-content\/uploads\/2025\/04\/All_Them_Witches_Espana_2025-426x533.jpeg 426w, https:\/\/www.indieofilo.com\/wp-content\/uploads\/2025\/04\/All_Them_Witches_Espana_2025-320x400.jpeg 320w, https:\/\/www.indieofilo.com\/wp-content\/uploads\/2025\/04\/All_Them_Witches_Espana_2025-768x960.jpeg 768w, https:\/\/www.indieofilo.com\/wp-content\/uploads\/2025\/04\/All_Them_Witches_Espana_2025.jpeg 819w\" sizes=\"(max-width: 546px) 100vw, 546px\" \/><\/p>\n","protected":false},"excerpt":{"rendered":"<p>One of the mainstays of new psychedelic rock, Americans All Them Witches, have just announced a European tour for autumn 2025. Despite not having released a new album since Nothing As The Ideal (2020), the Nashville band&#8217;s popularity has grown by leaps and bounds in recent years, as evidenced by the new European tour they [&hellip;]<\/p>\n","protected":false},"author":1,"featured_media":47428,"comment_status":"open","ping_status":"closed","sticky":false,"template":"","format":"standard","meta":{"footnotes":""},"categories":[41,8],"tags":[7688,4961],"class_list":["post-47427","post","type-post","status-publish","format-standard","has-post-thumbnail","hentry","category-live-shows","category-news","tag-all-them-witches-en","tag-barcelona-en"],"yoast_head":"<!-- This site is optimized with the Yoast SEO Premium plugin v23.9 (Yoast SEO v26.6) - https:\/\/yoast.com\/wordpress\/plugins\/seo\/ -->\n<title>All Them Witches confirm European tour for autumn 2025 - Indie\u00f3filo<\/title>\n<meta name=\"description\" content=\"All Them Witches will perform at the Sala Razzmatazz in Barcelona on 26th October and at La Riviera in Madrid on 27th October 2025.\" \/>\n<meta name=\"robots\" content=\"index, follow, max-snippet:-1, max-image-preview:large, max-video-preview:-1\" \/>\n<link rel=\"canonical\" href=\"https:\/\/www.indieofilo.com\/en\/news\/all-them-witches-confirm-european-tour-for-autumn-2025\" \/>\n<meta property=\"og:locale\" content=\"en_US\" \/>\n<meta property=\"og:type\" content=\"article\" \/>\n<meta property=\"og:title\" content=\"All Them Witches confirm European tour for autumn 2025\" \/>\n<meta property=\"og:description\" content=\"All Them Witches will perform at the Sala Razzmatazz in Barcelona on 26th October and at La Riviera in Madrid on 27th October 2025.\" \/>\n<meta property=\"og:url\" content=\"https:\/\/www.indieofilo.com\/en\/news\/all-them-witches-confirm-european-tour-for-autumn-2025\" \/>\n<meta property=\"og:site_name\" content=\"Indie\u00f3filo\" \/>\n<meta property=\"article:publisher\" content=\"https:\/\/www.facebook.com\/Indieofilo\/\" \/>\n<meta property=\"article:published_time\" content=\"2025-04-08T10:13:00+00:00\" \/>\n<meta property=\"article:modified_time\" content=\"2025-04-10T09:25:46+00:00\" \/>\n<meta property=\"og:image\" content=\"https:\/\/www.indieofilo.com\/wp-content\/uploads\/2025\/04\/All_Them_Witches_Europe_Tour_2025.jpg\" \/>\n\t<meta property=\"og:image:width\" content=\"600\" \/>\n\t<meta property=\"og:image:height\" content=\"750\" \/>\n\t<meta property=\"og:image:type\" content=\"image\/jpeg\" \/>\n<meta name=\"author\" content=\"Victor\" \/>\n<meta name=\"twitter:card\" content=\"summary_large_image\" \/>\n<meta name=\"twitter:creator\" content=\"@indieofilo\" \/>\n<meta name=\"twitter:site\" content=\"@indieofilo\" \/>\n<meta name=\"twitter:label1\" content=\"Written by\" \/>\n\t<meta name=\"twitter:data1\" content=\"Victor\" \/>\n\t<meta name=\"twitter:label2\" content=\"Est. reading time\" \/>\n\t<meta name=\"twitter:data2\" content=\"2 minutes\" \/>\n<script type=\"application\/ld+json\" class=\"yoast-schema-graph\">{\"@context\":\"https:\/\/schema.org\",\"@graph\":[{\"@type\":\"Article\",\"@id\":\"https:\/\/www.indieofilo.com\/en\/news\/all-them-witches-confirm-european-tour-for-autumn-2025#article\",\"isPartOf\":{\"@id\":\"https:\/\/www.indieofilo.com\/en\/news\/all-them-witches-confirm-european-tour-for-autumn-2025\"},\"author\":{\"name\":\"Victor\",\"@id\":\"https:\/\/www.indieofilo.com\/#\/schema\/person\/595334d38590e4ce5a09f83cbf2fca90\"},\"headline\":\"All Them Witches confirm European tour for autumn 2025\",\"datePublished\":\"2025-04-08T10:13:00+00:00\",\"dateModified\":\"2025-04-10T09:25:46+00:00\",\"mainEntityOfPage\":{\"@id\":\"https:\/\/www.indieofilo.com\/en\/news\/all-them-witches-confirm-european-tour-for-autumn-2025\"},\"wordCount\":202,\"commentCount\":0,\"publisher\":{\"@id\":\"https:\/\/www.indieofilo.com\/#organization\"},\"image\":{\"@id\":\"https:\/\/www.indieofilo.com\/en\/news\/all-them-witches-confirm-european-tour-for-autumn-2025#primaryimage\"},\"thumbnailUrl\":\"https:\/\/www.indieofilo.com\/wp-content\/uploads\/2025\/04\/All_Them_Witches_Europe_Tour_2025.jpg\",\"keywords\":[\"All Them Witches\",\"Barcelona\"],\"articleSection\":[\"Live Shows\",\"News\"],\"inLanguage\":\"en-US\",\"potentialAction\":[{\"@type\":\"CommentAction\",\"name\":\"Comment\",\"target\":[\"https:\/\/www.indieofilo.com\/en\/news\/all-them-witches-confirm-european-tour-for-autumn-2025#respond\"]}]},{\"@type\":\"WebPage\",\"@id\":\"https:\/\/www.indieofilo.com\/en\/news\/all-them-witches-confirm-european-tour-for-autumn-2025\",\"url\":\"https:\/\/www.indieofilo.com\/en\/news\/all-them-witches-confirm-european-tour-for-autumn-2025\",\"name\":\"All Them Witches confirm European tour for autumn 2025 - Indie\u00f3filo\",\"isPartOf\":{\"@id\":\"https:\/\/www.indieofilo.com\/#website\"},\"primaryImageOfPage\":{\"@id\":\"https:\/\/www.indieofilo.com\/en\/news\/all-them-witches-confirm-european-tour-for-autumn-2025#primaryimage\"},\"image\":{\"@id\":\"https:\/\/www.indieofilo.com\/en\/news\/all-them-witches-confirm-european-tour-for-autumn-2025#primaryimage\"},\"thumbnailUrl\":\"https:\/\/www.indieofilo.com\/wp-content\/uploads\/2025\/04\/All_Them_Witches_Europe_Tour_2025.jpg\",\"datePublished\":\"2025-04-08T10:13:00+00:00\",\"dateModified\":\"2025-04-10T09:25:46+00:00\",\"description\":\"All Them Witches will perform at the Sala Razzmatazz in Barcelona on 26th October and at La Riviera in Madrid on 27th October 2025.\",\"breadcrumb\":{\"@id\":\"https:\/\/www.indieofilo.com\/en\/news\/all-them-witches-confirm-european-tour-for-autumn-2025#breadcrumb\"},\"inLanguage\":\"en-US\",\"potentialAction\":[{\"@type\":\"ReadAction\",\"target\":[\"https:\/\/www.indieofilo.com\/en\/news\/all-them-witches-confirm-european-tour-for-autumn-2025\"]}]},{\"@type\":\"ImageObject\",\"inLanguage\":\"en-US\",\"@id\":\"https:\/\/www.indieofilo.com\/en\/news\/all-them-witches-confirm-european-tour-for-autumn-2025#primaryimage\",\"url\":\"https:\/\/www.indieofilo.com\/wp-content\/uploads\/2025\/04\/All_Them_Witches_Europe_Tour_2025.jpg\",\"contentUrl\":\"https:\/\/www.indieofilo.com\/wp-content\/uploads\/2025\/04\/All_Them_Witches_Europe_Tour_2025.jpg\",\"width\":600,\"height\":750,\"caption\":\"All Them Witches Europe Tour 2025\"},{\"@type\":\"BreadcrumbList\",\"@id\":\"https:\/\/www.indieofilo.com\/en\/news\/all-them-witches-confirm-european-tour-for-autumn-2025#breadcrumb\",\"itemListElement\":[{\"@type\":\"ListItem\",\"position\":1,\"name\":\"Portada\",\"item\":\"https:\/\/www.indieofilo.com\/en\"},{\"@type\":\"ListItem\",\"position\":2,\"name\":\"All Them Witches confirm European tour for autumn 2025\"}]},{\"@type\":\"WebSite\",\"@id\":\"https:\/\/www.indieofilo.com\/#website\",\"url\":\"https:\/\/www.indieofilo.com\/\",\"name\":\"Indie\u00f3filo\",\"description\":\"Magazine online de la cultura independiente\",\"publisher\":{\"@id\":\"https:\/\/www.indieofilo.com\/#organization\"},\"potentialAction\":[{\"@type\":\"SearchAction\",\"target\":{\"@type\":\"EntryPoint\",\"urlTemplate\":\"https:\/\/www.indieofilo.com\/?s={search_term_string}\"},\"query-input\":{\"@type\":\"PropertyValueSpecification\",\"valueRequired\":true,\"valueName\":\"search_term_string\"}}],\"inLanguage\":\"en-US\"},{\"@type\":\"Organization\",\"@id\":\"https:\/\/www.indieofilo.com\/#organization\",\"name\":\"Indie\u00f3filo Web\",\"url\":\"https:\/\/www.indieofilo.com\/\",\"logo\":{\"@type\":\"ImageObject\",\"inLanguage\":\"en-US\",\"@id\":\"https:\/\/www.indieofilo.com\/#\/schema\/logo\/image\/\",\"url\":\"https:\/\/www.indieofilo.com\/wp-content\/uploads\/2015\/02\/logo-alta-resolucion.png\",\"contentUrl\":\"https:\/\/www.indieofilo.com\/wp-content\/uploads\/2015\/02\/logo-alta-resolucion.png\",\"width\":544,\"height\":185,\"caption\":\"Indie\u00f3filo Web\"},\"image\":{\"@id\":\"https:\/\/www.indieofilo.com\/#\/schema\/logo\/image\/\"},\"sameAs\":[\"https:\/\/www.facebook.com\/Indieofilo\/\",\"https:\/\/x.com\/indieofilo\",\"https:\/\/www.instagram.com\/indieofilo\/\"]},{\"@type\":\"Person\",\"@id\":\"https:\/\/www.indieofilo.com\/#\/schema\/person\/595334d38590e4ce5a09f83cbf2fca90\",\"name\":\"Victor\",\"image\":{\"@type\":\"ImageObject\",\"inLanguage\":\"en-US\",\"@id\":\"https:\/\/www.indieofilo.com\/#\/schema\/person\/image\/\",\"url\":\"https:\/\/secure.gravatar.com\/avatar\/682b8c6ea3e94b6cffec683b25f1797d?s=96&d=mm&r=g\",\"contentUrl\":\"https:\/\/secure.gravatar.com\/avatar\/682b8c6ea3e94b6cffec683b25f1797d?s=96&d=mm&r=g\",\"caption\":\"Victor\"},\"description\":\"Fan\u00e1tico de la m\u00fasica desde que mis padres me pon\u00edan a Eydie Gorme y Los Panchos o el Discotuna por la A2. Intent\u00e9 tocar varios instrumentos, pero soy muy torpe con la mano izquierda, as\u00ed que ya sab\u00e9is el resultado final. Fan del britpop, Post-punk, el rugby y el baloncesto...\",\"sameAs\":[\"http:\/\/indieofilo.com\"],\"url\":\"https:\/\/www.indieofilo.com\/en\/author\/victor\"}]}<\/script>\n<!-- \/ Yoast SEO Premium plugin. -->","yoast_head_json":{"title":"All Them Witches confirm European tour for autumn 2025 - Indie\u00f3filo","description":"All Them Witches will perform at the Sala Razzmatazz in Barcelona on 26th October and at La Riviera in Madrid on 27th October 2025.","robots":{"index":"index","follow":"follow","max-snippet":"max-snippet:-1","max-image-preview":"max-image-preview:large","max-video-preview":"max-video-preview:-1"},"canonical":"https:\/\/www.indieofilo.com\/en\/news\/all-them-witches-confirm-european-tour-for-autumn-2025","og_locale":"en_US","og_type":"article","og_title":"All Them Witches confirm European tour for autumn 2025","og_description":"All Them Witches will perform at the Sala Razzmatazz in Barcelona on 26th October and at La Riviera in Madrid on 27th October 2025.","og_url":"https:\/\/www.indieofilo.com\/en\/news\/all-them-witches-confirm-european-tour-for-autumn-2025","og_site_name":"Indie\u00f3filo","article_publisher":"https:\/\/www.facebook.com\/Indieofilo\/","article_published_time":"2025-04-08T10:13:00+00:00","article_modified_time":"2025-04-10T09:25:46+00:00","og_image":[{"width":600,"height":750,"url":"https:\/\/www.indieofilo.com\/wp-content\/uploads\/2025\/04\/All_Them_Witches_Europe_Tour_2025.jpg","type":"image\/jpeg"}],"author":"Victor","twitter_card":"summary_large_image","twitter_creator":"@indieofilo","twitter_site":"@indieofilo","twitter_misc":{"Written by":"Victor","Est. reading time":"2 minutes"},"schema":{"@context":"https:\/\/schema.org","@graph":[{"@type":"Article","@id":"https:\/\/www.indieofilo.com\/en\/news\/all-them-witches-confirm-european-tour-for-autumn-2025#article","isPartOf":{"@id":"https:\/\/www.indieofilo.com\/en\/news\/all-them-witches-confirm-european-tour-for-autumn-2025"},"author":{"name":"Victor","@id":"https:\/\/www.indieofilo.com\/#\/schema\/person\/595334d38590e4ce5a09f83cbf2fca90"},"headline":"All Them Witches confirm European tour for autumn 2025","datePublished":"2025-04-08T10:13:00+00:00","dateModified":"2025-04-10T09:25:46+00:00","mainEntityOfPage":{"@id":"https:\/\/www.indieofilo.com\/en\/news\/all-them-witches-confirm-european-tour-for-autumn-2025"},"wordCount":202,"commentCount":0,"publisher":{"@id":"https:\/\/www.indieofilo.com\/#organization"},"image":{"@id":"https:\/\/www.indieofilo.com\/en\/news\/all-them-witches-confirm-european-tour-for-autumn-2025#primaryimage"},"thumbnailUrl":"https:\/\/www.indieofilo.com\/wp-content\/uploads\/2025\/04\/All_Them_Witches_Europe_Tour_2025.jpg","keywords":["All Them Witches","Barcelona"],"articleSection":["Live Shows","News"],"inLanguage":"en-US","potentialAction":[{"@type":"CommentAction","name":"Comment","target":["https:\/\/www.indieofilo.com\/en\/news\/all-them-witches-confirm-european-tour-for-autumn-2025#respond"]}]},{"@type":"WebPage","@id":"https:\/\/www.indieofilo.com\/en\/news\/all-them-witches-confirm-european-tour-for-autumn-2025","url":"https:\/\/www.indieofilo.com\/en\/news\/all-them-witches-confirm-european-tour-for-autumn-2025","name":"All Them Witches confirm European tour for autumn 2025 - Indie\u00f3filo","isPartOf":{"@id":"https:\/\/www.indieofilo.com\/#website"},"primaryImageOfPage":{"@id":"https:\/\/www.indieofilo.com\/en\/news\/all-them-witches-confirm-european-tour-for-autumn-2025#primaryimage"},"image":{"@id":"https:\/\/www.indieofilo.com\/en\/news\/all-them-witches-confirm-european-tour-for-autumn-2025#primaryimage"},"thumbnailUrl":"https:\/\/www.indieofilo.com\/wp-content\/uploads\/2025\/04\/All_Them_Witches_Europe_Tour_2025.jpg","datePublished":"2025-04-08T10:13:00+00:00","dateModified":"2025-04-10T09:25:46+00:00","description":"All Them Witches will perform at the Sala Razzmatazz in Barcelona on 26th October and at La Riviera in Madrid on 27th October 2025.","breadcrumb":{"@id":"https:\/\/www.indieofilo.com\/en\/news\/all-them-witches-confirm-european-tour-for-autumn-2025#breadcrumb"},"inLanguage":"en-US","potentialAction":[{"@type":"ReadAction","target":["https:\/\/www.indieofilo.com\/en\/news\/all-them-witches-confirm-european-tour-for-autumn-2025"]}]},{"@type":"ImageObject","inLanguage":"en-US","@id":"https:\/\/www.indieofilo.com\/en\/news\/all-them-witches-confirm-european-tour-for-autumn-2025#primaryimage","url":"https:\/\/www.indieofilo.com\/wp-content\/uploads\/2025\/04\/All_Them_Witches_Europe_Tour_2025.jpg","contentUrl":"https:\/\/www.indieofilo.com\/wp-content\/uploads\/2025\/04\/All_Them_Witches_Europe_Tour_2025.jpg","width":600,"height":750,"caption":"All Them Witches Europe Tour 2025"},{"@type":"BreadcrumbList","@id":"https:\/\/www.indieofilo.com\/en\/news\/all-them-witches-confirm-european-tour-for-autumn-2025#breadcrumb","itemListElement":[{"@type":"ListItem","position":1,"name":"Portada","item":"https:\/\/www.indieofilo.com\/en"},{"@type":"ListItem","position":2,"name":"All Them Witches confirm European tour for autumn 2025"}]},{"@type":"WebSite","@id":"https:\/\/www.indieofilo.com\/#website","url":"https:\/\/www.indieofilo.com\/","name":"Indie\u00f3filo","description":"Magazine online de la cultura independiente","publisher":{"@id":"https:\/\/www.indieofilo.com\/#organization"},"potentialAction":[{"@type":"SearchAction","target":{"@type":"EntryPoint","urlTemplate":"https:\/\/www.indieofilo.com\/?s={search_term_string}"},"query-input":{"@type":"PropertyValueSpecification","valueRequired":true,"valueName":"search_term_string"}}],"inLanguage":"en-US"},{"@type":"Organization","@id":"https:\/\/www.indieofilo.com\/#organization","name":"Indie\u00f3filo Web","url":"https:\/\/www.indieofilo.com\/","logo":{"@type":"ImageObject","inLanguage":"en-US","@id":"https:\/\/www.indieofilo.com\/#\/schema\/logo\/image\/","url":"https:\/\/www.indieofilo.com\/wp-content\/uploads\/2015\/02\/logo-alta-resolucion.png","contentUrl":"https:\/\/www.indieofilo.com\/wp-content\/uploads\/2015\/02\/logo-alta-resolucion.png","width":544,"height":185,"caption":"Indie\u00f3filo Web"},"image":{"@id":"https:\/\/www.indieofilo.com\/#\/schema\/logo\/image\/"},"sameAs":["https:\/\/www.facebook.com\/Indieofilo\/","https:\/\/x.com\/indieofilo","https:\/\/www.instagram.com\/indieofilo\/"]},{"@type":"Person","@id":"https:\/\/www.indieofilo.com\/#\/schema\/person\/595334d38590e4ce5a09f83cbf2fca90","name":"Victor","image":{"@type":"ImageObject","inLanguage":"en-US","@id":"https:\/\/www.indieofilo.com\/#\/schema\/person\/image\/","url":"https:\/\/secure.gravatar.com\/avatar\/682b8c6ea3e94b6cffec683b25f1797d?s=96&d=mm&r=g","contentUrl":"https:\/\/secure.gravatar.com\/avatar\/682b8c6ea3e94b6cffec683b25f1797d?s=96&d=mm&r=g","caption":"Victor"},"description":"Fan\u00e1tico de la m\u00fasica desde que mis padres me pon\u00edan a Eydie Gorme y Los Panchos o el Discotuna por la A2. Intent\u00e9 tocar varios instrumentos, pero soy muy torpe con la mano izquierda, as\u00ed que ya sab\u00e9is el resultado final. Fan del britpop, Post-punk, el rugby y el baloncesto...","sameAs":["http:\/\/indieofilo.com"],"url":"https:\/\/www.indieofilo.com\/en\/author\/victor"}]}},"_links":{"self":[{"href":"https:\/\/www.indieofilo.com\/en\/wp-json\/wp\/v2\/posts\/47427","targetHints":{"allow":["GET"]}}],"collection":[{"href":"https:\/\/www.indieofilo.com\/en\/wp-json\/wp\/v2\/posts"}],"about":[{"href":"https:\/\/www.indieofilo.com\/en\/wp-json\/wp\/v2\/types\/post"}],"author":[{"embeddable":true,"href":"https:\/\/www.indieofilo.com\/en\/wp-json\/wp\/v2\/users\/1"}],"replies":[{"embeddable":true,"href":"https:\/\/www.indieofilo.com\/en\/wp-json\/wp\/v2\/comments?post=47427"}],"version-history":[{"count":0,"href":"https:\/\/www.indieofilo.com\/en\/wp-json\/wp\/v2\/posts\/47427\/revisions"}],"wp:featuredmedia":[{"embeddable":true,"href":"https:\/\/www.indieofilo.com\/en\/wp-json\/wp\/v2\/media\/47428"}],"wp:attachment":[{"href":"https:\/\/www.indieofilo.com\/en\/wp-json\/wp\/v2\/media?parent=47427"}],"wp:term":[{"taxonomy":"category","embeddable":true,"href":"https:\/\/www.indieofilo.com\/en\/wp-json\/wp\/v2\/categories?post=47427"},{"taxonomy":"post_tag","embeddable":true,"href":"https:\/\/www.indieofilo.com\/en\/wp-json\/wp\/v2\/tags?post=47427"}],"curies":[{"name":"wp","href":"https:\/\/api.w.org\/{rel}","templated":true}]}}